{"id":42023,"date":"2011-01-05T21:19:16","date_gmt":"2011-01-05T20:19:16","guid":{"rendered":"http:\/\/www.visit-ulcinj.com\/blog\/?p=42023"},"modified":"2011-01-05T21:19:16","modified_gmt":"2011-01-05T20:19:16","slug":"ne-vend-te-kishes-prej-metali-te-vendoset-objekt-shume-fetare","status":"publish","type":"post","link":"https:\/\/www.visit-ulcinj.com\/blog\/2011\/01\/05\/ne-vend-te-kishes-prej-metali-te-vendoset-objekt-shume-fetare\/","title":{"rendered":"N\u00eb vend t\u00eb Kish\u00ebs prej metali t\u00eb vendoset objekt shum\u00eb fetar\u00eb"},"content":{"rendered":"<p><a href=\"http:\/\/www.visit-ulcinj.com\/blog\/wp-content\/uploads\/2011\/01\/Predrag-Sekulic1.jpg\"><img loading=\"lazy\" class=\"alignleft size-full wp-image-42024\" title=\"Predrag Sekulic\" src=\"http:\/\/www.visit-ulcinj.com\/blog\/wp-content\/uploads\/2011\/01\/Predrag-Sekulic1.jpg\" alt=\"\" width=\"400\" height=\"300\" \/><\/a>Ministria p\u00ebr zhvillim t\u00eb q\u00ebndruesh\u00ebm dhe kultur\u00eb mund t\u00eb shpall konkursin n\u00eb m\u00ebnyr\u00eb q\u00eb n\u00eb maj\u00ebn e Malit Rumi t\u00eb nd\u00ebrtohej objekt i cili do t\u00eb promovonte harmonin\u00eb nd\u00ebrfetare, deklaroi sot ministri gjegj\u00ebs Predrag Sekuliq.<\/p>\n<p>Ai n\u00eb konferenc\u00ebn p\u00ebr gazetar\u00ebt pas takimit me kryebashkiakun e Tivarit Zharko Paviqeviq theksoi se Rumia p\u00ebrkujton harmonin\u00eb fetare n\u00eb k\u00ebt\u00eb qytet.<\/p>\n<p>Ai n\u00eb pyetjen n\u00ebse do t\u00eb largohet kisha prej metali nga Rumia, p\u00ebrkujtoi se n\u00eb Sutomore ende ekzistojn\u00eb kisha me dy altar\u00eb dhe paralajm\u00ebroi se ministrit\u00eb p\u00ebr zhvillim t\u00eb q\u00ebndruesh\u00ebm dhe p\u00ebr kultur\u00eb ndoshta do t\u00eb shpall konkursin nd\u00ebrkomb\u00ebtar\u00eb me q\u00ebllim q\u00eb n\u00eb Rumi t\u00eb nd\u00ebrtohet nj\u00eb objekt i cili do t\u00eb paraqet harmoni nd\u00ebrfetare.<\/p>\n<p><strong>RTCG<\/strong><\/p>\n","protected":false},"excerpt":{"rendered":"<p>Ministria p\u00ebr zhvillim t\u00eb q\u00ebndruesh\u00ebm dhe kultur\u00eb mund t\u00eb shpall konkursin n\u00eb m\u00ebnyr\u00eb q\u00eb n\u00eb maj\u00ebn e Malit Rumi t\u00eb nd\u00ebrtohej objekt i cili do t\u00eb promovonte harmonin\u00eb nd\u00ebrfetare, deklaroi sot ministri gjegj\u00ebs Predrag Sekuliq. Ai n\u00eb konferenc\u00ebn p\u00ebr gazetar\u00ebt pas takimit me kryebashkiakun e Tivarit Zharko Paviqeviq theksoi se Rumia p\u00ebrkujton harmonin\u00eb fetare n\u00eb [&hellip;]<\/p>\n","protected":false},"author":1,"featured_media":0,"comment_status":"open","ping_status":"closed","sticky":false,"template":"","format":"standard","meta":{"spay_email":"","jetpack_publicize_message":"","jetpack_is_tweetstorm":false,"jetpack_publicize_feature_enabled":true},"categories":[6],"tags":[5614],"jetpack_publicize_connections":[],"yoast_head":"<!-- This site is optimized with the Yoast SEO plugin v19.1 - https:\/\/yoast.com\/wordpress\/plugins\/seo\/ -->\n<title>N\u00eb vend t\u00eb Kish\u00ebs prej metali t\u00eb vendoset objekt shum\u00eb fetar\u00eb - Lajme nga Ulqini<\/title>\n<meta name=\"description\" content=\"Ministria p\u00ebr zhvillim t\u00eb q\u00ebndruesh\u00ebm dhe kultur\u00eb mund t\u00eb shpall konkursin n\u00eb m\u00ebnyr\u00eb q\u00eb n\u00eb maj\u00ebn e Malit Rumi t\u00eb nd\u00ebrtohej objekt i cili do t\u00eb promovonte\" \/>\n<meta name=\"robots\" content=\"index, follow, max-snippet:-1, max-image-preview:large, max-video-preview:-1\" \/>\n<link rel=\"canonical\" href=\"https:\/\/www.visit-ulcinj.com\/blog\/2011\/01\/05\/ne-vend-te-kishes-prej-metali-te-vendoset-objekt-shume-fetare\/\" \/>\n<meta property=\"og:locale\" content=\"en_US\" \/>\n<meta property=\"og:type\" content=\"article\" \/>\n<meta property=\"og:title\" content=\"N\u00eb vend t\u00eb Kish\u00ebs prej metali t\u00eb vendoset objekt shum\u00eb fetar\u00eb - Lajme nga Ulqini\" \/>\n<meta property=\"og:description\" content=\"Ministria p\u00ebr zhvillim t\u00eb q\u00ebndruesh\u00ebm dhe kultur\u00eb mund t\u00eb shpall konkursin n\u00eb m\u00ebnyr\u00eb q\u00eb n\u00eb maj\u00ebn e Malit Rumi t\u00eb nd\u00ebrtohej objekt i cili do t\u00eb promovonte\" \/>\n<meta property=\"og:url\" content=\"https:\/\/www.visit-ulcinj.com\/blog\/2011\/01\/05\/ne-vend-te-kishes-prej-metali-te-vendoset-objekt-shume-fetare\/\" \/>\n<meta property=\"og:site_name\" content=\"Lajme nga Ulqini\" \/>\n<meta property=\"article:published_time\" content=\"2011-01-05T20:19:16+00:00\" \/>\n<meta property=\"og:image\" content=\"http:\/\/www.visit-ulcinj.com\/blog\/wp-content\/uploads\/2011\/01\/Predrag-Sekulic1.jpg\" \/>\n<meta name=\"twitter:label1\" content=\"Written by\" \/>\n\t<meta name=\"twitter:data1\" content=\"ulqini\" \/>\n\t<meta name=\"twitter:label2\" content=\"Est. reading time\" \/>\n\t<meta name=\"twitter:data2\" content=\"1 minute\" \/>\n<script type=\"application\/ld+json\" class=\"yoast-schema-graph\">{\"@context\":\"https:\/\/schema.org\",\"@graph\":[{\"@type\":\"WebSite\",\"@id\":\"https:\/\/www.visit-ulcinj.com\/blog\/#website\",\"url\":\"https:\/\/www.visit-ulcinj.com\/blog\/\",\"name\":\"Lajme nga Ulqini\",\"description\":\"Lajme,Vijesti,Ulqini,Ulqin,Crna Gora,Mali i Zi\",\"potentialAction\":[{\"@type\":\"SearchAction\",\"target\":{\"@type\":\"EntryPoint\",\"urlTemplate\":\"https:\/\/www.visit-ulcinj.com\/blog\/?s={search_term_string}\"},\"query-input\":\"required name=search_term_string\"}],\"inLanguage\":\"en-US\"},{\"@type\":\"ImageObject\",\"inLanguage\":\"en-US\",\"@id\":\"https:\/\/www.visit-ulcinj.com\/blog\/2011\/01\/05\/ne-vend-te-kishes-prej-metali-te-vendoset-objekt-shume-fetare\/#primaryimage\",\"url\":\"https:\/\/www.visit-ulcinj.com\/blog\/wp-content\/uploads\/2011\/01\/Predrag-Sekulic1.jpg\",\"contentUrl\":\"https:\/\/www.visit-ulcinj.com\/blog\/wp-content\/uploads\/2011\/01\/Predrag-Sekulic1.jpg\",\"width\":\"407\",\"height\":\"302\"},{\"@type\":\"WebPage\",\"@id\":\"https:\/\/www.visit-ulcinj.com\/blog\/2011\/01\/05\/ne-vend-te-kishes-prej-metali-te-vendoset-objekt-shume-fetare\/#webpage\",\"url\":\"https:\/\/www.visit-ulcinj.com\/blog\/2011\/01\/05\/ne-vend-te-kishes-prej-metali-te-vendoset-objekt-shume-fetare\/\",\"name\":\"N\u00eb vend t\u00eb Kish\u00ebs prej metali t\u00eb vendoset objekt shum\u00eb fetar\u00eb - Lajme nga Ulqini\",\"isPartOf\":{\"@id\":\"https:\/\/www.visit-ulcinj.com\/blog\/#website\"},\"primaryImageOfPage\":{\"@id\":\"https:\/\/www.visit-ulcinj.com\/blog\/2011\/01\/05\/ne-vend-te-kishes-prej-metali-te-vendoset-objekt-shume-fetare\/#primaryimage\"},\"datePublished\":\"2011-01-05T20:19:16+00:00\",\"dateModified\":\"2011-01-05T20:19:16+00:00\",\"author\":{\"@id\":\"https:\/\/www.visit-ulcinj.com\/blog\/#\/schema\/person\/dcab619c614d3038751c63bc2aadc06d\"},\"description\":\"Ministria p\u00ebr zhvillim t\u00eb q\u00ebndruesh\u00ebm dhe kultur\u00eb mund t\u00eb shpall konkursin n\u00eb m\u00ebnyr\u00eb q\u00eb n\u00eb maj\u00ebn e Malit Rumi t\u00eb nd\u00ebrtohej objekt i cili do t\u00eb promovonte\",\"breadcrumb\":{\"@id\":\"https:\/\/www.visit-ulcinj.com\/blog\/2011\/01\/05\/ne-vend-te-kishes-prej-metali-te-vendoset-objekt-shume-fetare\/#breadcrumb\"},\"inLanguage\":\"en-US\",\"potentialAction\":[{\"@type\":\"ReadAction\",\"target\":[\"https:\/\/www.visit-ulcinj.com\/blog\/2011\/01\/05\/ne-vend-te-kishes-prej-metali-te-vendoset-objekt-shume-fetare\/\"]}]},{\"@type\":\"BreadcrumbList\",\"@id\":\"https:\/\/www.visit-ulcinj.com\/blog\/2011\/01\/05\/ne-vend-te-kishes-prej-metali-te-vendoset-objekt-shume-fetare\/#breadcrumb\",\"itemListElement\":[{\"@type\":\"ListItem\",\"position\":1,\"name\":\"N\u00eb vend t\u00eb Kish\u00ebs prej metali t\u00eb vendoset objekt shum\u00eb fetar\u00eb\"}]},{\"@type\":\"Person\",\"@id\":\"https:\/\/www.visit-ulcinj.com\/blog\/#\/schema\/person\/dcab619c614d3038751c63bc2aadc06d\",\"name\":\"ulqini\",\"sameAs\":[\"http:\/\/www.visit-ulcinj.com\"],\"url\":\"https:\/\/www.visit-ulcinj.com\/blog\/author\/admin\/\"}]}<\/script>\n<!-- \/ Yoast SEO plugin. -->","yoast_head_json":{"title":"N\u00eb vend t\u00eb Kish\u00ebs prej metali t\u00eb vendoset objekt shum\u00eb fetar\u00eb - Lajme nga Ulqini","description":"Ministria p\u00ebr zhvillim t\u00eb q\u00ebndruesh\u00ebm dhe kultur\u00eb mund t\u00eb shpall konkursin n\u00eb m\u00ebnyr\u00eb q\u00eb n\u00eb maj\u00ebn e Malit Rumi t\u00eb nd\u00ebrtohej objekt i cili do t\u00eb promovonte","robots":{"index":"index","follow":"follow","max-snippet":"max-snippet:-1","max-image-preview":"max-image-preview:large","max-video-preview":"max-video-preview:-1"},"canonical":"https:\/\/www.visit-ulcinj.com\/blog\/2011\/01\/05\/ne-vend-te-kishes-prej-metali-te-vendoset-objekt-shume-fetare\/","og_locale":"en_US","og_type":"article","og_title":"N\u00eb vend t\u00eb Kish\u00ebs prej metali t\u00eb vendoset objekt shum\u00eb fetar\u00eb - Lajme nga Ulqini","og_description":"Ministria p\u00ebr zhvillim t\u00eb q\u00ebndruesh\u00ebm dhe kultur\u00eb mund t\u00eb shpall konkursin n\u00eb m\u00ebnyr\u00eb q\u00eb n\u00eb maj\u00ebn e Malit Rumi t\u00eb nd\u00ebrtohej objekt i cili do t\u00eb promovonte","og_url":"https:\/\/www.visit-ulcinj.com\/blog\/2011\/01\/05\/ne-vend-te-kishes-prej-metali-te-vendoset-objekt-shume-fetare\/","og_site_name":"Lajme nga Ulqini","article_published_time":"2011-01-05T20:19:16+00:00","og_image":[{"url":"http:\/\/www.visit-ulcinj.com\/blog\/wp-content\/uploads\/2011\/01\/Predrag-Sekulic1.jpg"}],"twitter_misc":{"Written by":"ulqini","Est. reading time":"1 minute"},"schema":{"@context":"https:\/\/schema.org","@graph":[{"@type":"WebSite","@id":"https:\/\/www.visit-ulcinj.com\/blog\/#website","url":"https:\/\/www.visit-ulcinj.com\/blog\/","name":"Lajme nga Ulqini","description":"Lajme,Vijesti,Ulqini,Ulqin,Crna Gora,Mali i Zi","potentialAction":[{"@type":"SearchAction","target":{"@type":"EntryPoint","urlTemplate":"https:\/\/www.visit-ulcinj.com\/blog\/?s={search_term_string}"},"query-input":"required name=search_term_string"}],"inLanguage":"en-US"},{"@type":"ImageObject","inLanguage":"en-US","@id":"https:\/\/www.visit-ulcinj.com\/blog\/2011\/01\/05\/ne-vend-te-kishes-prej-metali-te-vendoset-objekt-shume-fetare\/#primaryimage","url":"https:\/\/www.visit-ulcinj.com\/blog\/wp-content\/uploads\/2011\/01\/Predrag-Sekulic1.jpg","contentUrl":"https:\/\/www.visit-ulcinj.com\/blog\/wp-content\/uploads\/2011\/01\/Predrag-Sekulic1.jpg","width":"407","height":"302"},{"@type":"WebPage","@id":"https:\/\/www.visit-ulcinj.com\/blog\/2011\/01\/05\/ne-vend-te-kishes-prej-metali-te-vendoset-objekt-shume-fetare\/#webpage","url":"https:\/\/www.visit-ulcinj.com\/blog\/2011\/01\/05\/ne-vend-te-kishes-prej-metali-te-vendoset-objekt-shume-fetare\/","name":"N\u00eb vend t\u00eb Kish\u00ebs prej metali t\u00eb vendoset objekt shum\u00eb fetar\u00eb - Lajme nga Ulqini","isPartOf":{"@id":"https:\/\/www.visit-ulcinj.com\/blog\/#website"},"primaryImageOfPage":{"@id":"https:\/\/www.visit-ulcinj.com\/blog\/2011\/01\/05\/ne-vend-te-kishes-prej-metali-te-vendoset-objekt-shume-fetare\/#primaryimage"},"datePublished":"2011-01-05T20:19:16+00:00","dateModified":"2011-01-05T20:19:16+00:00","author":{"@id":"https:\/\/www.visit-ulcinj.com\/blog\/#\/schema\/person\/dcab619c614d3038751c63bc2aadc06d"},"description":"Ministria p\u00ebr zhvillim t\u00eb q\u00ebndruesh\u00ebm dhe kultur\u00eb mund t\u00eb shpall konkursin n\u00eb m\u00ebnyr\u00eb q\u00eb n\u00eb maj\u00ebn e Malit Rumi t\u00eb nd\u00ebrtohej objekt i cili do t\u00eb promovonte","breadcrumb":{"@id":"https:\/\/www.visit-ulcinj.com\/blog\/2011\/01\/05\/ne-vend-te-kishes-prej-metali-te-vendoset-objekt-shume-fetare\/#breadcrumb"},"inLanguage":"en-US","potentialAction":[{"@type":"ReadAction","target":["https:\/\/www.visit-ulcinj.com\/blog\/2011\/01\/05\/ne-vend-te-kishes-prej-metali-te-vendoset-objekt-shume-fetare\/"]}]},{"@type":"BreadcrumbList","@id":"https:\/\/www.visit-ulcinj.com\/blog\/2011\/01\/05\/ne-vend-te-kishes-prej-metali-te-vendoset-objekt-shume-fetare\/#breadcrumb","itemListElement":[{"@type":"ListItem","position":1,"name":"N\u00eb vend t\u00eb Kish\u00ebs prej metali t\u00eb vendoset objekt shum\u00eb fetar\u00eb"}]},{"@type":"Person","@id":"https:\/\/www.visit-ulcinj.com\/blog\/#\/schema\/person\/dcab619c614d3038751c63bc2aadc06d","name":"ulqini","sameAs":["http:\/\/www.visit-ulcinj.com"],"url":"https:\/\/www.visit-ulcinj.com\/blog\/author\/admin\/"}]}},"jetpack_featured_media_url":"","jetpack_sharing_enabled":true,"jetpack_shortlink":"https:\/\/wp.me\/pe6lTn-aVN","_links":{"self":[{"href":"https:\/\/www.visit-ulcinj.com\/blog\/wp-json\/wp\/v2\/posts\/42023"}],"collection":[{"href":"https:\/\/www.visit-ulcinj.com\/blog\/wp-json\/wp\/v2\/posts"}],"about":[{"href":"https:\/\/www.visit-ulcinj.com\/blog\/wp-json\/wp\/v2\/types\/post"}],"author":[{"embeddable":true,"href":"https:\/\/www.visit-ulcinj.com\/blog\/wp-json\/wp\/v2\/users\/1"}],"replies":[{"embeddable":true,"href":"https:\/\/www.visit-ulcinj.com\/blog\/wp-json\/wp\/v2\/comments?post=42023"}],"version-history":[{"count":0,"href":"https:\/\/www.visit-ulcinj.com\/blog\/wp-json\/wp\/v2\/posts\/42023\/revisions"}],"wp:attachment":[{"href":"https:\/\/www.visit-ulcinj.com\/blog\/wp-json\/wp\/v2\/media?parent=42023"}],"wp:term":[{"taxonomy":"category","embeddable":true,"href":"https:\/\/www.visit-ulcinj.com\/blog\/wp-json\/wp\/v2\/categories?post=42023"},{"taxonomy":"post_tag","embeddable":true,"href":"https:\/\/www.visit-ulcinj.com\/blog\/wp-json\/wp\/v2\/tags?post=42023"}],"curies":[{"name":"wp","href":"https:\/\/api.w.org\/{rel}","templated":true}]}}