{"id":42027,"date":"2011-01-05T21:39:04","date_gmt":"2011-01-05T20:39:04","guid":{"rendered":"http:\/\/www.visit-ulcinj.com\/blog\/?p=42027"},"modified":"2011-01-05T21:39:04","modified_gmt":"2011-01-05T20:39:04","slug":"nora-deshiron-te-pushoje-pak-nga-muzika","status":"publish","type":"post","link":"https:\/\/www.visit-ulcinj.com\/blog\/2011\/01\/05\/nora-deshiron-te-pushoje-pak-nga-muzika\/","title":{"rendered":"Nora d\u00ebshiron t\u00eb pushoj\u00eb pak nga muzika"},"content":{"rendered":"<p><strong><a href=\"http:\/\/www.visit-ulcinj.com\/blog\/wp-content\/uploads\/2011\/01\/Nora-Istrefi-don-pushim.jpg\"><img loading=\"lazy\" class=\"alignleft size-full wp-image-42028\" title=\"Nora Istrefi don pushim\" src=\"http:\/\/www.visit-ulcinj.com\/blog\/wp-content\/uploads\/2011\/01\/Nora-Istrefi-don-pushim.jpg\" alt=\"\" width=\"490\" height=\"390\" \/><\/a>Pas nj\u00eb morie angazhimesh n\u00eb fundvitin q\u00eb e lam\u00eb pas, k\u00ebng\u00ebtarja Nora Istrefi dit\u00ebt e para t\u00eb k\u00ebtij fillimviti ia ka dedikuar pushimit. Ajo ka th\u00ebn\u00eb se \u00ebsht\u00eb duke e akumuluar energjin\u00eb e humbur, nd\u00ebrsa t\u00eb rejat e radh\u00ebs do t\u00eb pasojn\u00eb vet\u00ebm pas nj\u00eb pushimi t\u00eb mir\u00eb t\u00eb saj.<\/strong><\/p>\n<p>\u201cK\u00ebto dit\u00eb ve\u00e7 kam pushuar kam fjetur, pasi q\u00eb vitin q\u00eb vitin q\u00eb e lam\u00eb m\u00eb ka r\u00ebn\u00eb t\u00eb udh\u00ebtoj shum\u00eb gjat\u00eb e t\u00eb angazhohem shum\u00eb n\u00eb muzik\u00eb\u201d.<\/p>\n<p>\u201cP\u00ebr Krishtlindje isha n\u00eb Kanada, nd\u00ebrsa m\u00eb pas isha n\u00eb Gjermani e Zvic\u00ebr. E duke qen\u00eb se edhe tri net\u00ebt festive isha e angazhuar me k\u00ebng\u00ebn, m\u00eb duhej shum\u00eb pushimi\u201d, \u00ebsht\u00eb shprehur Nora Istrefi p\u00ebr t\u00eb p\u00ebrditshmen InfoPress.<\/p>\n<p>P\u00ebrve\u00e7 angazhimeve n\u00ebp\u00ebr mbr\u00ebmje t\u00eb ndryshme, Nora n\u00eb fund t\u00eb vitit 2010 realizoi k\u00ebng\u00ebn dhe klipin e saj m\u00eb t\u00eb ri \u201cNora nuk o nj\u00ebsoj\u201d, ku \u00ebsht\u00eb shprehur shum\u00eb e k\u00ebnaqur.<\/p>\n<p>\u201cK\u00ebng\u00ebn tashm\u00eb e kam realizuar m\u00eb Entermedian, si gjithmon\u00eb. \u00cbsht\u00eb klip shum\u00eb \u2018cool\u2019. Jam ndar\u00eb shum\u00eb e k\u00ebnaqur ri rreth k\u00ebng\u00ebs, ashtu edhe rreth klipit\u201d, ka p\u00ebrfunduar Nora.<\/p>\n<p><strong>Telegrafi<br \/>\n<\/strong><!--YouTube Error: bad URL entered--><\/p>\n","protected":false},"excerpt":{"rendered":"<p>Pas nj\u00eb morie angazhimesh n\u00eb fundvitin q\u00eb e lam\u00eb pas, k\u00ebng\u00ebtarja Nora Istrefi dit\u00ebt e para t\u00eb k\u00ebtij fillimviti ia ka dedikuar pushimit. Ajo ka th\u00ebn\u00eb se \u00ebsht\u00eb duke e akumuluar energjin\u00eb e humbur, nd\u00ebrsa t\u00eb rejat e radh\u00ebs do t\u00eb pasojn\u00eb vet\u00ebm pas nj\u00eb pushimi t\u00eb mir\u00eb t\u00eb saj. \u201cK\u00ebto dit\u00eb ve\u00e7 kam pushuar [&hellip;]<\/p>\n","protected":false},"author":1,"featured_media":0,"comment_status":"open","ping_status":"closed","sticky":false,"template":"","format":"standard","meta":{"spay_email":"","jetpack_publicize_message":"","jetpack_is_tweetstorm":false,"jetpack_publicize_feature_enabled":true},"categories":[1],"tags":[4939],"jetpack_publicize_connections":[],"yoast_head":"<!-- This site is optimized with the Yoast SEO plugin v19.1 - https:\/\/yoast.com\/wordpress\/plugins\/seo\/ -->\n<title>Nora d\u00ebshiron t\u00eb pushoj\u00eb pak nga muzika - Lajme nga Ulqini<\/title>\n<meta name=\"description\" content=\"Pas nj\u00eb morie angazhimesh n\u00eb fundvitin q\u00eb e lam\u00eb pas, k\u00ebng\u00ebtarja Nora Istrefi dit\u00ebt e para t\u00eb k\u00ebtij fillimviti ia ka dedikuar pushimit. Ajo ka th\u00ebn\u00eb se\" \/>\n<meta name=\"robots\" content=\"index, follow, max-snippet:-1, max-image-preview:large, max-video-preview:-1\" \/>\n<link rel=\"canonical\" href=\"https:\/\/www.visit-ulcinj.com\/blog\/2011\/01\/05\/nora-deshiron-te-pushoje-pak-nga-muzika\/\" \/>\n<meta property=\"og:locale\" content=\"en_US\" \/>\n<meta property=\"og:type\" content=\"article\" \/>\n<meta property=\"og:title\" content=\"Nora d\u00ebshiron t\u00eb pushoj\u00eb pak nga muzika - Lajme nga Ulqini\" \/>\n<meta property=\"og:description\" content=\"Pas nj\u00eb morie angazhimesh n\u00eb fundvitin q\u00eb e lam\u00eb pas, k\u00ebng\u00ebtarja Nora Istrefi dit\u00ebt e para t\u00eb k\u00ebtij fillimviti ia ka dedikuar pushimit. Ajo ka th\u00ebn\u00eb se\" \/>\n<meta property=\"og:url\" content=\"https:\/\/www.visit-ulcinj.com\/blog\/2011\/01\/05\/nora-deshiron-te-pushoje-pak-nga-muzika\/\" \/>\n<meta property=\"og:site_name\" content=\"Lajme nga Ulqini\" \/>\n<meta property=\"article:published_time\" content=\"2011-01-05T20:39:04+00:00\" \/>\n<meta property=\"og:image\" content=\"http:\/\/www.visit-ulcinj.com\/blog\/wp-content\/uploads\/2011\/01\/Nora-Istrefi-don-pushim.jpg\" \/>\n<meta name=\"twitter:label1\" content=\"Written by\" \/>\n\t<meta name=\"twitter:data1\" content=\"ulqini\" \/>\n\t<meta name=\"twitter:label2\" content=\"Est. reading time\" \/>\n\t<meta name=\"twitter:data2\" content=\"1 minute\" \/>\n<script type=\"application\/ld+json\" class=\"yoast-schema-graph\">{\"@context\":\"https:\/\/schema.org\",\"@graph\":[{\"@type\":\"WebSite\",\"@id\":\"https:\/\/www.visit-ulcinj.com\/blog\/#website\",\"url\":\"https:\/\/www.visit-ulcinj.com\/blog\/\",\"name\":\"Lajme nga Ulqini\",\"description\":\"Lajme,Vijesti,Ulqini,Ulqin,Crna Gora,Mali i Zi\",\"potentialAction\":[{\"@type\":\"SearchAction\",\"target\":{\"@type\":\"EntryPoint\",\"urlTemplate\":\"https:\/\/www.visit-ulcinj.com\/blog\/?s={search_term_string}\"},\"query-input\":\"required name=search_term_string\"}],\"inLanguage\":\"en-US\"},{\"@type\":\"ImageObject\",\"inLanguage\":\"en-US\",\"@id\":\"https:\/\/www.visit-ulcinj.com\/blog\/2011\/01\/05\/nora-deshiron-te-pushoje-pak-nga-muzika\/#primaryimage\",\"url\":\"http:\/\/www.visit-ulcinj.com\/blog\/wp-content\/uploads\/2011\/01\/Nora-Istrefi-don-pushim.jpg\",\"contentUrl\":\"http:\/\/www.visit-ulcinj.com\/blog\/wp-content\/uploads\/2011\/01\/Nora-Istrefi-don-pushim.jpg\"},{\"@type\":\"WebPage\",\"@id\":\"https:\/\/www.visit-ulcinj.com\/blog\/2011\/01\/05\/nora-deshiron-te-pushoje-pak-nga-muzika\/#webpage\",\"url\":\"https:\/\/www.visit-ulcinj.com\/blog\/2011\/01\/05\/nora-deshiron-te-pushoje-pak-nga-muzika\/\",\"name\":\"Nora d\u00ebshiron t\u00eb pushoj\u00eb pak nga muzika - Lajme nga Ulqini\",\"isPartOf\":{\"@id\":\"https:\/\/www.visit-ulcinj.com\/blog\/#website\"},\"primaryImageOfPage\":{\"@id\":\"https:\/\/www.visit-ulcinj.com\/blog\/2011\/01\/05\/nora-deshiron-te-pushoje-pak-nga-muzika\/#primaryimage\"},\"datePublished\":\"2011-01-05T20:39:04+00:00\",\"dateModified\":\"2011-01-05T20:39:04+00:00\",\"author\":{\"@id\":\"https:\/\/www.visit-ulcinj.com\/blog\/#\/schema\/person\/dcab619c614d3038751c63bc2aadc06d\"},\"description\":\"Pas nj\u00eb morie angazhimesh n\u00eb fundvitin q\u00eb e lam\u00eb pas, k\u00ebng\u00ebtarja Nora Istrefi dit\u00ebt e para t\u00eb k\u00ebtij fillimviti ia ka dedikuar pushimit. Ajo ka th\u00ebn\u00eb se\",\"breadcrumb\":{\"@id\":\"https:\/\/www.visit-ulcinj.com\/blog\/2011\/01\/05\/nora-deshiron-te-pushoje-pak-nga-muzika\/#breadcrumb\"},\"inLanguage\":\"en-US\",\"potentialAction\":[{\"@type\":\"ReadAction\",\"target\":[\"https:\/\/www.visit-ulcinj.com\/blog\/2011\/01\/05\/nora-deshiron-te-pushoje-pak-nga-muzika\/\"]}]},{\"@type\":\"BreadcrumbList\",\"@id\":\"https:\/\/www.visit-ulcinj.com\/blog\/2011\/01\/05\/nora-deshiron-te-pushoje-pak-nga-muzika\/#breadcrumb\",\"itemListElement\":[{\"@type\":\"ListItem\",\"position\":1,\"name\":\"Nora d\u00ebshiron t\u00eb pushoj\u00eb pak nga muzika\"}]},{\"@type\":\"Person\",\"@id\":\"https:\/\/www.visit-ulcinj.com\/blog\/#\/schema\/person\/dcab619c614d3038751c63bc2aadc06d\",\"name\":\"ulqini\",\"sameAs\":[\"http:\/\/www.visit-ulcinj.com\"],\"url\":\"https:\/\/www.visit-ulcinj.com\/blog\/author\/admin\/\"}]}<\/script>\n<!-- \/ Yoast SEO plugin. -->","yoast_head_json":{"title":"Nora d\u00ebshiron t\u00eb pushoj\u00eb pak nga muzika - Lajme nga Ulqini","description":"Pas nj\u00eb morie angazhimesh n\u00eb fundvitin q\u00eb e lam\u00eb pas, k\u00ebng\u00ebtarja Nora Istrefi dit\u00ebt e para t\u00eb k\u00ebtij fillimviti ia ka dedikuar pushimit. Ajo ka th\u00ebn\u00eb se","robots":{"index":"index","follow":"follow","max-snippet":"max-snippet:-1","max-image-preview":"max-image-preview:large","max-video-preview":"max-video-preview:-1"},"canonical":"https:\/\/www.visit-ulcinj.com\/blog\/2011\/01\/05\/nora-deshiron-te-pushoje-pak-nga-muzika\/","og_locale":"en_US","og_type":"article","og_title":"Nora d\u00ebshiron t\u00eb pushoj\u00eb pak nga muzika - Lajme nga Ulqini","og_description":"Pas nj\u00eb morie angazhimesh n\u00eb fundvitin q\u00eb e lam\u00eb pas, k\u00ebng\u00ebtarja Nora Istrefi dit\u00ebt e para t\u00eb k\u00ebtij fillimviti ia ka dedikuar pushimit. Ajo ka th\u00ebn\u00eb se","og_url":"https:\/\/www.visit-ulcinj.com\/blog\/2011\/01\/05\/nora-deshiron-te-pushoje-pak-nga-muzika\/","og_site_name":"Lajme nga Ulqini","article_published_time":"2011-01-05T20:39:04+00:00","og_image":[{"url":"http:\/\/www.visit-ulcinj.com\/blog\/wp-content\/uploads\/2011\/01\/Nora-Istrefi-don-pushim.jpg"}],"twitter_misc":{"Written by":"ulqini","Est. reading time":"1 minute"},"schema":{"@context":"https:\/\/schema.org","@graph":[{"@type":"WebSite","@id":"https:\/\/www.visit-ulcinj.com\/blog\/#website","url":"https:\/\/www.visit-ulcinj.com\/blog\/","name":"Lajme nga Ulqini","description":"Lajme,Vijesti,Ulqini,Ulqin,Crna Gora,Mali i Zi","potentialAction":[{"@type":"SearchAction","target":{"@type":"EntryPoint","urlTemplate":"https:\/\/www.visit-ulcinj.com\/blog\/?s={search_term_string}"},"query-input":"required name=search_term_string"}],"inLanguage":"en-US"},{"@type":"ImageObject","inLanguage":"en-US","@id":"https:\/\/www.visit-ulcinj.com\/blog\/2011\/01\/05\/nora-deshiron-te-pushoje-pak-nga-muzika\/#primaryimage","url":"http:\/\/www.visit-ulcinj.com\/blog\/wp-content\/uploads\/2011\/01\/Nora-Istrefi-don-pushim.jpg","contentUrl":"http:\/\/www.visit-ulcinj.com\/blog\/wp-content\/uploads\/2011\/01\/Nora-Istrefi-don-pushim.jpg"},{"@type":"WebPage","@id":"https:\/\/www.visit-ulcinj.com\/blog\/2011\/01\/05\/nora-deshiron-te-pushoje-pak-nga-muzika\/#webpage","url":"https:\/\/www.visit-ulcinj.com\/blog\/2011\/01\/05\/nora-deshiron-te-pushoje-pak-nga-muzika\/","name":"Nora d\u00ebshiron t\u00eb pushoj\u00eb pak nga muzika - Lajme nga Ulqini","isPartOf":{"@id":"https:\/\/www.visit-ulcinj.com\/blog\/#website"},"primaryImageOfPage":{"@id":"https:\/\/www.visit-ulcinj.com\/blog\/2011\/01\/05\/nora-deshiron-te-pushoje-pak-nga-muzika\/#primaryimage"},"datePublished":"2011-01-05T20:39:04+00:00","dateModified":"2011-01-05T20:39:04+00:00","author":{"@id":"https:\/\/www.visit-ulcinj.com\/blog\/#\/schema\/person\/dcab619c614d3038751c63bc2aadc06d"},"description":"Pas nj\u00eb morie angazhimesh n\u00eb fundvitin q\u00eb e lam\u00eb pas, k\u00ebng\u00ebtarja Nora Istrefi dit\u00ebt e para t\u00eb k\u00ebtij fillimviti ia ka dedikuar pushimit. Ajo ka th\u00ebn\u00eb se","breadcrumb":{"@id":"https:\/\/www.visit-ulcinj.com\/blog\/2011\/01\/05\/nora-deshiron-te-pushoje-pak-nga-muzika\/#breadcrumb"},"inLanguage":"en-US","potentialAction":[{"@type":"ReadAction","target":["https:\/\/www.visit-ulcinj.com\/blog\/2011\/01\/05\/nora-deshiron-te-pushoje-pak-nga-muzika\/"]}]},{"@type":"BreadcrumbList","@id":"https:\/\/www.visit-ulcinj.com\/blog\/2011\/01\/05\/nora-deshiron-te-pushoje-pak-nga-muzika\/#breadcrumb","itemListElement":[{"@type":"ListItem","position":1,"name":"Nora d\u00ebshiron t\u00eb pushoj\u00eb pak nga muzika"}]},{"@type":"Person","@id":"https:\/\/www.visit-ulcinj.com\/blog\/#\/schema\/person\/dcab619c614d3038751c63bc2aadc06d","name":"ulqini","sameAs":["http:\/\/www.visit-ulcinj.com"],"url":"https:\/\/www.visit-ulcinj.com\/blog\/author\/admin\/"}]}},"jetpack_featured_media_url":"","jetpack_sharing_enabled":true,"jetpack_shortlink":"https:\/\/wp.me\/pe6lTn-aVR","_links":{"self":[{"href":"https:\/\/www.visit-ulcinj.com\/blog\/wp-json\/wp\/v2\/posts\/42027"}],"collection":[{"href":"https:\/\/www.visit-ulcinj.com\/blog\/wp-json\/wp\/v2\/posts"}],"about":[{"href":"https:\/\/www.visit-ulcinj.com\/blog\/wp-json\/wp\/v2\/types\/post"}],"author":[{"embeddable":true,"href":"https:\/\/www.visit-ulcinj.com\/blog\/wp-json\/wp\/v2\/users\/1"}],"replies":[{"embeddable":true,"href":"https:\/\/www.visit-ulcinj.com\/blog\/wp-json\/wp\/v2\/comments?post=42027"}],"version-history":[{"count":0,"href":"https:\/\/www.visit-ulcinj.com\/blog\/wp-json\/wp\/v2\/posts\/42027\/revisions"}],"wp:attachment":[{"href":"https:\/\/www.visit-ulcinj.com\/blog\/wp-json\/wp\/v2\/media?parent=42027"}],"wp:term":[{"taxonomy":"category","embeddable":true,"href":"https:\/\/www.visit-ulcinj.com\/blog\/wp-json\/wp\/v2\/categories?post=42027"},{"taxonomy":"post_tag","embeddable":true,"href":"https:\/\/www.visit-ulcinj.com\/blog\/wp-json\/wp\/v2\/tags?post=42027"}],"curies":[{"name":"wp","href":"https:\/\/api.w.org\/{rel}","templated":true}]}}