{"id":42031,"date":"2011-01-06T11:50:17","date_gmt":"2011-01-06T10:50:17","guid":{"rendered":"http:\/\/www.visit-ulcinj.com\/blog\/?p=42031"},"modified":"2011-01-06T11:50:17","modified_gmt":"2011-01-06T10:50:17","slug":"lukshic-paralajmeron-reforma-radikale","status":"publish","type":"post","link":"https:\/\/www.visit-ulcinj.com\/blog\/2011\/01\/06\/lukshic-paralajmeron-reforma-radikale\/","title":{"rendered":"Lukshic paralajm\u00ebron reforma radikale"},"content":{"rendered":"<p><img loading=\"lazy\" class=\"alignleft\" title=\"Igor Lukshic paralajm\u00ebron reforma radikale\" src=\"http:\/\/www.visit-ulcinj.com\/blog\/wp-content\/uploads\/2010\/12\/skupstina-crne-gore.jpg\" alt=\"\" width=\"490\" height=\"390\" \/>Kryeministri malazez, Igor Luksic, deklaroi se p\u00ebrmbushja e detyrimeve t\u00eb KE \u00ebsht\u00eb primare p\u00ebr t\u00eb.<br \/>\n&#8220;P\u00ebr qeverin\u00eb time s\u2019ka detyr\u00eb m\u00eb t\u00eb r\u00ebnd\u00ebsishme se p\u00ebrmbushja e shtat\u00eb detyrimeve t\u00eb Komisionit Evropian. Kjo, me q\u00ebllim t\u00eb marrjes s\u00eb drit\u00ebs s\u00eb gjelb\u00ebr p\u00ebr fillimin e negociatave me BE\u2019n\u00eb&#8221;, tha Luksic. Sipas tij, k\u00ebto detyrime jan\u00eb an\u00ebtar\u00ebsimi n\u00eb NATO dhe BE, bashk\u00ebpunimi rajonal, prosperiteti ekonomik dhe zbatimi i reformave.<br \/>\nDeri n\u00eb fund t\u00eb korrikut pritet t\u00eb p\u00ebrfundohet raporti i Komisionit Evropian p\u00ebr p\u00ebrparim, andaj Mali i Zi duhet t\u00eb shfaq p\u00ebrparim real dhe t\u00eb matsh\u00ebm n\u00eb luftimin e korrupsionit dhe krimit t\u00eb organizuar, depolitizimin e gjyq\u00ebsis\u00eb dhe administrat\u00ebs, mbrojtjen e t\u00eb drejtave t\u00eb pakicave, t\u00eb ambientit dhe liris\u00eb s\u00eb mediave.<br \/>\nAnalist\u00ebt presin nj\u00eb periudh\u00eb stresuese shtat\u00eb-mujore, sepse duhet t\u00eb p\u00ebrfundoj\u00eb gjith\u00e7ka q\u00eb s\u2019\u00ebsht\u00eb b\u00ebr\u00eb n\u00eb 20 vitet e kaluara.<\/p>\n<p><strong>Gazeta Express<\/strong><\/p>\n","protected":false},"excerpt":{"rendered":"<p>Kryeministri malazez, Igor Luksic, deklaroi se p\u00ebrmbushja e detyrimeve t\u00eb KE \u00ebsht\u00eb primare p\u00ebr t\u00eb. &#8220;P\u00ebr qeverin\u00eb time s\u2019ka detyr\u00eb m\u00eb t\u00eb r\u00ebnd\u00ebsishme se p\u00ebrmbushja e shtat\u00eb detyrimeve t\u00eb Komisionit Evropian. Kjo, me q\u00ebllim t\u00eb marrjes s\u00eb drit\u00ebs s\u00eb gjelb\u00ebr p\u00ebr fillimin e negociatave me BE\u2019n\u00eb&#8221;, tha Luksic. Sipas tij, k\u00ebto detyrime jan\u00eb an\u00ebtar\u00ebsimi n\u00eb [&hellip;]<\/p>\n","protected":false},"author":1,"featured_media":0,"comment_status":"open","ping_status":"closed","sticky":false,"template":"","format":"standard","meta":{"spay_email":"","jetpack_publicize_message":"","jetpack_is_tweetstorm":false,"jetpack_publicize_feature_enabled":true},"categories":[6],"tags":[147,4125,95],"jetpack_publicize_connections":[],"yoast_head":"<!-- This site is optimized with the Yoast SEO plugin v19.1 - https:\/\/yoast.com\/wordpress\/plugins\/seo\/ -->\n<title>Lukshic paralajm\u00ebron reforma radikale - Lajme nga Ulqini<\/title>\n<meta name=\"description\" content=\"Kryeministri malazez, Igor Luksic, deklaroi se p\u00ebrmbushja e detyrimeve t\u00eb KE \u00ebsht\u00eb primare p\u00ebr t\u00eb. &quot;P\u00ebr qeverin\u00eb time s\u2019ka detyr\u00eb m\u00eb t\u00eb r\u00ebnd\u00ebsishme se\" \/>\n<meta name=\"robots\" content=\"index, follow, max-snippet:-1, max-image-preview:large, max-video-preview:-1\" \/>\n<link rel=\"canonical\" href=\"https:\/\/www.visit-ulcinj.com\/blog\/2011\/01\/06\/lukshic-paralajmeron-reforma-radikale\/\" \/>\n<meta property=\"og:locale\" content=\"en_US\" \/>\n<meta property=\"og:type\" content=\"article\" \/>\n<meta property=\"og:title\" content=\"Lukshic paralajm\u00ebron reforma radikale - Lajme nga Ulqini\" \/>\n<meta property=\"og:description\" content=\"Kryeministri malazez, Igor Luksic, deklaroi se p\u00ebrmbushja e detyrimeve t\u00eb KE \u00ebsht\u00eb primare p\u00ebr t\u00eb. &quot;P\u00ebr qeverin\u00eb time s\u2019ka detyr\u00eb m\u00eb t\u00eb r\u00ebnd\u00ebsishme se\" \/>\n<meta property=\"og:url\" content=\"https:\/\/www.visit-ulcinj.com\/blog\/2011\/01\/06\/lukshic-paralajmeron-reforma-radikale\/\" \/>\n<meta property=\"og:site_name\" content=\"Lajme nga Ulqini\" \/>\n<meta property=\"article:published_time\" content=\"2011-01-06T10:50:17+00:00\" \/>\n<meta property=\"og:image\" content=\"http:\/\/www.visit-ulcinj.com\/blog\/wp-content\/uploads\/2010\/12\/skupstina-crne-gore.jpg\" \/>\n<meta name=\"twitter:label1\" content=\"Written by\" \/>\n\t<meta name=\"twitter:data1\" content=\"ulqini\" \/>\n\t<meta name=\"twitter:label2\" content=\"Est. reading time\" \/>\n\t<meta name=\"twitter:data2\" content=\"1 minute\" \/>\n<script type=\"application\/ld+json\" class=\"yoast-schema-graph\">{\"@context\":\"https:\/\/schema.org\",\"@graph\":[{\"@type\":\"WebSite\",\"@id\":\"https:\/\/www.visit-ulcinj.com\/blog\/#website\",\"url\":\"https:\/\/www.visit-ulcinj.com\/blog\/\",\"name\":\"Lajme nga Ulqini\",\"description\":\"Lajme,Vijesti,Ulqini,Ulqin,Crna Gora,Mali i Zi\",\"potentialAction\":[{\"@type\":\"SearchAction\",\"target\":{\"@type\":\"EntryPoint\",\"urlTemplate\":\"https:\/\/www.visit-ulcinj.com\/blog\/?s={search_term_string}\"},\"query-input\":\"required name=search_term_string\"}],\"inLanguage\":\"en-US\"},{\"@type\":\"ImageObject\",\"inLanguage\":\"en-US\",\"@id\":\"https:\/\/www.visit-ulcinj.com\/blog\/2011\/01\/06\/lukshic-paralajmeron-reforma-radikale\/#primaryimage\",\"url\":\"https:\/\/www.visit-ulcinj.com\/blog\/wp-content\/uploads\/2010\/12\/skupstina-crne-gore.jpg\",\"contentUrl\":\"https:\/\/www.visit-ulcinj.com\/blog\/wp-content\/uploads\/2010\/12\/skupstina-crne-gore.jpg\",\"width\":\"800\",\"height\":\"555\"},{\"@type\":\"WebPage\",\"@id\":\"https:\/\/www.visit-ulcinj.com\/blog\/2011\/01\/06\/lukshic-paralajmeron-reforma-radikale\/#webpage\",\"url\":\"https:\/\/www.visit-ulcinj.com\/blog\/2011\/01\/06\/lukshic-paralajmeron-reforma-radikale\/\",\"name\":\"Lukshic paralajm\u00ebron reforma radikale - Lajme nga Ulqini\",\"isPartOf\":{\"@id\":\"https:\/\/www.visit-ulcinj.com\/blog\/#website\"},\"primaryImageOfPage\":{\"@id\":\"https:\/\/www.visit-ulcinj.com\/blog\/2011\/01\/06\/lukshic-paralajmeron-reforma-radikale\/#primaryimage\"},\"datePublished\":\"2011-01-06T10:50:17+00:00\",\"dateModified\":\"2011-01-06T10:50:17+00:00\",\"author\":{\"@id\":\"https:\/\/www.visit-ulcinj.com\/blog\/#\/schema\/person\/dcab619c614d3038751c63bc2aadc06d\"},\"description\":\"Kryeministri malazez, Igor Luksic, deklaroi se p\u00ebrmbushja e detyrimeve t\u00eb KE \u00ebsht\u00eb primare p\u00ebr t\u00eb. \\\"P\u00ebr qeverin\u00eb time s\u2019ka detyr\u00eb m\u00eb t\u00eb r\u00ebnd\u00ebsishme se\",\"breadcrumb\":{\"@id\":\"https:\/\/www.visit-ulcinj.com\/blog\/2011\/01\/06\/lukshic-paralajmeron-reforma-radikale\/#breadcrumb\"},\"inLanguage\":\"en-US\",\"potentialAction\":[{\"@type\":\"ReadAction\",\"target\":[\"https:\/\/www.visit-ulcinj.com\/blog\/2011\/01\/06\/lukshic-paralajmeron-reforma-radikale\/\"]}]},{\"@type\":\"BreadcrumbList\",\"@id\":\"https:\/\/www.visit-ulcinj.com\/blog\/2011\/01\/06\/lukshic-paralajmeron-reforma-radikale\/#breadcrumb\",\"itemListElement\":[{\"@type\":\"ListItem\",\"position\":1,\"name\":\"Lukshic paralajm\u00ebron reforma radikale\"}]},{\"@type\":\"Person\",\"@id\":\"https:\/\/www.visit-ulcinj.com\/blog\/#\/schema\/person\/dcab619c614d3038751c63bc2aadc06d\",\"name\":\"ulqini\",\"sameAs\":[\"http:\/\/www.visit-ulcinj.com\"],\"url\":\"https:\/\/www.visit-ulcinj.com\/blog\/author\/admin\/\"}]}<\/script>\n<!-- \/ Yoast SEO plugin. -->","yoast_head_json":{"title":"Lukshic paralajm\u00ebron reforma radikale - Lajme nga Ulqini","description":"Kryeministri malazez, Igor Luksic, deklaroi se p\u00ebrmbushja e detyrimeve t\u00eb KE \u00ebsht\u00eb primare p\u00ebr t\u00eb. \"P\u00ebr qeverin\u00eb time s\u2019ka detyr\u00eb m\u00eb t\u00eb r\u00ebnd\u00ebsishme se","robots":{"index":"index","follow":"follow","max-snippet":"max-snippet:-1","max-image-preview":"max-image-preview:large","max-video-preview":"max-video-preview:-1"},"canonical":"https:\/\/www.visit-ulcinj.com\/blog\/2011\/01\/06\/lukshic-paralajmeron-reforma-radikale\/","og_locale":"en_US","og_type":"article","og_title":"Lukshic paralajm\u00ebron reforma radikale - Lajme nga Ulqini","og_description":"Kryeministri malazez, Igor Luksic, deklaroi se p\u00ebrmbushja e detyrimeve t\u00eb KE \u00ebsht\u00eb primare p\u00ebr t\u00eb. \"P\u00ebr qeverin\u00eb time s\u2019ka detyr\u00eb m\u00eb t\u00eb r\u00ebnd\u00ebsishme se","og_url":"https:\/\/www.visit-ulcinj.com\/blog\/2011\/01\/06\/lukshic-paralajmeron-reforma-radikale\/","og_site_name":"Lajme nga Ulqini","article_published_time":"2011-01-06T10:50:17+00:00","og_image":[{"url":"http:\/\/www.visit-ulcinj.com\/blog\/wp-content\/uploads\/2010\/12\/skupstina-crne-gore.jpg"}],"twitter_misc":{"Written by":"ulqini","Est. reading time":"1 minute"},"schema":{"@context":"https:\/\/schema.org","@graph":[{"@type":"WebSite","@id":"https:\/\/www.visit-ulcinj.com\/blog\/#website","url":"https:\/\/www.visit-ulcinj.com\/blog\/","name":"Lajme nga Ulqini","description":"Lajme,Vijesti,Ulqini,Ulqin,Crna Gora,Mali i Zi","potentialAction":[{"@type":"SearchAction","target":{"@type":"EntryPoint","urlTemplate":"https:\/\/www.visit-ulcinj.com\/blog\/?s={search_term_string}"},"query-input":"required name=search_term_string"}],"inLanguage":"en-US"},{"@type":"ImageObject","inLanguage":"en-US","@id":"https:\/\/www.visit-ulcinj.com\/blog\/2011\/01\/06\/lukshic-paralajmeron-reforma-radikale\/#primaryimage","url":"https:\/\/www.visit-ulcinj.com\/blog\/wp-content\/uploads\/2010\/12\/skupstina-crne-gore.jpg","contentUrl":"https:\/\/www.visit-ulcinj.com\/blog\/wp-content\/uploads\/2010\/12\/skupstina-crne-gore.jpg","width":"800","height":"555"},{"@type":"WebPage","@id":"https:\/\/www.visit-ulcinj.com\/blog\/2011\/01\/06\/lukshic-paralajmeron-reforma-radikale\/#webpage","url":"https:\/\/www.visit-ulcinj.com\/blog\/2011\/01\/06\/lukshic-paralajmeron-reforma-radikale\/","name":"Lukshic paralajm\u00ebron reforma radikale - Lajme nga Ulqini","isPartOf":{"@id":"https:\/\/www.visit-ulcinj.com\/blog\/#website"},"primaryImageOfPage":{"@id":"https:\/\/www.visit-ulcinj.com\/blog\/2011\/01\/06\/lukshic-paralajmeron-reforma-radikale\/#primaryimage"},"datePublished":"2011-01-06T10:50:17+00:00","dateModified":"2011-01-06T10:50:17+00:00","author":{"@id":"https:\/\/www.visit-ulcinj.com\/blog\/#\/schema\/person\/dcab619c614d3038751c63bc2aadc06d"},"description":"Kryeministri malazez, Igor Luksic, deklaroi se p\u00ebrmbushja e detyrimeve t\u00eb KE \u00ebsht\u00eb primare p\u00ebr t\u00eb. \"P\u00ebr qeverin\u00eb time s\u2019ka detyr\u00eb m\u00eb t\u00eb r\u00ebnd\u00ebsishme se","breadcrumb":{"@id":"https:\/\/www.visit-ulcinj.com\/blog\/2011\/01\/06\/lukshic-paralajmeron-reforma-radikale\/#breadcrumb"},"inLanguage":"en-US","potentialAction":[{"@type":"ReadAction","target":["https:\/\/www.visit-ulcinj.com\/blog\/2011\/01\/06\/lukshic-paralajmeron-reforma-radikale\/"]}]},{"@type":"BreadcrumbList","@id":"https:\/\/www.visit-ulcinj.com\/blog\/2011\/01\/06\/lukshic-paralajmeron-reforma-radikale\/#breadcrumb","itemListElement":[{"@type":"ListItem","position":1,"name":"Lukshic paralajm\u00ebron reforma radikale"}]},{"@type":"Person","@id":"https:\/\/www.visit-ulcinj.com\/blog\/#\/schema\/person\/dcab619c614d3038751c63bc2aadc06d","name":"ulqini","sameAs":["http:\/\/www.visit-ulcinj.com"],"url":"https:\/\/www.visit-ulcinj.com\/blog\/author\/admin\/"}]}},"jetpack_featured_media_url":"","jetpack_sharing_enabled":true,"jetpack_shortlink":"https:\/\/wp.me\/pe6lTn-aVV","_links":{"self":[{"href":"https:\/\/www.visit-ulcinj.com\/blog\/wp-json\/wp\/v2\/posts\/42031"}],"collection":[{"href":"https:\/\/www.visit-ulcinj.com\/blog\/wp-json\/wp\/v2\/posts"}],"about":[{"href":"https:\/\/www.visit-ulcinj.com\/blog\/wp-json\/wp\/v2\/types\/post"}],"author":[{"embeddable":true,"href":"https:\/\/www.visit-ulcinj.com\/blog\/wp-json\/wp\/v2\/users\/1"}],"replies":[{"embeddable":true,"href":"https:\/\/www.visit-ulcinj.com\/blog\/wp-json\/wp\/v2\/comments?post=42031"}],"version-history":[{"count":0,"href":"https:\/\/www.visit-ulcinj.com\/blog\/wp-json\/wp\/v2\/posts\/42031\/revisions"}],"wp:attachment":[{"href":"https:\/\/www.visit-ulcinj.com\/blog\/wp-json\/wp\/v2\/media?parent=42031"}],"wp:term":[{"taxonomy":"category","embeddable":true,"href":"https:\/\/www.visit-ulcinj.com\/blog\/wp-json\/wp\/v2\/categories?post=42031"},{"taxonomy":"post_tag","embeddable":true,"href":"https:\/\/www.visit-ulcinj.com\/blog\/wp-json\/wp\/v2\/tags?post=42031"}],"curies":[{"name":"wp","href":"https:\/\/api.w.org\/{rel}","templated":true}]}}