{"id":42033,"date":"2011-01-06T12:09:54","date_gmt":"2011-01-06T11:09:54","guid":{"rendered":"http:\/\/www.visit-ulcinj.com\/blog\/?p=42033"},"modified":"2011-01-06T12:09:54","modified_gmt":"2011-01-06T11:09:54","slug":"yllka-gashi-me-shume-deshira","status":"publish","type":"post","link":"https:\/\/www.visit-ulcinj.com\/blog\/2011\/01\/06\/yllka-gashi-me-shume-deshira\/","title":{"rendered":"Yllka Gashi, m\u00eb shum\u00eb d\u00ebshira"},"content":{"rendered":"<p><a href=\"http:\/\/www.visit-ulcinj.com\/blog\/wp-content\/uploads\/2011\/01\/Yllka-Gashi.jpg\"><img loading=\"lazy\" class=\"alignleft size-full wp-image-42034\" title=\"Yllka Gashi\" src=\"http:\/\/www.visit-ulcinj.com\/blog\/wp-content\/uploads\/2011\/01\/Yllka-Gashi.jpg\" alt=\"\" width=\"400\" height=\"620\" \/><\/a>Njihet m\u00eb shum\u00eb si Zana n\u00eb serialin \u201cFamilja moderne\u201d, por n\u00eb vitin q\u00eb lam\u00eb pas, ajo ishte shp\u00ebrblyer edhe si aktore teatri. Aktorja Yllka Gashi n\u00eb nj\u00eb intervist\u00eb t\u00eb saj p\u00ebr Zhurnal ka folur p\u00ebr projektet e saj dhe d\u00ebshirat p\u00ebr vitin 2011.<br \/>\nYllka Gashi p\u00ebrpos angazhimeve t\u00eb m\u00ebdha q\u00eb kishte gjat\u00eb vitit paraprak n\u00eb serialin vendor \u201cFamilja Moderne\u201d, ajo po ashtu ka rezultuar me shum\u00eb suksese edhe n\u00eb projekte t\u00eb tjera n\u00eb teat\u00ebr e film.<\/p>\n<p>Nj\u00eb nd\u00ebr sukseset e shumta ku Yllka Gashi u shp\u00ebrblye \u00ebsht\u00eb \u00e7mimi p\u00ebr rolin protagonist t\u00eb femr\u00ebs n\u00eb shfaqjen \u201cVdekja dhe Vasha\u201d .<\/p>\n<p>Yllka Gashi, e cila n\u00eb \u00e7do rast reflekton energji pozitive, ashtu si\u00e7 \u00ebsht\u00eb n\u00eb rolin e Zan\u00ebs, pak a shum\u00eb ngjason t\u00eb jet\u00eb edhe n\u00eb p\u00ebrditshm\u00ebri.<\/p>\n<p>E gjall\u00eb, aktive, me shum\u00eb ide, fem\u00ebr e cila i preferon udh\u00ebtimet, megjithat\u00eb modeste n\u00eb 3 d\u00ebshirat p\u00ebr vitin 2012, n\u00eb t\u00eb cilat duhej t\u00eb p\u00ebrcaktohej n\u00eb k\u00ebt\u00eb intervist\u00eb festive!<\/p>\n<p>\u201c2010\u2019ta ishte vit i mbushur me pun\u00eb dhe suksese. Kam xhiruar dy filma t\u00eb shkurt\u00ebr, kam pasur nj\u00eb premier\u00eb n\u00eb Teatrin Komb\u00ebtar t\u00eb Kosov\u00ebs si dhe kam marr\u00eb nj\u00eb \u00e7mim nd\u00ebrkomb\u00ebtar p\u00ebr rolin protagonist t\u00eb femr\u00ebs n\u00eb shfaqjen \u201cVdekja dhe Vasha\u201d n\u00eb regji t\u00eb Fatos Berish\u00ebs\u201d, ka th\u00ebn\u00eb ajo p\u00ebr portalin shqiptar.<\/p>\n<p>Sipas Yllk\u00ebs, edhe gjat\u00eb k\u00ebtij viti ajo pret q\u00eb t\u00eb jet\u00eb edhe m\u00eb e suksesshme, duke realizuar edhe projekte t\u00eb reja. Thot\u00eb se ka m\u00eb shum\u00eb se tri d\u00ebshira q\u00eb do t\u00eb d\u00ebshironte ti realizonte n\u00eb vitin 2010, p\u00ebrderisa n\u00eb urimin e saj d\u00ebshiron q\u00eb familjet shqiptare ky vit t\u00eb jet\u00eb nj\u00eb vit i begat\u00eb p\u00ebr ta.<\/p>\n<p>\u201cD\u00ebshiroj nga zemra q\u00eb 2011 t\u00eb jet\u00eb vit i qet\u00eb e i begat\u00eb p\u00ebr secil\u00ebn familje shqiptare. T\u00eb kemi qet\u00ebsi shpirt\u00ebrore dhe mir\u00ebqenie materiale\u201d!<\/p>\n<p>P\u00ebrpos k\u00ebsaj d\u00ebshire, Yllka e ka edhe nj\u00eb d\u00ebshir\u00eb tjet\u00ebr q\u00eb Kosova t\u00eb njihet nga t\u00eb gjitha vendet e bot\u00ebs dhe gjat\u00eb k\u00ebtij viti edhe ne si vend t\u00eb fitojm\u00eb nga liberalizimi i vizave me Evrop\u00ebn.<\/p>\n<p>\u201cD\u00ebshiroj e lutem q\u00eb k\u00ebt\u00eb vit t\u00eb b\u00ebhet t\u00eb pakt\u00ebn nj\u00eb film i mir\u00eb kosovar, i cili denj\u00ebsisht do t\u00eb mund ta p\u00ebrfaq\u00ebsonte Kosov\u00ebn n\u00ebp\u00ebr bot\u00eb e pse jo edhe t\u00eb nominohet p\u00ebr Oscar!\u201d, thot\u00eb ajo.<\/p>\n<p>Nd\u00ebrkaq, net\u00ebt e nd\u00ebrrimit t\u00eb moteve Yllka ka zgjedhur q\u00eb ti kaloj paksa m\u00eb n\u00eb lindje, duke shkuar n\u00eb Stamboll, nd\u00ebrkaq nga atje ajo ka uruar t\u00eb gjith\u00eb shqiptar\u00ebt p\u00ebr fest\u00ebn e Vitit t\u00eb Ri.<\/p>\n<p>\u201cT\u00eb gjith\u00eb shqiptar\u00ebve kudo q\u00eb jan\u00eb ju d\u00ebshiroj \u00e7do t\u00eb mir\u00eb n\u00eb jet\u00eb. Viti 2011 qoft\u00eb vit i realizimit t\u00eb d\u00ebshirave, \u00ebndrrave dhe p\u00ebrmbushjes s\u00eb ambicieve. Ju d\u00ebshiroj sh\u00ebndet t\u00eb mir\u00eb, fat e suksese n\u00eb pun\u00eb, harmoni e hare n\u00eb sht\u00ebpit\u00eb e familjet tuaja, mir\u00ebqenie, dashuri e plot para! Zoti ju bekoft\u00eb!\u201d, ka th\u00ebn\u00eb aktorja p\u00ebr Zhurnal.<\/p>\n<p><strong>Gazeta Express<br \/>\n<br \/>\n<\/strong><br \/>\n<!--YouTube Error: bad URL entered--><\/p>\n","protected":false},"excerpt":{"rendered":"<p>Njihet m\u00eb shum\u00eb si Zana n\u00eb serialin \u201cFamilja moderne\u201d, por n\u00eb vitin q\u00eb lam\u00eb pas, ajo ishte shp\u00ebrblyer edhe si aktore teatri. Aktorja Yllka Gashi n\u00eb nj\u00eb intervist\u00eb t\u00eb saj p\u00ebr Zhurnal ka folur p\u00ebr projektet e saj dhe d\u00ebshirat p\u00ebr vitin 2011. Yllka Gashi p\u00ebrpos angazhimeve t\u00eb m\u00ebdha q\u00eb kishte gjat\u00eb vitit paraprak n\u00eb [&hellip;]<\/p>\n","protected":false},"author":1,"featured_media":0,"comment_status":"open","ping_status":"closed","sticky":false,"template":"","format":"standard","meta":{"spay_email":"","jetpack_publicize_message":"","jetpack_is_tweetstorm":false,"jetpack_publicize_feature_enabled":true},"categories":[1],"tags":[4927],"jetpack_publicize_connections":[],"yoast_head":"<!-- This site is optimized with the Yoast SEO plugin v19.1 - https:\/\/yoast.com\/wordpress\/plugins\/seo\/ -->\n<title>Yllka Gashi, m\u00eb shum\u00eb d\u00ebshira - Lajme nga Ulqini<\/title>\n<meta name=\"description\" content=\"Njihet m\u00eb shum\u00eb si Zana n\u00eb serialin \u201cFamilja moderne\u201d, por n\u00eb vitin q\u00eb lam\u00eb pas, ajo ishte shp\u00ebrblyer edhe si aktore teatri. Aktorja Yllka Gashi n\u00eb nj\u00eb\" \/>\n<meta name=\"robots\" content=\"index, follow, max-snippet:-1, max-image-preview:large, max-video-preview:-1\" \/>\n<link rel=\"canonical\" href=\"https:\/\/www.visit-ulcinj.com\/blog\/2011\/01\/06\/yllka-gashi-me-shume-deshira\/\" \/>\n<meta property=\"og:locale\" content=\"en_US\" \/>\n<meta property=\"og:type\" content=\"article\" \/>\n<meta property=\"og:title\" content=\"Yllka Gashi, m\u00eb shum\u00eb d\u00ebshira - Lajme nga Ulqini\" \/>\n<meta property=\"og:description\" content=\"Njihet m\u00eb shum\u00eb si Zana n\u00eb serialin \u201cFamilja moderne\u201d, por n\u00eb vitin q\u00eb lam\u00eb pas, ajo ishte shp\u00ebrblyer edhe si aktore teatri. Aktorja Yllka Gashi n\u00eb nj\u00eb\" \/>\n<meta property=\"og:url\" content=\"https:\/\/www.visit-ulcinj.com\/blog\/2011\/01\/06\/yllka-gashi-me-shume-deshira\/\" \/>\n<meta property=\"og:site_name\" content=\"Lajme nga Ulqini\" \/>\n<meta property=\"article:published_time\" content=\"2011-01-06T11:09:54+00:00\" \/>\n<meta property=\"og:image\" content=\"https:\/\/www.visit-ulcinj.com\/blog\/wp-content\/uploads\/2011\/01\/Yllka-Gashi-150x150.jpg\" \/>\n<meta name=\"twitter:label1\" content=\"Written by\" \/>\n\t<meta name=\"twitter:data1\" content=\"ulqini\" \/>\n\t<meta name=\"twitter:label2\" content=\"Est. reading time\" \/>\n\t<meta name=\"twitter:data2\" content=\"3 minutes\" \/>\n<script type=\"application\/ld+json\" class=\"yoast-schema-graph\">{\"@context\":\"https:\/\/schema.org\",\"@graph\":[{\"@type\":\"WebSite\",\"@id\":\"https:\/\/www.visit-ulcinj.com\/blog\/#website\",\"url\":\"https:\/\/www.visit-ulcinj.com\/blog\/\",\"name\":\"Lajme nga Ulqini\",\"description\":\"Lajme,Vijesti,Ulqini,Ulqin,Crna Gora,Mali i Zi\",\"potentialAction\":[{\"@type\":\"SearchAction\",\"target\":{\"@type\":\"EntryPoint\",\"urlTemplate\":\"https:\/\/www.visit-ulcinj.com\/blog\/?s={search_term_string}\"},\"query-input\":\"required name=search_term_string\"}],\"inLanguage\":\"en-US\"},{\"@type\":\"ImageObject\",\"inLanguage\":\"en-US\",\"@id\":\"https:\/\/www.visit-ulcinj.com\/blog\/2011\/01\/06\/yllka-gashi-me-shume-deshira\/#primaryimage\",\"url\":\"http:\/\/www.visit-ulcinj.com\/blog\/wp-content\/uploads\/2011\/01\/Yllka-Gashi.jpg\",\"contentUrl\":\"http:\/\/www.visit-ulcinj.com\/blog\/wp-content\/uploads\/2011\/01\/Yllka-Gashi.jpg\"},{\"@type\":\"WebPage\",\"@id\":\"https:\/\/www.visit-ulcinj.com\/blog\/2011\/01\/06\/yllka-gashi-me-shume-deshira\/#webpage\",\"url\":\"https:\/\/www.visit-ulcinj.com\/blog\/2011\/01\/06\/yllka-gashi-me-shume-deshira\/\",\"name\":\"Yllka Gashi, m\u00eb shum\u00eb d\u00ebshira - Lajme nga Ulqini\",\"isPartOf\":{\"@id\":\"https:\/\/www.visit-ulcinj.com\/blog\/#website\"},\"primaryImageOfPage\":{\"@id\":\"https:\/\/www.visit-ulcinj.com\/blog\/2011\/01\/06\/yllka-gashi-me-shume-deshira\/#primaryimage\"},\"datePublished\":\"2011-01-06T11:09:54+00:00\",\"dateModified\":\"2011-01-06T11:09:54+00:00\",\"author\":{\"@id\":\"https:\/\/www.visit-ulcinj.com\/blog\/#\/schema\/person\/dcab619c614d3038751c63bc2aadc06d\"},\"description\":\"Njihet m\u00eb shum\u00eb si Zana n\u00eb serialin \u201cFamilja moderne\u201d, por n\u00eb vitin q\u00eb lam\u00eb pas, ajo ishte shp\u00ebrblyer edhe si aktore teatri. Aktorja Yllka Gashi n\u00eb nj\u00eb\",\"breadcrumb\":{\"@id\":\"https:\/\/www.visit-ulcinj.com\/blog\/2011\/01\/06\/yllka-gashi-me-shume-deshira\/#breadcrumb\"},\"inLanguage\":\"en-US\",\"potentialAction\":[{\"@type\":\"ReadAction\",\"target\":[\"https:\/\/www.visit-ulcinj.com\/blog\/2011\/01\/06\/yllka-gashi-me-shume-deshira\/\"]}]},{\"@type\":\"BreadcrumbList\",\"@id\":\"https:\/\/www.visit-ulcinj.com\/blog\/2011\/01\/06\/yllka-gashi-me-shume-deshira\/#breadcrumb\",\"itemListElement\":[{\"@type\":\"ListItem\",\"position\":1,\"name\":\"Yllka Gashi, m\u00eb shum\u00eb d\u00ebshira\"}]},{\"@type\":\"Person\",\"@id\":\"https:\/\/www.visit-ulcinj.com\/blog\/#\/schema\/person\/dcab619c614d3038751c63bc2aadc06d\",\"name\":\"ulqini\",\"sameAs\":[\"http:\/\/www.visit-ulcinj.com\"],\"url\":\"https:\/\/www.visit-ulcinj.com\/blog\/author\/admin\/\"}]}<\/script>\n<!-- \/ Yoast SEO plugin. -->","yoast_head_json":{"title":"Yllka Gashi, m\u00eb shum\u00eb d\u00ebshira - Lajme nga Ulqini","description":"Njihet m\u00eb shum\u00eb si Zana n\u00eb serialin \u201cFamilja moderne\u201d, por n\u00eb vitin q\u00eb lam\u00eb pas, ajo ishte shp\u00ebrblyer edhe si aktore teatri. Aktorja Yllka Gashi n\u00eb nj\u00eb","robots":{"index":"index","follow":"follow","max-snippet":"max-snippet:-1","max-image-preview":"max-image-preview:large","max-video-preview":"max-video-preview:-1"},"canonical":"https:\/\/www.visit-ulcinj.com\/blog\/2011\/01\/06\/yllka-gashi-me-shume-deshira\/","og_locale":"en_US","og_type":"article","og_title":"Yllka Gashi, m\u00eb shum\u00eb d\u00ebshira - Lajme nga Ulqini","og_description":"Njihet m\u00eb shum\u00eb si Zana n\u00eb serialin \u201cFamilja moderne\u201d, por n\u00eb vitin q\u00eb lam\u00eb pas, ajo ishte shp\u00ebrblyer edhe si aktore teatri. Aktorja Yllka Gashi n\u00eb nj\u00eb","og_url":"https:\/\/www.visit-ulcinj.com\/blog\/2011\/01\/06\/yllka-gashi-me-shume-deshira\/","og_site_name":"Lajme nga Ulqini","article_published_time":"2011-01-06T11:09:54+00:00","og_image":[{"url":"https:\/\/www.visit-ulcinj.com\/blog\/wp-content\/uploads\/2011\/01\/Yllka-Gashi-150x150.jpg"}],"twitter_misc":{"Written by":"ulqini","Est. reading time":"3 minutes"},"schema":{"@context":"https:\/\/schema.org","@graph":[{"@type":"WebSite","@id":"https:\/\/www.visit-ulcinj.com\/blog\/#website","url":"https:\/\/www.visit-ulcinj.com\/blog\/","name":"Lajme nga Ulqini","description":"Lajme,Vijesti,Ulqini,Ulqin,Crna Gora,Mali i Zi","potentialAction":[{"@type":"SearchAction","target":{"@type":"EntryPoint","urlTemplate":"https:\/\/www.visit-ulcinj.com\/blog\/?s={search_term_string}"},"query-input":"required name=search_term_string"}],"inLanguage":"en-US"},{"@type":"ImageObject","inLanguage":"en-US","@id":"https:\/\/www.visit-ulcinj.com\/blog\/2011\/01\/06\/yllka-gashi-me-shume-deshira\/#primaryimage","url":"http:\/\/www.visit-ulcinj.com\/blog\/wp-content\/uploads\/2011\/01\/Yllka-Gashi.jpg","contentUrl":"http:\/\/www.visit-ulcinj.com\/blog\/wp-content\/uploads\/2011\/01\/Yllka-Gashi.jpg"},{"@type":"WebPage","@id":"https:\/\/www.visit-ulcinj.com\/blog\/2011\/01\/06\/yllka-gashi-me-shume-deshira\/#webpage","url":"https:\/\/www.visit-ulcinj.com\/blog\/2011\/01\/06\/yllka-gashi-me-shume-deshira\/","name":"Yllka Gashi, m\u00eb shum\u00eb d\u00ebshira - Lajme nga Ulqini","isPartOf":{"@id":"https:\/\/www.visit-ulcinj.com\/blog\/#website"},"primaryImageOfPage":{"@id":"https:\/\/www.visit-ulcinj.com\/blog\/2011\/01\/06\/yllka-gashi-me-shume-deshira\/#primaryimage"},"datePublished":"2011-01-06T11:09:54+00:00","dateModified":"2011-01-06T11:09:54+00:00","author":{"@id":"https:\/\/www.visit-ulcinj.com\/blog\/#\/schema\/person\/dcab619c614d3038751c63bc2aadc06d"},"description":"Njihet m\u00eb shum\u00eb si Zana n\u00eb serialin \u201cFamilja moderne\u201d, por n\u00eb vitin q\u00eb lam\u00eb pas, ajo ishte shp\u00ebrblyer edhe si aktore teatri. Aktorja Yllka Gashi n\u00eb nj\u00eb","breadcrumb":{"@id":"https:\/\/www.visit-ulcinj.com\/blog\/2011\/01\/06\/yllka-gashi-me-shume-deshira\/#breadcrumb"},"inLanguage":"en-US","potentialAction":[{"@type":"ReadAction","target":["https:\/\/www.visit-ulcinj.com\/blog\/2011\/01\/06\/yllka-gashi-me-shume-deshira\/"]}]},{"@type":"BreadcrumbList","@id":"https:\/\/www.visit-ulcinj.com\/blog\/2011\/01\/06\/yllka-gashi-me-shume-deshira\/#breadcrumb","itemListElement":[{"@type":"ListItem","position":1,"name":"Yllka Gashi, m\u00eb shum\u00eb d\u00ebshira"}]},{"@type":"Person","@id":"https:\/\/www.visit-ulcinj.com\/blog\/#\/schema\/person\/dcab619c614d3038751c63bc2aadc06d","name":"ulqini","sameAs":["http:\/\/www.visit-ulcinj.com"],"url":"https:\/\/www.visit-ulcinj.com\/blog\/author\/admin\/"}]}},"jetpack_featured_media_url":"","jetpack_sharing_enabled":true,"jetpack_shortlink":"https:\/\/wp.me\/pe6lTn-aVX","_links":{"self":[{"href":"https:\/\/www.visit-ulcinj.com\/blog\/wp-json\/wp\/v2\/posts\/42033"}],"collection":[{"href":"https:\/\/www.visit-ulcinj.com\/blog\/wp-json\/wp\/v2\/posts"}],"about":[{"href":"https:\/\/www.visit-ulcinj.com\/blog\/wp-json\/wp\/v2\/types\/post"}],"author":[{"embeddable":true,"href":"https:\/\/www.visit-ulcinj.com\/blog\/wp-json\/wp\/v2\/users\/1"}],"replies":[{"embeddable":true,"href":"https:\/\/www.visit-ulcinj.com\/blog\/wp-json\/wp\/v2\/comments?post=42033"}],"version-history":[{"count":0,"href":"https:\/\/www.visit-ulcinj.com\/blog\/wp-json\/wp\/v2\/posts\/42033\/revisions"}],"wp:attachment":[{"href":"https:\/\/www.visit-ulcinj.com\/blog\/wp-json\/wp\/v2\/media?parent=42033"}],"wp:term":[{"taxonomy":"category","embeddable":true,"href":"https:\/\/www.visit-ulcinj.com\/blog\/wp-json\/wp\/v2\/categories?post=42033"},{"taxonomy":"post_tag","embeddable":true,"href":"https:\/\/www.visit-ulcinj.com\/blog\/wp-json\/wp\/v2\/tags?post=42033"}],"curies":[{"name":"wp","href":"https:\/\/api.w.org\/{rel}","templated":true}]}}