{"id":4205,"date":"2008-10-14T05:45:41","date_gmt":"2008-10-14T10:45:41","guid":{"rendered":"http:\/\/www.visit-ulcinj.com\/blog\/?p=4205"},"modified":"2008-10-17T13:33:24","modified_gmt":"2008-10-17T18:33:24","slug":"pozari-u-ulcinju-bitka-za-prostor","status":"publish","type":"post","link":"https:\/\/www.visit-ulcinj.com\/blog\/2008\/10\/14\/pozari-u-ulcinju-bitka-za-prostor\/","title":{"rendered":"Po\u017eari u ulcinju &#8211; bitka za prostor"},"content":{"rendered":"<p><a href=\"http:\/\/www.visit-ulcinj.com\/blog\/wp-content\/uploads\/2008\/10\/shaqir-fici.jpg\"><img loading=\"lazy\" class=\"alignleft size-medium wp-image-4206\" title=\"shaqir-fici\" src=\"http:\/\/www.visit-ulcinj.com\/blog\/wp-content\/uploads\/2008\/10\/shaqir-fici-300x272.jpg\" alt=\"\" width=\"300\" height=\"272\" srcset=\"https:\/\/www.visit-ulcinj.com\/blog\/wp-content\/uploads\/2008\/10\/shaqir-fici-300x272.jpg 300w, https:\/\/www.visit-ulcinj.com\/blog\/wp-content\/uploads\/2008\/10\/shaqir-fici.jpg 387w\" sizes=\"(max-width: 300px) 100vw, 300px\" \/><\/a><strong>Maslinada na udaru gra?evinske mafije<\/strong><br \/>\nTakav po\u017ear u ulcinjskoj maslinadi nikada nije vi?en. Tri stotine stabala masline, prosje?ne starosti 350 godina, za desetak sati progutala je vatrena stihija. \u201cNe mogu da vjerujem da se ovo desilo. S maslinama je izgorela na\u0161a tradicija, dio nas samih\u201d, rekao je 70-godi\u0161nji \u0160a?ir Fici, kojem je u po\u017earu nestalo ?ak 140 maslina.Materjalna \u0161teta jo\u0161 nije procijenjena, ali je ogromna. U Udru\u017eenju maslinara Ulcinja kazali su nam da ?e Vlada i lokalna samouprava pru\u017eiti neku kompenzaciju svima onima kojima su izgorele masline, ali da ona, vjerovatno, ne?e iznositi ni deset odsto stvarne \u0161tete. Uprkos nat?ovje?anskim naporima, ulcinjski vatrogasci su, uz pomo? kolega iz Bara, malo mogli da u?ine: masline gore i ispod zemlje. Njihovi korijeni tinjaju danima tako da po\u017ear mo\u017ee ponovo izbiti i tri dana nakon \u0161to je uga\u0161en.<\/p>\n<p><strong>EKOCID:<\/strong> U Ulcinju gotovo niko ne sumnja da je ovaj po\u017ear podmetnut. Tri ?injenice upu?uju na takav <a href=\"http:\/\/www.visit-ulcinj.com\/blog\/wp-content\/uploads\/2008\/03\/dzaudet-cakuli-2.jpg\"><img loading=\"lazy\" class=\"alignright size-thumbnail wp-image-866\" title=\"D\u017eaudet Cakuli_ulcinj\" src=\"http:\/\/www.visit-ulcinj.com\/blog\/wp-content\/uploads\/2008\/03\/dzaudet-cakuli-2.thumbnail.jpg\" alt=\"\" width=\"200\" height=\"195\" \/><\/a>zaklju?ak: vrijeme kada je po\u017ear izbio (kasni poslijepodnevni sati), prostor koji je zahvatila vatrena stihija (veoma atraktivna zona, nadomak mora), te naro?ito veli?ina prostora. Naprosto, nije mogu?e da po\u017ear u maslinjacima istovremeno izbije na nekoliko mjesta, a da to nije ljudsko nedjelo.U Udru\u017eenju maslinara isti?u da je na istra\u017enim organima da precizno utvrde uzrok ovog, do sada najve?eg po\u017eara u ulcinjskoj Maslinadi. \u201cBilo je nekoliko slu?ajeva da su vlasnici maslinjaka palili korov na svojim imanjima i tako nesmotreno izazvali po\u017ear. Me?utim, pred zalazak sunca niko ne zapo?inje ?i\u0161?enje imanja. To je vrijeme kada vlasnici maslinjaka odlaze ku?ama\u201d, rekao je predsjednik Udru\u017eenja D\u017eaudet Cakuli.Eksplicitniji je predsjednik ekolo\u0161ke organizacije Ze\u00ad\u00adle\u00ad\u00adni korak D\u017eelal Hod\u017ei?. \u201cOvaj ekocid je djelo urbanisti?ke mafije. Podmeta?e i inspiratore po\u017eara treba tra\u017eiti me?u budu?im kupcima, me\u0161etarima i prodavcima zemlji\u0161ta na tom prostoru\u201d, kazao je Hod\u017ei? za Monitt\u00ador.On je uvjeren da se na taj korak urbomafija odlu?ila kako bi lak\u0161e dobila dozvole za gradnju na toj uni\u0161tenoj zemlji.Jasno je da tolika sje?a maslina ne bi mogla pro?i bez sna\u017enije reakcije javnosti i zato se pribjeglo drugom scenariju: ako je maslina zakonom za\u0161ti?ena od sje?e, nije za\u0161ti?ena od po\u017eara. Sada taj prostor bez mnogo problema mo\u017ee postati gra?evinsko zemlji\u0161te.<\/p>\n<div id=\"attachment_3667\" style=\"width: 160px\" class=\"wp-caption alignleft\"><a href=\"http:\/\/www.visit-ulcinj.com\/blog\/wp-content\/uploads\/2008\/09\/valdanos_ulcinj_ulqin.jpg\"><img aria-describedby=\"caption-attachment-3667\" loading=\"lazy\" class=\"size-thumbnail wp-image-3667\" title=\"valdanos_ulcinj_ulqin\" src=\"http:\/\/www.visit-ulcinj.com\/blog\/wp-content\/uploads\/2008\/09\/valdanos_ulcinj_ulqin-150x150.jpg\" alt=\"Uvala Valdanos\" width=\"150\" height=\"150\" \/><\/a><p id=\"caption-attachment-3667\" class=\"wp-caption-text\">Uvala Valdanos<\/p><\/div>\n<p><strong>TRO\u0160ENJE PROSTORA: <\/strong>Ve? tri godine primjetno je naglo interesovanje kupaca za prostor koji se nalazi izme?u Starog grada i uvale Valdanos, a na kojem se uglavnom nalaze zasadi maslina. To je logi?no, jer je odmakao proces \u201ctro\u0161enja\u201d ostalog priobalnog prostora na teritoriji ulcinjske op\u0161tine. Sada kada se samo sedmicama i danima mjeri vrijeme zatvaranja tendera za Veliku pla\u017eu, Valdanos i Adu, koje ?e zakupiti najmo?nije evropske kompanije, a u koje Ulcinjani i njihovi gosti ne?e vi\u0161e imati pristupa, vrijednost ovog prostora dnevno dobija na zna?aju. Kvadratni metar u tom pojasu staje od 300 do 500 eura.Zato je u posao ?i\u0161?enja terena uvedena mehanizacija, otvoreni su pristupni putevi, a apele, molbe i zahtjeve nadle\u017enim slu\u017ebama da se zaustavi sje?a i uni\u0161tavanje stoljetnih stabala ovog svetog drveta nije svih ovih godina imao ko da ?uje.Vandalizam niko nije sprje?avao, iako je samo u posljednje tri godine, zbog gradnje vila, ku?a i vikendica posje?eno oko 500 maslina. Ako se ima u vidu da se sorta \u201c\u017eutica\u201d, koja je karakteristi?na za Ulcinj i Crnogorsko primorje, a koja je bila vjekovima hraniteljica ovih krajeva, veoma malo sadi, onda je opravdana bojazan ekolo\u0161kih organizacija i maslinara da ?e za tridesetak godina zbog urbanizacije, nemara ili po\u017eara, maslina biti tek rijetko stablo na na\u0161oj obali.Uostalom, na po?etku pro\u0161log vijeka u Crnoj Gori bilo je ?etiri miliona stabala masline. Danas ih nema vi\u0161e od 400 hiljada.Maslina je simbol Ulcinja, nalazi se i na grbu grada, mnogo je pjesama njoj posve?eno, dio je mentaliteta stanovni\u0161tva i, naravno, uz pla\u017ee i more, nezaobilazan detalj ovog jedinstvenog pejza\u017ea. Do prije 10-15 godina zbog, navodno unosnijeg biznisa, masline se gotovo nijesu ni obra?ivale, i kao sada u Valdanosu, bile su zarasle u makiju i \u017ebunje.<\/p>\n<p><strong>POVRATAK MASLINI:<\/strong> No, posljednjih godina evidentan je trend povratka maslini. U tome zna?ajnu<\/p>\n<p><a href=\"http:\/\/www.visit-ulcinj.com\/blog\/wp-content\/uploads\/2008\/01\/dzelal-hodzic.jpg\"><img loading=\"lazy\" class=\"size-thumbnail wp-image-231 alignright\" title=\"xhelal hoxha\" src=\"http:\/\/www.visit-ulcinj.com\/blog\/wp-content\/uploads\/2008\/01\/dzelal-hodzic.thumbnail.jpg\" alt=\"xhelal hoxha\" width=\"128\" height=\"122\" \/><\/a><\/p>\n<p>podr\u0161ku pru\u017eaju italijanske organizacije i stru?njaci, ali, prije svega, saznanje da se od maslinarstva svuda u svijetu, pa i u najbli\u017eem susjedstvu, danas mo\u017ee dobro \u017eivjeti. Vlasnik maslinjaka u Ba\u0161buljuku, kojem je u ovom po\u017earu izgorela jedna maslina, Adi Husi? rekao je za Monit\u00ador da je indikativno da je vatra zahvatila samo one maslinjake koji nijesu obra?ivani. \u201cU pravu su Dalmatinci koji govore da je maslina kao majka, a loza kao djevojka. Zato je sada pravo vrijeme za povratak maslini\u201d, dodaje on.On vjeruje da bi se nakon ovog po\u017eara mogao promijeniti odnos prema maslini. Jer, i povijest je svjedok da maslina i maslinovo ulje izlaze iz okvira ?iste ekonomije i da predstavljaju ne\u0161to mnogo vi\u0161e. To nee\u00ad\u00ad\u0161tt\u00ado treba svakako povezivati s postojanjem i razvojem Ulcinja. Ili, u suprotnom, s njegovom dekadencijom i propadanjem.\u201cAko se ne preduzmu adekvatne mjere i ne kazne po?inioci i nalogodavci ovog zlo?ina, znamo \u0161ta je sljede?e: Mendra, ?afe, Valdanos, Borova \u0161uma\u201d, upozorava ekolog Hod\u017ei?.U svakom slu?aju, nakon ove nesre?e samo je jedna stvar izvjesna: ulcinjska Maslinada, taj prekrasan prostor sa 75 hiljada stabala ove kulture, nikada vi\u0161e ne?e izgledati kao ranije.<br \/>\n<strong>Mustafa CANKA<br \/>\nIzvor \/ Monitor<\/strong><\/p>\n<!--YouTube Error: bad URL entered-->\n","protected":false},"excerpt":{"rendered":"<p>Maslinada na udaru gra?evinske mafije Takav po\u017ear u ulcinjskoj maslinadi nikada nije vi?en. Tri stotine stabala masline, prosje?ne starosti 350 godina, za desetak sati progutala je vatrena stihija. \u201cNe mogu da vjerujem da se ovo desilo. S maslinama je izgorela na\u0161a tradicija, dio nas samih\u201d, rekao je 70-godi\u0161nji \u0160a?ir Fici, kojem je u po\u017earu nestalo [&hellip;]<\/p>\n","protected":false},"author":1,"featured_media":0,"comment_status":"open","ping_status":"closed","sticky":false,"template":"","format":"standard","meta":{"spay_email":"","jetpack_publicize_message":"","jetpack_is_tweetstorm":false,"jetpack_publicize_feature_enabled":true},"categories":[13,12],"tags":[564,561,4659],"jetpack_publicize_connections":[],"yoast_head":"<!-- This site is optimized with the Yoast SEO plugin v19.1 - https:\/\/yoast.com\/wordpress\/plugins\/seo\/ -->\n<title>Po\u017eari u ulcinju - bitka za prostor - Lajme nga Ulqini<\/title>\n<meta name=\"description\" content=\"Maslinada na udaru gra?evinske mafije Takav po\u017ear u ulcinjskoj maslinadi nikada nije vi?en. Tri stotine stabala masline, prosje?ne starosti 350 godina, za\" \/>\n<meta name=\"robots\" content=\"index, follow, max-snippet:-1, max-image-preview:large, max-video-preview:-1\" \/>\n<link rel=\"canonical\" href=\"https:\/\/www.visit-ulcinj.com\/blog\/2008\/10\/14\/pozari-u-ulcinju-bitka-za-prostor\/\" \/>\n<meta property=\"og:locale\" content=\"en_US\" \/>\n<meta property=\"og:type\" content=\"article\" \/>\n<meta property=\"og:title\" content=\"Po\u017eari u ulcinju - bitka za prostor - Lajme nga Ulqini\" \/>\n<meta property=\"og:description\" content=\"Maslinada na udaru gra?evinske mafije Takav po\u017ear u ulcinjskoj maslinadi nikada nije vi?en. Tri stotine stabala masline, prosje?ne starosti 350 godina, za\" \/>\n<meta property=\"og:url\" content=\"https:\/\/www.visit-ulcinj.com\/blog\/2008\/10\/14\/pozari-u-ulcinju-bitka-za-prostor\/\" \/>\n<meta property=\"og:site_name\" content=\"Lajme nga Ulqini\" \/>\n<meta property=\"article:published_time\" content=\"2008-10-14T10:45:41+00:00\" \/>\n<meta property=\"article:modified_time\" content=\"2008-10-17T18:33:24+00:00\" \/>\n<meta property=\"og:image\" content=\"http:\/\/www.visit-ulcinj.com\/blog\/wp-content\/uploads\/2008\/10\/shaqir-fici-300x272.jpg\" \/>\n<meta name=\"twitter:label1\" content=\"Written by\" \/>\n\t<meta name=\"twitter:data1\" content=\"ulqini\" \/>\n\t<meta name=\"twitter:label2\" content=\"Est. reading time\" \/>\n\t<meta name=\"twitter:data2\" content=\"5 minutes\" \/>\n<script type=\"application\/ld+json\" class=\"yoast-schema-graph\">{\"@context\":\"https:\/\/schema.org\",\"@graph\":[{\"@type\":\"WebSite\",\"@id\":\"https:\/\/www.visit-ulcinj.com\/blog\/#website\",\"url\":\"https:\/\/www.visit-ulcinj.com\/blog\/\",\"name\":\"Lajme nga Ulqini\",\"description\":\"Lajme,Vijesti,Ulqini,Ulqin,Crna Gora,Mali i Zi\",\"potentialAction\":[{\"@type\":\"SearchAction\",\"target\":{\"@type\":\"EntryPoint\",\"urlTemplate\":\"https:\/\/www.visit-ulcinj.com\/blog\/?s={search_term_string}\"},\"query-input\":\"required name=search_term_string\"}],\"inLanguage\":\"en-US\"},{\"@type\":\"ImageObject\",\"inLanguage\":\"en-US\",\"@id\":\"https:\/\/www.visit-ulcinj.com\/blog\/2008\/10\/14\/pozari-u-ulcinju-bitka-za-prostor\/#primaryimage\",\"url\":\"http:\/\/www.visit-ulcinj.com\/blog\/wp-content\/uploads\/2008\/10\/shaqir-fici-300x272.jpg\",\"contentUrl\":\"http:\/\/www.visit-ulcinj.com\/blog\/wp-content\/uploads\/2008\/10\/shaqir-fici-300x272.jpg\"},{\"@type\":\"WebPage\",\"@id\":\"https:\/\/www.visit-ulcinj.com\/blog\/2008\/10\/14\/pozari-u-ulcinju-bitka-za-prostor\/#webpage\",\"url\":\"https:\/\/www.visit-ulcinj.com\/blog\/2008\/10\/14\/pozari-u-ulcinju-bitka-za-prostor\/\",\"name\":\"Po\u017eari u ulcinju - bitka za prostor - Lajme nga Ulqini\",\"isPartOf\":{\"@id\":\"https:\/\/www.visit-ulcinj.com\/blog\/#website\"},\"primaryImageOfPage\":{\"@id\":\"https:\/\/www.visit-ulcinj.com\/blog\/2008\/10\/14\/pozari-u-ulcinju-bitka-za-prostor\/#primaryimage\"},\"datePublished\":\"2008-10-14T10:45:41+00:00\",\"dateModified\":\"2008-10-17T18:33:24+00:00\",\"author\":{\"@id\":\"https:\/\/www.visit-ulcinj.com\/blog\/#\/schema\/person\/dcab619c614d3038751c63bc2aadc06d\"},\"description\":\"Maslinada na udaru gra?evinske mafije Takav po\u017ear u ulcinjskoj maslinadi nikada nije vi?en. Tri stotine stabala masline, prosje?ne starosti 350 godina, za\",\"breadcrumb\":{\"@id\":\"https:\/\/www.visit-ulcinj.com\/blog\/2008\/10\/14\/pozari-u-ulcinju-bitka-za-prostor\/#breadcrumb\"},\"inLanguage\":\"en-US\",\"potentialAction\":[{\"@type\":\"ReadAction\",\"target\":[\"https:\/\/www.visit-ulcinj.com\/blog\/2008\/10\/14\/pozari-u-ulcinju-bitka-za-prostor\/\"]}]},{\"@type\":\"BreadcrumbList\",\"@id\":\"https:\/\/www.visit-ulcinj.com\/blog\/2008\/10\/14\/pozari-u-ulcinju-bitka-za-prostor\/#breadcrumb\",\"itemListElement\":[{\"@type\":\"ListItem\",\"position\":1,\"name\":\"Po\u017eari u ulcinju &#8211; bitka za prostor\"}]},{\"@type\":\"Person\",\"@id\":\"https:\/\/www.visit-ulcinj.com\/blog\/#\/schema\/person\/dcab619c614d3038751c63bc2aadc06d\",\"name\":\"ulqini\",\"sameAs\":[\"http:\/\/www.visit-ulcinj.com\"],\"url\":\"https:\/\/www.visit-ulcinj.com\/blog\/author\/admin\/\"}]}<\/script>\n<!-- \/ Yoast SEO plugin. -->","yoast_head_json":{"title":"Po\u017eari u ulcinju - bitka za prostor - Lajme nga Ulqini","description":"Maslinada na udaru gra?evinske mafije Takav po\u017ear u ulcinjskoj maslinadi nikada nije vi?en. Tri stotine stabala masline, prosje?ne starosti 350 godina, za","robots":{"index":"index","follow":"follow","max-snippet":"max-snippet:-1","max-image-preview":"max-image-preview:large","max-video-preview":"max-video-preview:-1"},"canonical":"https:\/\/www.visit-ulcinj.com\/blog\/2008\/10\/14\/pozari-u-ulcinju-bitka-za-prostor\/","og_locale":"en_US","og_type":"article","og_title":"Po\u017eari u ulcinju - bitka za prostor - Lajme nga Ulqini","og_description":"Maslinada na udaru gra?evinske mafije Takav po\u017ear u ulcinjskoj maslinadi nikada nije vi?en. Tri stotine stabala masline, prosje?ne starosti 350 godina, za","og_url":"https:\/\/www.visit-ulcinj.com\/blog\/2008\/10\/14\/pozari-u-ulcinju-bitka-za-prostor\/","og_site_name":"Lajme nga Ulqini","article_published_time":"2008-10-14T10:45:41+00:00","article_modified_time":"2008-10-17T18:33:24+00:00","og_image":[{"url":"http:\/\/www.visit-ulcinj.com\/blog\/wp-content\/uploads\/2008\/10\/shaqir-fici-300x272.jpg"}],"twitter_misc":{"Written by":"ulqini","Est. reading time":"5 minutes"},"schema":{"@context":"https:\/\/schema.org","@graph":[{"@type":"WebSite","@id":"https:\/\/www.visit-ulcinj.com\/blog\/#website","url":"https:\/\/www.visit-ulcinj.com\/blog\/","name":"Lajme nga Ulqini","description":"Lajme,Vijesti,Ulqini,Ulqin,Crna Gora,Mali i Zi","potentialAction":[{"@type":"SearchAction","target":{"@type":"EntryPoint","urlTemplate":"https:\/\/www.visit-ulcinj.com\/blog\/?s={search_term_string}"},"query-input":"required name=search_term_string"}],"inLanguage":"en-US"},{"@type":"ImageObject","inLanguage":"en-US","@id":"https:\/\/www.visit-ulcinj.com\/blog\/2008\/10\/14\/pozari-u-ulcinju-bitka-za-prostor\/#primaryimage","url":"http:\/\/www.visit-ulcinj.com\/blog\/wp-content\/uploads\/2008\/10\/shaqir-fici-300x272.jpg","contentUrl":"http:\/\/www.visit-ulcinj.com\/blog\/wp-content\/uploads\/2008\/10\/shaqir-fici-300x272.jpg"},{"@type":"WebPage","@id":"https:\/\/www.visit-ulcinj.com\/blog\/2008\/10\/14\/pozari-u-ulcinju-bitka-za-prostor\/#webpage","url":"https:\/\/www.visit-ulcinj.com\/blog\/2008\/10\/14\/pozari-u-ulcinju-bitka-za-prostor\/","name":"Po\u017eari u ulcinju - bitka za prostor - Lajme nga Ulqini","isPartOf":{"@id":"https:\/\/www.visit-ulcinj.com\/blog\/#website"},"primaryImageOfPage":{"@id":"https:\/\/www.visit-ulcinj.com\/blog\/2008\/10\/14\/pozari-u-ulcinju-bitka-za-prostor\/#primaryimage"},"datePublished":"2008-10-14T10:45:41+00:00","dateModified":"2008-10-17T18:33:24+00:00","author":{"@id":"https:\/\/www.visit-ulcinj.com\/blog\/#\/schema\/person\/dcab619c614d3038751c63bc2aadc06d"},"description":"Maslinada na udaru gra?evinske mafije Takav po\u017ear u ulcinjskoj maslinadi nikada nije vi?en. Tri stotine stabala masline, prosje?ne starosti 350 godina, za","breadcrumb":{"@id":"https:\/\/www.visit-ulcinj.com\/blog\/2008\/10\/14\/pozari-u-ulcinju-bitka-za-prostor\/#breadcrumb"},"inLanguage":"en-US","potentialAction":[{"@type":"ReadAction","target":["https:\/\/www.visit-ulcinj.com\/blog\/2008\/10\/14\/pozari-u-ulcinju-bitka-za-prostor\/"]}]},{"@type":"BreadcrumbList","@id":"https:\/\/www.visit-ulcinj.com\/blog\/2008\/10\/14\/pozari-u-ulcinju-bitka-za-prostor\/#breadcrumb","itemListElement":[{"@type":"ListItem","position":1,"name":"Po\u017eari u ulcinju &#8211; bitka za prostor"}]},{"@type":"Person","@id":"https:\/\/www.visit-ulcinj.com\/blog\/#\/schema\/person\/dcab619c614d3038751c63bc2aadc06d","name":"ulqini","sameAs":["http:\/\/www.visit-ulcinj.com"],"url":"https:\/\/www.visit-ulcinj.com\/blog\/author\/admin\/"}]}},"jetpack_featured_media_url":"","jetpack_sharing_enabled":true,"jetpack_shortlink":"https:\/\/wp.me\/pe6lTn-15P","_links":{"self":[{"href":"https:\/\/www.visit-ulcinj.com\/blog\/wp-json\/wp\/v2\/posts\/4205"}],"collection":[{"href":"https:\/\/www.visit-ulcinj.com\/blog\/wp-json\/wp\/v2\/posts"}],"about":[{"href":"https:\/\/www.visit-ulcinj.com\/blog\/wp-json\/wp\/v2\/types\/post"}],"author":[{"embeddable":true,"href":"https:\/\/www.visit-ulcinj.com\/blog\/wp-json\/wp\/v2\/users\/1"}],"replies":[{"embeddable":true,"href":"https:\/\/www.visit-ulcinj.com\/blog\/wp-json\/wp\/v2\/comments?post=4205"}],"version-history":[{"count":0,"href":"https:\/\/www.visit-ulcinj.com\/blog\/wp-json\/wp\/v2\/posts\/4205\/revisions"}],"wp:attachment":[{"href":"https:\/\/www.visit-ulcinj.com\/blog\/wp-json\/wp\/v2\/media?parent=4205"}],"wp:term":[{"taxonomy":"category","embeddable":true,"href":"https:\/\/www.visit-ulcinj.com\/blog\/wp-json\/wp\/v2\/categories?post=4205"},{"taxonomy":"post_tag","embeddable":true,"href":"https:\/\/www.visit-ulcinj.com\/blog\/wp-json\/wp\/v2\/tags?post=4205"}],"curies":[{"name":"wp","href":"https:\/\/api.w.org\/{rel}","templated":true}]}}