{"id":42052,"date":"2011-01-06T21:48:02","date_gmt":"2011-01-06T20:48:02","guid":{"rendered":"http:\/\/www.visit-ulcinj.com\/blog\/?p=42052"},"modified":"2011-01-09T09:18:53","modified_gmt":"2011-01-09T08:18:53","slug":"pds-te-hap-dialogun-mbi-poziten-e-pakicave","status":"publish","type":"post","link":"https:\/\/www.visit-ulcinj.com\/blog\/2011\/01\/06\/pds-te-hap-dialogun-mbi-poziten-e-pakicave\/","title":{"rendered":"PDS t\u00eb hap dialogun mbi pozit\u00ebn e pakicave"},"content":{"rendered":"<p><a href=\"http:\/\/www.visit-ulcinj.com\/blog\/wp-content\/uploads\/2011\/01\/GENCI-NIMANBEGU.jpg\"><img loading=\"lazy\" class=\"alignleft size-full wp-image-42053\" title=\"GENCI NIMANBEGU\" src=\"http:\/\/www.visit-ulcinj.com\/blog\/wp-content\/uploads\/2011\/01\/GENCI-NIMANBEGU.jpg\" alt=\"\" width=\"490\" height=\"350\" \/><\/a>Pakicat n\u00eb Mal t\u00eb Zi nuk jan\u00eb t\u00eb k\u00ebnaqur me pozit\u00ebn e vet\u00eb dhe Partia n\u00eb pushtet, si partia m\u00eb me p\u00ebrgjegj\u00ebsi duhet t\u00eb hap dialogun me pakicat, konsideron deputeti i Forc\u00ebs Genci Nimanbegu.<\/p>\n<p>Ai theksoi se pakicat autoktone n\u00eb Mal t\u00eb Zi d\u00ebshirojn\u00eb t\u00eb jen\u00eb pjes\u00eb e shtetit n\u00eb t\u00eb gjitha aspektit. Sipas fjal\u00ebve t\u00eb tij pozita ekonomike e pakicave \u00ebsht\u00eb e pa q\u00ebndrueshme dhe e pa pranueshme.<\/p>\n<p>N\u00eb forc\u00eb , theksoi ai konsiderojn\u00eb se me pakicat duhet t\u00eb hapet dialog i ri dhe at\u00eb duhet ta inicioj\u00eb PDS . Nimanbegu vler\u00ebsoi se shqiptar\u00ebt nuk jan\u00eb sa duhet t\u00eb p\u00ebrfaq\u00ebsuar n\u00eb organet shtet\u00ebrore.<\/p>\n<p><strong>TVCG<br \/>\n<!--YouTube Error: bad URL entered--><br \/>\n<\/strong><\/p>\n","protected":false},"excerpt":{"rendered":"<p>Pakicat n\u00eb Mal t\u00eb Zi nuk jan\u00eb t\u00eb k\u00ebnaqur me pozit\u00ebn e vet\u00eb dhe Partia n\u00eb pushtet, si partia m\u00eb me p\u00ebrgjegj\u00ebsi duhet t\u00eb hap dialogun me pakicat, konsideron deputeti i Forc\u00ebs Genci Nimanbegu. Ai theksoi se pakicat autoktone n\u00eb Mal t\u00eb Zi d\u00ebshirojn\u00eb t\u00eb jen\u00eb pjes\u00eb e shtetit n\u00eb t\u00eb gjitha aspektit. Sipas fjal\u00ebve [&hellip;]<\/p>\n","protected":false},"author":1,"featured_media":0,"comment_status":"open","ping_status":"closed","sticky":false,"template":"","format":"standard","meta":{"spay_email":"","jetpack_publicize_message":"","jetpack_is_tweetstorm":false,"jetpack_publicize_feature_enabled":true},"categories":[6],"tags":[1073,200],"jetpack_publicize_connections":[],"yoast_head":"<!-- This site is optimized with the Yoast SEO plugin v19.1 - https:\/\/yoast.com\/wordpress\/plugins\/seo\/ -->\n<title>PDS t\u00eb hap dialogun mbi pozit\u00ebn e pakicave - Lajme nga Ulqini<\/title>\n<meta name=\"description\" content=\"Pakicat n\u00eb Mal t\u00eb Zi nuk jan\u00eb t\u00eb k\u00ebnaqur me pozit\u00ebn e vet\u00eb dhe Partia n\u00eb pushtet, si partia m\u00eb me p\u00ebrgjegj\u00ebsi duhet t\u00eb hap dialogun me pakicat, konsideron\" \/>\n<meta name=\"robots\" content=\"index, follow, max-snippet:-1, max-image-preview:large, max-video-preview:-1\" \/>\n<link rel=\"canonical\" href=\"https:\/\/www.visit-ulcinj.com\/blog\/2011\/01\/06\/pds-te-hap-dialogun-mbi-poziten-e-pakicave\/\" \/>\n<meta property=\"og:locale\" content=\"en_US\" \/>\n<meta property=\"og:type\" content=\"article\" \/>\n<meta property=\"og:title\" content=\"PDS t\u00eb hap dialogun mbi pozit\u00ebn e pakicave - Lajme nga Ulqini\" \/>\n<meta property=\"og:description\" content=\"Pakicat n\u00eb Mal t\u00eb Zi nuk jan\u00eb t\u00eb k\u00ebnaqur me pozit\u00ebn e vet\u00eb dhe Partia n\u00eb pushtet, si partia m\u00eb me p\u00ebrgjegj\u00ebsi duhet t\u00eb hap dialogun me pakicat, konsideron\" \/>\n<meta property=\"og:url\" content=\"https:\/\/www.visit-ulcinj.com\/blog\/2011\/01\/06\/pds-te-hap-dialogun-mbi-poziten-e-pakicave\/\" \/>\n<meta property=\"og:site_name\" content=\"Lajme nga Ulqini\" \/>\n<meta property=\"article:published_time\" content=\"2011-01-06T20:48:02+00:00\" \/>\n<meta property=\"article:modified_time\" content=\"2011-01-09T08:18:53+00:00\" \/>\n<meta property=\"og:image\" content=\"http:\/\/www.visit-ulcinj.com\/blog\/wp-content\/uploads\/2011\/01\/GENCI-NIMANBEGU.jpg\" \/>\n<meta name=\"twitter:label1\" content=\"Written by\" \/>\n\t<meta name=\"twitter:data1\" content=\"ulqini\" \/>\n\t<meta name=\"twitter:label2\" content=\"Est. reading time\" \/>\n\t<meta name=\"twitter:data2\" content=\"1 minute\" \/>\n<script type=\"application\/ld+json\" class=\"yoast-schema-graph\">{\"@context\":\"https:\/\/schema.org\",\"@graph\":[{\"@type\":\"WebSite\",\"@id\":\"https:\/\/www.visit-ulcinj.com\/blog\/#website\",\"url\":\"https:\/\/www.visit-ulcinj.com\/blog\/\",\"name\":\"Lajme nga Ulqini\",\"description\":\"Lajme,Vijesti,Ulqini,Ulqin,Crna Gora,Mali i Zi\",\"potentialAction\":[{\"@type\":\"SearchAction\",\"target\":{\"@type\":\"EntryPoint\",\"urlTemplate\":\"https:\/\/www.visit-ulcinj.com\/blog\/?s={search_term_string}\"},\"query-input\":\"required name=search_term_string\"}],\"inLanguage\":\"en-US\"},{\"@type\":\"ImageObject\",\"inLanguage\":\"en-US\",\"@id\":\"https:\/\/www.visit-ulcinj.com\/blog\/2011\/01\/06\/pds-te-hap-dialogun-mbi-poziten-e-pakicave\/#primaryimage\",\"url\":\"https:\/\/www.visit-ulcinj.com\/blog\/wp-content\/uploads\/2011\/01\/GENCI-NIMANBEGU.jpg\",\"contentUrl\":\"https:\/\/www.visit-ulcinj.com\/blog\/wp-content\/uploads\/2011\/01\/GENCI-NIMANBEGU.jpg\",\"width\":\"521\",\"height\":\"350\"},{\"@type\":\"WebPage\",\"@id\":\"https:\/\/www.visit-ulcinj.com\/blog\/2011\/01\/06\/pds-te-hap-dialogun-mbi-poziten-e-pakicave\/#webpage\",\"url\":\"https:\/\/www.visit-ulcinj.com\/blog\/2011\/01\/06\/pds-te-hap-dialogun-mbi-poziten-e-pakicave\/\",\"name\":\"PDS t\u00eb hap dialogun mbi pozit\u00ebn e pakicave - Lajme nga Ulqini\",\"isPartOf\":{\"@id\":\"https:\/\/www.visit-ulcinj.com\/blog\/#website\"},\"primaryImageOfPage\":{\"@id\":\"https:\/\/www.visit-ulcinj.com\/blog\/2011\/01\/06\/pds-te-hap-dialogun-mbi-poziten-e-pakicave\/#primaryimage\"},\"datePublished\":\"2011-01-06T20:48:02+00:00\",\"dateModified\":\"2011-01-09T08:18:53+00:00\",\"author\":{\"@id\":\"https:\/\/www.visit-ulcinj.com\/blog\/#\/schema\/person\/dcab619c614d3038751c63bc2aadc06d\"},\"description\":\"Pakicat n\u00eb Mal t\u00eb Zi nuk jan\u00eb t\u00eb k\u00ebnaqur me pozit\u00ebn e vet\u00eb dhe Partia n\u00eb pushtet, si partia m\u00eb me p\u00ebrgjegj\u00ebsi duhet t\u00eb hap dialogun me pakicat, konsideron\",\"breadcrumb\":{\"@id\":\"https:\/\/www.visit-ulcinj.com\/blog\/2011\/01\/06\/pds-te-hap-dialogun-mbi-poziten-e-pakicave\/#breadcrumb\"},\"inLanguage\":\"en-US\",\"potentialAction\":[{\"@type\":\"ReadAction\",\"target\":[\"https:\/\/www.visit-ulcinj.com\/blog\/2011\/01\/06\/pds-te-hap-dialogun-mbi-poziten-e-pakicave\/\"]}]},{\"@type\":\"BreadcrumbList\",\"@id\":\"https:\/\/www.visit-ulcinj.com\/blog\/2011\/01\/06\/pds-te-hap-dialogun-mbi-poziten-e-pakicave\/#breadcrumb\",\"itemListElement\":[{\"@type\":\"ListItem\",\"position\":1,\"name\":\"PDS t\u00eb hap dialogun mbi pozit\u00ebn e pakicave\"}]},{\"@type\":\"Person\",\"@id\":\"https:\/\/www.visit-ulcinj.com\/blog\/#\/schema\/person\/dcab619c614d3038751c63bc2aadc06d\",\"name\":\"ulqini\",\"sameAs\":[\"http:\/\/www.visit-ulcinj.com\"],\"url\":\"https:\/\/www.visit-ulcinj.com\/blog\/author\/admin\/\"}]}<\/script>\n<!-- \/ Yoast SEO plugin. -->","yoast_head_json":{"title":"PDS t\u00eb hap dialogun mbi pozit\u00ebn e pakicave - Lajme nga Ulqini","description":"Pakicat n\u00eb Mal t\u00eb Zi nuk jan\u00eb t\u00eb k\u00ebnaqur me pozit\u00ebn e vet\u00eb dhe Partia n\u00eb pushtet, si partia m\u00eb me p\u00ebrgjegj\u00ebsi duhet t\u00eb hap dialogun me pakicat, konsideron","robots":{"index":"index","follow":"follow","max-snippet":"max-snippet:-1","max-image-preview":"max-image-preview:large","max-video-preview":"max-video-preview:-1"},"canonical":"https:\/\/www.visit-ulcinj.com\/blog\/2011\/01\/06\/pds-te-hap-dialogun-mbi-poziten-e-pakicave\/","og_locale":"en_US","og_type":"article","og_title":"PDS t\u00eb hap dialogun mbi pozit\u00ebn e pakicave - Lajme nga Ulqini","og_description":"Pakicat n\u00eb Mal t\u00eb Zi nuk jan\u00eb t\u00eb k\u00ebnaqur me pozit\u00ebn e vet\u00eb dhe Partia n\u00eb pushtet, si partia m\u00eb me p\u00ebrgjegj\u00ebsi duhet t\u00eb hap dialogun me pakicat, konsideron","og_url":"https:\/\/www.visit-ulcinj.com\/blog\/2011\/01\/06\/pds-te-hap-dialogun-mbi-poziten-e-pakicave\/","og_site_name":"Lajme nga Ulqini","article_published_time":"2011-01-06T20:48:02+00:00","article_modified_time":"2011-01-09T08:18:53+00:00","og_image":[{"url":"http:\/\/www.visit-ulcinj.com\/blog\/wp-content\/uploads\/2011\/01\/GENCI-NIMANBEGU.jpg"}],"twitter_misc":{"Written by":"ulqini","Est. reading time":"1 minute"},"schema":{"@context":"https:\/\/schema.org","@graph":[{"@type":"WebSite","@id":"https:\/\/www.visit-ulcinj.com\/blog\/#website","url":"https:\/\/www.visit-ulcinj.com\/blog\/","name":"Lajme nga Ulqini","description":"Lajme,Vijesti,Ulqini,Ulqin,Crna Gora,Mali i Zi","potentialAction":[{"@type":"SearchAction","target":{"@type":"EntryPoint","urlTemplate":"https:\/\/www.visit-ulcinj.com\/blog\/?s={search_term_string}"},"query-input":"required name=search_term_string"}],"inLanguage":"en-US"},{"@type":"ImageObject","inLanguage":"en-US","@id":"https:\/\/www.visit-ulcinj.com\/blog\/2011\/01\/06\/pds-te-hap-dialogun-mbi-poziten-e-pakicave\/#primaryimage","url":"https:\/\/www.visit-ulcinj.com\/blog\/wp-content\/uploads\/2011\/01\/GENCI-NIMANBEGU.jpg","contentUrl":"https:\/\/www.visit-ulcinj.com\/blog\/wp-content\/uploads\/2011\/01\/GENCI-NIMANBEGU.jpg","width":"521","height":"350"},{"@type":"WebPage","@id":"https:\/\/www.visit-ulcinj.com\/blog\/2011\/01\/06\/pds-te-hap-dialogun-mbi-poziten-e-pakicave\/#webpage","url":"https:\/\/www.visit-ulcinj.com\/blog\/2011\/01\/06\/pds-te-hap-dialogun-mbi-poziten-e-pakicave\/","name":"PDS t\u00eb hap dialogun mbi pozit\u00ebn e pakicave - Lajme nga Ulqini","isPartOf":{"@id":"https:\/\/www.visit-ulcinj.com\/blog\/#website"},"primaryImageOfPage":{"@id":"https:\/\/www.visit-ulcinj.com\/blog\/2011\/01\/06\/pds-te-hap-dialogun-mbi-poziten-e-pakicave\/#primaryimage"},"datePublished":"2011-01-06T20:48:02+00:00","dateModified":"2011-01-09T08:18:53+00:00","author":{"@id":"https:\/\/www.visit-ulcinj.com\/blog\/#\/schema\/person\/dcab619c614d3038751c63bc2aadc06d"},"description":"Pakicat n\u00eb Mal t\u00eb Zi nuk jan\u00eb t\u00eb k\u00ebnaqur me pozit\u00ebn e vet\u00eb dhe Partia n\u00eb pushtet, si partia m\u00eb me p\u00ebrgjegj\u00ebsi duhet t\u00eb hap dialogun me pakicat, konsideron","breadcrumb":{"@id":"https:\/\/www.visit-ulcinj.com\/blog\/2011\/01\/06\/pds-te-hap-dialogun-mbi-poziten-e-pakicave\/#breadcrumb"},"inLanguage":"en-US","potentialAction":[{"@type":"ReadAction","target":["https:\/\/www.visit-ulcinj.com\/blog\/2011\/01\/06\/pds-te-hap-dialogun-mbi-poziten-e-pakicave\/"]}]},{"@type":"BreadcrumbList","@id":"https:\/\/www.visit-ulcinj.com\/blog\/2011\/01\/06\/pds-te-hap-dialogun-mbi-poziten-e-pakicave\/#breadcrumb","itemListElement":[{"@type":"ListItem","position":1,"name":"PDS t\u00eb hap dialogun mbi pozit\u00ebn e pakicave"}]},{"@type":"Person","@id":"https:\/\/www.visit-ulcinj.com\/blog\/#\/schema\/person\/dcab619c614d3038751c63bc2aadc06d","name":"ulqini","sameAs":["http:\/\/www.visit-ulcinj.com"],"url":"https:\/\/www.visit-ulcinj.com\/blog\/author\/admin\/"}]}},"jetpack_featured_media_url":"","jetpack_sharing_enabled":true,"jetpack_shortlink":"https:\/\/wp.me\/pe6lTn-aWg","_links":{"self":[{"href":"https:\/\/www.visit-ulcinj.com\/blog\/wp-json\/wp\/v2\/posts\/42052"}],"collection":[{"href":"https:\/\/www.visit-ulcinj.com\/blog\/wp-json\/wp\/v2\/posts"}],"about":[{"href":"https:\/\/www.visit-ulcinj.com\/blog\/wp-json\/wp\/v2\/types\/post"}],"author":[{"embeddable":true,"href":"https:\/\/www.visit-ulcinj.com\/blog\/wp-json\/wp\/v2\/users\/1"}],"replies":[{"embeddable":true,"href":"https:\/\/www.visit-ulcinj.com\/blog\/wp-json\/wp\/v2\/comments?post=42052"}],"version-history":[{"count":0,"href":"https:\/\/www.visit-ulcinj.com\/blog\/wp-json\/wp\/v2\/posts\/42052\/revisions"}],"wp:attachment":[{"href":"https:\/\/www.visit-ulcinj.com\/blog\/wp-json\/wp\/v2\/media?parent=42052"}],"wp:term":[{"taxonomy":"category","embeddable":true,"href":"https:\/\/www.visit-ulcinj.com\/blog\/wp-json\/wp\/v2\/categories?post=42052"},{"taxonomy":"post_tag","embeddable":true,"href":"https:\/\/www.visit-ulcinj.com\/blog\/wp-json\/wp\/v2\/tags?post=42052"}],"curies":[{"name":"wp","href":"https:\/\/api.w.org\/{rel}","templated":true}]}}