{"id":42055,"date":"2011-01-07T08:30:41","date_gmt":"2011-01-07T07:30:41","guid":{"rendered":"http:\/\/www.visit-ulcinj.com\/blog\/?p=42055"},"modified":"2011-01-07T08:30:41","modified_gmt":"2011-01-07T07:30:41","slug":"hekuran-krasniqi-ne-duet-me-genta-ismajlin","status":"publish","type":"post","link":"https:\/\/www.visit-ulcinj.com\/blog\/2011\/01\/07\/hekuran-krasniqi-ne-duet-me-genta-ismajlin\/","title":{"rendered":"Hekuran Krasniqi n\u00eb duet me Genta Ismajlin"},"content":{"rendered":"<p><a href=\"http:\/\/www.visit-ulcinj.com\/blog\/wp-content\/uploads\/2011\/01\/Genta-Ismajli_photo-by-Avni-Selmani.jpg\"><img loading=\"lazy\" class=\"alignleft size-full wp-image-42056\" title=\"Genta Ismajli_photo by Avni Selmani\" src=\"http:\/\/www.visit-ulcinj.com\/blog\/wp-content\/uploads\/2011\/01\/Genta-Ismajli_photo-by-Avni-Selmani.jpg\" alt=\"\" width=\"490\" height=\"620\" \/><\/a>\u201cGenta \u00ebsht\u00eb ndar\u00eb shum\u00eb e k\u00ebnaqur m\u00eb pun\u00ebn time n\u00eb k\u00ebng\u00ebn \u2018Femrat shqiptare\u2019 e cila k\u00ebng\u00eb \u00ebsht\u00eb pritur mir\u00eb edhe nga publiku. Si vazhdim\u00ebsi e k\u00ebtij suksesi ne realizuam edhe nj\u00eb duet t\u00eb p\u00ebrbashk\u00ebt\u201d, thot\u00eb p\u00ebr \u201cZ\u00ebrin\u201d k\u00ebng\u00ebtari Krasniqi p\u00ebr t\u00eb treguar n\u00eb vijim se deri kur do t\u00eb presin adhuruesit e tyre p\u00ebr ta d\u00ebgjuar k\u00ebt\u00eb k\u00ebng\u00eb.<br \/>\nBashk\u00ebpunimet mes k\u00ebng\u00ebtar\u00ebve duket se do t\u00eb vazhdojn\u00eb edhe gjat\u00eb k\u00ebtij viti. Dueti i cili pritet t\u00eb vjen m\u00eb s\u00eb shpejti do t\u00eb jet\u00eb mes Hekuran Krasniqit dhe Genta Ismajlit. Bashk\u00ebpunimi i k\u00ebtyre dy k\u00ebng\u00ebtar\u00ebve ka filluar q\u00eb nga k\u00ebnga e Gent\u00ebs \u201cFemrat Shqiptare\u201d e cila \u00ebsht\u00eb punuar t\u00ebr\u00ebsisht n\u00eb studion e Hekuranit \u201cBy Heki\u201d.<\/p>\n<p>\u201cGenta \u00ebsht\u00eb ndar\u00eb shum\u00eb e k\u00ebnaqur m\u00eb pun\u00ebn time n\u00eb k\u00ebng\u00ebn \u2018Femrat shqiptare\u2019 e cila k\u00ebng\u00eb \u00ebsht\u00eb pritur mir\u00eb edhe nga publiku. Si vazhdim\u00ebsi e k\u00ebtij suksesi ne realizuam edhe nj\u00eb duet t\u00eb p\u00ebrbashk\u00ebt\u201d, thot\u00eb p\u00ebr \u201cZ\u00ebrin\u201d k\u00ebng\u00ebtari Krasniqi p\u00ebr t\u00eb treguar n\u00eb vijim se deri kur do t\u00eb presin adhuruesit e tyre p\u00ebr ta d\u00ebgjuar k\u00ebt\u00eb k\u00ebng\u00eb.<\/p>\n<p><a href=\"http:\/\/www.visit-ulcinj.com\/blog\/wp-content\/uploads\/2011\/01\/Hekuran-Krasniqi.jpg\"><img loading=\"lazy\" class=\"alignleft size-medium wp-image-42057\" title=\"Hekuran Krasniqi\" src=\"http:\/\/www.visit-ulcinj.com\/blog\/wp-content\/uploads\/2011\/01\/Hekuran-Krasniqi-199x300.jpg\" alt=\"\" width=\"199\" height=\"300\" \/><\/a>\u201cK\u00ebnga \u00ebsht\u00eb n\u00eb faz\u00ebn p\u00ebrfundimtare, na kan\u00eb mbetur vet\u00ebm edhe disa detaje t\u00eb vogla. K\u00ebnga do t\u00eb shoq\u00ebrohet edhe me videoklip dhe sapo t\u00eb jet\u00eb e gatshme do t\u00eb transmetohet\u201d, shprehet Hekurani pa dashur t\u00eb jap shum\u00eb detaje t\u00eb tjera. Sipas tij, k\u00ebnga \u00ebsht\u00eb e Gent\u00ebs dhe kjo mund t\u00eb jet\u00eb pjes\u00eb e albumit t\u00eb saj p\u00ebr t\u00eb cilin ajo \u00ebsht\u00eb duke punuar vazhdimisht.<\/p>\n<p>E kur p\u00ebrmendem k\u00ebng\u00ebn e Gent\u00ebs \u201cFemrat shqiptare jan\u00eb num\u00ebr 1\u201d, p\u00ebr ta d\u00ebshmuar k\u00ebt\u00eb, Hekurani ka menduar q\u00eb t\u00eb sjell\u00eb edhe nj\u00eb k\u00ebng\u00eb t\u00eb re q\u00eb do t\u00eb jet\u00eb n\u00eb bashk\u00ebpunim me agjencin\u00eb e mod\u00ebs \u201cGecjan Grup\u201d.<\/p>\n<p>N\u00eb k\u00ebt\u00eb k\u00ebng\u00eb vajzat modele t\u00eb k\u00ebsaj agjencie do t\u00eb tregojn\u00eb aft\u00ebsit\u00eb e tyre profesionale nd\u00ebrsa k\u00ebnga do t\u00eb k\u00ebndohet nga Hekurani dhe artist\u00ebt e studios s\u00eb tij. \u201cP\u00ebr her\u00eb t\u00eb par\u00eb jemi duke b\u00ebr\u00eb nj\u00eb bashk\u00ebpunim mes kompanis\u00eb time muzikore \u201cBy Heki\u201d dhe kompanis\u00eb s\u00eb mod\u00ebs \u201c Gecjan Grup\u201d.<\/p>\n<p>K\u00ebnga \u00ebsht\u00eb pothuajse e gatshme dhe vet\u00ebm po presim realizimin e videoklipit\u201d, pohon ai duke e konsideruar k\u00ebt\u00eb projekt si t\u00eb papar\u00eb ndonj\u00ebher\u00eb n\u00eb televizionet tona.<\/p>\n<p><strong><a href=\"http:\/\/www.visit-ulcinj.com\/blog\/wp-content\/uploads\/2011\/01\/DUPLEX-Club_Prishtina.jpg\"><img loading=\"lazy\" class=\"alignleft size-medium wp-image-42058\" title=\"DUPLEX Club_Prishtina\" src=\"http:\/\/www.visit-ulcinj.com\/blog\/wp-content\/uploads\/2011\/01\/DUPLEX-Club_Prishtina-300x199.jpg\" alt=\"\" width=\"300\" height=\"199\" \/><\/a>Mjaft i angazhuar gjat\u00eb mbr\u00ebmjeve festive<\/strong><\/p>\n<p>K\u00ebng\u00ebtari Krasniqi nat\u00ebn e par\u00eb t\u00eb Vitit t\u00eb Ri e ka festuar n\u00eb familjen e tij, nd\u00ebrsa dy net\u00ebt e tjera duke arg\u00ebtuar publikun n\u00eb vende t\u00eb ndryshme n\u00eb Prishtin\u00eb. \u201cPrej q\u00eb merrem m\u00eb muzik\u00eb vazhdimisht kam qen\u00eb i angazhuar n\u00ebp\u00ebr mbr\u00ebmjet festive t\u00eb Vitit t\u00eb Ri.<\/p>\n<p>K\u00ebt\u00eb vit m\u00eb 1 janar isha n\u00eb \u201cDuplex Club\u201d n\u00eb Prishtin\u00eb dhe jam befasuar me gjith\u00eb at\u00eb publik q\u00eb ka qen\u00eb dhe atmosfer\u00ebn q\u00eb \u00ebsht\u00eb krijuar aty, nd\u00ebrkaq me 2 janar kam k\u00ebnduar n\u00eb \u201cTunel Club\u201d dhe disa or\u00eb m\u00eb von\u00eb n\u00eb \u201cPeppermint Club\u201d., thot\u00eb Hekurani i k\u00ebnaqur me angazhimet q\u00eb ka pasur gjat\u00eb fest\u00ebs s\u00eb Vitit t\u00eb Ri.<\/p>\n<p><strong>Arben Gjinaj<\/strong><strong><br \/>\n<\/strong><strong>Gazeta Zeri<br \/>\n<!--YouTube Error: bad URL entered--><\/strong><\/p>\n","protected":false},"excerpt":{"rendered":"<p>\u201cGenta \u00ebsht\u00eb ndar\u00eb shum\u00eb e k\u00ebnaqur m\u00eb pun\u00ebn time n\u00eb k\u00ebng\u00ebn \u2018Femrat shqiptare\u2019 e cila k\u00ebng\u00eb \u00ebsht\u00eb pritur mir\u00eb edhe nga publiku. Si vazhdim\u00ebsi e k\u00ebtij suksesi ne realizuam edhe nj\u00eb duet t\u00eb p\u00ebrbashk\u00ebt\u201d, thot\u00eb p\u00ebr \u201cZ\u00ebrin\u201d k\u00ebng\u00ebtari Krasniqi p\u00ebr t\u00eb treguar n\u00eb vijim se deri kur do t\u00eb presin adhuruesit e tyre p\u00ebr ta [&hellip;]<\/p>\n","protected":false},"author":1,"featured_media":0,"comment_status":"open","ping_status":"closed","sticky":false,"template":"","format":"standard","meta":{"spay_email":"","jetpack_publicize_message":"","jetpack_is_tweetstorm":false,"jetpack_publicize_feature_enabled":true},"categories":[1],"tags":[323,5010,16868],"jetpack_publicize_connections":[],"yoast_head":"<!-- This site is optimized with the Yoast SEO plugin v19.1 - https:\/\/yoast.com\/wordpress\/plugins\/seo\/ -->\n<title>Hekuran Krasniqi n\u00eb duet me Genta Ismajlin - Lajme nga Ulqini<\/title>\n<meta name=\"description\" content=\"\u201cGenta \u00ebsht\u00eb ndar\u00eb shum\u00eb e k\u00ebnaqur m\u00eb pun\u00ebn time n\u00eb k\u00ebng\u00ebn \u2018Femrat shqiptare\u2019 e cila k\u00ebng\u00eb \u00ebsht\u00eb pritur mir\u00eb edhe nga publiku. Si vazhdim\u00ebsi e k\u00ebtij\" \/>\n<meta name=\"robots\" content=\"index, follow, max-snippet:-1, max-image-preview:large, max-video-preview:-1\" \/>\n<link rel=\"canonical\" href=\"https:\/\/www.visit-ulcinj.com\/blog\/2011\/01\/07\/hekuran-krasniqi-ne-duet-me-genta-ismajlin\/\" \/>\n<meta property=\"og:locale\" content=\"en_US\" \/>\n<meta property=\"og:type\" content=\"article\" \/>\n<meta property=\"og:title\" content=\"Hekuran Krasniqi n\u00eb duet me Genta Ismajlin - Lajme nga Ulqini\" \/>\n<meta property=\"og:description\" content=\"\u201cGenta \u00ebsht\u00eb ndar\u00eb shum\u00eb e k\u00ebnaqur m\u00eb pun\u00ebn time n\u00eb k\u00ebng\u00ebn \u2018Femrat shqiptare\u2019 e cila k\u00ebng\u00eb \u00ebsht\u00eb pritur mir\u00eb edhe nga publiku. Si vazhdim\u00ebsi e k\u00ebtij\" \/>\n<meta property=\"og:url\" content=\"https:\/\/www.visit-ulcinj.com\/blog\/2011\/01\/07\/hekuran-krasniqi-ne-duet-me-genta-ismajlin\/\" \/>\n<meta property=\"og:site_name\" content=\"Lajme nga Ulqini\" \/>\n<meta property=\"article:published_time\" content=\"2011-01-07T07:30:41+00:00\" \/>\n<meta property=\"og:image\" content=\"http:\/\/www.visit-ulcinj.com\/blog\/wp-content\/uploads\/2011\/01\/Genta-Ismajli_photo-by-Avni-Selmani.jpg\" \/>\n<meta name=\"twitter:label1\" content=\"Written by\" \/>\n\t<meta name=\"twitter:data1\" content=\"ulqini\" \/>\n\t<meta name=\"twitter:label2\" content=\"Est. reading time\" \/>\n\t<meta name=\"twitter:data2\" content=\"3 minutes\" \/>\n<script type=\"application\/ld+json\" class=\"yoast-schema-graph\">{\"@context\":\"https:\/\/schema.org\",\"@graph\":[{\"@type\":\"WebSite\",\"@id\":\"https:\/\/www.visit-ulcinj.com\/blog\/#website\",\"url\":\"https:\/\/www.visit-ulcinj.com\/blog\/\",\"name\":\"Lajme nga Ulqini\",\"description\":\"Lajme,Vijesti,Ulqini,Ulqin,Crna Gora,Mali i Zi\",\"potentialAction\":[{\"@type\":\"SearchAction\",\"target\":{\"@type\":\"EntryPoint\",\"urlTemplate\":\"https:\/\/www.visit-ulcinj.com\/blog\/?s={search_term_string}\"},\"query-input\":\"required name=search_term_string\"}],\"inLanguage\":\"en-US\"},{\"@type\":\"ImageObject\",\"inLanguage\":\"en-US\",\"@id\":\"https:\/\/www.visit-ulcinj.com\/blog\/2011\/01\/07\/hekuran-krasniqi-ne-duet-me-genta-ismajlin\/#primaryimage\",\"url\":\"http:\/\/www.visit-ulcinj.com\/blog\/wp-content\/uploads\/2011\/01\/Genta-Ismajli_photo-by-Avni-Selmani.jpg\",\"contentUrl\":\"http:\/\/www.visit-ulcinj.com\/blog\/wp-content\/uploads\/2011\/01\/Genta-Ismajli_photo-by-Avni-Selmani.jpg\"},{\"@type\":\"WebPage\",\"@id\":\"https:\/\/www.visit-ulcinj.com\/blog\/2011\/01\/07\/hekuran-krasniqi-ne-duet-me-genta-ismajlin\/#webpage\",\"url\":\"https:\/\/www.visit-ulcinj.com\/blog\/2011\/01\/07\/hekuran-krasniqi-ne-duet-me-genta-ismajlin\/\",\"name\":\"Hekuran Krasniqi n\u00eb duet me Genta Ismajlin - Lajme nga Ulqini\",\"isPartOf\":{\"@id\":\"https:\/\/www.visit-ulcinj.com\/blog\/#website\"},\"primaryImageOfPage\":{\"@id\":\"https:\/\/www.visit-ulcinj.com\/blog\/2011\/01\/07\/hekuran-krasniqi-ne-duet-me-genta-ismajlin\/#primaryimage\"},\"datePublished\":\"2011-01-07T07:30:41+00:00\",\"dateModified\":\"2011-01-07T07:30:41+00:00\",\"author\":{\"@id\":\"https:\/\/www.visit-ulcinj.com\/blog\/#\/schema\/person\/dcab619c614d3038751c63bc2aadc06d\"},\"description\":\"\u201cGenta \u00ebsht\u00eb ndar\u00eb shum\u00eb e k\u00ebnaqur m\u00eb pun\u00ebn time n\u00eb k\u00ebng\u00ebn \u2018Femrat shqiptare\u2019 e cila k\u00ebng\u00eb \u00ebsht\u00eb pritur mir\u00eb edhe nga publiku. Si vazhdim\u00ebsi e k\u00ebtij\",\"breadcrumb\":{\"@id\":\"https:\/\/www.visit-ulcinj.com\/blog\/2011\/01\/07\/hekuran-krasniqi-ne-duet-me-genta-ismajlin\/#breadcrumb\"},\"inLanguage\":\"en-US\",\"potentialAction\":[{\"@type\":\"ReadAction\",\"target\":[\"https:\/\/www.visit-ulcinj.com\/blog\/2011\/01\/07\/hekuran-krasniqi-ne-duet-me-genta-ismajlin\/\"]}]},{\"@type\":\"BreadcrumbList\",\"@id\":\"https:\/\/www.visit-ulcinj.com\/blog\/2011\/01\/07\/hekuran-krasniqi-ne-duet-me-genta-ismajlin\/#breadcrumb\",\"itemListElement\":[{\"@type\":\"ListItem\",\"position\":1,\"name\":\"Hekuran Krasniqi n\u00eb duet me Genta Ismajlin\"}]},{\"@type\":\"Person\",\"@id\":\"https:\/\/www.visit-ulcinj.com\/blog\/#\/schema\/person\/dcab619c614d3038751c63bc2aadc06d\",\"name\":\"ulqini\",\"sameAs\":[\"http:\/\/www.visit-ulcinj.com\"],\"url\":\"https:\/\/www.visit-ulcinj.com\/blog\/author\/admin\/\"}]}<\/script>\n<!-- \/ Yoast SEO plugin. -->","yoast_head_json":{"title":"Hekuran Krasniqi n\u00eb duet me Genta Ismajlin - Lajme nga Ulqini","description":"\u201cGenta \u00ebsht\u00eb ndar\u00eb shum\u00eb e k\u00ebnaqur m\u00eb pun\u00ebn time n\u00eb k\u00ebng\u00ebn \u2018Femrat shqiptare\u2019 e cila k\u00ebng\u00eb \u00ebsht\u00eb pritur mir\u00eb edhe nga publiku. Si vazhdim\u00ebsi e k\u00ebtij","robots":{"index":"index","follow":"follow","max-snippet":"max-snippet:-1","max-image-preview":"max-image-preview:large","max-video-preview":"max-video-preview:-1"},"canonical":"https:\/\/www.visit-ulcinj.com\/blog\/2011\/01\/07\/hekuran-krasniqi-ne-duet-me-genta-ismajlin\/","og_locale":"en_US","og_type":"article","og_title":"Hekuran Krasniqi n\u00eb duet me Genta Ismajlin - Lajme nga Ulqini","og_description":"\u201cGenta \u00ebsht\u00eb ndar\u00eb shum\u00eb e k\u00ebnaqur m\u00eb pun\u00ebn time n\u00eb k\u00ebng\u00ebn \u2018Femrat shqiptare\u2019 e cila k\u00ebng\u00eb \u00ebsht\u00eb pritur mir\u00eb edhe nga publiku. Si vazhdim\u00ebsi e k\u00ebtij","og_url":"https:\/\/www.visit-ulcinj.com\/blog\/2011\/01\/07\/hekuran-krasniqi-ne-duet-me-genta-ismajlin\/","og_site_name":"Lajme nga Ulqini","article_published_time":"2011-01-07T07:30:41+00:00","og_image":[{"url":"http:\/\/www.visit-ulcinj.com\/blog\/wp-content\/uploads\/2011\/01\/Genta-Ismajli_photo-by-Avni-Selmani.jpg"}],"twitter_misc":{"Written by":"ulqini","Est. reading time":"3 minutes"},"schema":{"@context":"https:\/\/schema.org","@graph":[{"@type":"WebSite","@id":"https:\/\/www.visit-ulcinj.com\/blog\/#website","url":"https:\/\/www.visit-ulcinj.com\/blog\/","name":"Lajme nga Ulqini","description":"Lajme,Vijesti,Ulqini,Ulqin,Crna Gora,Mali i Zi","potentialAction":[{"@type":"SearchAction","target":{"@type":"EntryPoint","urlTemplate":"https:\/\/www.visit-ulcinj.com\/blog\/?s={search_term_string}"},"query-input":"required name=search_term_string"}],"inLanguage":"en-US"},{"@type":"ImageObject","inLanguage":"en-US","@id":"https:\/\/www.visit-ulcinj.com\/blog\/2011\/01\/07\/hekuran-krasniqi-ne-duet-me-genta-ismajlin\/#primaryimage","url":"http:\/\/www.visit-ulcinj.com\/blog\/wp-content\/uploads\/2011\/01\/Genta-Ismajli_photo-by-Avni-Selmani.jpg","contentUrl":"http:\/\/www.visit-ulcinj.com\/blog\/wp-content\/uploads\/2011\/01\/Genta-Ismajli_photo-by-Avni-Selmani.jpg"},{"@type":"WebPage","@id":"https:\/\/www.visit-ulcinj.com\/blog\/2011\/01\/07\/hekuran-krasniqi-ne-duet-me-genta-ismajlin\/#webpage","url":"https:\/\/www.visit-ulcinj.com\/blog\/2011\/01\/07\/hekuran-krasniqi-ne-duet-me-genta-ismajlin\/","name":"Hekuran Krasniqi n\u00eb duet me Genta Ismajlin - Lajme nga Ulqini","isPartOf":{"@id":"https:\/\/www.visit-ulcinj.com\/blog\/#website"},"primaryImageOfPage":{"@id":"https:\/\/www.visit-ulcinj.com\/blog\/2011\/01\/07\/hekuran-krasniqi-ne-duet-me-genta-ismajlin\/#primaryimage"},"datePublished":"2011-01-07T07:30:41+00:00","dateModified":"2011-01-07T07:30:41+00:00","author":{"@id":"https:\/\/www.visit-ulcinj.com\/blog\/#\/schema\/person\/dcab619c614d3038751c63bc2aadc06d"},"description":"\u201cGenta \u00ebsht\u00eb ndar\u00eb shum\u00eb e k\u00ebnaqur m\u00eb pun\u00ebn time n\u00eb k\u00ebng\u00ebn \u2018Femrat shqiptare\u2019 e cila k\u00ebng\u00eb \u00ebsht\u00eb pritur mir\u00eb edhe nga publiku. Si vazhdim\u00ebsi e k\u00ebtij","breadcrumb":{"@id":"https:\/\/www.visit-ulcinj.com\/blog\/2011\/01\/07\/hekuran-krasniqi-ne-duet-me-genta-ismajlin\/#breadcrumb"},"inLanguage":"en-US","potentialAction":[{"@type":"ReadAction","target":["https:\/\/www.visit-ulcinj.com\/blog\/2011\/01\/07\/hekuran-krasniqi-ne-duet-me-genta-ismajlin\/"]}]},{"@type":"BreadcrumbList","@id":"https:\/\/www.visit-ulcinj.com\/blog\/2011\/01\/07\/hekuran-krasniqi-ne-duet-me-genta-ismajlin\/#breadcrumb","itemListElement":[{"@type":"ListItem","position":1,"name":"Hekuran Krasniqi n\u00eb duet me Genta Ismajlin"}]},{"@type":"Person","@id":"https:\/\/www.visit-ulcinj.com\/blog\/#\/schema\/person\/dcab619c614d3038751c63bc2aadc06d","name":"ulqini","sameAs":["http:\/\/www.visit-ulcinj.com"],"url":"https:\/\/www.visit-ulcinj.com\/blog\/author\/admin\/"}]}},"jetpack_featured_media_url":"","jetpack_sharing_enabled":true,"jetpack_shortlink":"https:\/\/wp.me\/pe6lTn-aWj","_links":{"self":[{"href":"https:\/\/www.visit-ulcinj.com\/blog\/wp-json\/wp\/v2\/posts\/42055"}],"collection":[{"href":"https:\/\/www.visit-ulcinj.com\/blog\/wp-json\/wp\/v2\/posts"}],"about":[{"href":"https:\/\/www.visit-ulcinj.com\/blog\/wp-json\/wp\/v2\/types\/post"}],"author":[{"embeddable":true,"href":"https:\/\/www.visit-ulcinj.com\/blog\/wp-json\/wp\/v2\/users\/1"}],"replies":[{"embeddable":true,"href":"https:\/\/www.visit-ulcinj.com\/blog\/wp-json\/wp\/v2\/comments?post=42055"}],"version-history":[{"count":0,"href":"https:\/\/www.visit-ulcinj.com\/blog\/wp-json\/wp\/v2\/posts\/42055\/revisions"}],"wp:attachment":[{"href":"https:\/\/www.visit-ulcinj.com\/blog\/wp-json\/wp\/v2\/media?parent=42055"}],"wp:term":[{"taxonomy":"category","embeddable":true,"href":"https:\/\/www.visit-ulcinj.com\/blog\/wp-json\/wp\/v2\/categories?post=42055"},{"taxonomy":"post_tag","embeddable":true,"href":"https:\/\/www.visit-ulcinj.com\/blog\/wp-json\/wp\/v2\/tags?post=42055"}],"curies":[{"name":"wp","href":"https:\/\/api.w.org\/{rel}","templated":true}]}}