{"id":42060,"date":"2011-01-07T08:52:01","date_gmt":"2011-01-07T07:52:01","guid":{"rendered":"http:\/\/www.visit-ulcinj.com\/blog\/?p=42060"},"modified":"2011-01-07T08:52:01","modified_gmt":"2011-01-07T07:52:01","slug":"vesa-luma-e-ka-veshtire-te-ece-me-taka-te-larta","status":"publish","type":"post","link":"https:\/\/www.visit-ulcinj.com\/blog\/2011\/01\/07\/vesa-luma-e-ka-veshtire-te-ece-me-taka-te-larta\/","title":{"rendered":"Vesa Luma e ka v\u00ebshtir\u00eb t\u00eb ec\u00eb me taka t\u00eb larta"},"content":{"rendered":"<p><strong><a href=\"http:\/\/www.visit-ulcinj.com\/blog\/wp-content\/uploads\/2011\/01\/Vesa-Luma-me-taka-te-larta.1.jpg\"><img loading=\"lazy\" class=\"alignleft size-full wp-image-42061\" title=\"Vesa Luma me taka te larta.1\" src=\"http:\/\/www.visit-ulcinj.com\/blog\/wp-content\/uploads\/2011\/01\/Vesa-Luma-me-taka-te-larta.1.jpg\" alt=\"\" width=\"490\" height=\"381\" \/><\/a>P\u00ebrkund\u00ebr faktit se i p\u00eblqen t\u00eb vishet edhe me fustane t\u00eb gjata, me t\u00eb cil\u00ebt gjithmon\u00eb ndihet \u201cglamuroze\u201d, k\u00ebng\u00ebtarja Vesa Luma thot\u00eb se nuk mund t\u00eb vesh shpesh fustane t\u00eb tilla.<br \/>\n<\/strong>Ajo b\u00ebn me dije se i ka m\u00ebri taket e larta, t\u00eb cilat edhe po t\u00eb doj\u00eb t\u2019i vesh\u00eb me fustane t\u00eb gjata, ato shpesh i pengojn\u00eb p\u00ebr shkak se gjithnj\u00eb mund t\u00eb shkel\u00eb fundin e fustanit.<\/p>\n<p>\u201cSado shpesh q\u00eb veshi taka t\u00eb larta, prap\u00eb se prap\u00eb nuk m\u00ebsohem me to. P\u00ebr k\u00ebt\u00eb arsye m\u00eb shum\u00eb vishem me fustane t\u00eb shkurtra apo pantallona t\u00eb shkurtra, sepse e kam m\u00eb t\u00eb leht\u00eb t\u00eb eci edhe me taka\u201d, ka p\u00ebrfunduar Vesa.<\/p>\n<p><strong>Telegrafi<br \/>\n<br \/>\n<!--YouTube Error: bad URL entered--><\/p>\n","protected":false},"excerpt":{"rendered":"<p>P\u00ebrkund\u00ebr faktit se i p\u00eblqen t\u00eb vishet edhe me fustane t\u00eb gjata, me t\u00eb cil\u00ebt gjithmon\u00eb ndihet \u201cglamuroze\u201d, k\u00ebng\u00ebtarja Vesa Luma thot\u00eb se nuk mund t\u00eb vesh shpesh fustane t\u00eb tilla. Ajo b\u00ebn me dije se i ka m\u00ebri taket e larta, t\u00eb cilat edhe po t\u00eb doj\u00eb t\u2019i vesh\u00eb me fustane t\u00eb gjata, ato [&hellip;]<\/p>\n","protected":false},"author":1,"featured_media":0,"comment_status":"open","ping_status":"closed","sticky":false,"template":"","format":"standard","meta":{"spay_email":"","jetpack_publicize_message":"","jetpack_is_tweetstorm":false,"jetpack_publicize_feature_enabled":true},"categories":[1],"tags":[5017],"jetpack_publicize_connections":[],"yoast_head":"<!-- This site is optimized with the Yoast SEO plugin v19.1 - https:\/\/yoast.com\/wordpress\/plugins\/seo\/ -->\n<title>Vesa Luma e ka v\u00ebshtir\u00eb t\u00eb ec\u00eb me taka t\u00eb larta - Lajme nga Ulqini<\/title>\n<meta name=\"description\" content=\"P\u00ebrkund\u00ebr faktit se i p\u00eblqen t\u00eb vishet edhe me fustane t\u00eb gjata, me t\u00eb cil\u00ebt gjithmon\u00eb ndihet \u201cglamuroze\u201d, k\u00ebng\u00ebtarja Vesa Luma thot\u00eb se nuk mund t\u00eb vesh\" \/>\n<meta name=\"robots\" content=\"index, follow, max-snippet:-1, max-image-preview:large, max-video-preview:-1\" \/>\n<link rel=\"canonical\" href=\"https:\/\/www.visit-ulcinj.com\/blog\/2011\/01\/07\/vesa-luma-e-ka-veshtire-te-ece-me-taka-te-larta\/\" \/>\n<meta property=\"og:locale\" content=\"en_US\" \/>\n<meta property=\"og:type\" content=\"article\" \/>\n<meta property=\"og:title\" content=\"Vesa Luma e ka v\u00ebshtir\u00eb t\u00eb ec\u00eb me taka t\u00eb larta - Lajme nga Ulqini\" \/>\n<meta property=\"og:description\" content=\"P\u00ebrkund\u00ebr faktit se i p\u00eblqen t\u00eb vishet edhe me fustane t\u00eb gjata, me t\u00eb cil\u00ebt gjithmon\u00eb ndihet \u201cglamuroze\u201d, k\u00ebng\u00ebtarja Vesa Luma thot\u00eb se nuk mund t\u00eb vesh\" \/>\n<meta property=\"og:url\" content=\"https:\/\/www.visit-ulcinj.com\/blog\/2011\/01\/07\/vesa-luma-e-ka-veshtire-te-ece-me-taka-te-larta\/\" \/>\n<meta property=\"og:site_name\" content=\"Lajme nga Ulqini\" \/>\n<meta property=\"article:published_time\" content=\"2011-01-07T07:52:01+00:00\" \/>\n<meta property=\"og:image\" content=\"https:\/\/www.visit-ulcinj.com\/blog\/wp-content\/uploads\/2011\/01\/Vesa-Luma-me-taka-te-larta.1-150x150.jpg\" \/>\n<meta name=\"twitter:label1\" content=\"Written by\" \/>\n\t<meta name=\"twitter:data1\" content=\"ulqini\" \/>\n\t<meta name=\"twitter:label2\" content=\"Est. reading time\" \/>\n\t<meta name=\"twitter:data2\" content=\"1 minute\" \/>\n<script type=\"application\/ld+json\" class=\"yoast-schema-graph\">{\"@context\":\"https:\/\/schema.org\",\"@graph\":[{\"@type\":\"WebSite\",\"@id\":\"https:\/\/www.visit-ulcinj.com\/blog\/#website\",\"url\":\"https:\/\/www.visit-ulcinj.com\/blog\/\",\"name\":\"Lajme nga Ulqini\",\"description\":\"Lajme,Vijesti,Ulqini,Ulqin,Crna Gora,Mali i Zi\",\"potentialAction\":[{\"@type\":\"SearchAction\",\"target\":{\"@type\":\"EntryPoint\",\"urlTemplate\":\"https:\/\/www.visit-ulcinj.com\/blog\/?s={search_term_string}\"},\"query-input\":\"required name=search_term_string\"}],\"inLanguage\":\"en-US\"},{\"@type\":\"ImageObject\",\"inLanguage\":\"en-US\",\"@id\":\"https:\/\/www.visit-ulcinj.com\/blog\/2011\/01\/07\/vesa-luma-e-ka-veshtire-te-ece-me-taka-te-larta\/#primaryimage\",\"url\":\"http:\/\/www.visit-ulcinj.com\/blog\/wp-content\/uploads\/2011\/01\/Vesa-Luma-me-taka-te-larta.1.jpg\",\"contentUrl\":\"http:\/\/www.visit-ulcinj.com\/blog\/wp-content\/uploads\/2011\/01\/Vesa-Luma-me-taka-te-larta.1.jpg\"},{\"@type\":\"WebPage\",\"@id\":\"https:\/\/www.visit-ulcinj.com\/blog\/2011\/01\/07\/vesa-luma-e-ka-veshtire-te-ece-me-taka-te-larta\/#webpage\",\"url\":\"https:\/\/www.visit-ulcinj.com\/blog\/2011\/01\/07\/vesa-luma-e-ka-veshtire-te-ece-me-taka-te-larta\/\",\"name\":\"Vesa Luma e ka v\u00ebshtir\u00eb t\u00eb ec\u00eb me taka t\u00eb larta - Lajme nga Ulqini\",\"isPartOf\":{\"@id\":\"https:\/\/www.visit-ulcinj.com\/blog\/#website\"},\"primaryImageOfPage\":{\"@id\":\"https:\/\/www.visit-ulcinj.com\/blog\/2011\/01\/07\/vesa-luma-e-ka-veshtire-te-ece-me-taka-te-larta\/#primaryimage\"},\"datePublished\":\"2011-01-07T07:52:01+00:00\",\"dateModified\":\"2011-01-07T07:52:01+00:00\",\"author\":{\"@id\":\"https:\/\/www.visit-ulcinj.com\/blog\/#\/schema\/person\/dcab619c614d3038751c63bc2aadc06d\"},\"description\":\"P\u00ebrkund\u00ebr faktit se i p\u00eblqen t\u00eb vishet edhe me fustane t\u00eb gjata, me t\u00eb cil\u00ebt gjithmon\u00eb ndihet \u201cglamuroze\u201d, k\u00ebng\u00ebtarja Vesa Luma thot\u00eb se nuk mund t\u00eb vesh\",\"breadcrumb\":{\"@id\":\"https:\/\/www.visit-ulcinj.com\/blog\/2011\/01\/07\/vesa-luma-e-ka-veshtire-te-ece-me-taka-te-larta\/#breadcrumb\"},\"inLanguage\":\"en-US\",\"potentialAction\":[{\"@type\":\"ReadAction\",\"target\":[\"https:\/\/www.visit-ulcinj.com\/blog\/2011\/01\/07\/vesa-luma-e-ka-veshtire-te-ece-me-taka-te-larta\/\"]}]},{\"@type\":\"BreadcrumbList\",\"@id\":\"https:\/\/www.visit-ulcinj.com\/blog\/2011\/01\/07\/vesa-luma-e-ka-veshtire-te-ece-me-taka-te-larta\/#breadcrumb\",\"itemListElement\":[{\"@type\":\"ListItem\",\"position\":1,\"name\":\"Vesa Luma e ka v\u00ebshtir\u00eb t\u00eb ec\u00eb me taka t\u00eb larta\"}]},{\"@type\":\"Person\",\"@id\":\"https:\/\/www.visit-ulcinj.com\/blog\/#\/schema\/person\/dcab619c614d3038751c63bc2aadc06d\",\"name\":\"ulqini\",\"sameAs\":[\"http:\/\/www.visit-ulcinj.com\"],\"url\":\"https:\/\/www.visit-ulcinj.com\/blog\/author\/admin\/\"}]}<\/script>\n<!-- \/ Yoast SEO plugin. -->","yoast_head_json":{"title":"Vesa Luma e ka v\u00ebshtir\u00eb t\u00eb ec\u00eb me taka t\u00eb larta - Lajme nga Ulqini","description":"P\u00ebrkund\u00ebr faktit se i p\u00eblqen t\u00eb vishet edhe me fustane t\u00eb gjata, me t\u00eb cil\u00ebt gjithmon\u00eb ndihet \u201cglamuroze\u201d, k\u00ebng\u00ebtarja Vesa Luma thot\u00eb se nuk mund t\u00eb vesh","robots":{"index":"index","follow":"follow","max-snippet":"max-snippet:-1","max-image-preview":"max-image-preview:large","max-video-preview":"max-video-preview:-1"},"canonical":"https:\/\/www.visit-ulcinj.com\/blog\/2011\/01\/07\/vesa-luma-e-ka-veshtire-te-ece-me-taka-te-larta\/","og_locale":"en_US","og_type":"article","og_title":"Vesa Luma e ka v\u00ebshtir\u00eb t\u00eb ec\u00eb me taka t\u00eb larta - Lajme nga Ulqini","og_description":"P\u00ebrkund\u00ebr faktit se i p\u00eblqen t\u00eb vishet edhe me fustane t\u00eb gjata, me t\u00eb cil\u00ebt gjithmon\u00eb ndihet \u201cglamuroze\u201d, k\u00ebng\u00ebtarja Vesa Luma thot\u00eb se nuk mund t\u00eb vesh","og_url":"https:\/\/www.visit-ulcinj.com\/blog\/2011\/01\/07\/vesa-luma-e-ka-veshtire-te-ece-me-taka-te-larta\/","og_site_name":"Lajme nga Ulqini","article_published_time":"2011-01-07T07:52:01+00:00","og_image":[{"url":"https:\/\/www.visit-ulcinj.com\/blog\/wp-content\/uploads\/2011\/01\/Vesa-Luma-me-taka-te-larta.1-150x150.jpg"}],"twitter_misc":{"Written by":"ulqini","Est. reading time":"1 minute"},"schema":{"@context":"https:\/\/schema.org","@graph":[{"@type":"WebSite","@id":"https:\/\/www.visit-ulcinj.com\/blog\/#website","url":"https:\/\/www.visit-ulcinj.com\/blog\/","name":"Lajme nga Ulqini","description":"Lajme,Vijesti,Ulqini,Ulqin,Crna Gora,Mali i Zi","potentialAction":[{"@type":"SearchAction","target":{"@type":"EntryPoint","urlTemplate":"https:\/\/www.visit-ulcinj.com\/blog\/?s={search_term_string}"},"query-input":"required name=search_term_string"}],"inLanguage":"en-US"},{"@type":"ImageObject","inLanguage":"en-US","@id":"https:\/\/www.visit-ulcinj.com\/blog\/2011\/01\/07\/vesa-luma-e-ka-veshtire-te-ece-me-taka-te-larta\/#primaryimage","url":"http:\/\/www.visit-ulcinj.com\/blog\/wp-content\/uploads\/2011\/01\/Vesa-Luma-me-taka-te-larta.1.jpg","contentUrl":"http:\/\/www.visit-ulcinj.com\/blog\/wp-content\/uploads\/2011\/01\/Vesa-Luma-me-taka-te-larta.1.jpg"},{"@type":"WebPage","@id":"https:\/\/www.visit-ulcinj.com\/blog\/2011\/01\/07\/vesa-luma-e-ka-veshtire-te-ece-me-taka-te-larta\/#webpage","url":"https:\/\/www.visit-ulcinj.com\/blog\/2011\/01\/07\/vesa-luma-e-ka-veshtire-te-ece-me-taka-te-larta\/","name":"Vesa Luma e ka v\u00ebshtir\u00eb t\u00eb ec\u00eb me taka t\u00eb larta - Lajme nga Ulqini","isPartOf":{"@id":"https:\/\/www.visit-ulcinj.com\/blog\/#website"},"primaryImageOfPage":{"@id":"https:\/\/www.visit-ulcinj.com\/blog\/2011\/01\/07\/vesa-luma-e-ka-veshtire-te-ece-me-taka-te-larta\/#primaryimage"},"datePublished":"2011-01-07T07:52:01+00:00","dateModified":"2011-01-07T07:52:01+00:00","author":{"@id":"https:\/\/www.visit-ulcinj.com\/blog\/#\/schema\/person\/dcab619c614d3038751c63bc2aadc06d"},"description":"P\u00ebrkund\u00ebr faktit se i p\u00eblqen t\u00eb vishet edhe me fustane t\u00eb gjata, me t\u00eb cil\u00ebt gjithmon\u00eb ndihet \u201cglamuroze\u201d, k\u00ebng\u00ebtarja Vesa Luma thot\u00eb se nuk mund t\u00eb vesh","breadcrumb":{"@id":"https:\/\/www.visit-ulcinj.com\/blog\/2011\/01\/07\/vesa-luma-e-ka-veshtire-te-ece-me-taka-te-larta\/#breadcrumb"},"inLanguage":"en-US","potentialAction":[{"@type":"ReadAction","target":["https:\/\/www.visit-ulcinj.com\/blog\/2011\/01\/07\/vesa-luma-e-ka-veshtire-te-ece-me-taka-te-larta\/"]}]},{"@type":"BreadcrumbList","@id":"https:\/\/www.visit-ulcinj.com\/blog\/2011\/01\/07\/vesa-luma-e-ka-veshtire-te-ece-me-taka-te-larta\/#breadcrumb","itemListElement":[{"@type":"ListItem","position":1,"name":"Vesa Luma e ka v\u00ebshtir\u00eb t\u00eb ec\u00eb me taka t\u00eb larta"}]},{"@type":"Person","@id":"https:\/\/www.visit-ulcinj.com\/blog\/#\/schema\/person\/dcab619c614d3038751c63bc2aadc06d","name":"ulqini","sameAs":["http:\/\/www.visit-ulcinj.com"],"url":"https:\/\/www.visit-ulcinj.com\/blog\/author\/admin\/"}]}},"jetpack_featured_media_url":"","jetpack_sharing_enabled":true,"jetpack_shortlink":"https:\/\/wp.me\/pe6lTn-aWo","_links":{"self":[{"href":"https:\/\/www.visit-ulcinj.com\/blog\/wp-json\/wp\/v2\/posts\/42060"}],"collection":[{"href":"https:\/\/www.visit-ulcinj.com\/blog\/wp-json\/wp\/v2\/posts"}],"about":[{"href":"https:\/\/www.visit-ulcinj.com\/blog\/wp-json\/wp\/v2\/types\/post"}],"author":[{"embeddable":true,"href":"https:\/\/www.visit-ulcinj.com\/blog\/wp-json\/wp\/v2\/users\/1"}],"replies":[{"embeddable":true,"href":"https:\/\/www.visit-ulcinj.com\/blog\/wp-json\/wp\/v2\/comments?post=42060"}],"version-history":[{"count":0,"href":"https:\/\/www.visit-ulcinj.com\/blog\/wp-json\/wp\/v2\/posts\/42060\/revisions"}],"wp:attachment":[{"href":"https:\/\/www.visit-ulcinj.com\/blog\/wp-json\/wp\/v2\/media?parent=42060"}],"wp:term":[{"taxonomy":"category","embeddable":true,"href":"https:\/\/www.visit-ulcinj.com\/blog\/wp-json\/wp\/v2\/categories?post=42060"},{"taxonomy":"post_tag","embeddable":true,"href":"https:\/\/www.visit-ulcinj.com\/blog\/wp-json\/wp\/v2\/tags?post=42060"}],"curies":[{"name":"wp","href":"https:\/\/api.w.org\/{rel}","templated":true}]}}