{"id":42065,"date":"2011-01-07T09:07:26","date_gmt":"2011-01-07T08:07:26","guid":{"rendered":"http:\/\/www.visit-ulcinj.com\/blog\/?p=42065"},"modified":"2011-01-07T09:15:26","modified_gmt":"2011-01-07T08:15:26","slug":"daffy-si-halle-berry","status":"publish","type":"post","link":"https:\/\/www.visit-ulcinj.com\/blog\/2011\/01\/07\/daffy-si-halle-berry\/","title":{"rendered":"Daffy si Halle Berry"},"content":{"rendered":"<p><a href=\"http:\/\/www.visit-ulcinj.com\/blog\/wp-content\/uploads\/2011\/01\/Daffy-si-Halle-Berry.jpg\"><img loading=\"lazy\" class=\"alignleft size-full wp-image-42066\" title=\"Daffy si Halle Berry\" src=\"http:\/\/www.visit-ulcinj.com\/blog\/wp-content\/uploads\/2011\/01\/Daffy-si-Halle-Berry.jpg\" alt=\"\" width=\"490\" height=\"320\" \/><\/a>Dafina Zeqiri me look t\u00eb ri shfaq\u00ebt n\u00eb Revisten \u201cSelect\u201d.<\/p>\n<p>Por ajo n\u00eb k\u00ebt\u00eb foto ngjason me nj\u00eb yll t\u00eb kinematografis\u00eb amerikane. \u00cbsht\u00eb fjala p\u00ebr aktoren e famshme Halle Berry.<\/p>\n<p>Megjithat\u00eb, Daffy me k\u00ebt\u00eb stil \u00ebsht\u00eb paraqitur n\u00eb fillim t\u00eb k\u00ebtij viti, nd\u00ebrkaq n\u00eb vitin 2010 kishte nd\u00ebrruar shum\u00eb stile. Pavar\u00ebsisht ndryshimeve k\u00ebng\u00ebtarja vazhdon t\u00eb shijoj fam\u00ebn n\u00eb Kosov\u00eb.<\/p>\n<p><strong>Gazeta Express<br \/>\n<!--YouTube Error: bad URL entered--><br \/>\n<a href=\"http:\/\/www.visit-ulcinj.com\/blog\/wp-content\/uploads\/2011\/01\/Dafina-zeqiri_Revista-Select.jpg\"><img loading=\"lazy\" class=\"alignleft size-full wp-image-42067\" title=\"Dafina zeqiri_Revista Select\" src=\"http:\/\/www.visit-ulcinj.com\/blog\/wp-content\/uploads\/2011\/01\/Dafina-zeqiri_Revista-Select.jpg\" alt=\"\" width=\"507\" height=\"720\" \/><\/a><\/strong><\/p>\n","protected":false},"excerpt":{"rendered":"<p>Dafina Zeqiri me look t\u00eb ri shfaq\u00ebt n\u00eb Revisten \u201cSelect\u201d. Por ajo n\u00eb k\u00ebt\u00eb foto ngjason me nj\u00eb yll t\u00eb kinematografis\u00eb amerikane. \u00cbsht\u00eb fjala p\u00ebr aktoren e famshme Halle Berry. Megjithat\u00eb, Daffy me k\u00ebt\u00eb stil \u00ebsht\u00eb paraqitur n\u00eb fillim t\u00eb k\u00ebtij viti, nd\u00ebrkaq n\u00eb vitin 2010 kishte nd\u00ebrruar shum\u00eb stile. Pavar\u00ebsisht ndryshimeve k\u00ebng\u00ebtarja vazhdon t\u00eb [&hellip;]<\/p>\n","protected":false},"author":1,"featured_media":0,"comment_status":"open","ping_status":"closed","sticky":false,"template":"","format":"standard","meta":{"spay_email":"","jetpack_publicize_message":"","jetpack_is_tweetstorm":false,"jetpack_publicize_feature_enabled":true},"categories":[1],"tags":[4926],"jetpack_publicize_connections":[],"yoast_head":"<!-- This site is optimized with the Yoast SEO plugin v19.1 - https:\/\/yoast.com\/wordpress\/plugins\/seo\/ -->\n<title>Daffy si Halle Berry - Lajme nga Ulqini<\/title>\n<meta name=\"description\" content=\"Dafina Zeqiri me look t\u00eb ri shfaq\u00ebt n\u00eb Revisten \u201cSelect\u201d. Por ajo n\u00eb k\u00ebt\u00eb foto ngjason me nj\u00eb yll t\u00eb kinematografis\u00eb amerikane. \u00cbsht\u00eb fjala p\u00ebr aktoren e\" \/>\n<meta name=\"robots\" content=\"index, follow, max-snippet:-1, max-image-preview:large, max-video-preview:-1\" \/>\n<link rel=\"canonical\" href=\"https:\/\/www.visit-ulcinj.com\/blog\/2011\/01\/07\/daffy-si-halle-berry\/\" \/>\n<meta property=\"og:locale\" content=\"en_US\" \/>\n<meta property=\"og:type\" content=\"article\" \/>\n<meta property=\"og:title\" content=\"Daffy si Halle Berry - Lajme nga Ulqini\" \/>\n<meta property=\"og:description\" content=\"Dafina Zeqiri me look t\u00eb ri shfaq\u00ebt n\u00eb Revisten \u201cSelect\u201d. Por ajo n\u00eb k\u00ebt\u00eb foto ngjason me nj\u00eb yll t\u00eb kinematografis\u00eb amerikane. \u00cbsht\u00eb fjala p\u00ebr aktoren e\" \/>\n<meta property=\"og:url\" content=\"https:\/\/www.visit-ulcinj.com\/blog\/2011\/01\/07\/daffy-si-halle-berry\/\" \/>\n<meta property=\"og:site_name\" content=\"Lajme nga Ulqini\" \/>\n<meta property=\"article:published_time\" content=\"2011-01-07T08:07:26+00:00\" \/>\n<meta property=\"article:modified_time\" content=\"2011-01-07T08:15:26+00:00\" \/>\n<meta property=\"og:image\" content=\"http:\/\/www.visit-ulcinj.com\/blog\/wp-content\/uploads\/2011\/01\/Daffy-si-Halle-Berry.jpg\" \/>\n<meta name=\"twitter:label1\" content=\"Written by\" \/>\n\t<meta name=\"twitter:data1\" content=\"ulqini\" \/>\n<script type=\"application\/ld+json\" class=\"yoast-schema-graph\">{\"@context\":\"https:\/\/schema.org\",\"@graph\":[{\"@type\":\"WebSite\",\"@id\":\"https:\/\/www.visit-ulcinj.com\/blog\/#website\",\"url\":\"https:\/\/www.visit-ulcinj.com\/blog\/\",\"name\":\"Lajme nga Ulqini\",\"description\":\"Lajme,Vijesti,Ulqini,Ulqin,Crna Gora,Mali i Zi\",\"potentialAction\":[{\"@type\":\"SearchAction\",\"target\":{\"@type\":\"EntryPoint\",\"urlTemplate\":\"https:\/\/www.visit-ulcinj.com\/blog\/?s={search_term_string}\"},\"query-input\":\"required name=search_term_string\"}],\"inLanguage\":\"en-US\"},{\"@type\":\"ImageObject\",\"inLanguage\":\"en-US\",\"@id\":\"https:\/\/www.visit-ulcinj.com\/blog\/2011\/01\/07\/daffy-si-halle-berry\/#primaryimage\",\"url\":\"http:\/\/www.visit-ulcinj.com\/blog\/wp-content\/uploads\/2011\/01\/Daffy-si-Halle-Berry.jpg\",\"contentUrl\":\"http:\/\/www.visit-ulcinj.com\/blog\/wp-content\/uploads\/2011\/01\/Daffy-si-Halle-Berry.jpg\"},{\"@type\":\"WebPage\",\"@id\":\"https:\/\/www.visit-ulcinj.com\/blog\/2011\/01\/07\/daffy-si-halle-berry\/#webpage\",\"url\":\"https:\/\/www.visit-ulcinj.com\/blog\/2011\/01\/07\/daffy-si-halle-berry\/\",\"name\":\"Daffy si Halle Berry - Lajme nga Ulqini\",\"isPartOf\":{\"@id\":\"https:\/\/www.visit-ulcinj.com\/blog\/#website\"},\"primaryImageOfPage\":{\"@id\":\"https:\/\/www.visit-ulcinj.com\/blog\/2011\/01\/07\/daffy-si-halle-berry\/#primaryimage\"},\"datePublished\":\"2011-01-07T08:07:26+00:00\",\"dateModified\":\"2011-01-07T08:15:26+00:00\",\"author\":{\"@id\":\"https:\/\/www.visit-ulcinj.com\/blog\/#\/schema\/person\/dcab619c614d3038751c63bc2aadc06d\"},\"description\":\"Dafina Zeqiri me look t\u00eb ri shfaq\u00ebt n\u00eb Revisten \u201cSelect\u201d. Por ajo n\u00eb k\u00ebt\u00eb foto ngjason me nj\u00eb yll t\u00eb kinematografis\u00eb amerikane. \u00cbsht\u00eb fjala p\u00ebr aktoren e\",\"breadcrumb\":{\"@id\":\"https:\/\/www.visit-ulcinj.com\/blog\/2011\/01\/07\/daffy-si-halle-berry\/#breadcrumb\"},\"inLanguage\":\"en-US\",\"potentialAction\":[{\"@type\":\"ReadAction\",\"target\":[\"https:\/\/www.visit-ulcinj.com\/blog\/2011\/01\/07\/daffy-si-halle-berry\/\"]}]},{\"@type\":\"BreadcrumbList\",\"@id\":\"https:\/\/www.visit-ulcinj.com\/blog\/2011\/01\/07\/daffy-si-halle-berry\/#breadcrumb\",\"itemListElement\":[{\"@type\":\"ListItem\",\"position\":1,\"name\":\"Daffy si Halle Berry\"}]},{\"@type\":\"Person\",\"@id\":\"https:\/\/www.visit-ulcinj.com\/blog\/#\/schema\/person\/dcab619c614d3038751c63bc2aadc06d\",\"name\":\"ulqini\",\"sameAs\":[\"http:\/\/www.visit-ulcinj.com\"],\"url\":\"https:\/\/www.visit-ulcinj.com\/blog\/author\/admin\/\"}]}<\/script>\n<!-- \/ Yoast SEO plugin. -->","yoast_head_json":{"title":"Daffy si Halle Berry - Lajme nga Ulqini","description":"Dafina Zeqiri me look t\u00eb ri shfaq\u00ebt n\u00eb Revisten \u201cSelect\u201d. Por ajo n\u00eb k\u00ebt\u00eb foto ngjason me nj\u00eb yll t\u00eb kinematografis\u00eb amerikane. \u00cbsht\u00eb fjala p\u00ebr aktoren e","robots":{"index":"index","follow":"follow","max-snippet":"max-snippet:-1","max-image-preview":"max-image-preview:large","max-video-preview":"max-video-preview:-1"},"canonical":"https:\/\/www.visit-ulcinj.com\/blog\/2011\/01\/07\/daffy-si-halle-berry\/","og_locale":"en_US","og_type":"article","og_title":"Daffy si Halle Berry - Lajme nga Ulqini","og_description":"Dafina Zeqiri me look t\u00eb ri shfaq\u00ebt n\u00eb Revisten \u201cSelect\u201d. Por ajo n\u00eb k\u00ebt\u00eb foto ngjason me nj\u00eb yll t\u00eb kinematografis\u00eb amerikane. \u00cbsht\u00eb fjala p\u00ebr aktoren e","og_url":"https:\/\/www.visit-ulcinj.com\/blog\/2011\/01\/07\/daffy-si-halle-berry\/","og_site_name":"Lajme nga Ulqini","article_published_time":"2011-01-07T08:07:26+00:00","article_modified_time":"2011-01-07T08:15:26+00:00","og_image":[{"url":"http:\/\/www.visit-ulcinj.com\/blog\/wp-content\/uploads\/2011\/01\/Daffy-si-Halle-Berry.jpg"}],"twitter_misc":{"Written by":"ulqini"},"schema":{"@context":"https:\/\/schema.org","@graph":[{"@type":"WebSite","@id":"https:\/\/www.visit-ulcinj.com\/blog\/#website","url":"https:\/\/www.visit-ulcinj.com\/blog\/","name":"Lajme nga Ulqini","description":"Lajme,Vijesti,Ulqini,Ulqin,Crna Gora,Mali i Zi","potentialAction":[{"@type":"SearchAction","target":{"@type":"EntryPoint","urlTemplate":"https:\/\/www.visit-ulcinj.com\/blog\/?s={search_term_string}"},"query-input":"required name=search_term_string"}],"inLanguage":"en-US"},{"@type":"ImageObject","inLanguage":"en-US","@id":"https:\/\/www.visit-ulcinj.com\/blog\/2011\/01\/07\/daffy-si-halle-berry\/#primaryimage","url":"http:\/\/www.visit-ulcinj.com\/blog\/wp-content\/uploads\/2011\/01\/Daffy-si-Halle-Berry.jpg","contentUrl":"http:\/\/www.visit-ulcinj.com\/blog\/wp-content\/uploads\/2011\/01\/Daffy-si-Halle-Berry.jpg"},{"@type":"WebPage","@id":"https:\/\/www.visit-ulcinj.com\/blog\/2011\/01\/07\/daffy-si-halle-berry\/#webpage","url":"https:\/\/www.visit-ulcinj.com\/blog\/2011\/01\/07\/daffy-si-halle-berry\/","name":"Daffy si Halle Berry - Lajme nga Ulqini","isPartOf":{"@id":"https:\/\/www.visit-ulcinj.com\/blog\/#website"},"primaryImageOfPage":{"@id":"https:\/\/www.visit-ulcinj.com\/blog\/2011\/01\/07\/daffy-si-halle-berry\/#primaryimage"},"datePublished":"2011-01-07T08:07:26+00:00","dateModified":"2011-01-07T08:15:26+00:00","author":{"@id":"https:\/\/www.visit-ulcinj.com\/blog\/#\/schema\/person\/dcab619c614d3038751c63bc2aadc06d"},"description":"Dafina Zeqiri me look t\u00eb ri shfaq\u00ebt n\u00eb Revisten \u201cSelect\u201d. Por ajo n\u00eb k\u00ebt\u00eb foto ngjason me nj\u00eb yll t\u00eb kinematografis\u00eb amerikane. \u00cbsht\u00eb fjala p\u00ebr aktoren e","breadcrumb":{"@id":"https:\/\/www.visit-ulcinj.com\/blog\/2011\/01\/07\/daffy-si-halle-berry\/#breadcrumb"},"inLanguage":"en-US","potentialAction":[{"@type":"ReadAction","target":["https:\/\/www.visit-ulcinj.com\/blog\/2011\/01\/07\/daffy-si-halle-berry\/"]}]},{"@type":"BreadcrumbList","@id":"https:\/\/www.visit-ulcinj.com\/blog\/2011\/01\/07\/daffy-si-halle-berry\/#breadcrumb","itemListElement":[{"@type":"ListItem","position":1,"name":"Daffy si Halle Berry"}]},{"@type":"Person","@id":"https:\/\/www.visit-ulcinj.com\/blog\/#\/schema\/person\/dcab619c614d3038751c63bc2aadc06d","name":"ulqini","sameAs":["http:\/\/www.visit-ulcinj.com"],"url":"https:\/\/www.visit-ulcinj.com\/blog\/author\/admin\/"}]}},"jetpack_featured_media_url":"","jetpack_sharing_enabled":true,"jetpack_shortlink":"https:\/\/wp.me\/pe6lTn-aWt","_links":{"self":[{"href":"https:\/\/www.visit-ulcinj.com\/blog\/wp-json\/wp\/v2\/posts\/42065"}],"collection":[{"href":"https:\/\/www.visit-ulcinj.com\/blog\/wp-json\/wp\/v2\/posts"}],"about":[{"href":"https:\/\/www.visit-ulcinj.com\/blog\/wp-json\/wp\/v2\/types\/post"}],"author":[{"embeddable":true,"href":"https:\/\/www.visit-ulcinj.com\/blog\/wp-json\/wp\/v2\/users\/1"}],"replies":[{"embeddable":true,"href":"https:\/\/www.visit-ulcinj.com\/blog\/wp-json\/wp\/v2\/comments?post=42065"}],"version-history":[{"count":0,"href":"https:\/\/www.visit-ulcinj.com\/blog\/wp-json\/wp\/v2\/posts\/42065\/revisions"}],"wp:attachment":[{"href":"https:\/\/www.visit-ulcinj.com\/blog\/wp-json\/wp\/v2\/media?parent=42065"}],"wp:term":[{"taxonomy":"category","embeddable":true,"href":"https:\/\/www.visit-ulcinj.com\/blog\/wp-json\/wp\/v2\/categories?post=42065"},{"taxonomy":"post_tag","embeddable":true,"href":"https:\/\/www.visit-ulcinj.com\/blog\/wp-json\/wp\/v2\/tags?post=42065"}],"curies":[{"name":"wp","href":"https:\/\/api.w.org\/{rel}","templated":true}]}}