{"id":42070,"date":"2011-01-07T09:32:51","date_gmt":"2011-01-07T08:32:51","guid":{"rendered":"http:\/\/www.visit-ulcinj.com\/blog\/?p=42070"},"modified":"2011-01-07T09:33:37","modified_gmt":"2011-01-07T08:33:37","slug":"nora-istrefi-e-gatshme-per-krijimet-e-radhes","status":"publish","type":"post","link":"https:\/\/www.visit-ulcinj.com\/blog\/2011\/01\/07\/nora-istrefi-e-gatshme-per-krijimet-e-radhes\/","title":{"rendered":"Nora Istrefi, e gatshme p\u00ebr krijimet e radh\u00ebs"},"content":{"rendered":"<p><a href=\"http:\/\/www.visit-ulcinj.com\/blog\/wp-content\/uploads\/2011\/01\/Nora-Istrefi_photo-by-Avni-Selmani.jpg\"><img loading=\"lazy\" class=\"alignleft size-full wp-image-42071\" title=\"Nora Istrefi_photo by Avni Selmani\" src=\"http:\/\/www.visit-ulcinj.com\/blog\/wp-content\/uploads\/2011\/01\/Nora-Istrefi_photo-by-Avni-Selmani.jpg\" alt=\"\" width=\"508\" height=\"604\" \/><\/a>Pas nj\u00eb morie angazhimesh n\u00eb fundvitin q\u00eb lam\u00eb pas, k\u00ebng\u00ebtarja Nora Istrefi dit\u00ebt e para t\u00eb k\u00ebtij fillimviti ia ka dedikuar pushimit. Thot\u00eb se aktualisht \u00ebsht\u00eb duke akumuluar energjin\u00eb e humbur, nd\u00ebrsa t\u00eb rejat e radh\u00ebs do pasojn\u00eb vet\u00ebm pas nj\u00eb pushimi t\u00eb mir\u00eb t\u00eb saj. \u201cK\u00ebto dit\u00eb ve\u00e7 kam pushuar, kam fjetur, pasi fundvitin q\u00eb shkoi m\u00eb ka r\u00ebn\u00eb t\u00eb udh\u00ebtoj shum\u00eb gjat\u00eb e t\u00eb angazhohem shum\u00eb n\u00eb muzik\u00eb. P\u00ebr Krishtlindje isha n\u00eb Kanada, nd\u00ebrsa m\u00eb pas isha n\u00eb Gjermani e Zvic\u00ebr. E duke qen\u00eb se edhe tri net\u00ebt festive isha e angazhuar me k\u00ebng\u00ebn, m\u00eb duhej shum\u00eb pushimi. Tash po pushoj\u201d, thekson Nora, nd\u00ebrsa shpalos koh\u00ebn aktuale e momentet festive t\u00eb fundvitit paraprak.<\/p>\n<p><strong>E k\u00ebnaqur me krijimin e fundit<\/strong><\/p>\n<p>Thot\u00eb se ka festuar bashk\u00eb me fansat e saj. Nata e nd\u00ebrrimit t\u00eb viteve e gjeti n\u00eb Gjermani, bashk\u00eb me Sinan Vllasaliun e fansat e saj atje, nd\u00ebrsa dy dit\u00ebt pasuese k\u00ebndoi n\u00eb Zvic\u00ebr e Prishtin\u00eb. \u201cKam kaluar shum\u00eb, shum\u00eb mir\u00eb gjat\u00eb tri net\u00ebve festive. Ka pasur mjaft shum\u00eb publik. Kjo m\u00eb ka g\u00ebzuar m\u00eb s\u00eb shumti e gjithashtu edhe atmosfera ka qen\u00eb shum\u00eb e mir\u00eb. K\u00ebshtu q\u00eb edhe pse nuk isha n\u00eb sht\u00ebpi dhe gjirin familjar, prap\u00eb e kam ndier vet\u00ebn mir\u00eb dhe jam k\u00ebnaqur\u201d.<\/p>\n<p>P\u00ebrve\u00e7 angazhimeve n\u00ebp\u00ebr mbr\u00ebmje t\u00eb ndryshme, Nora n\u00eb fund t\u00eb vitit 2010 realizoi k\u00ebng\u00ebn dhe klipin e saj m\u00eb t\u00eb ri, me t\u00eb cilin krijim thot\u00eb se \u00ebsht\u00eb ndar\u00eb shum\u00eb e k\u00ebnaqur. \u201cK\u00ebng\u00ebn tashm\u00eb e kam realizuar. E realizova me \u2018Entermedian\u2019, si gjithmon\u00eb. \u00cbsht\u00eb nj\u00eb klip shum\u00eb \u2018cool\u2019. Jam ndar\u00eb shum\u00eb e k\u00ebnaqur me gjith\u00e7ka q\u00eb \u00ebsht\u00eb realizuar si rreth k\u00ebng\u00ebs, ashtu edhe rreth klipit t\u00eb fundvitit\u201d.<\/p>\n<p><strong>Vizitoj edhe vendet e \u201czhurmshme\u201d, kur kam mall p\u00ebr to<\/strong><\/p>\n<p>E ndon\u00ebse thot\u00eb q\u00eb tashm\u00eb \u00ebsht\u00eb dashur t\u00eb filloj\u00eb me angazhimet e radh\u00ebs rreth projekteve t\u00eb reja, energjia e humbur pas angazhimeve t\u00eb shumta q\u00eb pati, i pamund\u00ebsuan nj\u00eb gj\u00eb t\u00eb till\u00eb. \u201c\u00cbsht\u00eb dashur q\u00eb qysh nga tash t\u00eb filloj me disa pun\u00eb e plane q\u00eb kisha, por s\u2019po mundem p\u00ebr shkak se po m\u00eb duhet t\u00eb rifitoj energjin\u00eb e humbur. Do t\u00eb vazhdoj me pun\u00eb rreth projekteve tjera, t\u00eb cilat nuk dua t\u2019i publikoj tash. Nuk kam nj\u00eb dat\u00eb t\u00eb caktuar se kur do t\u00eb pasoj di\u00e7ka e re, pasi nuk mund t\u00eb jap nj\u00eb dat\u00eb t\u00eb sakt\u00eb. Nuk dua t\u00eb ngutem, por t\u00eb punoj q\u00eb gjith\u00e7ka t\u00eb dal\u00eb sa m\u00eb mir\u00eb t\u00eb jet\u00eb e mundur\u201d.<\/p>\n<p>P\u00ebrkund\u00ebr angazhimeve muzikore, Nora ka edhe jet\u00ebn e saj q\u00eb lidhet me arg\u00ebtimin. I p\u00eblqen t\u00eb dal\u00eb, ndon\u00ebse jo shpesh, nd\u00ebrsa si vende m\u00eb t\u00eb preferuara i ka vendet e qeta. Por e merr malli edhe p\u00ebr t\u00eb zhurmshmet. \u201cAktualisht nuk kam ndonj\u00eb vend t\u00eb caktuar q\u00eb do t\u00eb ve\u00e7oja e q\u00eb dal m\u00eb shpesh. Dua t\u00eb pushoj aktualisht. M\u00eb shum\u00eb preferoj vendet e qeta, por q\u00eb ka raste kur me merr malli edhe p\u00ebr vende t\u00eb zhurmshme. Dal, por jo shum\u00eb shpesh\u201d.<\/p>\n<p>E koha dedikuar m\u00eb t\u00eb dashurve t\u00eb saj, familjes dhe Robertit, \u00ebsht\u00eb m\u00eb e d\u00ebshiruara p\u00ebr Nor\u00ebn. \u201cGjithnj\u00eb mundohem t\u00eb gjej koh\u00eb p\u00ebr ta. Po mundohem t\u2019i mb\u00ebrrij t\u00eb gjitha. \u00cbsht\u00eb mir\u00eb edhe n\u00eb k\u00ebt\u00eb drejtim\u201d, thekson p\u00ebr fund ajo, nd\u00ebrsa premton krijime t\u00eb reja p\u00ebr muajt pasues.<\/p>\n<p><strong>Shqipmedia<br \/>\n<!--YouTube Error: bad URL entered--><\/strong><\/p>\n","protected":false},"excerpt":{"rendered":"<p>Pas nj\u00eb morie angazhimesh n\u00eb fundvitin q\u00eb lam\u00eb pas, k\u00ebng\u00ebtarja Nora Istrefi dit\u00ebt e para t\u00eb k\u00ebtij fillimviti ia ka dedikuar pushimit. Thot\u00eb se aktualisht \u00ebsht\u00eb duke akumuluar energjin\u00eb e humbur, nd\u00ebrsa t\u00eb rejat e radh\u00ebs do pasojn\u00eb vet\u00ebm pas nj\u00eb pushimi t\u00eb mir\u00eb t\u00eb saj. \u201cK\u00ebto dit\u00eb ve\u00e7 kam pushuar, kam fjetur, pasi fundvitin [&hellip;]<\/p>\n","protected":false},"author":1,"featured_media":0,"comment_status":"open","ping_status":"closed","sticky":false,"template":"","format":"standard","meta":{"spay_email":"","jetpack_publicize_message":"","jetpack_is_tweetstorm":false,"jetpack_publicize_feature_enabled":true},"categories":[1],"tags":[4939],"jetpack_publicize_connections":[],"yoast_head":"<!-- This site is optimized with the Yoast SEO plugin v19.1 - https:\/\/yoast.com\/wordpress\/plugins\/seo\/ -->\n<title>Nora Istrefi, e gatshme p\u00ebr krijimet e radh\u00ebs - Lajme nga Ulqini<\/title>\n<meta name=\"description\" content=\"Pas nj\u00eb morie angazhimesh n\u00eb fundvitin q\u00eb lam\u00eb pas, k\u00ebng\u00ebtarja Nora Istrefi dit\u00ebt e para t\u00eb k\u00ebtij fillimviti ia ka dedikuar pushimit. Thot\u00eb se aktualisht\" \/>\n<meta name=\"robots\" content=\"index, follow, max-snippet:-1, max-image-preview:large, max-video-preview:-1\" \/>\n<link rel=\"canonical\" href=\"https:\/\/www.visit-ulcinj.com\/blog\/2011\/01\/07\/nora-istrefi-e-gatshme-per-krijimet-e-radhes\/\" \/>\n<meta property=\"og:locale\" content=\"en_US\" \/>\n<meta property=\"og:type\" content=\"article\" \/>\n<meta property=\"og:title\" content=\"Nora Istrefi, e gatshme p\u00ebr krijimet e radh\u00ebs - Lajme nga Ulqini\" \/>\n<meta property=\"og:description\" content=\"Pas nj\u00eb morie angazhimesh n\u00eb fundvitin q\u00eb lam\u00eb pas, k\u00ebng\u00ebtarja Nora Istrefi dit\u00ebt e para t\u00eb k\u00ebtij fillimviti ia ka dedikuar pushimit. Thot\u00eb se aktualisht\" \/>\n<meta property=\"og:url\" content=\"https:\/\/www.visit-ulcinj.com\/blog\/2011\/01\/07\/nora-istrefi-e-gatshme-per-krijimet-e-radhes\/\" \/>\n<meta property=\"og:site_name\" content=\"Lajme nga Ulqini\" \/>\n<meta property=\"article:published_time\" content=\"2011-01-07T08:32:51+00:00\" \/>\n<meta property=\"article:modified_time\" content=\"2011-01-07T08:33:37+00:00\" \/>\n<meta property=\"og:image\" content=\"http:\/\/www.visit-ulcinj.com\/blog\/wp-content\/uploads\/2011\/01\/Nora-Istrefi_photo-by-Avni-Selmani.jpg\" \/>\n<meta name=\"twitter:label1\" content=\"Written by\" \/>\n\t<meta name=\"twitter:data1\" content=\"ulqini\" \/>\n\t<meta name=\"twitter:label2\" content=\"Est. reading time\" \/>\n\t<meta name=\"twitter:data2\" content=\"3 minutes\" \/>\n<script type=\"application\/ld+json\" class=\"yoast-schema-graph\">{\"@context\":\"https:\/\/schema.org\",\"@graph\":[{\"@type\":\"WebSite\",\"@id\":\"https:\/\/www.visit-ulcinj.com\/blog\/#website\",\"url\":\"https:\/\/www.visit-ulcinj.com\/blog\/\",\"name\":\"Lajme nga Ulqini\",\"description\":\"Lajme,Vijesti,Ulqini,Ulqin,Crna Gora,Mali i Zi\",\"potentialAction\":[{\"@type\":\"SearchAction\",\"target\":{\"@type\":\"EntryPoint\",\"urlTemplate\":\"https:\/\/www.visit-ulcinj.com\/blog\/?s={search_term_string}\"},\"query-input\":\"required name=search_term_string\"}],\"inLanguage\":\"en-US\"},{\"@type\":\"ImageObject\",\"inLanguage\":\"en-US\",\"@id\":\"https:\/\/www.visit-ulcinj.com\/blog\/2011\/01\/07\/nora-istrefi-e-gatshme-per-krijimet-e-radhes\/#primaryimage\",\"url\":\"http:\/\/www.visit-ulcinj.com\/blog\/wp-content\/uploads\/2011\/01\/Nora-Istrefi_photo-by-Avni-Selmani.jpg\",\"contentUrl\":\"http:\/\/www.visit-ulcinj.com\/blog\/wp-content\/uploads\/2011\/01\/Nora-Istrefi_photo-by-Avni-Selmani.jpg\"},{\"@type\":\"WebPage\",\"@id\":\"https:\/\/www.visit-ulcinj.com\/blog\/2011\/01\/07\/nora-istrefi-e-gatshme-per-krijimet-e-radhes\/#webpage\",\"url\":\"https:\/\/www.visit-ulcinj.com\/blog\/2011\/01\/07\/nora-istrefi-e-gatshme-per-krijimet-e-radhes\/\",\"name\":\"Nora Istrefi, e gatshme p\u00ebr krijimet e radh\u00ebs - Lajme nga Ulqini\",\"isPartOf\":{\"@id\":\"https:\/\/www.visit-ulcinj.com\/blog\/#website\"},\"primaryImageOfPage\":{\"@id\":\"https:\/\/www.visit-ulcinj.com\/blog\/2011\/01\/07\/nora-istrefi-e-gatshme-per-krijimet-e-radhes\/#primaryimage\"},\"datePublished\":\"2011-01-07T08:32:51+00:00\",\"dateModified\":\"2011-01-07T08:33:37+00:00\",\"author\":{\"@id\":\"https:\/\/www.visit-ulcinj.com\/blog\/#\/schema\/person\/dcab619c614d3038751c63bc2aadc06d\"},\"description\":\"Pas nj\u00eb morie angazhimesh n\u00eb fundvitin q\u00eb lam\u00eb pas, k\u00ebng\u00ebtarja Nora Istrefi dit\u00ebt e para t\u00eb k\u00ebtij fillimviti ia ka dedikuar pushimit. Thot\u00eb se aktualisht\",\"breadcrumb\":{\"@id\":\"https:\/\/www.visit-ulcinj.com\/blog\/2011\/01\/07\/nora-istrefi-e-gatshme-per-krijimet-e-radhes\/#breadcrumb\"},\"inLanguage\":\"en-US\",\"potentialAction\":[{\"@type\":\"ReadAction\",\"target\":[\"https:\/\/www.visit-ulcinj.com\/blog\/2011\/01\/07\/nora-istrefi-e-gatshme-per-krijimet-e-radhes\/\"]}]},{\"@type\":\"BreadcrumbList\",\"@id\":\"https:\/\/www.visit-ulcinj.com\/blog\/2011\/01\/07\/nora-istrefi-e-gatshme-per-krijimet-e-radhes\/#breadcrumb\",\"itemListElement\":[{\"@type\":\"ListItem\",\"position\":1,\"name\":\"Nora Istrefi, e gatshme p\u00ebr krijimet e radh\u00ebs\"}]},{\"@type\":\"Person\",\"@id\":\"https:\/\/www.visit-ulcinj.com\/blog\/#\/schema\/person\/dcab619c614d3038751c63bc2aadc06d\",\"name\":\"ulqini\",\"sameAs\":[\"http:\/\/www.visit-ulcinj.com\"],\"url\":\"https:\/\/www.visit-ulcinj.com\/blog\/author\/admin\/\"}]}<\/script>\n<!-- \/ Yoast SEO plugin. -->","yoast_head_json":{"title":"Nora Istrefi, e gatshme p\u00ebr krijimet e radh\u00ebs - Lajme nga Ulqini","description":"Pas nj\u00eb morie angazhimesh n\u00eb fundvitin q\u00eb lam\u00eb pas, k\u00ebng\u00ebtarja Nora Istrefi dit\u00ebt e para t\u00eb k\u00ebtij fillimviti ia ka dedikuar pushimit. Thot\u00eb se aktualisht","robots":{"index":"index","follow":"follow","max-snippet":"max-snippet:-1","max-image-preview":"max-image-preview:large","max-video-preview":"max-video-preview:-1"},"canonical":"https:\/\/www.visit-ulcinj.com\/blog\/2011\/01\/07\/nora-istrefi-e-gatshme-per-krijimet-e-radhes\/","og_locale":"en_US","og_type":"article","og_title":"Nora Istrefi, e gatshme p\u00ebr krijimet e radh\u00ebs - Lajme nga Ulqini","og_description":"Pas nj\u00eb morie angazhimesh n\u00eb fundvitin q\u00eb lam\u00eb pas, k\u00ebng\u00ebtarja Nora Istrefi dit\u00ebt e para t\u00eb k\u00ebtij fillimviti ia ka dedikuar pushimit. Thot\u00eb se aktualisht","og_url":"https:\/\/www.visit-ulcinj.com\/blog\/2011\/01\/07\/nora-istrefi-e-gatshme-per-krijimet-e-radhes\/","og_site_name":"Lajme nga Ulqini","article_published_time":"2011-01-07T08:32:51+00:00","article_modified_time":"2011-01-07T08:33:37+00:00","og_image":[{"url":"http:\/\/www.visit-ulcinj.com\/blog\/wp-content\/uploads\/2011\/01\/Nora-Istrefi_photo-by-Avni-Selmani.jpg"}],"twitter_misc":{"Written by":"ulqini","Est. reading time":"3 minutes"},"schema":{"@context":"https:\/\/schema.org","@graph":[{"@type":"WebSite","@id":"https:\/\/www.visit-ulcinj.com\/blog\/#website","url":"https:\/\/www.visit-ulcinj.com\/blog\/","name":"Lajme nga Ulqini","description":"Lajme,Vijesti,Ulqini,Ulqin,Crna Gora,Mali i Zi","potentialAction":[{"@type":"SearchAction","target":{"@type":"EntryPoint","urlTemplate":"https:\/\/www.visit-ulcinj.com\/blog\/?s={search_term_string}"},"query-input":"required name=search_term_string"}],"inLanguage":"en-US"},{"@type":"ImageObject","inLanguage":"en-US","@id":"https:\/\/www.visit-ulcinj.com\/blog\/2011\/01\/07\/nora-istrefi-e-gatshme-per-krijimet-e-radhes\/#primaryimage","url":"http:\/\/www.visit-ulcinj.com\/blog\/wp-content\/uploads\/2011\/01\/Nora-Istrefi_photo-by-Avni-Selmani.jpg","contentUrl":"http:\/\/www.visit-ulcinj.com\/blog\/wp-content\/uploads\/2011\/01\/Nora-Istrefi_photo-by-Avni-Selmani.jpg"},{"@type":"WebPage","@id":"https:\/\/www.visit-ulcinj.com\/blog\/2011\/01\/07\/nora-istrefi-e-gatshme-per-krijimet-e-radhes\/#webpage","url":"https:\/\/www.visit-ulcinj.com\/blog\/2011\/01\/07\/nora-istrefi-e-gatshme-per-krijimet-e-radhes\/","name":"Nora Istrefi, e gatshme p\u00ebr krijimet e radh\u00ebs - Lajme nga Ulqini","isPartOf":{"@id":"https:\/\/www.visit-ulcinj.com\/blog\/#website"},"primaryImageOfPage":{"@id":"https:\/\/www.visit-ulcinj.com\/blog\/2011\/01\/07\/nora-istrefi-e-gatshme-per-krijimet-e-radhes\/#primaryimage"},"datePublished":"2011-01-07T08:32:51+00:00","dateModified":"2011-01-07T08:33:37+00:00","author":{"@id":"https:\/\/www.visit-ulcinj.com\/blog\/#\/schema\/person\/dcab619c614d3038751c63bc2aadc06d"},"description":"Pas nj\u00eb morie angazhimesh n\u00eb fundvitin q\u00eb lam\u00eb pas, k\u00ebng\u00ebtarja Nora Istrefi dit\u00ebt e para t\u00eb k\u00ebtij fillimviti ia ka dedikuar pushimit. Thot\u00eb se aktualisht","breadcrumb":{"@id":"https:\/\/www.visit-ulcinj.com\/blog\/2011\/01\/07\/nora-istrefi-e-gatshme-per-krijimet-e-radhes\/#breadcrumb"},"inLanguage":"en-US","potentialAction":[{"@type":"ReadAction","target":["https:\/\/www.visit-ulcinj.com\/blog\/2011\/01\/07\/nora-istrefi-e-gatshme-per-krijimet-e-radhes\/"]}]},{"@type":"BreadcrumbList","@id":"https:\/\/www.visit-ulcinj.com\/blog\/2011\/01\/07\/nora-istrefi-e-gatshme-per-krijimet-e-radhes\/#breadcrumb","itemListElement":[{"@type":"ListItem","position":1,"name":"Nora Istrefi, e gatshme p\u00ebr krijimet e radh\u00ebs"}]},{"@type":"Person","@id":"https:\/\/www.visit-ulcinj.com\/blog\/#\/schema\/person\/dcab619c614d3038751c63bc2aadc06d","name":"ulqini","sameAs":["http:\/\/www.visit-ulcinj.com"],"url":"https:\/\/www.visit-ulcinj.com\/blog\/author\/admin\/"}]}},"jetpack_featured_media_url":"","jetpack_sharing_enabled":true,"jetpack_shortlink":"https:\/\/wp.me\/pe6lTn-aWy","_links":{"self":[{"href":"https:\/\/www.visit-ulcinj.com\/blog\/wp-json\/wp\/v2\/posts\/42070"}],"collection":[{"href":"https:\/\/www.visit-ulcinj.com\/blog\/wp-json\/wp\/v2\/posts"}],"about":[{"href":"https:\/\/www.visit-ulcinj.com\/blog\/wp-json\/wp\/v2\/types\/post"}],"author":[{"embeddable":true,"href":"https:\/\/www.visit-ulcinj.com\/blog\/wp-json\/wp\/v2\/users\/1"}],"replies":[{"embeddable":true,"href":"https:\/\/www.visit-ulcinj.com\/blog\/wp-json\/wp\/v2\/comments?post=42070"}],"version-history":[{"count":0,"href":"https:\/\/www.visit-ulcinj.com\/blog\/wp-json\/wp\/v2\/posts\/42070\/revisions"}],"wp:attachment":[{"href":"https:\/\/www.visit-ulcinj.com\/blog\/wp-json\/wp\/v2\/media?parent=42070"}],"wp:term":[{"taxonomy":"category","embeddable":true,"href":"https:\/\/www.visit-ulcinj.com\/blog\/wp-json\/wp\/v2\/categories?post=42070"},{"taxonomy":"post_tag","embeddable":true,"href":"https:\/\/www.visit-ulcinj.com\/blog\/wp-json\/wp\/v2\/tags?post=42070"}],"curies":[{"name":"wp","href":"https:\/\/api.w.org\/{rel}","templated":true}]}}