{"id":42074,"date":"2011-01-07T17:47:26","date_gmt":"2011-01-07T16:47:26","guid":{"rendered":"http:\/\/www.visit-ulcinj.com\/blog\/?p=42074"},"modified":"2011-01-08T18:52:37","modified_gmt":"2011-01-08T17:52:37","slug":"regjistrimi-i-popullsise-ne-muajin-prill","status":"publish","type":"post","link":"https:\/\/www.visit-ulcinj.com\/blog\/2011\/01\/07\/regjistrimi-i-popullsise-ne-muajin-prill\/","title":{"rendered":"Regjistrimi i popullsis\u00eb n\u00eb muajin prill"},"content":{"rendered":"<p><a href=\"http:\/\/www.visit-ulcinj.com\/blog\/wp-content\/uploads\/2011\/01\/Regjistrimi-ne-Mal-te-Zi.jpg\"><img loading=\"lazy\" class=\"alignleft size-full wp-image-42075\" title=\"Regjistrimi ne Mal te Zi\" src=\"http:\/\/www.visit-ulcinj.com\/blog\/wp-content\/uploads\/2011\/01\/Regjistrimi-ne-Mal-te-Zi.jpg\" alt=\"\" width=\"201\" height=\"251\" \/><\/a>Regjistrimi i banor\u00ebve, i sht\u00ebpive dhe banesave n\u00eb Mal t\u00eb Zi do t\u00eb realizohet prej 1deri me 15 prill kurse banor\u00ebt do t\u00eb deklarohen edhe p\u00ebr p\u00ebrkat\u00ebsin\u00eb komb\u00ebtare , respektivisht at\u00eb etnike.<\/p>\n<p>Banor\u00ebt do t\u00eb deklarohen p\u00ebr t\u00eb dh\u00ebnat personale , n\u00ebnshtet\u00ebsin\u00eb , fen\u00eb si dhe p\u00ebr gjuhen am\u00ebtare , parashihet me ligjin p\u00ebr regjistrim. K\u00ebt\u00eb regjistrim p\u00ebrgatit dhe e organizon Enti p\u00ebr statistik\u00eb.<\/p>\n<p>Rezultatet e para t\u00eb regjistrimit , n\u00eb lagje , n\u00eb nj\u00ebsit\u00eb e vet\u00ebqeverisjes lokale dhe p\u00ebr territorin e Malit t\u00eb Zi Enti do ti publikoj\u00eb 30 dit\u00eb pas p\u00ebrfundimit t\u00eb regjistrimit. Rezultatet p\u00ebrfundimtare t\u00eb regjistrimit do t\u00eb publikohen prej nj\u00eb janarit t\u00eb vitit 2012 deri me 1 dhjetor t\u00eb vitit 2013.<\/p>\n<p><strong>RTCG<\/strong><\/p>\n<p><strong>SHQIPTARET SA OPTIMISTE PER\u00a0 2011<\/strong><\/p>\n<p><strong>Data: 06-01-2011<\/strong><\/p>\n<p><strong>Te ftuar:<\/strong><br \/>\nMimoza Kusari &#8211; N\/Kryetare e Aleances per Kosoven e Re<br \/>\nMendu Thaci &#8211; Kryetar i Partise Demokratike te Shqiptareve te Maqedonise<br \/>\nFerat Dinosha &#8211; Kryetar i Unionit Demokratik te Shqiptareve te Malit te Zi<br \/>\nGenc Ruli &#8211; Minister i Bujqesise<br \/>\nBlendi Klosi &#8211; Deputet i PS<br \/>\nMark Marku &#8211; Deputet i PD<\/p>\n<p><strong>[flv]http:\/\/video.tvklan.tv\/emisione\/2600.flv[\/flv]<br \/>\n<\/strong><\/p>\n","protected":false},"excerpt":{"rendered":"<p>Regjistrimi i banor\u00ebve, i sht\u00ebpive dhe banesave n\u00eb Mal t\u00eb Zi do t\u00eb realizohet prej 1deri me 15 prill kurse banor\u00ebt do t\u00eb deklarohen edhe p\u00ebr p\u00ebrkat\u00ebsin\u00eb komb\u00ebtare , respektivisht at\u00eb etnike. Banor\u00ebt do t\u00eb deklarohen p\u00ebr t\u00eb dh\u00ebnat personale , n\u00ebnshtet\u00ebsin\u00eb , fen\u00eb si dhe p\u00ebr gjuhen am\u00ebtare , parashihet me ligjin p\u00ebr regjistrim. [&hellip;]<\/p>\n","protected":false},"author":1,"featured_media":0,"comment_status":"open","ping_status":"closed","sticky":false,"template":"","format":"standard","meta":{"spay_email":"","jetpack_publicize_message":"","jetpack_is_tweetstorm":false,"jetpack_publicize_feature_enabled":true},"categories":[11],"tags":[15128],"jetpack_publicize_connections":[],"yoast_head":"<!-- This site is optimized with the Yoast SEO plugin v19.1 - https:\/\/yoast.com\/wordpress\/plugins\/seo\/ -->\n<title>Regjistrimi i popullsis\u00eb n\u00eb muajin prill - Lajme nga Ulqini<\/title>\n<meta name=\"description\" content=\"Regjistrimi i banor\u00ebve, i sht\u00ebpive dhe banesave n\u00eb Mal t\u00eb Zi do t\u00eb realizohet prej 1deri me 15 prill kurse banor\u00ebt do t\u00eb deklarohen edhe p\u00ebr p\u00ebrkat\u00ebsin\u00eb\" \/>\n<meta name=\"robots\" content=\"index, follow, max-snippet:-1, max-image-preview:large, max-video-preview:-1\" \/>\n<link rel=\"canonical\" href=\"https:\/\/www.visit-ulcinj.com\/blog\/2011\/01\/07\/regjistrimi-i-popullsise-ne-muajin-prill\/\" \/>\n<meta property=\"og:locale\" content=\"en_US\" \/>\n<meta property=\"og:type\" content=\"article\" \/>\n<meta property=\"og:title\" content=\"Regjistrimi i popullsis\u00eb n\u00eb muajin prill - Lajme nga Ulqini\" \/>\n<meta property=\"og:description\" content=\"Regjistrimi i banor\u00ebve, i sht\u00ebpive dhe banesave n\u00eb Mal t\u00eb Zi do t\u00eb realizohet prej 1deri me 15 prill kurse banor\u00ebt do t\u00eb deklarohen edhe p\u00ebr p\u00ebrkat\u00ebsin\u00eb\" \/>\n<meta property=\"og:url\" content=\"https:\/\/www.visit-ulcinj.com\/blog\/2011\/01\/07\/regjistrimi-i-popullsise-ne-muajin-prill\/\" \/>\n<meta property=\"og:site_name\" content=\"Lajme nga Ulqini\" \/>\n<meta property=\"article:published_time\" content=\"2011-01-07T16:47:26+00:00\" \/>\n<meta property=\"article:modified_time\" content=\"2011-01-08T17:52:37+00:00\" \/>\n<meta property=\"og:image\" content=\"http:\/\/www.visit-ulcinj.com\/blog\/wp-content\/uploads\/2011\/01\/Regjistrimi-ne-Mal-te-Zi.jpg\" \/>\n<meta name=\"twitter:label1\" content=\"Written by\" \/>\n\t<meta name=\"twitter:data1\" content=\"ulqini\" \/>\n\t<meta name=\"twitter:label2\" content=\"Est. reading time\" \/>\n\t<meta name=\"twitter:data2\" content=\"1 minute\" \/>\n<script type=\"application\/ld+json\" class=\"yoast-schema-graph\">{\"@context\":\"https:\/\/schema.org\",\"@graph\":[{\"@type\":\"WebSite\",\"@id\":\"https:\/\/www.visit-ulcinj.com\/blog\/#website\",\"url\":\"https:\/\/www.visit-ulcinj.com\/blog\/\",\"name\":\"Lajme nga Ulqini\",\"description\":\"Lajme,Vijesti,Ulqini,Ulqin,Crna Gora,Mali i Zi\",\"potentialAction\":[{\"@type\":\"SearchAction\",\"target\":{\"@type\":\"EntryPoint\",\"urlTemplate\":\"https:\/\/www.visit-ulcinj.com\/blog\/?s={search_term_string}\"},\"query-input\":\"required name=search_term_string\"}],\"inLanguage\":\"en-US\"},{\"@type\":\"ImageObject\",\"inLanguage\":\"en-US\",\"@id\":\"https:\/\/www.visit-ulcinj.com\/blog\/2011\/01\/07\/regjistrimi-i-popullsise-ne-muajin-prill\/#primaryimage\",\"url\":\"https:\/\/www.visit-ulcinj.com\/blog\/wp-content\/uploads\/2011\/01\/Regjistrimi-ne-Mal-te-Zi.jpg\",\"contentUrl\":\"https:\/\/www.visit-ulcinj.com\/blog\/wp-content\/uploads\/2011\/01\/Regjistrimi-ne-Mal-te-Zi.jpg\",\"width\":\"201\",\"height\":\"251\"},{\"@type\":\"WebPage\",\"@id\":\"https:\/\/www.visit-ulcinj.com\/blog\/2011\/01\/07\/regjistrimi-i-popullsise-ne-muajin-prill\/#webpage\",\"url\":\"https:\/\/www.visit-ulcinj.com\/blog\/2011\/01\/07\/regjistrimi-i-popullsise-ne-muajin-prill\/\",\"name\":\"Regjistrimi i popullsis\u00eb n\u00eb muajin prill - Lajme nga Ulqini\",\"isPartOf\":{\"@id\":\"https:\/\/www.visit-ulcinj.com\/blog\/#website\"},\"primaryImageOfPage\":{\"@id\":\"https:\/\/www.visit-ulcinj.com\/blog\/2011\/01\/07\/regjistrimi-i-popullsise-ne-muajin-prill\/#primaryimage\"},\"datePublished\":\"2011-01-07T16:47:26+00:00\",\"dateModified\":\"2011-01-08T17:52:37+00:00\",\"author\":{\"@id\":\"https:\/\/www.visit-ulcinj.com\/blog\/#\/schema\/person\/dcab619c614d3038751c63bc2aadc06d\"},\"description\":\"Regjistrimi i banor\u00ebve, i sht\u00ebpive dhe banesave n\u00eb Mal t\u00eb Zi do t\u00eb realizohet prej 1deri me 15 prill kurse banor\u00ebt do t\u00eb deklarohen edhe p\u00ebr p\u00ebrkat\u00ebsin\u00eb\",\"breadcrumb\":{\"@id\":\"https:\/\/www.visit-ulcinj.com\/blog\/2011\/01\/07\/regjistrimi-i-popullsise-ne-muajin-prill\/#breadcrumb\"},\"inLanguage\":\"en-US\",\"potentialAction\":[{\"@type\":\"ReadAction\",\"target\":[\"https:\/\/www.visit-ulcinj.com\/blog\/2011\/01\/07\/regjistrimi-i-popullsise-ne-muajin-prill\/\"]}]},{\"@type\":\"BreadcrumbList\",\"@id\":\"https:\/\/www.visit-ulcinj.com\/blog\/2011\/01\/07\/regjistrimi-i-popullsise-ne-muajin-prill\/#breadcrumb\",\"itemListElement\":[{\"@type\":\"ListItem\",\"position\":1,\"name\":\"Regjistrimi i popullsis\u00eb n\u00eb muajin prill\"}]},{\"@type\":\"Person\",\"@id\":\"https:\/\/www.visit-ulcinj.com\/blog\/#\/schema\/person\/dcab619c614d3038751c63bc2aadc06d\",\"name\":\"ulqini\",\"sameAs\":[\"http:\/\/www.visit-ulcinj.com\"],\"url\":\"https:\/\/www.visit-ulcinj.com\/blog\/author\/admin\/\"}]}<\/script>\n<!-- \/ Yoast SEO plugin. -->","yoast_head_json":{"title":"Regjistrimi i popullsis\u00eb n\u00eb muajin prill - Lajme nga Ulqini","description":"Regjistrimi i banor\u00ebve, i sht\u00ebpive dhe banesave n\u00eb Mal t\u00eb Zi do t\u00eb realizohet prej 1deri me 15 prill kurse banor\u00ebt do t\u00eb deklarohen edhe p\u00ebr p\u00ebrkat\u00ebsin\u00eb","robots":{"index":"index","follow":"follow","max-snippet":"max-snippet:-1","max-image-preview":"max-image-preview:large","max-video-preview":"max-video-preview:-1"},"canonical":"https:\/\/www.visit-ulcinj.com\/blog\/2011\/01\/07\/regjistrimi-i-popullsise-ne-muajin-prill\/","og_locale":"en_US","og_type":"article","og_title":"Regjistrimi i popullsis\u00eb n\u00eb muajin prill - Lajme nga Ulqini","og_description":"Regjistrimi i banor\u00ebve, i sht\u00ebpive dhe banesave n\u00eb Mal t\u00eb Zi do t\u00eb realizohet prej 1deri me 15 prill kurse banor\u00ebt do t\u00eb deklarohen edhe p\u00ebr p\u00ebrkat\u00ebsin\u00eb","og_url":"https:\/\/www.visit-ulcinj.com\/blog\/2011\/01\/07\/regjistrimi-i-popullsise-ne-muajin-prill\/","og_site_name":"Lajme nga Ulqini","article_published_time":"2011-01-07T16:47:26+00:00","article_modified_time":"2011-01-08T17:52:37+00:00","og_image":[{"url":"http:\/\/www.visit-ulcinj.com\/blog\/wp-content\/uploads\/2011\/01\/Regjistrimi-ne-Mal-te-Zi.jpg"}],"twitter_misc":{"Written by":"ulqini","Est. reading time":"1 minute"},"schema":{"@context":"https:\/\/schema.org","@graph":[{"@type":"WebSite","@id":"https:\/\/www.visit-ulcinj.com\/blog\/#website","url":"https:\/\/www.visit-ulcinj.com\/blog\/","name":"Lajme nga Ulqini","description":"Lajme,Vijesti,Ulqini,Ulqin,Crna Gora,Mali i Zi","potentialAction":[{"@type":"SearchAction","target":{"@type":"EntryPoint","urlTemplate":"https:\/\/www.visit-ulcinj.com\/blog\/?s={search_term_string}"},"query-input":"required name=search_term_string"}],"inLanguage":"en-US"},{"@type":"ImageObject","inLanguage":"en-US","@id":"https:\/\/www.visit-ulcinj.com\/blog\/2011\/01\/07\/regjistrimi-i-popullsise-ne-muajin-prill\/#primaryimage","url":"https:\/\/www.visit-ulcinj.com\/blog\/wp-content\/uploads\/2011\/01\/Regjistrimi-ne-Mal-te-Zi.jpg","contentUrl":"https:\/\/www.visit-ulcinj.com\/blog\/wp-content\/uploads\/2011\/01\/Regjistrimi-ne-Mal-te-Zi.jpg","width":"201","height":"251"},{"@type":"WebPage","@id":"https:\/\/www.visit-ulcinj.com\/blog\/2011\/01\/07\/regjistrimi-i-popullsise-ne-muajin-prill\/#webpage","url":"https:\/\/www.visit-ulcinj.com\/blog\/2011\/01\/07\/regjistrimi-i-popullsise-ne-muajin-prill\/","name":"Regjistrimi i popullsis\u00eb n\u00eb muajin prill - Lajme nga Ulqini","isPartOf":{"@id":"https:\/\/www.visit-ulcinj.com\/blog\/#website"},"primaryImageOfPage":{"@id":"https:\/\/www.visit-ulcinj.com\/blog\/2011\/01\/07\/regjistrimi-i-popullsise-ne-muajin-prill\/#primaryimage"},"datePublished":"2011-01-07T16:47:26+00:00","dateModified":"2011-01-08T17:52:37+00:00","author":{"@id":"https:\/\/www.visit-ulcinj.com\/blog\/#\/schema\/person\/dcab619c614d3038751c63bc2aadc06d"},"description":"Regjistrimi i banor\u00ebve, i sht\u00ebpive dhe banesave n\u00eb Mal t\u00eb Zi do t\u00eb realizohet prej 1deri me 15 prill kurse banor\u00ebt do t\u00eb deklarohen edhe p\u00ebr p\u00ebrkat\u00ebsin\u00eb","breadcrumb":{"@id":"https:\/\/www.visit-ulcinj.com\/blog\/2011\/01\/07\/regjistrimi-i-popullsise-ne-muajin-prill\/#breadcrumb"},"inLanguage":"en-US","potentialAction":[{"@type":"ReadAction","target":["https:\/\/www.visit-ulcinj.com\/blog\/2011\/01\/07\/regjistrimi-i-popullsise-ne-muajin-prill\/"]}]},{"@type":"BreadcrumbList","@id":"https:\/\/www.visit-ulcinj.com\/blog\/2011\/01\/07\/regjistrimi-i-popullsise-ne-muajin-prill\/#breadcrumb","itemListElement":[{"@type":"ListItem","position":1,"name":"Regjistrimi i popullsis\u00eb n\u00eb muajin prill"}]},{"@type":"Person","@id":"https:\/\/www.visit-ulcinj.com\/blog\/#\/schema\/person\/dcab619c614d3038751c63bc2aadc06d","name":"ulqini","sameAs":["http:\/\/www.visit-ulcinj.com"],"url":"https:\/\/www.visit-ulcinj.com\/blog\/author\/admin\/"}]}},"jetpack_featured_media_url":"","jetpack_sharing_enabled":true,"jetpack_shortlink":"https:\/\/wp.me\/pe6lTn-aWC","_links":{"self":[{"href":"https:\/\/www.visit-ulcinj.com\/blog\/wp-json\/wp\/v2\/posts\/42074"}],"collection":[{"href":"https:\/\/www.visit-ulcinj.com\/blog\/wp-json\/wp\/v2\/posts"}],"about":[{"href":"https:\/\/www.visit-ulcinj.com\/blog\/wp-json\/wp\/v2\/types\/post"}],"author":[{"embeddable":true,"href":"https:\/\/www.visit-ulcinj.com\/blog\/wp-json\/wp\/v2\/users\/1"}],"replies":[{"embeddable":true,"href":"https:\/\/www.visit-ulcinj.com\/blog\/wp-json\/wp\/v2\/comments?post=42074"}],"version-history":[{"count":0,"href":"https:\/\/www.visit-ulcinj.com\/blog\/wp-json\/wp\/v2\/posts\/42074\/revisions"}],"wp:attachment":[{"href":"https:\/\/www.visit-ulcinj.com\/blog\/wp-json\/wp\/v2\/media?parent=42074"}],"wp:term":[{"taxonomy":"category","embeddable":true,"href":"https:\/\/www.visit-ulcinj.com\/blog\/wp-json\/wp\/v2\/categories?post=42074"},{"taxonomy":"post_tag","embeddable":true,"href":"https:\/\/www.visit-ulcinj.com\/blog\/wp-json\/wp\/v2\/tags?post=42074"}],"curies":[{"name":"wp","href":"https:\/\/api.w.org\/{rel}","templated":true}]}}