{"id":42078,"date":"2011-01-07T18:03:55","date_gmt":"2011-01-07T17:03:55","guid":{"rendered":"http:\/\/www.visit-ulcinj.com\/blog\/?p=42078"},"modified":"2011-01-07T18:07:35","modified_gmt":"2011-01-07T17:07:35","slug":"kritika-ne-adrese-te-gabuar-musa-gjoka","status":"publish","type":"post","link":"https:\/\/www.visit-ulcinj.com\/blog\/2011\/01\/07\/kritika-ne-adrese-te-gabuar-musa-gjoka\/","title":{"rendered":"Kritika n\u00eb adres\u00eb t\u00eb gabuar &#8211; Musa Gjoka"},"content":{"rendered":"<p><a href=\"http:\/\/www.visit-ulcinj.com\/blog\/wp-content\/uploads\/2011\/01\/Musa-Gjoka.jpg\"><img loading=\"lazy\" class=\"alignleft size-full wp-image-42079\" title=\"Musa Gjoka\" src=\"http:\/\/www.visit-ulcinj.com\/blog\/wp-content\/uploads\/2011\/01\/Musa-Gjoka.jpg\" alt=\"\" width=\"400\" height=\"520\" \/><\/a>Vendimi mbi ndarjen e mjeteve n\u00eb konkursin e Fondit t\u00eb pakicave (publikimi i rezultateve t\u00eb k\u00ebtij vendimi) ishte tem\u00eb kujdestare e para dy jav\u00ebve n\u00eb mediet si n\u00eb gjuh\u00ebn malazeze ashtu edhe n\u00eb disa shqipe. U shkrua dhe u fol shum\u00eb n\u00eb k\u00ebt\u00eb tem\u00eb, u than\u00eb kritika t\u00eb ashpra por t\u00eb cilat i konsideroi q\u00ebllimmira, sepse kur kritikohet puna e kujtdo qoft\u00eb, n\u00eb k\u00ebt\u00eb rast edhe imja, ndikon q\u00eb n\u00eb t\u00eb ardhmen t\u00eb p\u00ebrmir\u00ebsohen gabimet eventuale, dhe rezultatet t\u00eb jen\u00eb m\u00eb t\u00eb frytshme. Mir\u00ebpo, n\u00eb disa raste u tejkaluan kufijt\u00eb e shijes s\u00eb mir\u00eb dhe u p\u00ebrdoren etiketime t\u00eb pabaza, shpifje dhe akuza pa fakte t\u00eb cilat flasin m\u00eb shum\u00eb p\u00ebr ata q\u00eb i drejtojn\u00eb. P\u00ebr hir t\u00eb s\u00eb v\u00ebrtet\u00ebs dua t\u00eb jap disa sqarime n\u00eb lidhje me pun\u00ebn e K\u00ebshillit drejtues t\u00eb Fondit t\u00eb pakicave n\u00eb rastin e vendimit n\u00eb konkursin p\u00ebr ndarjen e mjeteve p\u00ebr vitin 2010, dhe jo vet\u00eb n\u00eb k\u00ebt\u00eb.<\/p>\n<p>N\u00eb konkurs p\u00ebr ndarjen e mjeteve n\u00eb shum\u00ebn prej 850.000 euro sa ishin n\u00eb dispozicion, n\u00eb zyre t\u00eb Fondit t\u00eb pakicave arrit\u00ebn 282 projekte t\u00eb individ\u00ebve, institucioneve dhe organizatave t\u00eb ndryshme. Si projekte q\u00eb tem\u00eb kishin ruajtjen e identitetit shqiptar\u00eb i identifikuam diku rreth 90 sish. Shuma e p\u00ebrgjithshme e mjeteve q\u00eb k\u00ebrkoheshin me projekte t\u00eb identifikuara si shqiptare ishte diku rreth 550.000 euro. Me vendim mbi ndarjen e mjeteve t\u00eb Fondit t\u00eb Pakicave p\u00ebr projektet shqiptare ishin t\u00eb parapara 85.000 euro. Duke u udh\u00ebhequr nga principet n\u00eb baz\u00eb t\u00eb cilave \u00ebsht\u00eb formuar ky institucion brenda k\u00ebsaj shum\u00eb mjetesh, mb\u00ebshtetje t\u00eb pjesshme apo t\u00eb plot fituan 50 projekte. N\u00eb munges\u00eb t\u00eb mjeteve t\u00eb mjaftuara u detyruam q\u00eb prioritet tu japim projekteve q\u00eb u publikuan n\u00eb web faqe t\u00eb Fondit dhe n\u00eb disa mjete t\u00eb informimit, duke mos e mohuar vler\u00ebn e atyre q\u00eb k\u00ebsaj radhe nuk fituan mb\u00ebshtetjen e Fondit. T\u00eb gjitha projektet e arritura, n\u00eb k\u00ebshillin drejtues u shqyrtuan ve\u00e7 e ve\u00e7 duke u vler\u00ebsuar nga \u00e7do an\u00ebtar\u00eb prezent. Projektet n\u00eb gjuh\u00ebn shqipe u p\u00ebrkthyen me q\u00ebllim q\u00eb \u00e7do an\u00ebtar\u00eb i K\u00ebshillit q\u00eb nuk e zoton k\u00ebt\u00eb gjuh\u00eb t\u00eb ket\u00eb mund\u00ebsi t\u00eb njoftohet me p\u00ebrmbajtjen dhe t\u00eb b\u00ebj\u00eb vler\u00ebsimin e tyre. V\u00ebrejtja mbi p\u00ebrkthimin e formularit p\u00ebr aplikim dhe t\u00eb teksteve n\u00eb gjuh\u00ebn shqipe n\u00eb Web faqen e Fondit q\u00ebndron (p\u00ebrkthimi \u00ebsht\u00eb b\u00ebr\u00eb me an\u00eb t\u00eb translate.google), mir\u00ebpo kjo mund t\u00eb arsyetohet me munges\u00eb t\u00eb njoh\u00ebsit t\u00eb gjuh\u00ebs shqipe n\u00eb stafin e Fondit p\u00ebr \u00e7ka edhe kemi t\u00ebrhequr v\u00ebrejtje dhe presim zgjidhje t\u00eb shpejt. T\u00eb p\u00ebrkujtoi lexuesit e nderuar se K\u00ebshillin drejtues t\u00eb Fondit e p\u00ebrb\u00ebjn\u00eb 15 an\u00ebtar, 6 jan\u00eb p\u00ebrfaq\u00ebsues t\u00eb k\u00ebshillave nacional, nj\u00eb \u00ebsht\u00eb p\u00ebrfaq\u00ebsuesi i ministris\u00eb s\u00eb Pakicave kurse 8 an\u00ebtar\u00eb t\u00eb tjer\u00eb jan\u00eb nga radh\u00ebt e deputet\u00ebve t\u00eb Kuvendit t\u00eb Malit t\u00eb Zi. Shqiptar\u00eb n\u00eb Fond jemi un\u00eb si p\u00ebrfaq\u00ebsues i KNSH-s\u00eb dhe Mehmet Bardhi e Halil Dukoviqi nga radh\u00ebt e deputet\u00ebve. K\u00ebshilli Nacional i Shqiptar\u00ebve n\u00eb k\u00ebt\u00eb konkurs u paraqit me 13 projekte prej t\u00eb cilave 5 u hedh\u00ebn posht\u00eb p\u00ebr shkaqe t\u00eb p\u00ebrmendura m\u00eb sip\u00ebr, kurse 8 u mb\u00ebshtet\u00ebn pjes\u00ebrisht.<br \/>\n<a href=\"http:\/\/www.fzm.me\/aktuelnosti.html\" target=\"_blank\"><img loading=\"lazy\" class=\"alignleft size-full wp-image-42082\" title=\"Fondi per pakica ne mal te zi\" src=\"http:\/\/www.visit-ulcinj.com\/blog\/wp-content\/uploads\/2011\/01\/Fondi-per-pakica-ne-mal-te-zi.jpg\" alt=\"\" width=\"507\" height=\"113\" \/><\/a>P\u00ebrgjegj\u00ebs p\u00ebr realizimin e t\u00eb gjitha projekteve \u00ebsht\u00eb kryetari i KNSH-s\u00eb, i cili pastaj cakton se kush do t\u00eb punoi n\u00eb realizimin e tyre, dhe kuptohet t\u00eb gjitha mjetet jan\u00eb t\u00eb deponuara n\u00eb xhirollogari t\u00eb tij . Emri dhe shuma e t\u00eb gjitha projekteve jan\u00eb t\u00eb publikuara n\u00eb web faqen e Fondit www.fzm.me. Kritikat q\u00eb i drejtohen KNSH-s\u00eb p\u00ebr ndarjen e mjeteve t\u00eb Fondit jan\u00eb n\u00eb adres\u00eb t\u00eb gabuar sepse i vetmi ndikim q\u00eb ka ky organiz\u00ebm \u00ebsht\u00eb p\u00ebrmes meje si nj\u00eb nga 15 an\u00ebtar\u00eb t\u00eb barabart\u00eb. Shpresoi se me k\u00ebt\u00eb tekst sadopak kam kontribuar q\u00eb t\u00eb sqaroi disa dilema rreth ndarjes s\u00eb mjeteve t\u00eb Fondit t\u00eb Pakicave p\u00ebr vitin 2010.<\/p>\n<p><strong>Musa Gjoka (an\u00ebtar i K\u00ebshillit drejtues t\u00eb Fondit t\u00eb Pakicave)<\/strong><\/p>\n<p><strong>Malesia.org<\/strong><\/p>\n","protected":false},"excerpt":{"rendered":"<p>Vendimi mbi ndarjen e mjeteve n\u00eb konkursin e Fondit t\u00eb pakicave (publikimi i rezultateve t\u00eb k\u00ebtij vendimi) ishte tem\u00eb kujdestare e para dy jav\u00ebve n\u00eb mediet si n\u00eb gjuh\u00ebn malazeze ashtu edhe n\u00eb disa shqipe. U shkrua dhe u fol shum\u00eb n\u00eb k\u00ebt\u00eb tem\u00eb, u than\u00eb kritika t\u00eb ashpra por t\u00eb cilat i konsideroi q\u00ebllimmira, [&hellip;]<\/p>\n","protected":false},"author":1,"featured_media":0,"comment_status":"open","ping_status":"closed","sticky":false,"template":"","format":"standard","meta":{"spay_email":"","jetpack_publicize_message":"","jetpack_is_tweetstorm":false,"jetpack_publicize_feature_enabled":true},"categories":[14],"tags":[16869,957],"jetpack_publicize_connections":[],"yoast_head":"<!-- This site is optimized with the Yoast SEO plugin v19.1 - https:\/\/yoast.com\/wordpress\/plugins\/seo\/ -->\n<title>Kritika n\u00eb adres\u00eb t\u00eb gabuar - Musa Gjoka - Lajme nga Ulqini<\/title>\n<meta name=\"description\" content=\"Vendimi mbi ndarjen e mjeteve n\u00eb konkursin e Fondit t\u00eb pakicave (publikimi i rezultateve t\u00eb k\u00ebtij vendimi) ishte tem\u00eb kujdestare e para dy jav\u00ebve n\u00eb\" \/>\n<meta name=\"robots\" content=\"index, follow, max-snippet:-1, max-image-preview:large, max-video-preview:-1\" \/>\n<link rel=\"canonical\" href=\"https:\/\/www.visit-ulcinj.com\/blog\/2011\/01\/07\/kritika-ne-adrese-te-gabuar-musa-gjoka\/\" \/>\n<meta property=\"og:locale\" content=\"en_US\" \/>\n<meta property=\"og:type\" content=\"article\" \/>\n<meta property=\"og:title\" content=\"Kritika n\u00eb adres\u00eb t\u00eb gabuar - Musa Gjoka - Lajme nga Ulqini\" \/>\n<meta property=\"og:description\" content=\"Vendimi mbi ndarjen e mjeteve n\u00eb konkursin e Fondit t\u00eb pakicave (publikimi i rezultateve t\u00eb k\u00ebtij vendimi) ishte tem\u00eb kujdestare e para dy jav\u00ebve n\u00eb\" \/>\n<meta property=\"og:url\" content=\"https:\/\/www.visit-ulcinj.com\/blog\/2011\/01\/07\/kritika-ne-adrese-te-gabuar-musa-gjoka\/\" \/>\n<meta property=\"og:site_name\" content=\"Lajme nga Ulqini\" \/>\n<meta property=\"article:published_time\" content=\"2011-01-07T17:03:55+00:00\" \/>\n<meta property=\"article:modified_time\" content=\"2011-01-07T17:07:35+00:00\" \/>\n<meta property=\"og:image\" content=\"http:\/\/www.visit-ulcinj.com\/blog\/wp-content\/uploads\/2011\/01\/Musa-Gjoka.jpg\" \/>\n<meta name=\"twitter:label1\" content=\"Written by\" \/>\n\t<meta name=\"twitter:data1\" content=\"ulqini\" \/>\n\t<meta name=\"twitter:label2\" content=\"Est. reading time\" \/>\n\t<meta name=\"twitter:data2\" content=\"4 minutes\" \/>\n<script type=\"application\/ld+json\" class=\"yoast-schema-graph\">{\"@context\":\"https:\/\/schema.org\",\"@graph\":[{\"@type\":\"WebSite\",\"@id\":\"https:\/\/www.visit-ulcinj.com\/blog\/#website\",\"url\":\"https:\/\/www.visit-ulcinj.com\/blog\/\",\"name\":\"Lajme nga Ulqini\",\"description\":\"Lajme,Vijesti,Ulqini,Ulqin,Crna Gora,Mali i Zi\",\"potentialAction\":[{\"@type\":\"SearchAction\",\"target\":{\"@type\":\"EntryPoint\",\"urlTemplate\":\"https:\/\/www.visit-ulcinj.com\/blog\/?s={search_term_string}\"},\"query-input\":\"required name=search_term_string\"}],\"inLanguage\":\"en-US\"},{\"@type\":\"ImageObject\",\"inLanguage\":\"en-US\",\"@id\":\"https:\/\/www.visit-ulcinj.com\/blog\/2011\/01\/07\/kritika-ne-adrese-te-gabuar-musa-gjoka\/#primaryimage\",\"url\":\"https:\/\/www.visit-ulcinj.com\/blog\/wp-content\/uploads\/2011\/01\/Musa-Gjoka.jpg\",\"contentUrl\":\"https:\/\/www.visit-ulcinj.com\/blog\/wp-content\/uploads\/2011\/01\/Musa-Gjoka.jpg\",\"width\":\"453\",\"height\":\"604\"},{\"@type\":\"WebPage\",\"@id\":\"https:\/\/www.visit-ulcinj.com\/blog\/2011\/01\/07\/kritika-ne-adrese-te-gabuar-musa-gjoka\/#webpage\",\"url\":\"https:\/\/www.visit-ulcinj.com\/blog\/2011\/01\/07\/kritika-ne-adrese-te-gabuar-musa-gjoka\/\",\"name\":\"Kritika n\u00eb adres\u00eb t\u00eb gabuar - Musa Gjoka - Lajme nga Ulqini\",\"isPartOf\":{\"@id\":\"https:\/\/www.visit-ulcinj.com\/blog\/#website\"},\"primaryImageOfPage\":{\"@id\":\"https:\/\/www.visit-ulcinj.com\/blog\/2011\/01\/07\/kritika-ne-adrese-te-gabuar-musa-gjoka\/#primaryimage\"},\"datePublished\":\"2011-01-07T17:03:55+00:00\",\"dateModified\":\"2011-01-07T17:07:35+00:00\",\"author\":{\"@id\":\"https:\/\/www.visit-ulcinj.com\/blog\/#\/schema\/person\/dcab619c614d3038751c63bc2aadc06d\"},\"description\":\"Vendimi mbi ndarjen e mjeteve n\u00eb konkursin e Fondit t\u00eb pakicave (publikimi i rezultateve t\u00eb k\u00ebtij vendimi) ishte tem\u00eb kujdestare e para dy jav\u00ebve n\u00eb\",\"breadcrumb\":{\"@id\":\"https:\/\/www.visit-ulcinj.com\/blog\/2011\/01\/07\/kritika-ne-adrese-te-gabuar-musa-gjoka\/#breadcrumb\"},\"inLanguage\":\"en-US\",\"potentialAction\":[{\"@type\":\"ReadAction\",\"target\":[\"https:\/\/www.visit-ulcinj.com\/blog\/2011\/01\/07\/kritika-ne-adrese-te-gabuar-musa-gjoka\/\"]}]},{\"@type\":\"BreadcrumbList\",\"@id\":\"https:\/\/www.visit-ulcinj.com\/blog\/2011\/01\/07\/kritika-ne-adrese-te-gabuar-musa-gjoka\/#breadcrumb\",\"itemListElement\":[{\"@type\":\"ListItem\",\"position\":1,\"name\":\"Kritika n\u00eb adres\u00eb t\u00eb gabuar &#8211; Musa Gjoka\"}]},{\"@type\":\"Person\",\"@id\":\"https:\/\/www.visit-ulcinj.com\/blog\/#\/schema\/person\/dcab619c614d3038751c63bc2aadc06d\",\"name\":\"ulqini\",\"sameAs\":[\"http:\/\/www.visit-ulcinj.com\"],\"url\":\"https:\/\/www.visit-ulcinj.com\/blog\/author\/admin\/\"}]}<\/script>\n<!-- \/ Yoast SEO plugin. -->","yoast_head_json":{"title":"Kritika n\u00eb adres\u00eb t\u00eb gabuar - Musa Gjoka - Lajme nga Ulqini","description":"Vendimi mbi ndarjen e mjeteve n\u00eb konkursin e Fondit t\u00eb pakicave (publikimi i rezultateve t\u00eb k\u00ebtij vendimi) ishte tem\u00eb kujdestare e para dy jav\u00ebve n\u00eb","robots":{"index":"index","follow":"follow","max-snippet":"max-snippet:-1","max-image-preview":"max-image-preview:large","max-video-preview":"max-video-preview:-1"},"canonical":"https:\/\/www.visit-ulcinj.com\/blog\/2011\/01\/07\/kritika-ne-adrese-te-gabuar-musa-gjoka\/","og_locale":"en_US","og_type":"article","og_title":"Kritika n\u00eb adres\u00eb t\u00eb gabuar - Musa Gjoka - Lajme nga Ulqini","og_description":"Vendimi mbi ndarjen e mjeteve n\u00eb konkursin e Fondit t\u00eb pakicave (publikimi i rezultateve t\u00eb k\u00ebtij vendimi) ishte tem\u00eb kujdestare e para dy jav\u00ebve n\u00eb","og_url":"https:\/\/www.visit-ulcinj.com\/blog\/2011\/01\/07\/kritika-ne-adrese-te-gabuar-musa-gjoka\/","og_site_name":"Lajme nga Ulqini","article_published_time":"2011-01-07T17:03:55+00:00","article_modified_time":"2011-01-07T17:07:35+00:00","og_image":[{"url":"http:\/\/www.visit-ulcinj.com\/blog\/wp-content\/uploads\/2011\/01\/Musa-Gjoka.jpg"}],"twitter_misc":{"Written by":"ulqini","Est. reading time":"4 minutes"},"schema":{"@context":"https:\/\/schema.org","@graph":[{"@type":"WebSite","@id":"https:\/\/www.visit-ulcinj.com\/blog\/#website","url":"https:\/\/www.visit-ulcinj.com\/blog\/","name":"Lajme nga Ulqini","description":"Lajme,Vijesti,Ulqini,Ulqin,Crna Gora,Mali i Zi","potentialAction":[{"@type":"SearchAction","target":{"@type":"EntryPoint","urlTemplate":"https:\/\/www.visit-ulcinj.com\/blog\/?s={search_term_string}"},"query-input":"required name=search_term_string"}],"inLanguage":"en-US"},{"@type":"ImageObject","inLanguage":"en-US","@id":"https:\/\/www.visit-ulcinj.com\/blog\/2011\/01\/07\/kritika-ne-adrese-te-gabuar-musa-gjoka\/#primaryimage","url":"https:\/\/www.visit-ulcinj.com\/blog\/wp-content\/uploads\/2011\/01\/Musa-Gjoka.jpg","contentUrl":"https:\/\/www.visit-ulcinj.com\/blog\/wp-content\/uploads\/2011\/01\/Musa-Gjoka.jpg","width":"453","height":"604"},{"@type":"WebPage","@id":"https:\/\/www.visit-ulcinj.com\/blog\/2011\/01\/07\/kritika-ne-adrese-te-gabuar-musa-gjoka\/#webpage","url":"https:\/\/www.visit-ulcinj.com\/blog\/2011\/01\/07\/kritika-ne-adrese-te-gabuar-musa-gjoka\/","name":"Kritika n\u00eb adres\u00eb t\u00eb gabuar - Musa Gjoka - Lajme nga Ulqini","isPartOf":{"@id":"https:\/\/www.visit-ulcinj.com\/blog\/#website"},"primaryImageOfPage":{"@id":"https:\/\/www.visit-ulcinj.com\/blog\/2011\/01\/07\/kritika-ne-adrese-te-gabuar-musa-gjoka\/#primaryimage"},"datePublished":"2011-01-07T17:03:55+00:00","dateModified":"2011-01-07T17:07:35+00:00","author":{"@id":"https:\/\/www.visit-ulcinj.com\/blog\/#\/schema\/person\/dcab619c614d3038751c63bc2aadc06d"},"description":"Vendimi mbi ndarjen e mjeteve n\u00eb konkursin e Fondit t\u00eb pakicave (publikimi i rezultateve t\u00eb k\u00ebtij vendimi) ishte tem\u00eb kujdestare e para dy jav\u00ebve n\u00eb","breadcrumb":{"@id":"https:\/\/www.visit-ulcinj.com\/blog\/2011\/01\/07\/kritika-ne-adrese-te-gabuar-musa-gjoka\/#breadcrumb"},"inLanguage":"en-US","potentialAction":[{"@type":"ReadAction","target":["https:\/\/www.visit-ulcinj.com\/blog\/2011\/01\/07\/kritika-ne-adrese-te-gabuar-musa-gjoka\/"]}]},{"@type":"BreadcrumbList","@id":"https:\/\/www.visit-ulcinj.com\/blog\/2011\/01\/07\/kritika-ne-adrese-te-gabuar-musa-gjoka\/#breadcrumb","itemListElement":[{"@type":"ListItem","position":1,"name":"Kritika n\u00eb adres\u00eb t\u00eb gabuar &#8211; Musa Gjoka"}]},{"@type":"Person","@id":"https:\/\/www.visit-ulcinj.com\/blog\/#\/schema\/person\/dcab619c614d3038751c63bc2aadc06d","name":"ulqini","sameAs":["http:\/\/www.visit-ulcinj.com"],"url":"https:\/\/www.visit-ulcinj.com\/blog\/author\/admin\/"}]}},"jetpack_featured_media_url":"","jetpack_sharing_enabled":true,"jetpack_shortlink":"https:\/\/wp.me\/pe6lTn-aWG","_links":{"self":[{"href":"https:\/\/www.visit-ulcinj.com\/blog\/wp-json\/wp\/v2\/posts\/42078"}],"collection":[{"href":"https:\/\/www.visit-ulcinj.com\/blog\/wp-json\/wp\/v2\/posts"}],"about":[{"href":"https:\/\/www.visit-ulcinj.com\/blog\/wp-json\/wp\/v2\/types\/post"}],"author":[{"embeddable":true,"href":"https:\/\/www.visit-ulcinj.com\/blog\/wp-json\/wp\/v2\/users\/1"}],"replies":[{"embeddable":true,"href":"https:\/\/www.visit-ulcinj.com\/blog\/wp-json\/wp\/v2\/comments?post=42078"}],"version-history":[{"count":0,"href":"https:\/\/www.visit-ulcinj.com\/blog\/wp-json\/wp\/v2\/posts\/42078\/revisions"}],"wp:attachment":[{"href":"https:\/\/www.visit-ulcinj.com\/blog\/wp-json\/wp\/v2\/media?parent=42078"}],"wp:term":[{"taxonomy":"category","embeddable":true,"href":"https:\/\/www.visit-ulcinj.com\/blog\/wp-json\/wp\/v2\/categories?post=42078"},{"taxonomy":"post_tag","embeddable":true,"href":"https:\/\/www.visit-ulcinj.com\/blog\/wp-json\/wp\/v2\/tags?post=42078"}],"curies":[{"name":"wp","href":"https:\/\/api.w.org\/{rel}","templated":true}]}}