{"id":42084,"date":"2011-01-07T21:04:03","date_gmt":"2011-01-07T20:04:03","guid":{"rendered":"http:\/\/www.visit-ulcinj.com\/blog\/?p=42084"},"modified":"2011-01-09T11:38:24","modified_gmt":"2011-01-09T10:38:24","slug":"%e2%80%9eotrant%e2%80%9d-mora-da-bude-otvoren","status":"publish","type":"post","link":"https:\/\/www.visit-ulcinj.com\/blog\/2011\/01\/07\/%e2%80%9eotrant%e2%80%9d-mora-da-bude-otvoren\/","title":{"rendered":"\u201eOtrant\u201d mora da bude otvoren"},"content":{"rendered":"<p><a href=\"http:\/\/www.visit-ulcinj.com\/blog\/wp-content\/uploads\/2011\/01\/hotel-otrant-ulcinj.jpg\"><img loading=\"lazy\" class=\"alignleft size-full wp-image-42085\" title=\"hotel otrant ulcinj\" src=\"http:\/\/www.visit-ulcinj.com\/blog\/wp-content\/uploads\/2011\/01\/hotel-otrant-ulcinj.jpg\" alt=\"\" width=\"490\" height=\"390\" \/><\/a>Ulcinj &#8211; Dr\u017eava vi\u0161e ne\u0107e tolerisati da hoteli budu prazni i ne budu privedeni namjeni u \u0161to kra\u0107em roku, rekao je ministar Predrag Sekuli\u0107, koji je ju\u010de boravio i u radnoj posjeti Ulcinju.<br \/>\nOdgovaraju\u0107i na pitanje \u201cVijesti\u201d, on je najavio da \u0107e Vlada postupiti tako i u slu\u010daju hotela \u201cOtrant\u201d \u010diji vlasnik, ruska kompanija \u201cBarkli\u201d, ve\u0107 vi\u0161e od godinu i po ne otvara kapije.<br \/>\n\u201cPreispita\u0107emo ugovor i vidjeti na koji na\u010din \u0107emo reagovati. U svakom slu\u010daju, dr\u017eava vi\u0161e ne\u0107e tolerisati da hoteli budu prazni usred sezone\u201d, kazao je Sekuli\u0107.<br \/>\nMinistarstvo \u0107e, ponovio je on, preispitati ugovore i sa vlasnicima ostalih privatizovanih hotela kojih nema ili nijesu u funkciji, poput \u201cGaleba\u201d i \u201cLida\u201d.<br \/>\nOsvr\u0107u\u0107i se na slu\u010daj Valdanosa, Sekuli\u0107 je kazao da se u razgovoru sa gradona\u010delnikom Gzimom Hajdinagom slo\u017eio da bi taj prostor trebalo privesti namjeni tim prije \u0161to se budu\u0107i investitor obavezao da \u0107e po\u0161tovati sve ono \u0161to je u vezi sa za\u0161titom prirodne ba\u0161tine.<br \/>\n\u201cTo prije svega zna\u010di da nijedno stablo masline ne\u0107e biti posje\u010deno, a Ulcinjani \u0107e u narednom periodu taj prostor mo\u0107i da koriste na neki druga\u010diji na\u010din\u201d, kazao je Sekuli\u0107.<br \/>\nNajavio je da \u0107e Ulcinj na regionalni vodovod biti priklju\u010den do sezone 2012. godine.<br \/>\nHajdinaga je potvrdio da u Ulcinju u proteklih nekoliko godina nije bilo velikih investicija i naglasio da je Op\u0161tina taj period kompenzovala vrijedno rade\u0107i na izradi nedostaju\u0107ih urbanisti\u010dkih planova.<br \/>\n\u201cMinistar je obe\u0107ao da \u0107e sve u\u010diniti da ti planovi koji su ve\u0107 u Ministarstvu uskoro dobiju zeleno svjetlo, \u010dime Ulcinj otvara vrata investitorima\u201d, kazao je Hajdinaga.<br \/>\nUlcinj, podsjetio je on, nema nijedan zna\u010dajniji turisti\u010dki kompleks. Najavio je da \u0107e uskoro do\u0107i do sastanka sa potencijalnim investitorima.<br \/>\n\u201c\u0160to se ti\u010de Valdanosa, va\u017eno je da je ispunjen osnovni zahtjev gra\u0111ana da maslinjak bude sa\u010duvan u cjelosti. Op\u0161tina, kao i gra\u0111ani, \u017eeljni su novih investicija, \u010duvaju\u0107i sredinu na bazi odr\u017eivog razvoja, koje bi Ulcinj opet mogle svrstati u presti\u017ene turisti\u010dke centre\u201d, kazao je Hajdinaga.<\/p>\n<p><strong>S.A.<br \/>\n<a href=\"http:\/\/www.vijesti.me\/\" target=\"_blank\">Vijesti<\/a><\/strong><\/p>\n<!--YouTube Error: bad URL entered-->\n","protected":false},"excerpt":{"rendered":"<p>Ulcinj &#8211; Dr\u017eava vi\u0161e ne\u0107e tolerisati da hoteli budu prazni i ne budu privedeni namjeni u \u0161to kra\u0107em roku, rekao je ministar Predrag Sekuli\u0107, koji je ju\u010de boravio i u radnoj posjeti Ulcinju. Odgovaraju\u0107i na pitanje \u201cVijesti\u201d, on je najavio da \u0107e Vlada postupiti tako i u slu\u010daju hotela \u201cOtrant\u201d \u010diji vlasnik, ruska kompanija \u201cBarkli\u201d, [&hellip;]<\/p>\n","protected":false},"author":1,"featured_media":0,"comment_status":"open","ping_status":"closed","sticky":false,"template":"","format":"standard","meta":{"spay_email":"","jetpack_publicize_message":"","jetpack_is_tweetstorm":false,"jetpack_publicize_feature_enabled":true},"categories":[10,8337],"tags":[855,12994,19],"jetpack_publicize_connections":[],"yoast_head":"<!-- This site is optimized with the Yoast SEO plugin v19.1 - https:\/\/yoast.com\/wordpress\/plugins\/seo\/ -->\n<title>\u201eOtrant\u201d mora da bude otvoren - Lajme nga Ulqini<\/title>\n<meta name=\"description\" content=\"Ulcinj - Dr\u017eava vi\u0161e ne\u0107e tolerisati da hoteli budu prazni i ne budu privedeni namjeni u \u0161to kra\u0107em roku, rekao je ministar Predrag Sekuli\u0107, koji je ju\u010de\" \/>\n<meta name=\"robots\" content=\"index, follow, max-snippet:-1, max-image-preview:large, max-video-preview:-1\" \/>\n<link rel=\"canonical\" href=\"https:\/\/www.visit-ulcinj.com\/blog\/2011\/01\/07\/\u201eotrant\u201d-mora-da-bude-otvoren\/\" \/>\n<meta property=\"og:locale\" content=\"en_US\" \/>\n<meta property=\"og:type\" content=\"article\" \/>\n<meta property=\"og:title\" content=\"\u201eOtrant\u201d mora da bude otvoren - Lajme nga Ulqini\" \/>\n<meta property=\"og:description\" content=\"Ulcinj - Dr\u017eava vi\u0161e ne\u0107e tolerisati da hoteli budu prazni i ne budu privedeni namjeni u \u0161to kra\u0107em roku, rekao je ministar Predrag Sekuli\u0107, koji je ju\u010de\" \/>\n<meta property=\"og:url\" content=\"https:\/\/www.visit-ulcinj.com\/blog\/2011\/01\/07\/\u201eotrant\u201d-mora-da-bude-otvoren\/\" \/>\n<meta property=\"og:site_name\" content=\"Lajme nga Ulqini\" \/>\n<meta property=\"article:published_time\" content=\"2011-01-07T20:04:03+00:00\" \/>\n<meta property=\"article:modified_time\" content=\"2011-01-09T10:38:24+00:00\" \/>\n<meta property=\"og:image\" content=\"http:\/\/www.visit-ulcinj.com\/blog\/wp-content\/uploads\/2011\/01\/hotel-otrant-ulcinj.jpg\" \/>\n<meta name=\"twitter:label1\" content=\"Written by\" \/>\n\t<meta name=\"twitter:data1\" content=\"ulqini\" \/>\n\t<meta name=\"twitter:label2\" content=\"Est. reading time\" \/>\n\t<meta name=\"twitter:data2\" content=\"2 minutes\" \/>\n<script type=\"application\/ld+json\" class=\"yoast-schema-graph\">{\"@context\":\"https:\/\/schema.org\",\"@graph\":[{\"@type\":\"WebSite\",\"@id\":\"https:\/\/www.visit-ulcinj.com\/blog\/#website\",\"url\":\"https:\/\/www.visit-ulcinj.com\/blog\/\",\"name\":\"Lajme nga Ulqini\",\"description\":\"Lajme,Vijesti,Ulqini,Ulqin,Crna Gora,Mali i Zi\",\"potentialAction\":[{\"@type\":\"SearchAction\",\"target\":{\"@type\":\"EntryPoint\",\"urlTemplate\":\"https:\/\/www.visit-ulcinj.com\/blog\/?s={search_term_string}\"},\"query-input\":\"required name=search_term_string\"}],\"inLanguage\":\"en-US\"},{\"@type\":\"ImageObject\",\"inLanguage\":\"en-US\",\"@id\":\"https:\/\/www.visit-ulcinj.com\/blog\/2011\/01\/07\/%e2%80%9eotrant%e2%80%9d-mora-da-bude-otvoren\/#primaryimage\",\"url\":\"https:\/\/www.visit-ulcinj.com\/blog\/wp-content\/uploads\/2011\/01\/hotel-otrant-ulcinj.jpg\",\"contentUrl\":\"https:\/\/www.visit-ulcinj.com\/blog\/wp-content\/uploads\/2011\/01\/hotel-otrant-ulcinj.jpg\",\"width\":\"550\",\"height\":\"412\"},{\"@type\":\"WebPage\",\"@id\":\"https:\/\/www.visit-ulcinj.com\/blog\/2011\/01\/07\/%e2%80%9eotrant%e2%80%9d-mora-da-bude-otvoren\/#webpage\",\"url\":\"https:\/\/www.visit-ulcinj.com\/blog\/2011\/01\/07\/%e2%80%9eotrant%e2%80%9d-mora-da-bude-otvoren\/\",\"name\":\"\u201eOtrant\u201d mora da bude otvoren - Lajme nga Ulqini\",\"isPartOf\":{\"@id\":\"https:\/\/www.visit-ulcinj.com\/blog\/#website\"},\"primaryImageOfPage\":{\"@id\":\"https:\/\/www.visit-ulcinj.com\/blog\/2011\/01\/07\/%e2%80%9eotrant%e2%80%9d-mora-da-bude-otvoren\/#primaryimage\"},\"datePublished\":\"2011-01-07T20:04:03+00:00\",\"dateModified\":\"2011-01-09T10:38:24+00:00\",\"author\":{\"@id\":\"https:\/\/www.visit-ulcinj.com\/blog\/#\/schema\/person\/dcab619c614d3038751c63bc2aadc06d\"},\"description\":\"Ulcinj - Dr\u017eava vi\u0161e ne\u0107e tolerisati da hoteli budu prazni i ne budu privedeni namjeni u \u0161to kra\u0107em roku, rekao je ministar Predrag Sekuli\u0107, koji je ju\u010de\",\"breadcrumb\":{\"@id\":\"https:\/\/www.visit-ulcinj.com\/blog\/2011\/01\/07\/%e2%80%9eotrant%e2%80%9d-mora-da-bude-otvoren\/#breadcrumb\"},\"inLanguage\":\"en-US\",\"potentialAction\":[{\"@type\":\"ReadAction\",\"target\":[\"https:\/\/www.visit-ulcinj.com\/blog\/2011\/01\/07\/%e2%80%9eotrant%e2%80%9d-mora-da-bude-otvoren\/\"]}]},{\"@type\":\"BreadcrumbList\",\"@id\":\"https:\/\/www.visit-ulcinj.com\/blog\/2011\/01\/07\/%e2%80%9eotrant%e2%80%9d-mora-da-bude-otvoren\/#breadcrumb\",\"itemListElement\":[{\"@type\":\"ListItem\",\"position\":1,\"name\":\"\u201eOtrant\u201d mora da bude otvoren\"}]},{\"@type\":\"Person\",\"@id\":\"https:\/\/www.visit-ulcinj.com\/blog\/#\/schema\/person\/dcab619c614d3038751c63bc2aadc06d\",\"name\":\"ulqini\",\"sameAs\":[\"http:\/\/www.visit-ulcinj.com\"],\"url\":\"https:\/\/www.visit-ulcinj.com\/blog\/author\/admin\/\"}]}<\/script>\n<!-- \/ Yoast SEO plugin. -->","yoast_head_json":{"title":"\u201eOtrant\u201d mora da bude otvoren - Lajme nga Ulqini","description":"Ulcinj - Dr\u017eava vi\u0161e ne\u0107e tolerisati da hoteli budu prazni i ne budu privedeni namjeni u \u0161to kra\u0107em roku, rekao je ministar Predrag Sekuli\u0107, koji je ju\u010de","robots":{"index":"index","follow":"follow","max-snippet":"max-snippet:-1","max-image-preview":"max-image-preview:large","max-video-preview":"max-video-preview:-1"},"canonical":"https:\/\/www.visit-ulcinj.com\/blog\/2011\/01\/07\/\u201eotrant\u201d-mora-da-bude-otvoren\/","og_locale":"en_US","og_type":"article","og_title":"\u201eOtrant\u201d mora da bude otvoren - Lajme nga Ulqini","og_description":"Ulcinj - Dr\u017eava vi\u0161e ne\u0107e tolerisati da hoteli budu prazni i ne budu privedeni namjeni u \u0161to kra\u0107em roku, rekao je ministar Predrag Sekuli\u0107, koji je ju\u010de","og_url":"https:\/\/www.visit-ulcinj.com\/blog\/2011\/01\/07\/\u201eotrant\u201d-mora-da-bude-otvoren\/","og_site_name":"Lajme nga Ulqini","article_published_time":"2011-01-07T20:04:03+00:00","article_modified_time":"2011-01-09T10:38:24+00:00","og_image":[{"url":"http:\/\/www.visit-ulcinj.com\/blog\/wp-content\/uploads\/2011\/01\/hotel-otrant-ulcinj.jpg"}],"twitter_misc":{"Written by":"ulqini","Est. reading time":"2 minutes"},"schema":{"@context":"https:\/\/schema.org","@graph":[{"@type":"WebSite","@id":"https:\/\/www.visit-ulcinj.com\/blog\/#website","url":"https:\/\/www.visit-ulcinj.com\/blog\/","name":"Lajme nga Ulqini","description":"Lajme,Vijesti,Ulqini,Ulqin,Crna Gora,Mali i Zi","potentialAction":[{"@type":"SearchAction","target":{"@type":"EntryPoint","urlTemplate":"https:\/\/www.visit-ulcinj.com\/blog\/?s={search_term_string}"},"query-input":"required name=search_term_string"}],"inLanguage":"en-US"},{"@type":"ImageObject","inLanguage":"en-US","@id":"https:\/\/www.visit-ulcinj.com\/blog\/2011\/01\/07\/%e2%80%9eotrant%e2%80%9d-mora-da-bude-otvoren\/#primaryimage","url":"https:\/\/www.visit-ulcinj.com\/blog\/wp-content\/uploads\/2011\/01\/hotel-otrant-ulcinj.jpg","contentUrl":"https:\/\/www.visit-ulcinj.com\/blog\/wp-content\/uploads\/2011\/01\/hotel-otrant-ulcinj.jpg","width":"550","height":"412"},{"@type":"WebPage","@id":"https:\/\/www.visit-ulcinj.com\/blog\/2011\/01\/07\/%e2%80%9eotrant%e2%80%9d-mora-da-bude-otvoren\/#webpage","url":"https:\/\/www.visit-ulcinj.com\/blog\/2011\/01\/07\/%e2%80%9eotrant%e2%80%9d-mora-da-bude-otvoren\/","name":"\u201eOtrant\u201d mora da bude otvoren - Lajme nga Ulqini","isPartOf":{"@id":"https:\/\/www.visit-ulcinj.com\/blog\/#website"},"primaryImageOfPage":{"@id":"https:\/\/www.visit-ulcinj.com\/blog\/2011\/01\/07\/%e2%80%9eotrant%e2%80%9d-mora-da-bude-otvoren\/#primaryimage"},"datePublished":"2011-01-07T20:04:03+00:00","dateModified":"2011-01-09T10:38:24+00:00","author":{"@id":"https:\/\/www.visit-ulcinj.com\/blog\/#\/schema\/person\/dcab619c614d3038751c63bc2aadc06d"},"description":"Ulcinj - Dr\u017eava vi\u0161e ne\u0107e tolerisati da hoteli budu prazni i ne budu privedeni namjeni u \u0161to kra\u0107em roku, rekao je ministar Predrag Sekuli\u0107, koji je ju\u010de","breadcrumb":{"@id":"https:\/\/www.visit-ulcinj.com\/blog\/2011\/01\/07\/%e2%80%9eotrant%e2%80%9d-mora-da-bude-otvoren\/#breadcrumb"},"inLanguage":"en-US","potentialAction":[{"@type":"ReadAction","target":["https:\/\/www.visit-ulcinj.com\/blog\/2011\/01\/07\/%e2%80%9eotrant%e2%80%9d-mora-da-bude-otvoren\/"]}]},{"@type":"BreadcrumbList","@id":"https:\/\/www.visit-ulcinj.com\/blog\/2011\/01\/07\/%e2%80%9eotrant%e2%80%9d-mora-da-bude-otvoren\/#breadcrumb","itemListElement":[{"@type":"ListItem","position":1,"name":"\u201eOtrant\u201d mora da bude otvoren"}]},{"@type":"Person","@id":"https:\/\/www.visit-ulcinj.com\/blog\/#\/schema\/person\/dcab619c614d3038751c63bc2aadc06d","name":"ulqini","sameAs":["http:\/\/www.visit-ulcinj.com"],"url":"https:\/\/www.visit-ulcinj.com\/blog\/author\/admin\/"}]}},"jetpack_featured_media_url":"","jetpack_sharing_enabled":true,"jetpack_shortlink":"https:\/\/wp.me\/pe6lTn-aWM","_links":{"self":[{"href":"https:\/\/www.visit-ulcinj.com\/blog\/wp-json\/wp\/v2\/posts\/42084"}],"collection":[{"href":"https:\/\/www.visit-ulcinj.com\/blog\/wp-json\/wp\/v2\/posts"}],"about":[{"href":"https:\/\/www.visit-ulcinj.com\/blog\/wp-json\/wp\/v2\/types\/post"}],"author":[{"embeddable":true,"href":"https:\/\/www.visit-ulcinj.com\/blog\/wp-json\/wp\/v2\/users\/1"}],"replies":[{"embeddable":true,"href":"https:\/\/www.visit-ulcinj.com\/blog\/wp-json\/wp\/v2\/comments?post=42084"}],"version-history":[{"count":0,"href":"https:\/\/www.visit-ulcinj.com\/blog\/wp-json\/wp\/v2\/posts\/42084\/revisions"}],"wp:attachment":[{"href":"https:\/\/www.visit-ulcinj.com\/blog\/wp-json\/wp\/v2\/media?parent=42084"}],"wp:term":[{"taxonomy":"category","embeddable":true,"href":"https:\/\/www.visit-ulcinj.com\/blog\/wp-json\/wp\/v2\/categories?post=42084"},{"taxonomy":"post_tag","embeddable":true,"href":"https:\/\/www.visit-ulcinj.com\/blog\/wp-json\/wp\/v2\/tags?post=42084"}],"curies":[{"name":"wp","href":"https:\/\/api.w.org\/{rel}","templated":true}]}}