{"id":421,"date":"2008-02-07T15:08:07","date_gmt":"2008-02-07T20:08:07","guid":{"rendered":"http:\/\/www.visit-ulcinj.com\/blog\/2008\/02\/07\/milo-djukanovic-va-redevenir-premier-ministre-du-montenegro\/"},"modified":"2008-02-12T14:57:35","modified_gmt":"2008-02-12T19:57:35","slug":"milo-djukanovic-va-redevenir-premier-ministre-du-montenegro","status":"publish","type":"post","link":"https:\/\/www.visit-ulcinj.com\/blog\/2008\/02\/07\/milo-djukanovic-va-redevenir-premier-ministre-du-montenegro\/","title":{"rendered":"Milo Djukanovic va redevenir Premier ministre du Montenegro"},"content":{"rendered":"<p><a href=\"http:\/\/www.visit-ulcinj.com\/blog\/wp-content\/uploads\/2008\/02\/milo-djukanovic.jpg\" title=\"Milo Djukanovic1\"><img src=\"http:\/\/www.visit-ulcinj.com\/blog\/wp-content\/uploads\/2008\/02\/milo-djukanovic.thumbnail.jpg\" alt=\"Milo Djukanovic1\" align=\"left\" hspace=\"2\" vspace=\"2\" \/><\/a>Reuters : mercredi 6 f\u00e9vrier 2008<br \/>\nMilo Djukanovic va redevenir Premier ministre du Mont\u00e9n\u00e9gro pour la cinqui\u00e8me fois, en remplacement de Zeljko Sturanovic, qui a d\u00e9missionn\u00e9 la semaine derni\u00e8re pour raisons de sant\u00e9, a annonc\u00e9 mercredi sa formation, le Parti d\u00e9mocrate des socialistes (DPS).<br \/>\nLa coalition domin\u00e9e par le DPS l&#8217;a en effet choisi pour ce poste et<!--more--> compte-tenu de la majorit\u00e9 d\u00e9tenue par le DPS au Parlement de Podgorica, sa nomination est assur\u00e9e.<br \/>\nDjukanovic, qui s&#8217;\u00e9tait retir\u00e9 de la vie politique active en octobre 2005, a annonc\u00e9 que la priorit\u00e9 de son futur gouvernement serait d&#8217;am\u00e9liorer le niveau de vie des Mont\u00e9n\u00e9grins et de poursuivre le rapprochement avec l&#8217;Union europ\u00e9enne et l&#8217;Otan.<br \/>\nLe Mont\u00e9n\u00e9gro, unique d\u00e9bouch\u00e9 maritime de la Serbie, avait choisi par r\u00e9f\u00e9rendum en mai 2006 de mettre un terme avec son union avec Belgrade. Trois mois plus tard, la coalition de Djukanovic remportait la majorit\u00e9 aux \u00e9lections l\u00e9gislatives.<br \/>\nLe pays a sign\u00e9 un Accord de stabilisation et d&#8217;association (Asa) avec l&#8217;UE en 2007 et esp\u00e8re adh\u00e9rer au bloc europ\u00e9en d&#8217;ici 2015.<\/p>\n<p>Dusko Mihailovic, version fran\u00e7aise Jean-Loup Fi\u00e9vet-www.lexpress.fr<\/p>\n","protected":false},"excerpt":{"rendered":"<p><img src=\"http:\/\/www.visit-ulcinj.com\/blog\/wp-content\/uploads\/2008\/02\/milo-djukanovic.thumbnail.jpg\" alt=\"Milo Djukanovic1\" witdh=\"140\" height=\"140\" \/><\/p>\n","protected":false},"author":1,"featured_media":0,"comment_status":"open","ping_status":"closed","sticky":false,"template":"","format":"standard","meta":{"spay_email":"","jetpack_publicize_message":"","jetpack_is_tweetstorm":false,"jetpack_publicize_feature_enabled":true},"categories":[12],"tags":[],"jetpack_publicize_connections":[],"yoast_head":"<!-- This site is optimized with the Yoast SEO plugin v19.1 - https:\/\/yoast.com\/wordpress\/plugins\/seo\/ -->\n<title>Milo Djukanovic va redevenir Premier ministre du Montenegro - Lajme nga Ulqini<\/title>\n<meta name=\"robots\" content=\"index, follow, max-snippet:-1, max-image-preview:large, max-video-preview:-1\" \/>\n<link rel=\"canonical\" href=\"https:\/\/www.visit-ulcinj.com\/blog\/2008\/02\/07\/milo-djukanovic-va-redevenir-premier-ministre-du-montenegro\/\" \/>\n<meta property=\"og:locale\" content=\"en_US\" \/>\n<meta property=\"og:type\" content=\"article\" \/>\n<meta property=\"og:title\" content=\"Milo Djukanovic va redevenir Premier ministre du Montenegro - Lajme nga Ulqini\" \/>\n<meta property=\"og:url\" content=\"https:\/\/www.visit-ulcinj.com\/blog\/2008\/02\/07\/milo-djukanovic-va-redevenir-premier-ministre-du-montenegro\/\" \/>\n<meta property=\"og:site_name\" content=\"Lajme nga Ulqini\" \/>\n<meta property=\"article:published_time\" content=\"2008-02-07T20:08:07+00:00\" \/>\n<meta property=\"article:modified_time\" content=\"2008-02-12T19:57:35+00:00\" \/>\n<meta property=\"og:image\" content=\"http:\/\/www.visit-ulcinj.com\/blog\/wp-content\/uploads\/2008\/02\/milo-djukanovic.thumbnail.jpg\" \/>\n<meta name=\"twitter:label1\" content=\"Written by\" \/>\n\t<meta name=\"twitter:data1\" content=\"ulqini\" \/>\n\t<meta name=\"twitter:label2\" content=\"Est. reading time\" \/>\n\t<meta name=\"twitter:data2\" content=\"1 minute\" \/>\n<script type=\"application\/ld+json\" class=\"yoast-schema-graph\">{\"@context\":\"https:\/\/schema.org\",\"@graph\":[{\"@type\":\"WebSite\",\"@id\":\"https:\/\/www.visit-ulcinj.com\/blog\/#website\",\"url\":\"https:\/\/www.visit-ulcinj.com\/blog\/\",\"name\":\"Lajme nga Ulqini\",\"description\":\"Lajme,Vijesti,Ulqini,Ulqin,Crna Gora,Mali i Zi\",\"potentialAction\":[{\"@type\":\"SearchAction\",\"target\":{\"@type\":\"EntryPoint\",\"urlTemplate\":\"https:\/\/www.visit-ulcinj.com\/blog\/?s={search_term_string}\"},\"query-input\":\"required name=search_term_string\"}],\"inLanguage\":\"en-US\"},{\"@type\":\"ImageObject\",\"inLanguage\":\"en-US\",\"@id\":\"https:\/\/www.visit-ulcinj.com\/blog\/2008\/02\/07\/milo-djukanovic-va-redevenir-premier-ministre-du-montenegro\/#primaryimage\",\"url\":\"http:\/\/www.visit-ulcinj.com\/blog\/wp-content\/uploads\/2008\/02\/milo-djukanovic.thumbnail.jpg\",\"contentUrl\":\"http:\/\/www.visit-ulcinj.com\/blog\/wp-content\/uploads\/2008\/02\/milo-djukanovic.thumbnail.jpg\"},{\"@type\":\"WebPage\",\"@id\":\"https:\/\/www.visit-ulcinj.com\/blog\/2008\/02\/07\/milo-djukanovic-va-redevenir-premier-ministre-du-montenegro\/#webpage\",\"url\":\"https:\/\/www.visit-ulcinj.com\/blog\/2008\/02\/07\/milo-djukanovic-va-redevenir-premier-ministre-du-montenegro\/\",\"name\":\"Milo Djukanovic va redevenir Premier ministre du Montenegro - Lajme nga Ulqini\",\"isPartOf\":{\"@id\":\"https:\/\/www.visit-ulcinj.com\/blog\/#website\"},\"primaryImageOfPage\":{\"@id\":\"https:\/\/www.visit-ulcinj.com\/blog\/2008\/02\/07\/milo-djukanovic-va-redevenir-premier-ministre-du-montenegro\/#primaryimage\"},\"datePublished\":\"2008-02-07T20:08:07+00:00\",\"dateModified\":\"2008-02-12T19:57:35+00:00\",\"author\":{\"@id\":\"https:\/\/www.visit-ulcinj.com\/blog\/#\/schema\/person\/dcab619c614d3038751c63bc2aadc06d\"},\"breadcrumb\":{\"@id\":\"https:\/\/www.visit-ulcinj.com\/blog\/2008\/02\/07\/milo-djukanovic-va-redevenir-premier-ministre-du-montenegro\/#breadcrumb\"},\"inLanguage\":\"en-US\",\"potentialAction\":[{\"@type\":\"ReadAction\",\"target\":[\"https:\/\/www.visit-ulcinj.com\/blog\/2008\/02\/07\/milo-djukanovic-va-redevenir-premier-ministre-du-montenegro\/\"]}]},{\"@type\":\"BreadcrumbList\",\"@id\":\"https:\/\/www.visit-ulcinj.com\/blog\/2008\/02\/07\/milo-djukanovic-va-redevenir-premier-ministre-du-montenegro\/#breadcrumb\",\"itemListElement\":[{\"@type\":\"ListItem\",\"position\":1,\"name\":\"Milo Djukanovic va redevenir Premier ministre du Montenegro\"}]},{\"@type\":\"Person\",\"@id\":\"https:\/\/www.visit-ulcinj.com\/blog\/#\/schema\/person\/dcab619c614d3038751c63bc2aadc06d\",\"name\":\"ulqini\",\"sameAs\":[\"http:\/\/www.visit-ulcinj.com\"],\"url\":\"https:\/\/www.visit-ulcinj.com\/blog\/author\/admin\/\"}]}<\/script>\n<!-- \/ Yoast SEO plugin. -->","yoast_head_json":{"title":"Milo Djukanovic va redevenir Premier ministre du Montenegro - Lajme nga Ulqini","robots":{"index":"index","follow":"follow","max-snippet":"max-snippet:-1","max-image-preview":"max-image-preview:large","max-video-preview":"max-video-preview:-1"},"canonical":"https:\/\/www.visit-ulcinj.com\/blog\/2008\/02\/07\/milo-djukanovic-va-redevenir-premier-ministre-du-montenegro\/","og_locale":"en_US","og_type":"article","og_title":"Milo Djukanovic va redevenir Premier ministre du Montenegro - Lajme nga Ulqini","og_url":"https:\/\/www.visit-ulcinj.com\/blog\/2008\/02\/07\/milo-djukanovic-va-redevenir-premier-ministre-du-montenegro\/","og_site_name":"Lajme nga Ulqini","article_published_time":"2008-02-07T20:08:07+00:00","article_modified_time":"2008-02-12T19:57:35+00:00","og_image":[{"url":"http:\/\/www.visit-ulcinj.com\/blog\/wp-content\/uploads\/2008\/02\/milo-djukanovic.thumbnail.jpg"}],"twitter_misc":{"Written by":"ulqini","Est. reading time":"1 minute"},"schema":{"@context":"https:\/\/schema.org","@graph":[{"@type":"WebSite","@id":"https:\/\/www.visit-ulcinj.com\/blog\/#website","url":"https:\/\/www.visit-ulcinj.com\/blog\/","name":"Lajme nga Ulqini","description":"Lajme,Vijesti,Ulqini,Ulqin,Crna Gora,Mali i Zi","potentialAction":[{"@type":"SearchAction","target":{"@type":"EntryPoint","urlTemplate":"https:\/\/www.visit-ulcinj.com\/blog\/?s={search_term_string}"},"query-input":"required name=search_term_string"}],"inLanguage":"en-US"},{"@type":"ImageObject","inLanguage":"en-US","@id":"https:\/\/www.visit-ulcinj.com\/blog\/2008\/02\/07\/milo-djukanovic-va-redevenir-premier-ministre-du-montenegro\/#primaryimage","url":"http:\/\/www.visit-ulcinj.com\/blog\/wp-content\/uploads\/2008\/02\/milo-djukanovic.thumbnail.jpg","contentUrl":"http:\/\/www.visit-ulcinj.com\/blog\/wp-content\/uploads\/2008\/02\/milo-djukanovic.thumbnail.jpg"},{"@type":"WebPage","@id":"https:\/\/www.visit-ulcinj.com\/blog\/2008\/02\/07\/milo-djukanovic-va-redevenir-premier-ministre-du-montenegro\/#webpage","url":"https:\/\/www.visit-ulcinj.com\/blog\/2008\/02\/07\/milo-djukanovic-va-redevenir-premier-ministre-du-montenegro\/","name":"Milo Djukanovic va redevenir Premier ministre du Montenegro - Lajme nga Ulqini","isPartOf":{"@id":"https:\/\/www.visit-ulcinj.com\/blog\/#website"},"primaryImageOfPage":{"@id":"https:\/\/www.visit-ulcinj.com\/blog\/2008\/02\/07\/milo-djukanovic-va-redevenir-premier-ministre-du-montenegro\/#primaryimage"},"datePublished":"2008-02-07T20:08:07+00:00","dateModified":"2008-02-12T19:57:35+00:00","author":{"@id":"https:\/\/www.visit-ulcinj.com\/blog\/#\/schema\/person\/dcab619c614d3038751c63bc2aadc06d"},"breadcrumb":{"@id":"https:\/\/www.visit-ulcinj.com\/blog\/2008\/02\/07\/milo-djukanovic-va-redevenir-premier-ministre-du-montenegro\/#breadcrumb"},"inLanguage":"en-US","potentialAction":[{"@type":"ReadAction","target":["https:\/\/www.visit-ulcinj.com\/blog\/2008\/02\/07\/milo-djukanovic-va-redevenir-premier-ministre-du-montenegro\/"]}]},{"@type":"BreadcrumbList","@id":"https:\/\/www.visit-ulcinj.com\/blog\/2008\/02\/07\/milo-djukanovic-va-redevenir-premier-ministre-du-montenegro\/#breadcrumb","itemListElement":[{"@type":"ListItem","position":1,"name":"Milo Djukanovic va redevenir Premier ministre du Montenegro"}]},{"@type":"Person","@id":"https:\/\/www.visit-ulcinj.com\/blog\/#\/schema\/person\/dcab619c614d3038751c63bc2aadc06d","name":"ulqini","sameAs":["http:\/\/www.visit-ulcinj.com"],"url":"https:\/\/www.visit-ulcinj.com\/blog\/author\/admin\/"}]}},"jetpack_featured_media_url":"","jetpack_sharing_enabled":true,"jetpack_shortlink":"https:\/\/wp.me\/pe6lTn-6N","_links":{"self":[{"href":"https:\/\/www.visit-ulcinj.com\/blog\/wp-json\/wp\/v2\/posts\/421"}],"collection":[{"href":"https:\/\/www.visit-ulcinj.com\/blog\/wp-json\/wp\/v2\/posts"}],"about":[{"href":"https:\/\/www.visit-ulcinj.com\/blog\/wp-json\/wp\/v2\/types\/post"}],"author":[{"embeddable":true,"href":"https:\/\/www.visit-ulcinj.com\/blog\/wp-json\/wp\/v2\/users\/1"}],"replies":[{"embeddable":true,"href":"https:\/\/www.visit-ulcinj.com\/blog\/wp-json\/wp\/v2\/comments?post=421"}],"version-history":[{"count":0,"href":"https:\/\/www.visit-ulcinj.com\/blog\/wp-json\/wp\/v2\/posts\/421\/revisions"}],"wp:attachment":[{"href":"https:\/\/www.visit-ulcinj.com\/blog\/wp-json\/wp\/v2\/media?parent=421"}],"wp:term":[{"taxonomy":"category","embeddable":true,"href":"https:\/\/www.visit-ulcinj.com\/blog\/wp-json\/wp\/v2\/categories?post=421"},{"taxonomy":"post_tag","embeddable":true,"href":"https:\/\/www.visit-ulcinj.com\/blog\/wp-json\/wp\/v2\/tags?post=421"}],"curies":[{"name":"wp","href":"https:\/\/api.w.org\/{rel}","templated":true}]}}