{"id":42124,"date":"2011-01-09T10:07:54","date_gmt":"2011-01-09T09:07:54","guid":{"rendered":"http:\/\/www.visit-ulcinj.com\/blog\/?p=42124"},"modified":"2011-01-11T16:32:07","modified_gmt":"2011-01-11T15:32:07","slug":"hana-cakuli-duet-me-pirro-cakon","status":"publish","type":"post","link":"https:\/\/www.visit-ulcinj.com\/blog\/2011\/01\/09\/hana-cakuli-duet-me-pirro-cakon\/","title":{"rendered":"Hana Cakuli duet me Pirro \u00c7akon"},"content":{"rendered":"<p><a href=\"http:\/\/www.visit-ulcinj.com\/blog\/wp-content\/uploads\/2011\/01\/Hana-Cakuli_Revista-Select.jpg\"><img loading=\"lazy\" class=\"alignleft size-full wp-image-42125\" title=\"Hana Cakuli_Revista Select\" src=\"http:\/\/www.visit-ulcinj.com\/blog\/wp-content\/uploads\/2011\/01\/Hana-Cakuli_Revista-Select.jpg\" alt=\"\" width=\"400\" height=\"520\" \/><\/a>K\u00ebng\u00ebtarja Hana Cakuli shum\u00eb shpejt do t\u00eb sjell\u00eb nj\u00eb k\u00ebng\u00eb t\u00eb re. K\u00ebsaj radhe ajo ka zgjedhur q\u00eb t\u00eb bashk\u00ebpunoj\u00eb me kantautorin Pirro \u00c7akon. Sipas saj, k\u00ebnga \u00ebsht\u00eb pop- ritmike nd\u00ebrsa pritet t\u00eb shfaqet n\u00eb muajt e ardhsh\u00ebm.<\/p>\n<p>\u201cNuk mund t\u00eb p\u00ebrcaktoj koh\u00eb t\u00eb sakt\u00eb, sepse nuk varet e gjitha nga un\u00eb. Melodia dhe teksti jan\u00eb duke u punuar nga Pirro \u00c7ako, kurse orkestrimin do t\u2019ia realizoj te Darko Dimitrov n\u00eb Maqedoni. Pastaj do t\u2019ia punojm\u00eb edhe videoklipin dhe sapo t\u00eb jet\u00eb e gatshme do ta lansojm\u00eb\u201d, theksoi Hana Cakuli p\u00ebr \u201cZ\u00ebrin\u201d duke shtuar se fabula e k\u00ebng\u00ebs do t\u00eb jet\u00eb liria e zgjedhjes individuale.<\/p>\n<p>Vitin q\u00eb e lam\u00eb pas, Hana e vler\u00ebson si t\u00eb suksessh\u00ebm, kurse at\u00eb q\u00eb e ve\u00e7on m\u00eb s\u00eb shumti \u00ebsht\u00eb t\u00eb k\u00ebnduarit \u201clive\u201d \u00e7do jav\u00eb n\u00eb \u201cMaroon pub\u201d n\u00eb Prishtin\u00eb. \u201cP\u00ebr mua \u00ebsht\u00eb k\u00ebnaq\u00ebsia me e madhe, sepse t\u00eb k\u00ebnduarit \u201clive\u201d m\u00eb b\u00ebn t\u00eb shprehem m\u00eb s\u00eb miri dhe t\u00eb ndihem shum\u00eb mir\u00eb shpirt\u00ebrisht.<\/p>\n<p>Akoma m\u00eb t\u00eb lumtur m\u00eb b\u00ebn fakti kur vijn\u00eb num\u00ebr i madh i njer\u00ebzve q\u00eb arg\u00ebtohen m\u00eb hitet m\u00eb t\u00eb reja bot\u00ebrore, t\u00eb cilat mundohem q\u00eb t\u2019i k\u00ebndoj gjat\u00eb k\u00ebtyre mbr\u00ebmjeve\u201d, shprehet k\u00ebng\u00ebtarja Cakuli, e cila nj\u00ebkoh\u00ebsisht \u00ebsht\u00eb studente e vitit t\u00eb tret\u00eb n\u00eb Universitetin Amerikan n\u00eb Kosov\u00eb. \u201cStudimet po m\u00eb ecin shum\u00eb mir\u00eb. Tani \u00ebsht\u00eb koha kur jemi t\u00eb preokupuar me provimet, mir\u00ebpo fatmir\u00ebsisht po ia dalim mbar\u00eb. Dit\u00eb m\u00eb par\u00eb kisha nj\u00eb provim n\u00eb t\u00eb cilin e kalova me sukses\u201d, tregon ajo.<\/p>\n<p>Han\u00ebn jemi m\u00ebsuar ta shohim shpesh duke marr\u00eb pjes\u00eb n\u00ebp\u00ebr festivale, mir\u00ebpo k\u00ebshtu nuk ndodhi vitin e kaluar, e si duket nuk do ta shohim as k\u00ebt\u00eb vit. Ajo thekson se gjat\u00eb k\u00ebtij viti m\u00eb shum\u00eb do t\u00eb shfaqet me k\u00ebng\u00eb dhe videoklipe t\u00eb reja. \u201cMendoj se n\u00ebp\u00ebr festivale kam marr pjes\u00eb mjaft dhe nuk besoj se as k\u00ebt\u00eb vit do t\u00eb jam pjes\u00eb e ndonj\u00eb festivali.<\/p>\n<p>K\u00ebt\u00eb vit do t\u00eb jam m\u00eb shum\u00eb prezente me k\u00ebng\u00eb dhe videoklipe si dhe do t\u00eb punoj vazhdimisht p\u00ebr t\u00eb p\u00ebrgatitur albumin tim t\u00eb par\u00eb, i cili do t\u00eb k\u00ebt\u00eb disa nga k\u00ebng\u00ebt e mia t\u00eb k\u00ebnduara dhe disa k\u00ebng\u00eb t\u00eb reja\u201d, pohon ajo duke th\u00ebn\u00eb se albumi do t\u00eb jet\u00eb i gatsh\u00ebm deri kah fundi i k\u00ebtij viti.<\/p>\n<p><strong><a href=\"http:\/\/www.visit-ulcinj.com\/blog\/wp-content\/uploads\/2011\/01\/Hana-Cakuli_Revista-Select.1.jpg\"><img loading=\"lazy\" class=\"alignleft size-medium wp-image-42126\" title=\"Hana Cakuli_Revista Select.1\" src=\"http:\/\/www.visit-ulcinj.com\/blog\/wp-content\/uploads\/2011\/01\/Hana-Cakuli_Revista-Select.1-230x300.jpg\" alt=\"\" width=\"230\" height=\"300\" \/><\/a>Jam beqare<\/strong><\/p>\n<p>Gjat\u00eb vitit 2010 jeta personale e Han\u00ebs \u00ebsht\u00eb diskutuar shum\u00eb duke u komentuar p\u00ebr lidhje t\u00eb ndryshme, mir\u00ebpo ajo edhe k\u00ebsaj here i mohon t\u00eb gjitha shkrimet dhe tregon se n\u00eb jet\u00ebn e saj nuk q\u00ebndron asnj\u00eb mashkull.<\/p>\n<p>\u201cE di q\u00eb \u00ebsht\u00eb diskutuar shum\u00eb, mir\u00ebpo nuk m\u00eb b\u00ebjn\u00eb p\u00ebrshtypje shum\u00eb shkrimet e pav\u00ebrteta q\u00eb shkruhen, sepse un\u00eb jam beqare dhe ndihem rehat me jet\u00ebn time personale\u201d, shton ajo. K\u00ebng\u00ebtarja ulqinake, e cila tash e disa vite jeton n\u00eb Prishtin\u00eb, thot\u00eb se jeta k\u00ebtu e b\u00ebn at\u00eb aktive me pun\u00eb, muzik\u00eb dhe studime.<\/p>\n<p>P\u00ebr Han\u00ebn Prishtina \u00ebsht\u00eb qytet m\u00eb i madh se Ulqini dhe i ofron asaj m\u00eb shum\u00eb fush\u00eb veprimi p\u00ebr t\u00eb treguar talentet e saja n\u00eb t\u00eb gjitha sferat e jet\u00ebs.<\/p>\n<p><strong>Shqipmedia<\/strong><\/p>\n<p><strong><br \/>\n<!--YouTube Error: bad URL entered--><\/strong><\/p>\n","protected":false},"excerpt":{"rendered":"<p>K\u00ebng\u00ebtarja Hana Cakuli shum\u00eb shpejt do t\u00eb sjell\u00eb nj\u00eb k\u00ebng\u00eb t\u00eb re. K\u00ebsaj radhe ajo ka zgjedhur q\u00eb t\u00eb bashk\u00ebpunoj\u00eb me kantautorin Pirro \u00c7akon. Sipas saj, k\u00ebnga \u00ebsht\u00eb pop- ritmike nd\u00ebrsa pritet t\u00eb shfaqet n\u00eb muajt e ardhsh\u00ebm. \u201cNuk mund t\u00eb p\u00ebrcaktoj koh\u00eb t\u00eb sakt\u00eb, sepse nuk varet e gjitha nga un\u00eb. Melodia dhe teksti [&hellip;]<\/p>\n","protected":false},"author":1,"featured_media":0,"comment_status":"open","ping_status":"closed","sticky":false,"template":"","format":"standard","meta":{"spay_email":"","jetpack_publicize_message":"","jetpack_is_tweetstorm":false,"jetpack_publicize_feature_enabled":true},"categories":[5],"tags":[3201,16873,49,16872,16874,200,18],"jetpack_publicize_connections":[],"yoast_head":"<!-- This site is optimized with the Yoast SEO plugin v19.1 - https:\/\/yoast.com\/wordpress\/plugins\/seo\/ -->\n<title>Hana Cakuli duet me Pirro \u00c7akon - Lajme nga Ulqini<\/title>\n<meta name=\"description\" content=\"K\u00ebng\u00ebtarja Hana Cakuli shum\u00eb shpejt do t\u00eb sjell\u00eb nj\u00eb k\u00ebng\u00eb t\u00eb re. K\u00ebsaj radhe ajo ka zgjedhur q\u00eb t\u00eb bashk\u00ebpunoj\u00eb me kantautorin Pirro \u00c7akon. Sipas saj,\" \/>\n<meta name=\"robots\" content=\"index, follow, max-snippet:-1, max-image-preview:large, max-video-preview:-1\" \/>\n<link rel=\"canonical\" href=\"https:\/\/www.visit-ulcinj.com\/blog\/2011\/01\/09\/hana-cakuli-duet-me-pirro-cakon\/\" \/>\n<meta property=\"og:locale\" content=\"en_US\" \/>\n<meta property=\"og:type\" content=\"article\" \/>\n<meta property=\"og:title\" content=\"Hana Cakuli duet me Pirro \u00c7akon - Lajme nga Ulqini\" \/>\n<meta property=\"og:description\" content=\"K\u00ebng\u00ebtarja Hana Cakuli shum\u00eb shpejt do t\u00eb sjell\u00eb nj\u00eb k\u00ebng\u00eb t\u00eb re. K\u00ebsaj radhe ajo ka zgjedhur q\u00eb t\u00eb bashk\u00ebpunoj\u00eb me kantautorin Pirro \u00c7akon. Sipas saj,\" \/>\n<meta property=\"og:url\" content=\"https:\/\/www.visit-ulcinj.com\/blog\/2011\/01\/09\/hana-cakuli-duet-me-pirro-cakon\/\" \/>\n<meta property=\"og:site_name\" content=\"Lajme nga Ulqini\" \/>\n<meta property=\"article:published_time\" content=\"2011-01-09T09:07:54+00:00\" \/>\n<meta property=\"article:modified_time\" content=\"2011-01-11T15:32:07+00:00\" \/>\n<meta property=\"og:image\" content=\"https:\/\/www.visit-ulcinj.com\/blog\/wp-content\/uploads\/2011\/01\/Hana-Cakuli_Revista-Select-150x150.jpg\" \/>\n<meta name=\"twitter:label1\" content=\"Written by\" \/>\n\t<meta name=\"twitter:data1\" content=\"ulqini\" \/>\n\t<meta name=\"twitter:label2\" content=\"Est. reading time\" \/>\n\t<meta name=\"twitter:data2\" content=\"3 minutes\" \/>\n<script type=\"application\/ld+json\" class=\"yoast-schema-graph\">{\"@context\":\"https:\/\/schema.org\",\"@graph\":[{\"@type\":\"WebSite\",\"@id\":\"https:\/\/www.visit-ulcinj.com\/blog\/#website\",\"url\":\"https:\/\/www.visit-ulcinj.com\/blog\/\",\"name\":\"Lajme nga Ulqini\",\"description\":\"Lajme,Vijesti,Ulqini,Ulqin,Crna Gora,Mali i Zi\",\"potentialAction\":[{\"@type\":\"SearchAction\",\"target\":{\"@type\":\"EntryPoint\",\"urlTemplate\":\"https:\/\/www.visit-ulcinj.com\/blog\/?s={search_term_string}\"},\"query-input\":\"required name=search_term_string\"}],\"inLanguage\":\"en-US\"},{\"@type\":\"ImageObject\",\"inLanguage\":\"en-US\",\"@id\":\"https:\/\/www.visit-ulcinj.com\/blog\/2011\/01\/09\/hana-cakuli-duet-me-pirro-cakon\/#primaryimage\",\"url\":\"http:\/\/www.visit-ulcinj.com\/blog\/wp-content\/uploads\/2011\/01\/Hana-Cakuli_Revista-Select.jpg\",\"contentUrl\":\"http:\/\/www.visit-ulcinj.com\/blog\/wp-content\/uploads\/2011\/01\/Hana-Cakuli_Revista-Select.jpg\"},{\"@type\":\"WebPage\",\"@id\":\"https:\/\/www.visit-ulcinj.com\/blog\/2011\/01\/09\/hana-cakuli-duet-me-pirro-cakon\/#webpage\",\"url\":\"https:\/\/www.visit-ulcinj.com\/blog\/2011\/01\/09\/hana-cakuli-duet-me-pirro-cakon\/\",\"name\":\"Hana Cakuli duet me Pirro \u00c7akon - Lajme nga Ulqini\",\"isPartOf\":{\"@id\":\"https:\/\/www.visit-ulcinj.com\/blog\/#website\"},\"primaryImageOfPage\":{\"@id\":\"https:\/\/www.visit-ulcinj.com\/blog\/2011\/01\/09\/hana-cakuli-duet-me-pirro-cakon\/#primaryimage\"},\"datePublished\":\"2011-01-09T09:07:54+00:00\",\"dateModified\":\"2011-01-11T15:32:07+00:00\",\"author\":{\"@id\":\"https:\/\/www.visit-ulcinj.com\/blog\/#\/schema\/person\/dcab619c614d3038751c63bc2aadc06d\"},\"description\":\"K\u00ebng\u00ebtarja Hana Cakuli shum\u00eb shpejt do t\u00eb sjell\u00eb nj\u00eb k\u00ebng\u00eb t\u00eb re. K\u00ebsaj radhe ajo ka zgjedhur q\u00eb t\u00eb bashk\u00ebpunoj\u00eb me kantautorin Pirro \u00c7akon. Sipas saj,\",\"breadcrumb\":{\"@id\":\"https:\/\/www.visit-ulcinj.com\/blog\/2011\/01\/09\/hana-cakuli-duet-me-pirro-cakon\/#breadcrumb\"},\"inLanguage\":\"en-US\",\"potentialAction\":[{\"@type\":\"ReadAction\",\"target\":[\"https:\/\/www.visit-ulcinj.com\/blog\/2011\/01\/09\/hana-cakuli-duet-me-pirro-cakon\/\"]}]},{\"@type\":\"BreadcrumbList\",\"@id\":\"https:\/\/www.visit-ulcinj.com\/blog\/2011\/01\/09\/hana-cakuli-duet-me-pirro-cakon\/#breadcrumb\",\"itemListElement\":[{\"@type\":\"ListItem\",\"position\":1,\"name\":\"Hana Cakuli duet me Pirro \u00c7akon\"}]},{\"@type\":\"Person\",\"@id\":\"https:\/\/www.visit-ulcinj.com\/blog\/#\/schema\/person\/dcab619c614d3038751c63bc2aadc06d\",\"name\":\"ulqini\",\"sameAs\":[\"http:\/\/www.visit-ulcinj.com\"],\"url\":\"https:\/\/www.visit-ulcinj.com\/blog\/author\/admin\/\"}]}<\/script>\n<!-- \/ Yoast SEO plugin. -->","yoast_head_json":{"title":"Hana Cakuli duet me Pirro \u00c7akon - Lajme nga Ulqini","description":"K\u00ebng\u00ebtarja Hana Cakuli shum\u00eb shpejt do t\u00eb sjell\u00eb nj\u00eb k\u00ebng\u00eb t\u00eb re. K\u00ebsaj radhe ajo ka zgjedhur q\u00eb t\u00eb bashk\u00ebpunoj\u00eb me kantautorin Pirro \u00c7akon. Sipas saj,","robots":{"index":"index","follow":"follow","max-snippet":"max-snippet:-1","max-image-preview":"max-image-preview:large","max-video-preview":"max-video-preview:-1"},"canonical":"https:\/\/www.visit-ulcinj.com\/blog\/2011\/01\/09\/hana-cakuli-duet-me-pirro-cakon\/","og_locale":"en_US","og_type":"article","og_title":"Hana Cakuli duet me Pirro \u00c7akon - Lajme nga Ulqini","og_description":"K\u00ebng\u00ebtarja Hana Cakuli shum\u00eb shpejt do t\u00eb sjell\u00eb nj\u00eb k\u00ebng\u00eb t\u00eb re. K\u00ebsaj radhe ajo ka zgjedhur q\u00eb t\u00eb bashk\u00ebpunoj\u00eb me kantautorin Pirro \u00c7akon. Sipas saj,","og_url":"https:\/\/www.visit-ulcinj.com\/blog\/2011\/01\/09\/hana-cakuli-duet-me-pirro-cakon\/","og_site_name":"Lajme nga Ulqini","article_published_time":"2011-01-09T09:07:54+00:00","article_modified_time":"2011-01-11T15:32:07+00:00","og_image":[{"url":"https:\/\/www.visit-ulcinj.com\/blog\/wp-content\/uploads\/2011\/01\/Hana-Cakuli_Revista-Select-150x150.jpg"}],"twitter_misc":{"Written by":"ulqini","Est. reading time":"3 minutes"},"schema":{"@context":"https:\/\/schema.org","@graph":[{"@type":"WebSite","@id":"https:\/\/www.visit-ulcinj.com\/blog\/#website","url":"https:\/\/www.visit-ulcinj.com\/blog\/","name":"Lajme nga Ulqini","description":"Lajme,Vijesti,Ulqini,Ulqin,Crna Gora,Mali i Zi","potentialAction":[{"@type":"SearchAction","target":{"@type":"EntryPoint","urlTemplate":"https:\/\/www.visit-ulcinj.com\/blog\/?s={search_term_string}"},"query-input":"required name=search_term_string"}],"inLanguage":"en-US"},{"@type":"ImageObject","inLanguage":"en-US","@id":"https:\/\/www.visit-ulcinj.com\/blog\/2011\/01\/09\/hana-cakuli-duet-me-pirro-cakon\/#primaryimage","url":"http:\/\/www.visit-ulcinj.com\/blog\/wp-content\/uploads\/2011\/01\/Hana-Cakuli_Revista-Select.jpg","contentUrl":"http:\/\/www.visit-ulcinj.com\/blog\/wp-content\/uploads\/2011\/01\/Hana-Cakuli_Revista-Select.jpg"},{"@type":"WebPage","@id":"https:\/\/www.visit-ulcinj.com\/blog\/2011\/01\/09\/hana-cakuli-duet-me-pirro-cakon\/#webpage","url":"https:\/\/www.visit-ulcinj.com\/blog\/2011\/01\/09\/hana-cakuli-duet-me-pirro-cakon\/","name":"Hana Cakuli duet me Pirro \u00c7akon - Lajme nga Ulqini","isPartOf":{"@id":"https:\/\/www.visit-ulcinj.com\/blog\/#website"},"primaryImageOfPage":{"@id":"https:\/\/www.visit-ulcinj.com\/blog\/2011\/01\/09\/hana-cakuli-duet-me-pirro-cakon\/#primaryimage"},"datePublished":"2011-01-09T09:07:54+00:00","dateModified":"2011-01-11T15:32:07+00:00","author":{"@id":"https:\/\/www.visit-ulcinj.com\/blog\/#\/schema\/person\/dcab619c614d3038751c63bc2aadc06d"},"description":"K\u00ebng\u00ebtarja Hana Cakuli shum\u00eb shpejt do t\u00eb sjell\u00eb nj\u00eb k\u00ebng\u00eb t\u00eb re. K\u00ebsaj radhe ajo ka zgjedhur q\u00eb t\u00eb bashk\u00ebpunoj\u00eb me kantautorin Pirro \u00c7akon. Sipas saj,","breadcrumb":{"@id":"https:\/\/www.visit-ulcinj.com\/blog\/2011\/01\/09\/hana-cakuli-duet-me-pirro-cakon\/#breadcrumb"},"inLanguage":"en-US","potentialAction":[{"@type":"ReadAction","target":["https:\/\/www.visit-ulcinj.com\/blog\/2011\/01\/09\/hana-cakuli-duet-me-pirro-cakon\/"]}]},{"@type":"BreadcrumbList","@id":"https:\/\/www.visit-ulcinj.com\/blog\/2011\/01\/09\/hana-cakuli-duet-me-pirro-cakon\/#breadcrumb","itemListElement":[{"@type":"ListItem","position":1,"name":"Hana Cakuli duet me Pirro \u00c7akon"}]},{"@type":"Person","@id":"https:\/\/www.visit-ulcinj.com\/blog\/#\/schema\/person\/dcab619c614d3038751c63bc2aadc06d","name":"ulqini","sameAs":["http:\/\/www.visit-ulcinj.com"],"url":"https:\/\/www.visit-ulcinj.com\/blog\/author\/admin\/"}]}},"jetpack_featured_media_url":"","jetpack_sharing_enabled":true,"jetpack_shortlink":"https:\/\/wp.me\/pe6lTn-aXq","_links":{"self":[{"href":"https:\/\/www.visit-ulcinj.com\/blog\/wp-json\/wp\/v2\/posts\/42124"}],"collection":[{"href":"https:\/\/www.visit-ulcinj.com\/blog\/wp-json\/wp\/v2\/posts"}],"about":[{"href":"https:\/\/www.visit-ulcinj.com\/blog\/wp-json\/wp\/v2\/types\/post"}],"author":[{"embeddable":true,"href":"https:\/\/www.visit-ulcinj.com\/blog\/wp-json\/wp\/v2\/users\/1"}],"replies":[{"embeddable":true,"href":"https:\/\/www.visit-ulcinj.com\/blog\/wp-json\/wp\/v2\/comments?post=42124"}],"version-history":[{"count":0,"href":"https:\/\/www.visit-ulcinj.com\/blog\/wp-json\/wp\/v2\/posts\/42124\/revisions"}],"wp:attachment":[{"href":"https:\/\/www.visit-ulcinj.com\/blog\/wp-json\/wp\/v2\/media?parent=42124"}],"wp:term":[{"taxonomy":"category","embeddable":true,"href":"https:\/\/www.visit-ulcinj.com\/blog\/wp-json\/wp\/v2\/categories?post=42124"},{"taxonomy":"post_tag","embeddable":true,"href":"https:\/\/www.visit-ulcinj.com\/blog\/wp-json\/wp\/v2\/tags?post=42124"}],"curies":[{"name":"wp","href":"https:\/\/api.w.org\/{rel}","templated":true}]}}