{"id":42139,"date":"2011-01-09T10:58:59","date_gmt":"2011-01-09T09:58:59","guid":{"rendered":"http:\/\/www.visit-ulcinj.com\/blog\/?p=42139"},"modified":"2011-01-17T17:12:35","modified_gmt":"2011-01-17T16:12:35","slug":"mihailo-skloniti-limeni-objekat-sa-rumije-video","status":"publish","type":"post","link":"https:\/\/www.visit-ulcinj.com\/blog\/2011\/01\/09\/mihailo-skloniti-limeni-objekat-sa-rumije-video\/","title":{"rendered":"Mihailo: Skloniti limeni objekat sa Rumije &#8211; Video"},"content":{"rendered":"<p><a href=\"http:\/\/www.visit-ulcinj.com\/blog\/wp-content\/uploads\/2011\/01\/Mitropolit-Mihailo_Crna-Gora.jpg\"><img loading=\"lazy\" class=\"alignleft size-full wp-image-42140\" title=\"Mitropolit Mihailo_Crna Gora\" src=\"http:\/\/www.visit-ulcinj.com\/blog\/wp-content\/uploads\/2011\/01\/Mitropolit-Mihailo_Crna-Gora.jpg\" alt=\"\" width=\"490\" height=\"390\" \/><\/a>Limeni objekat sa Rumije, koji neupu\u0107eni nazivaju crkvom, treba skloniti i kao spomenik jednog zlog vremena prenijeti ispred Beogradske patrijar\u0161ije, rekao je danas mitropolit Crnogorske pravoslavne crkve Mihailo.<\/p>\n<p>Upitan kako do\u017eivljava bo\u017ei\u0107ne poruke mitropolita crnogorsko-primorskog Amfilohija zbog crkve na Rumiji, Mihailo je odgovorio pitanjem &#8211; odakle mu pravo da na blagi dan sa trona svetoga Petra cetinjskoga proklinje hri\u0161\u0107ane i naziva ih nedostojnim imenima.<\/p>\n<p>\u201eZar onaj koji je podstrekavao gra\u0111ane da poharaju dubrova\u010dko podru\u010dje, kojega je \u010duvao Arkan, koji je blagosiljao oru\u017eje koje je usmrtilo hiljade gra\u0111ana Bosne i Hrvatske ima pravo da se naziva epsikopom hri\u0161anske crkve&#8221;, rekao je mitropolit CPC televiziji Montena.<\/p>\n<p>On je kazao da hri\u0161\u0107anstvo ne poznaje prokletstvo kao disciplinsku mjeru, ve\u0107 na taj na\u010din Amfilohije svjedo\u010di da je \u201enajobi\u010dniji paganin, nedostrojan episkopskog \u010dina&#8221;.<\/p>\n<p>CPC, kako je rekao, kao duhovna matica ve\u0107ine gra\u0111ana i smatra se obaveznom da u svojoj domovini za\u0161titi interese svih gra\u0111ana bilo koje vjeroispovijesti.<\/p>\n<p>\u201e\u010cinom nasa\u0111ivanja limenog objekta na Rumiji su uvrije\u0111ena na\u0161a bra\u0107a katoli\u010dke i islamske vjeroispovijesti jer je poni\u0161ten i kult i kultno mjesto na ovoj svetoj planini koju su \u010duvali i o\u010duvali njihovi preci&#8221;, rekao je Mihailo.<\/p>\n<p>On im je u svoje i u ime CPC uputio podr\u0161ku u cilju o\u010duvanja njihove jedinstvene duhovne ba\u0161tine, kulta svetog Vladimira.<\/p>\n<p>\u201eNa na\u010din kako su to \u010dinjeli vjekovima iznose\u0107i krst na vrh od Rumije i pola\u017eu\u0107i kamenje mira i ljubavi na njenom vrhu. Na taj na\u010din su utemeljili i zape\u010datili narodno jedinstvo nezavisno od vjerske i nacionalne pripadnosti&#8221;, naveo je Mihailo.<\/p>\n<p>\u201eZato limeni objekat koji neupu\u0107eni nazivaju crkvom treba skloniti sa Rumije i kao spomenik jednog zlog vremena prenijeti ispred Beogradske patrijar\u0161ije&#8221;, zaklju\u010dio je mitropolit CPC.<\/p>\n<p><strong>RTCG<br \/>\nVIDEO TV IN<br \/>\n[flv]http:\/\/www.rtvin.me\/flv\/08_01_post_mihailo.flv[\/flv]<br \/>\n<\/strong><\/p>\n<p><strong>Foli\u0107: Na Rumiji nije bilo crkve<\/strong><\/p>\n<p>Ne postoji ni jedan istorijski dokument koji potvr\u0111uje da se na vrhu Rumije nalazio neki vjerski objekat \u2013 ka\u017ee za inpuls istori\u010dar Zvezdan Foli\u0107. Komentari\u0161u\u0107i izjavu mitropolita Srpske pravoslavne crkve u Crnoj Gori Amfilohija da je na Rumiji postojala crkva koju su Turci sru\u0161ili u 15. vijeku, Foli\u0107 navodi da je to daleko od istorijskih \u010dinjenica.<\/p>\n<p><strong>TV IN<br \/>\n<\/strong><strong>VIDEO TV IN<br \/>\n[flv]http:\/\/www.rtvin.me\/flv\/10_01_post_folic.flv[\/flv]<\/p>\n<p><\/strong><\/p>\n","protected":false},"excerpt":{"rendered":"<p>Limeni objekat sa Rumije, koji neupu\u0107eni nazivaju crkvom, treba skloniti i kao spomenik jednog zlog vremena prenijeti ispred Beogradske patrijar\u0161ije, rekao je danas mitropolit Crnogorske pravoslavne crkve Mihailo. Upitan kako do\u017eivljava bo\u017ei\u0107ne poruke mitropolita crnogorsko-primorskog Amfilohija zbog crkve na Rumiji, Mihailo je odgovorio pitanjem &#8211; odakle mu pravo da na blagi dan sa trona svetoga [&hellip;]<\/p>\n","protected":false},"author":1,"featured_media":0,"comment_status":"open","ping_status":"closed","sticky":false,"template":"","format":"standard","meta":{"spay_email":"","jetpack_publicize_message":"","jetpack_is_tweetstorm":false,"jetpack_publicize_feature_enabled":true},"categories":[8337],"tags":[748,16878,16875,16876,11573,16877,19],"jetpack_publicize_connections":[],"yoast_head":"<!-- This site is optimized with the Yoast SEO plugin v19.1 - https:\/\/yoast.com\/wordpress\/plugins\/seo\/ -->\n<title>Mihailo: Skloniti limeni objekat sa Rumije - Video - Lajme nga Ulqini<\/title>\n<meta name=\"description\" content=\"Limeni objekat sa Rumije, koji neupu\u0107eni nazivaju crkvom, treba skloniti i kao spomenik jednog zlog vremena prenijeti ispred Beogradske patrijar\u0161ije,\" \/>\n<meta name=\"robots\" content=\"index, follow, max-snippet:-1, max-image-preview:large, max-video-preview:-1\" \/>\n<link rel=\"canonical\" href=\"https:\/\/www.visit-ulcinj.com\/blog\/2011\/01\/09\/mihailo-skloniti-limeni-objekat-sa-rumije-video\/\" \/>\n<meta property=\"og:locale\" content=\"en_US\" \/>\n<meta property=\"og:type\" content=\"article\" \/>\n<meta property=\"og:title\" content=\"Mihailo: Skloniti limeni objekat sa Rumije - Video - Lajme nga Ulqini\" \/>\n<meta property=\"og:description\" content=\"Limeni objekat sa Rumije, koji neupu\u0107eni nazivaju crkvom, treba skloniti i kao spomenik jednog zlog vremena prenijeti ispred Beogradske patrijar\u0161ije,\" \/>\n<meta property=\"og:url\" content=\"https:\/\/www.visit-ulcinj.com\/blog\/2011\/01\/09\/mihailo-skloniti-limeni-objekat-sa-rumije-video\/\" \/>\n<meta property=\"og:site_name\" content=\"Lajme nga Ulqini\" \/>\n<meta property=\"article:published_time\" content=\"2011-01-09T09:58:59+00:00\" \/>\n<meta property=\"article:modified_time\" content=\"2011-01-17T16:12:35+00:00\" \/>\n<meta property=\"og:image\" content=\"http:\/\/www.visit-ulcinj.com\/blog\/wp-content\/uploads\/2011\/01\/Mitropolit-Mihailo_Crna-Gora.jpg\" \/>\n<meta name=\"twitter:label1\" content=\"Written by\" \/>\n\t<meta name=\"twitter:data1\" content=\"ulqini\" \/>\n\t<meta name=\"twitter:label2\" content=\"Est. reading time\" \/>\n\t<meta name=\"twitter:data2\" content=\"2 minutes\" \/>\n<script type=\"application\/ld+json\" class=\"yoast-schema-graph\">{\"@context\":\"https:\/\/schema.org\",\"@graph\":[{\"@type\":\"WebSite\",\"@id\":\"https:\/\/www.visit-ulcinj.com\/blog\/#website\",\"url\":\"https:\/\/www.visit-ulcinj.com\/blog\/\",\"name\":\"Lajme nga Ulqini\",\"description\":\"Lajme,Vijesti,Ulqini,Ulqin,Crna Gora,Mali i Zi\",\"potentialAction\":[{\"@type\":\"SearchAction\",\"target\":{\"@type\":\"EntryPoint\",\"urlTemplate\":\"https:\/\/www.visit-ulcinj.com\/blog\/?s={search_term_string}\"},\"query-input\":\"required name=search_term_string\"}],\"inLanguage\":\"en-US\"},{\"@type\":\"ImageObject\",\"inLanguage\":\"en-US\",\"@id\":\"https:\/\/www.visit-ulcinj.com\/blog\/2011\/01\/09\/mihailo-skloniti-limeni-objekat-sa-rumije-video\/#primaryimage\",\"url\":\"https:\/\/www.visit-ulcinj.com\/blog\/wp-content\/uploads\/2011\/01\/Mitropolit-Mihailo_Crna-Gora.jpg\",\"contentUrl\":\"https:\/\/www.visit-ulcinj.com\/blog\/wp-content\/uploads\/2011\/01\/Mitropolit-Mihailo_Crna-Gora.jpg\",\"width\":\"640\",\"height\":\"427\"},{\"@type\":\"WebPage\",\"@id\":\"https:\/\/www.visit-ulcinj.com\/blog\/2011\/01\/09\/mihailo-skloniti-limeni-objekat-sa-rumije-video\/#webpage\",\"url\":\"https:\/\/www.visit-ulcinj.com\/blog\/2011\/01\/09\/mihailo-skloniti-limeni-objekat-sa-rumije-video\/\",\"name\":\"Mihailo: Skloniti limeni objekat sa Rumije - Video - Lajme nga Ulqini\",\"isPartOf\":{\"@id\":\"https:\/\/www.visit-ulcinj.com\/blog\/#website\"},\"primaryImageOfPage\":{\"@id\":\"https:\/\/www.visit-ulcinj.com\/blog\/2011\/01\/09\/mihailo-skloniti-limeni-objekat-sa-rumije-video\/#primaryimage\"},\"datePublished\":\"2011-01-09T09:58:59+00:00\",\"dateModified\":\"2011-01-17T16:12:35+00:00\",\"author\":{\"@id\":\"https:\/\/www.visit-ulcinj.com\/blog\/#\/schema\/person\/dcab619c614d3038751c63bc2aadc06d\"},\"description\":\"Limeni objekat sa Rumije, koji neupu\u0107eni nazivaju crkvom, treba skloniti i kao spomenik jednog zlog vremena prenijeti ispred Beogradske patrijar\u0161ije,\",\"breadcrumb\":{\"@id\":\"https:\/\/www.visit-ulcinj.com\/blog\/2011\/01\/09\/mihailo-skloniti-limeni-objekat-sa-rumije-video\/#breadcrumb\"},\"inLanguage\":\"en-US\",\"potentialAction\":[{\"@type\":\"ReadAction\",\"target\":[\"https:\/\/www.visit-ulcinj.com\/blog\/2011\/01\/09\/mihailo-skloniti-limeni-objekat-sa-rumije-video\/\"]}]},{\"@type\":\"BreadcrumbList\",\"@id\":\"https:\/\/www.visit-ulcinj.com\/blog\/2011\/01\/09\/mihailo-skloniti-limeni-objekat-sa-rumije-video\/#breadcrumb\",\"itemListElement\":[{\"@type\":\"ListItem\",\"position\":1,\"name\":\"Mihailo: Skloniti limeni objekat sa Rumije &#8211; Video\"}]},{\"@type\":\"Person\",\"@id\":\"https:\/\/www.visit-ulcinj.com\/blog\/#\/schema\/person\/dcab619c614d3038751c63bc2aadc06d\",\"name\":\"ulqini\",\"sameAs\":[\"http:\/\/www.visit-ulcinj.com\"],\"url\":\"https:\/\/www.visit-ulcinj.com\/blog\/author\/admin\/\"}]}<\/script>\n<!-- \/ Yoast SEO plugin. -->","yoast_head_json":{"title":"Mihailo: Skloniti limeni objekat sa Rumije - Video - Lajme nga Ulqini","description":"Limeni objekat sa Rumije, koji neupu\u0107eni nazivaju crkvom, treba skloniti i kao spomenik jednog zlog vremena prenijeti ispred Beogradske patrijar\u0161ije,","robots":{"index":"index","follow":"follow","max-snippet":"max-snippet:-1","max-image-preview":"max-image-preview:large","max-video-preview":"max-video-preview:-1"},"canonical":"https:\/\/www.visit-ulcinj.com\/blog\/2011\/01\/09\/mihailo-skloniti-limeni-objekat-sa-rumije-video\/","og_locale":"en_US","og_type":"article","og_title":"Mihailo: Skloniti limeni objekat sa Rumije - Video - Lajme nga Ulqini","og_description":"Limeni objekat sa Rumije, koji neupu\u0107eni nazivaju crkvom, treba skloniti i kao spomenik jednog zlog vremena prenijeti ispred Beogradske patrijar\u0161ije,","og_url":"https:\/\/www.visit-ulcinj.com\/blog\/2011\/01\/09\/mihailo-skloniti-limeni-objekat-sa-rumije-video\/","og_site_name":"Lajme nga Ulqini","article_published_time":"2011-01-09T09:58:59+00:00","article_modified_time":"2011-01-17T16:12:35+00:00","og_image":[{"url":"http:\/\/www.visit-ulcinj.com\/blog\/wp-content\/uploads\/2011\/01\/Mitropolit-Mihailo_Crna-Gora.jpg"}],"twitter_misc":{"Written by":"ulqini","Est. reading time":"2 minutes"},"schema":{"@context":"https:\/\/schema.org","@graph":[{"@type":"WebSite","@id":"https:\/\/www.visit-ulcinj.com\/blog\/#website","url":"https:\/\/www.visit-ulcinj.com\/blog\/","name":"Lajme nga Ulqini","description":"Lajme,Vijesti,Ulqini,Ulqin,Crna Gora,Mali i Zi","potentialAction":[{"@type":"SearchAction","target":{"@type":"EntryPoint","urlTemplate":"https:\/\/www.visit-ulcinj.com\/blog\/?s={search_term_string}"},"query-input":"required name=search_term_string"}],"inLanguage":"en-US"},{"@type":"ImageObject","inLanguage":"en-US","@id":"https:\/\/www.visit-ulcinj.com\/blog\/2011\/01\/09\/mihailo-skloniti-limeni-objekat-sa-rumije-video\/#primaryimage","url":"https:\/\/www.visit-ulcinj.com\/blog\/wp-content\/uploads\/2011\/01\/Mitropolit-Mihailo_Crna-Gora.jpg","contentUrl":"https:\/\/www.visit-ulcinj.com\/blog\/wp-content\/uploads\/2011\/01\/Mitropolit-Mihailo_Crna-Gora.jpg","width":"640","height":"427"},{"@type":"WebPage","@id":"https:\/\/www.visit-ulcinj.com\/blog\/2011\/01\/09\/mihailo-skloniti-limeni-objekat-sa-rumije-video\/#webpage","url":"https:\/\/www.visit-ulcinj.com\/blog\/2011\/01\/09\/mihailo-skloniti-limeni-objekat-sa-rumije-video\/","name":"Mihailo: Skloniti limeni objekat sa Rumije - Video - Lajme nga Ulqini","isPartOf":{"@id":"https:\/\/www.visit-ulcinj.com\/blog\/#website"},"primaryImageOfPage":{"@id":"https:\/\/www.visit-ulcinj.com\/blog\/2011\/01\/09\/mihailo-skloniti-limeni-objekat-sa-rumije-video\/#primaryimage"},"datePublished":"2011-01-09T09:58:59+00:00","dateModified":"2011-01-17T16:12:35+00:00","author":{"@id":"https:\/\/www.visit-ulcinj.com\/blog\/#\/schema\/person\/dcab619c614d3038751c63bc2aadc06d"},"description":"Limeni objekat sa Rumije, koji neupu\u0107eni nazivaju crkvom, treba skloniti i kao spomenik jednog zlog vremena prenijeti ispred Beogradske patrijar\u0161ije,","breadcrumb":{"@id":"https:\/\/www.visit-ulcinj.com\/blog\/2011\/01\/09\/mihailo-skloniti-limeni-objekat-sa-rumije-video\/#breadcrumb"},"inLanguage":"en-US","potentialAction":[{"@type":"ReadAction","target":["https:\/\/www.visit-ulcinj.com\/blog\/2011\/01\/09\/mihailo-skloniti-limeni-objekat-sa-rumije-video\/"]}]},{"@type":"BreadcrumbList","@id":"https:\/\/www.visit-ulcinj.com\/blog\/2011\/01\/09\/mihailo-skloniti-limeni-objekat-sa-rumije-video\/#breadcrumb","itemListElement":[{"@type":"ListItem","position":1,"name":"Mihailo: Skloniti limeni objekat sa Rumije &#8211; Video"}]},{"@type":"Person","@id":"https:\/\/www.visit-ulcinj.com\/blog\/#\/schema\/person\/dcab619c614d3038751c63bc2aadc06d","name":"ulqini","sameAs":["http:\/\/www.visit-ulcinj.com"],"url":"https:\/\/www.visit-ulcinj.com\/blog\/author\/admin\/"}]}},"jetpack_featured_media_url":"","jetpack_sharing_enabled":true,"jetpack_shortlink":"https:\/\/wp.me\/pe6lTn-aXF","_links":{"self":[{"href":"https:\/\/www.visit-ulcinj.com\/blog\/wp-json\/wp\/v2\/posts\/42139"}],"collection":[{"href":"https:\/\/www.visit-ulcinj.com\/blog\/wp-json\/wp\/v2\/posts"}],"about":[{"href":"https:\/\/www.visit-ulcinj.com\/blog\/wp-json\/wp\/v2\/types\/post"}],"author":[{"embeddable":true,"href":"https:\/\/www.visit-ulcinj.com\/blog\/wp-json\/wp\/v2\/users\/1"}],"replies":[{"embeddable":true,"href":"https:\/\/www.visit-ulcinj.com\/blog\/wp-json\/wp\/v2\/comments?post=42139"}],"version-history":[{"count":0,"href":"https:\/\/www.visit-ulcinj.com\/blog\/wp-json\/wp\/v2\/posts\/42139\/revisions"}],"wp:attachment":[{"href":"https:\/\/www.visit-ulcinj.com\/blog\/wp-json\/wp\/v2\/media?parent=42139"}],"wp:term":[{"taxonomy":"category","embeddable":true,"href":"https:\/\/www.visit-ulcinj.com\/blog\/wp-json\/wp\/v2\/categories?post=42139"},{"taxonomy":"post_tag","embeddable":true,"href":"https:\/\/www.visit-ulcinj.com\/blog\/wp-json\/wp\/v2\/tags?post=42139"}],"curies":[{"name":"wp","href":"https:\/\/api.w.org\/{rel}","templated":true}]}}