{"id":42143,"date":"2011-01-09T11:22:23","date_gmt":"2011-01-09T10:22:23","guid":{"rendered":"http:\/\/www.visit-ulcinj.com\/blog\/?p=42143"},"modified":"2011-01-09T11:24:28","modified_gmt":"2011-01-09T10:24:28","slug":"shkrimtari-dhe-publicisti-ibrahim-berjashi-ka-inicuar-kerkesen-ne-ministrine-per-kulture","status":"publish","type":"post","link":"https:\/\/www.visit-ulcinj.com\/blog\/2011\/01\/09\/shkrimtari-dhe-publicisti-ibrahim-berjashi-ka-inicuar-kerkesen-ne-ministrine-per-kulture\/","title":{"rendered":"Shkrimtari dhe publicisti Ibrahim Berjashi ka inicuar k\u00ebrkes\u00ebn n\u00eb Ministrin\u00eb p\u00ebr Kultur\u00eb"},"content":{"rendered":"<p><strong><a href=\"http:\/\/www.visit-ulcinj.com\/blog\/wp-content\/uploads\/2011\/01\/Ibrahim-Berjashi.jpg\"><img loading=\"lazy\" class=\"alignleft size-full wp-image-42144\" title=\"Ibrahim Berjashi\" src=\"http:\/\/www.visit-ulcinj.com\/blog\/wp-content\/uploads\/2011\/01\/Ibrahim-Berjashi.jpg\" alt=\"\" width=\"490\" height=\"367\" srcset=\"https:\/\/www.visit-ulcinj.com\/blog\/wp-content\/uploads\/2011\/01\/Ibrahim-Berjashi.jpg 490w, https:\/\/www.visit-ulcinj.com\/blog\/wp-content\/uploads\/2011\/01\/Ibrahim-Berjashi-300x224.jpg 300w\" sizes=\"(max-width: 490px) 100vw, 490px\" \/><\/a>Status dhe p\u00ebr krijuesit e shquar shqiptar\u00eb<\/strong><br \/>\nShkrimtari dhe publicisti nga Ulqini Ibrahim Berjashi ka nisur\u00a0 iniciativ\u00ebn n\u00eb ministrin\u00eb e kultur\u00ebs q\u00eb autor\u00ebt shqiptar\u00eb n\u00eb Mal t\u00eb Zi t\u00eb fitojn\u00eb statusin\u00a0 edhe p\u00ebr\u00a0 krijuesit e shquar shqiptar\u00eb. K\u00ebt\u00eb\u00a0 inicjativ\u00eb deri m\u00eb tani e kan\u00eb n\u00ebnshkruar 33 shqiptar\u00eb t\u00eb shquar n\u00eb Mal t\u00eb Zi. Midis tyre jan\u00eb shkrimtar\u00eb, publicist\u00eb, p\u00ebrkthyes, artist\u00eb, shkenc\u00ebtar\u00eb, intelektual\u00eb nga Ulqini, Vladimiri, Ostrosi dhe Tuzi, gazetar\u00ebt, kameraman\u00eb , drejtor\u00eb t\u00eb institucioneve t\u00eb kultur\u00ebs dhe t\u00eb arsimit, drejtor\u00eb t\u00eb bibliotekave,deputet\u00eb nga\u00a0\u00a0 Ulqini dhe p\u00ebrfaq\u00ebsues t\u00eb OJQ-ve q\u00eb kan\u00eb t\u00eb b\u00ebjn\u00eb me kultur\u00ebn e shqiptar\u00ebve n\u00eb Mal t\u00eb Zi.<br \/>\n&#8211; Q\u00ebllimi i k\u00ebsaj iniciative \u00ebsht\u00eb q\u00eb Qeveria e Malit t\u00eb Zi dhe Ministris\u00eb s\u00eb Kultur\u00ebs dhe Ministris\u00eb p\u00ebr\u00a0 t\u00eb drejtat e\u00a0 njeriut dhe t\u00eb pakicave dhe Qendra p\u00ebr ruajtjen dhe zhvillimin e minoriteteve kulturore n\u00eb Malit t\u00eb Zi t\u00eb vler\u00ebsojn\u00eb\u00a0 nj\u00eb kontribut t\u00eb madh t\u00eb shqiptar\u00ebve\u00a0 n\u00eb zhvillimin e kultur\u00ebs dhe multi-kultur\u00ebs n\u00eb Mal t\u00eb Zi. Nisur nga kjo, ne mendojm\u00eb se nga radh\u00ebt e shqiptar\u00ebve q\u00eb jetojn\u00eb dhe punojn\u00eb n\u00eb Mal t\u00eb Zi, ka shum\u00eb t\u00eb cil\u00ebt meritojn\u00eb t\u00eb jen\u00eb mbajt\u00ebsit e statusit t\u00eb nj\u00eb krijuesi t\u00eb shquar kulturor. V\u00ebshtir\u00ebsia jon\u00eb m\u00eb e madhe \u00ebsht\u00eb se p\u00ebr shkak t\u00eb specifikave t\u00eb gjuh\u00ebs shqipe , deri m\u00eb tash nuk kemi pasur mund\u00ebsi t\u00eb jemi laureat\u00eb i asnj\u00eb \u00e7mimi n\u00eb nivelin shtet\u00ebror &#8211; K\u00ebshtu i ka deklaruar t\u00eb p\u00ebrditshmes DAN, Ibrahim Berjashi , nism\u00ebtar dhe kryetar i par\u00eb i ART CLUB-it , an\u00ebtar PEN qendr\u00ebs s\u00eb Malit t\u00eb Zi.<br \/>\nT\u00eb p\u00ebrkujtojm\u00eb se kushti\u00a0 p\u00ebr , p\u00ebr t&#8217;u kualifikuar p\u00ebr statusin e kandidatit potencial duhet t\u00eb jet\u00eb shtetas i Malit t\u00eb Zi dhe q\u00eb banon brenda tij,\u00a0 t\u00eb jet\u00eb\u00a0 fituas\u00a0 i \u00e7mimit t\u00eb\u00a0 13\u00a0 korrikut,\u00a0 n\u00eb kultur\u00ebn dhe krijimtarin\u00eb, dhe n\u00eb arritjet gjat\u00eb jet\u00ebs.Kandidati\u00a0 p\u00ebr statusin vazhdimisht duhet\u00a0 p\u00ebr t\u00eb krijuar m\u00eb shum\u00eb se 20 vjet n\u00eb Mal t\u00eb Zi dhe t\u00eb kontriboj\u00eb n\u00eb zhvillimin e vlerave kulturore dhe afirmimin nd\u00ebrkomb\u00ebtar t\u00eb shtetit. Krijuesi kulturor\u00eb ka t\u00eb drejt\u00eb gjat\u00eb gjith\u00eb\u00a0 jet\u00ebs n\u00eb nj\u00eb kompensim\u00a0 mujor\u00eb nga dita e ndarjes s\u00eb\u00a0 statusit t\u00eb \u00e7mimit, e cila \u00ebsht\u00eb e p\u00ebrcaktuar\u00a0 n\u00eb\u00a0 var\u00ebsi t\u00eb shtetit t\u00eb cilat artisti\u00a0 i ka marr\u00eb dhe t\u00eb ardhurat mesatare t\u00eb fituara n\u00eb vitin para pages\u00ebs s\u00eb kompensimit.<\/p>\n<p><strong>P\u00ebrktheu nga \u201cDan\u201d Albert Camaj<br \/>\n<\/strong><\/p>\n<p><strong>Malsia.org<br \/>\n<\/strong><strong><!--YouTube Error: bad URL entered--><\/strong><\/p>\n","protected":false},"excerpt":{"rendered":"<p>Status dhe p\u00ebr krijuesit e shquar shqiptar\u00eb Shkrimtari dhe publicisti nga Ulqini Ibrahim Berjashi ka nisur\u00a0 iniciativ\u00ebn n\u00eb ministrin\u00eb e kultur\u00ebs q\u00eb autor\u00ebt shqiptar\u00eb n\u00eb Mal t\u00eb Zi t\u00eb fitojn\u00eb statusin\u00a0 edhe p\u00ebr\u00a0 krijuesit e shquar shqiptar\u00eb. K\u00ebt\u00eb\u00a0 inicjativ\u00eb deri m\u00eb tani e kan\u00eb n\u00ebnshkruar 33 shqiptar\u00eb t\u00eb shquar n\u00eb Mal t\u00eb Zi. Midis tyre [&hellip;]<\/p>\n","protected":false},"author":1,"featured_media":0,"comment_status":"open","ping_status":"closed","sticky":false,"template":"","format":"standard","meta":{"spay_email":"","jetpack_publicize_message":"","jetpack_is_tweetstorm":false,"jetpack_publicize_feature_enabled":true},"categories":[4],"tags":[16819,3721,11749,1653,16880,16879,200,18],"jetpack_publicize_connections":[],"yoast_head":"<!-- This site is optimized with the Yoast SEO plugin v19.1 - https:\/\/yoast.com\/wordpress\/plugins\/seo\/ -->\n<title>Shkrimtari dhe publicisti Ibrahim Berjashi ka inicuar k\u00ebrkes\u00ebn n\u00eb Ministrin\u00eb p\u00ebr Kultur\u00eb - Lajme nga Ulqini<\/title>\n<meta name=\"description\" content=\"Status dhe p\u00ebr krijuesit e shquar shqiptar\u00eb Shkrimtari dhe publicisti nga Ulqini Ibrahim Berjashi ka nisur\u00a0 iniciativ\u00ebn n\u00eb ministrin\u00eb e kultur\u00ebs q\u00eb\" \/>\n<meta name=\"robots\" content=\"index, follow, max-snippet:-1, max-image-preview:large, max-video-preview:-1\" \/>\n<link rel=\"canonical\" href=\"https:\/\/www.visit-ulcinj.com\/blog\/2011\/01\/09\/shkrimtari-dhe-publicisti-ibrahim-berjashi-ka-inicuar-kerkesen-ne-ministrine-per-kulture\/\" \/>\n<meta property=\"og:locale\" content=\"en_US\" \/>\n<meta property=\"og:type\" content=\"article\" \/>\n<meta property=\"og:title\" content=\"Shkrimtari dhe publicisti Ibrahim Berjashi ka inicuar k\u00ebrkes\u00ebn n\u00eb Ministrin\u00eb p\u00ebr Kultur\u00eb - Lajme nga Ulqini\" \/>\n<meta property=\"og:description\" content=\"Status dhe p\u00ebr krijuesit e shquar shqiptar\u00eb Shkrimtari dhe publicisti nga Ulqini Ibrahim Berjashi ka nisur\u00a0 iniciativ\u00ebn n\u00eb ministrin\u00eb e kultur\u00ebs q\u00eb\" \/>\n<meta property=\"og:url\" content=\"https:\/\/www.visit-ulcinj.com\/blog\/2011\/01\/09\/shkrimtari-dhe-publicisti-ibrahim-berjashi-ka-inicuar-kerkesen-ne-ministrine-per-kulture\/\" \/>\n<meta property=\"og:site_name\" content=\"Lajme nga Ulqini\" \/>\n<meta property=\"article:published_time\" content=\"2011-01-09T10:22:23+00:00\" \/>\n<meta property=\"article:modified_time\" content=\"2011-01-09T10:24:28+00:00\" \/>\n<meta property=\"og:image\" content=\"http:\/\/www.visit-ulcinj.com\/blog\/wp-content\/uploads\/2011\/01\/Ibrahim-Berjashi.jpg\" \/>\n<meta name=\"twitter:label1\" content=\"Written by\" \/>\n\t<meta name=\"twitter:data1\" content=\"ulqini\" \/>\n\t<meta name=\"twitter:label2\" content=\"Est. reading time\" \/>\n\t<meta name=\"twitter:data2\" content=\"2 minutes\" \/>\n<script type=\"application\/ld+json\" class=\"yoast-schema-graph\">{\"@context\":\"https:\/\/schema.org\",\"@graph\":[{\"@type\":\"WebSite\",\"@id\":\"https:\/\/www.visit-ulcinj.com\/blog\/#website\",\"url\":\"https:\/\/www.visit-ulcinj.com\/blog\/\",\"name\":\"Lajme nga Ulqini\",\"description\":\"Lajme,Vijesti,Ulqini,Ulqin,Crna Gora,Mali i Zi\",\"potentialAction\":[{\"@type\":\"SearchAction\",\"target\":{\"@type\":\"EntryPoint\",\"urlTemplate\":\"https:\/\/www.visit-ulcinj.com\/blog\/?s={search_term_string}\"},\"query-input\":\"required name=search_term_string\"}],\"inLanguage\":\"en-US\"},{\"@type\":\"ImageObject\",\"inLanguage\":\"en-US\",\"@id\":\"https:\/\/www.visit-ulcinj.com\/blog\/2011\/01\/09\/shkrimtari-dhe-publicisti-ibrahim-berjashi-ka-inicuar-kerkesen-ne-ministrine-per-kulture\/#primaryimage\",\"url\":\"https:\/\/www.visit-ulcinj.com\/blog\/wp-content\/uploads\/2011\/01\/Ibrahim-Berjashi.jpg\",\"contentUrl\":\"https:\/\/www.visit-ulcinj.com\/blog\/wp-content\/uploads\/2011\/01\/Ibrahim-Berjashi.jpg\",\"width\":\"490\",\"height\":\"367\"},{\"@type\":\"WebPage\",\"@id\":\"https:\/\/www.visit-ulcinj.com\/blog\/2011\/01\/09\/shkrimtari-dhe-publicisti-ibrahim-berjashi-ka-inicuar-kerkesen-ne-ministrine-per-kulture\/#webpage\",\"url\":\"https:\/\/www.visit-ulcinj.com\/blog\/2011\/01\/09\/shkrimtari-dhe-publicisti-ibrahim-berjashi-ka-inicuar-kerkesen-ne-ministrine-per-kulture\/\",\"name\":\"Shkrimtari dhe publicisti Ibrahim Berjashi ka inicuar k\u00ebrkes\u00ebn n\u00eb Ministrin\u00eb p\u00ebr Kultur\u00eb - Lajme nga Ulqini\",\"isPartOf\":{\"@id\":\"https:\/\/www.visit-ulcinj.com\/blog\/#website\"},\"primaryImageOfPage\":{\"@id\":\"https:\/\/www.visit-ulcinj.com\/blog\/2011\/01\/09\/shkrimtari-dhe-publicisti-ibrahim-berjashi-ka-inicuar-kerkesen-ne-ministrine-per-kulture\/#primaryimage\"},\"datePublished\":\"2011-01-09T10:22:23+00:00\",\"dateModified\":\"2011-01-09T10:24:28+00:00\",\"author\":{\"@id\":\"https:\/\/www.visit-ulcinj.com\/blog\/#\/schema\/person\/dcab619c614d3038751c63bc2aadc06d\"},\"description\":\"Status dhe p\u00ebr krijuesit e shquar shqiptar\u00eb Shkrimtari dhe publicisti nga Ulqini Ibrahim Berjashi ka nisur\u00a0 iniciativ\u00ebn n\u00eb ministrin\u00eb e kultur\u00ebs q\u00eb\",\"breadcrumb\":{\"@id\":\"https:\/\/www.visit-ulcinj.com\/blog\/2011\/01\/09\/shkrimtari-dhe-publicisti-ibrahim-berjashi-ka-inicuar-kerkesen-ne-ministrine-per-kulture\/#breadcrumb\"},\"inLanguage\":\"en-US\",\"potentialAction\":[{\"@type\":\"ReadAction\",\"target\":[\"https:\/\/www.visit-ulcinj.com\/blog\/2011\/01\/09\/shkrimtari-dhe-publicisti-ibrahim-berjashi-ka-inicuar-kerkesen-ne-ministrine-per-kulture\/\"]}]},{\"@type\":\"BreadcrumbList\",\"@id\":\"https:\/\/www.visit-ulcinj.com\/blog\/2011\/01\/09\/shkrimtari-dhe-publicisti-ibrahim-berjashi-ka-inicuar-kerkesen-ne-ministrine-per-kulture\/#breadcrumb\",\"itemListElement\":[{\"@type\":\"ListItem\",\"position\":1,\"name\":\"Shkrimtari dhe publicisti Ibrahim Berjashi ka inicuar k\u00ebrkes\u00ebn n\u00eb Ministrin\u00eb p\u00ebr Kultur\u00eb\"}]},{\"@type\":\"Person\",\"@id\":\"https:\/\/www.visit-ulcinj.com\/blog\/#\/schema\/person\/dcab619c614d3038751c63bc2aadc06d\",\"name\":\"ulqini\",\"sameAs\":[\"http:\/\/www.visit-ulcinj.com\"],\"url\":\"https:\/\/www.visit-ulcinj.com\/blog\/author\/admin\/\"}]}<\/script>\n<!-- \/ Yoast SEO plugin. -->","yoast_head_json":{"title":"Shkrimtari dhe publicisti Ibrahim Berjashi ka inicuar k\u00ebrkes\u00ebn n\u00eb Ministrin\u00eb p\u00ebr Kultur\u00eb - Lajme nga Ulqini","description":"Status dhe p\u00ebr krijuesit e shquar shqiptar\u00eb Shkrimtari dhe publicisti nga Ulqini Ibrahim Berjashi ka nisur\u00a0 iniciativ\u00ebn n\u00eb ministrin\u00eb e kultur\u00ebs q\u00eb","robots":{"index":"index","follow":"follow","max-snippet":"max-snippet:-1","max-image-preview":"max-image-preview:large","max-video-preview":"max-video-preview:-1"},"canonical":"https:\/\/www.visit-ulcinj.com\/blog\/2011\/01\/09\/shkrimtari-dhe-publicisti-ibrahim-berjashi-ka-inicuar-kerkesen-ne-ministrine-per-kulture\/","og_locale":"en_US","og_type":"article","og_title":"Shkrimtari dhe publicisti Ibrahim Berjashi ka inicuar k\u00ebrkes\u00ebn n\u00eb Ministrin\u00eb p\u00ebr Kultur\u00eb - Lajme nga Ulqini","og_description":"Status dhe p\u00ebr krijuesit e shquar shqiptar\u00eb Shkrimtari dhe publicisti nga Ulqini Ibrahim Berjashi ka nisur\u00a0 iniciativ\u00ebn n\u00eb ministrin\u00eb e kultur\u00ebs q\u00eb","og_url":"https:\/\/www.visit-ulcinj.com\/blog\/2011\/01\/09\/shkrimtari-dhe-publicisti-ibrahim-berjashi-ka-inicuar-kerkesen-ne-ministrine-per-kulture\/","og_site_name":"Lajme nga Ulqini","article_published_time":"2011-01-09T10:22:23+00:00","article_modified_time":"2011-01-09T10:24:28+00:00","og_image":[{"url":"http:\/\/www.visit-ulcinj.com\/blog\/wp-content\/uploads\/2011\/01\/Ibrahim-Berjashi.jpg"}],"twitter_misc":{"Written by":"ulqini","Est. reading time":"2 minutes"},"schema":{"@context":"https:\/\/schema.org","@graph":[{"@type":"WebSite","@id":"https:\/\/www.visit-ulcinj.com\/blog\/#website","url":"https:\/\/www.visit-ulcinj.com\/blog\/","name":"Lajme nga Ulqini","description":"Lajme,Vijesti,Ulqini,Ulqin,Crna Gora,Mali i Zi","potentialAction":[{"@type":"SearchAction","target":{"@type":"EntryPoint","urlTemplate":"https:\/\/www.visit-ulcinj.com\/blog\/?s={search_term_string}"},"query-input":"required name=search_term_string"}],"inLanguage":"en-US"},{"@type":"ImageObject","inLanguage":"en-US","@id":"https:\/\/www.visit-ulcinj.com\/blog\/2011\/01\/09\/shkrimtari-dhe-publicisti-ibrahim-berjashi-ka-inicuar-kerkesen-ne-ministrine-per-kulture\/#primaryimage","url":"https:\/\/www.visit-ulcinj.com\/blog\/wp-content\/uploads\/2011\/01\/Ibrahim-Berjashi.jpg","contentUrl":"https:\/\/www.visit-ulcinj.com\/blog\/wp-content\/uploads\/2011\/01\/Ibrahim-Berjashi.jpg","width":"490","height":"367"},{"@type":"WebPage","@id":"https:\/\/www.visit-ulcinj.com\/blog\/2011\/01\/09\/shkrimtari-dhe-publicisti-ibrahim-berjashi-ka-inicuar-kerkesen-ne-ministrine-per-kulture\/#webpage","url":"https:\/\/www.visit-ulcinj.com\/blog\/2011\/01\/09\/shkrimtari-dhe-publicisti-ibrahim-berjashi-ka-inicuar-kerkesen-ne-ministrine-per-kulture\/","name":"Shkrimtari dhe publicisti Ibrahim Berjashi ka inicuar k\u00ebrkes\u00ebn n\u00eb Ministrin\u00eb p\u00ebr Kultur\u00eb - Lajme nga Ulqini","isPartOf":{"@id":"https:\/\/www.visit-ulcinj.com\/blog\/#website"},"primaryImageOfPage":{"@id":"https:\/\/www.visit-ulcinj.com\/blog\/2011\/01\/09\/shkrimtari-dhe-publicisti-ibrahim-berjashi-ka-inicuar-kerkesen-ne-ministrine-per-kulture\/#primaryimage"},"datePublished":"2011-01-09T10:22:23+00:00","dateModified":"2011-01-09T10:24:28+00:00","author":{"@id":"https:\/\/www.visit-ulcinj.com\/blog\/#\/schema\/person\/dcab619c614d3038751c63bc2aadc06d"},"description":"Status dhe p\u00ebr krijuesit e shquar shqiptar\u00eb Shkrimtari dhe publicisti nga Ulqini Ibrahim Berjashi ka nisur\u00a0 iniciativ\u00ebn n\u00eb ministrin\u00eb e kultur\u00ebs q\u00eb","breadcrumb":{"@id":"https:\/\/www.visit-ulcinj.com\/blog\/2011\/01\/09\/shkrimtari-dhe-publicisti-ibrahim-berjashi-ka-inicuar-kerkesen-ne-ministrine-per-kulture\/#breadcrumb"},"inLanguage":"en-US","potentialAction":[{"@type":"ReadAction","target":["https:\/\/www.visit-ulcinj.com\/blog\/2011\/01\/09\/shkrimtari-dhe-publicisti-ibrahim-berjashi-ka-inicuar-kerkesen-ne-ministrine-per-kulture\/"]}]},{"@type":"BreadcrumbList","@id":"https:\/\/www.visit-ulcinj.com\/blog\/2011\/01\/09\/shkrimtari-dhe-publicisti-ibrahim-berjashi-ka-inicuar-kerkesen-ne-ministrine-per-kulture\/#breadcrumb","itemListElement":[{"@type":"ListItem","position":1,"name":"Shkrimtari dhe publicisti Ibrahim Berjashi ka inicuar k\u00ebrkes\u00ebn n\u00eb Ministrin\u00eb p\u00ebr Kultur\u00eb"}]},{"@type":"Person","@id":"https:\/\/www.visit-ulcinj.com\/blog\/#\/schema\/person\/dcab619c614d3038751c63bc2aadc06d","name":"ulqini","sameAs":["http:\/\/www.visit-ulcinj.com"],"url":"https:\/\/www.visit-ulcinj.com\/blog\/author\/admin\/"}]}},"jetpack_featured_media_url":"","jetpack_sharing_enabled":true,"jetpack_shortlink":"https:\/\/wp.me\/pe6lTn-aXJ","_links":{"self":[{"href":"https:\/\/www.visit-ulcinj.com\/blog\/wp-json\/wp\/v2\/posts\/42143"}],"collection":[{"href":"https:\/\/www.visit-ulcinj.com\/blog\/wp-json\/wp\/v2\/posts"}],"about":[{"href":"https:\/\/www.visit-ulcinj.com\/blog\/wp-json\/wp\/v2\/types\/post"}],"author":[{"embeddable":true,"href":"https:\/\/www.visit-ulcinj.com\/blog\/wp-json\/wp\/v2\/users\/1"}],"replies":[{"embeddable":true,"href":"https:\/\/www.visit-ulcinj.com\/blog\/wp-json\/wp\/v2\/comments?post=42143"}],"version-history":[{"count":0,"href":"https:\/\/www.visit-ulcinj.com\/blog\/wp-json\/wp\/v2\/posts\/42143\/revisions"}],"wp:attachment":[{"href":"https:\/\/www.visit-ulcinj.com\/blog\/wp-json\/wp\/v2\/media?parent=42143"}],"wp:term":[{"taxonomy":"category","embeddable":true,"href":"https:\/\/www.visit-ulcinj.com\/blog\/wp-json\/wp\/v2\/categories?post=42143"},{"taxonomy":"post_tag","embeddable":true,"href":"https:\/\/www.visit-ulcinj.com\/blog\/wp-json\/wp\/v2\/tags?post=42143"}],"curies":[{"name":"wp","href":"https:\/\/api.w.org\/{rel}","templated":true}]}}