{"id":42148,"date":"2011-01-09T12:10:19","date_gmt":"2011-01-09T11:10:19","guid":{"rendered":"http:\/\/www.visit-ulcinj.com\/blog\/?p=42148"},"modified":"2011-01-09T12:10:19","modified_gmt":"2011-01-09T11:10:19","slug":"ulcinj-nvo-zeleni-korak-pisala-potpredsjedniku-vlade","status":"publish","type":"post","link":"https:\/\/www.visit-ulcinj.com\/blog\/2011\/01\/09\/ulcinj-nvo-zeleni-korak-pisala-potpredsjedniku-vlade\/","title":{"rendered":"Ulcinj: NVO Zeleni Korak pisala potpredsjedniku vlade"},"content":{"rendered":"<p><strong><a href=\"http:\/\/www.visit-ulcinj.com\/blog\/wp-content\/uploads\/2011\/01\/Dzelal-Hodzic_VALDANOS_Ulcinj_vujica-lazovic.jpg\"><img loading=\"lazy\" class=\"alignleft size-full wp-image-42149\" title=\"Dzelal Hodzic_VALDANOS_Ulcinj_vujica lazovic\" src=\"http:\/\/www.visit-ulcinj.com\/blog\/wp-content\/uploads\/2011\/01\/Dzelal-Hodzic_VALDANOS_Ulcinj_vujica-lazovic.jpg\" alt=\"\" width=\"490\" height=\"390\" \/><\/a>NVO <\/strong><strong>\u201eZeleni korak&#8221; <\/strong><strong>pisala potpredsjedniku vlade sa zahtjevom za organizaciju okruglog stola<br \/>\n<\/strong><strong>Sa Vujicom i Pe\u0111om o Valdanosu<\/strong><strong> <\/strong><\/p>\n<p>Nevladina organizacija \u201eZeleni korak&#8221; iz Ulcinja pozvala je potpredsjednika Vlade Vujicu Lazovi\u0107a da, zbog razja\u0161njenja mnogih nepoznanica vezanih za izgradnju hotelskih kapaciteta u Valdanosu, u najju\u017enijoj op\u0161tini organizuje okrugli sto, na kome bi se razjasnila mnoga nejasna pitanja.<br \/>\n&#8211; Po\u0161tuju\u0107i ekonomsko -tr\u017ei\u0161ne standarde da svaka strana investicija koja treba da bude razvojna i odr\u017eiva istovremeno bude realna i transparentna, a imaju\u0107i u vidu razli\u010dite pristupe i poglede o na\u010dinu za\u0161tite i valorizacije Valdanosa, koji je na\u017ealost pra\u0107en i prepucavanjima preko medija, izme\u0111u gra\u0111anskih udru\u017eenja Ulcinja sa jedne i vladinih institucija sa druge strane, predla\u017eemo Vam da organizujete skup na kome bi u\u010de\u0161\u0107e uzele dr\u017eavne institucije na centralnom i lokalnom nivou, udru\u017eenje maslinara, civilni sektor Ulcinja, stru\u010dne i nau\u010dne institucije i pojedinci kako bi se iznjedrilo najbolje rje\u0161enje za za\u0161titu i generisanje ovog jedinstvenog lokaliteta. To korespondira sa pozitivnim zakonskim propisima i evropskim standardima o slobodnom pristupu informacija i u\u010de\u0161\u0107u gra\u0111ana u dono\u0161enju odluka a Va\u0161e prisustvo kao i prisustvo ministra odr\u017eivog razvoja i turizma Predraga Sekuli\u0107a je neophodno &#8211; stoji, izme\u0111u ostalog, u otvorenom pismu NVO \u201eZeleni korak&#8221;.<br \/>\nDalje se navodi da \u201epreko medija izneseni ekonomsko-finansijski podaci i brojke o opravdanosti ove investicije bez prezentacije ekolo\u0161ko-odr\u017eive komponente budi sumnje u realnost i odr\u017eivost ogromnih ulaganja na takvom malom prostoru&#8221;.<br \/>\n&#8211; U Ulcinju nije bila nijedna uspje\u0161na prodaja ili privatizacija nekretnina ili objekata, a da su pri tome gra\u0111ani ili radnici osjetili blagodeti. Krajnje je vrijeme da preovladava znanje, mudrost i razboritost a ne ishitreni i nepromi\u0161ljeni potezi kao do sada &#8211; zaklju\u010duje se u pismu koje je potpisao direktor NVO &#8220;Zeleni korak&#8221; D\u017eelal Hod\u017ei\u0107.<\/p>\n<p><a href=\"http:\/\/www.dan.co.me\/?nivo=3&amp;rubrika=Regioni&amp;clanak=262823&amp;datum=2011-01-08\" target=\"_blank\"><strong>DAN<\/strong><\/a><br \/>\n<!--YouTube Error: bad URL entered--><\/p>\n","protected":false},"excerpt":{"rendered":"<p>NVO \u201eZeleni korak&#8221; pisala potpredsjedniku vlade sa zahtjevom za organizaciju okruglog stola Sa Vujicom i Pe\u0111om o Valdanosu Nevladina organizacija \u201eZeleni korak&#8221; iz Ulcinja pozvala je potpredsjednika Vlade Vujicu Lazovi\u0107a da, zbog razja\u0161njenja mnogih nepoznanica vezanih za izgradnju hotelskih kapaciteta u Valdanosu, u najju\u017enijoj op\u0161tini organizuje okrugli sto, na kome bi se razjasnila mnoga nejasna [&hellip;]<\/p>\n","protected":false},"author":1,"featured_media":0,"comment_status":"open","ping_status":"closed","sticky":false,"template":"","format":"standard","meta":{"spay_email":"","jetpack_publicize_message":"","jetpack_is_tweetstorm":false,"jetpack_publicize_feature_enabled":true},"categories":[8337],"tags":[135,1627,8761,19,136],"jetpack_publicize_connections":[],"yoast_head":"<!-- This site is optimized with the Yoast SEO plugin v19.1 - https:\/\/yoast.com\/wordpress\/plugins\/seo\/ -->\n<title>Ulcinj: NVO Zeleni Korak pisala potpredsjedniku vlade - Lajme nga Ulqini<\/title>\n<meta name=\"description\" content=\"NVO \u201eZeleni korak&quot; pisala potpredsjedniku vlade sa zahtjevom za organizaciju okruglog stola Sa Vujicom i Pe\u0111om o Valdanosu Nevladina organizacija \u201eZeleni\" \/>\n<meta name=\"robots\" content=\"index, follow, max-snippet:-1, max-image-preview:large, max-video-preview:-1\" \/>\n<link rel=\"canonical\" href=\"https:\/\/www.visit-ulcinj.com\/blog\/2011\/01\/09\/ulcinj-nvo-zeleni-korak-pisala-potpredsjedniku-vlade\/\" \/>\n<meta property=\"og:locale\" content=\"en_US\" \/>\n<meta property=\"og:type\" content=\"article\" \/>\n<meta property=\"og:title\" content=\"Ulcinj: NVO Zeleni Korak pisala potpredsjedniku vlade - Lajme nga Ulqini\" \/>\n<meta property=\"og:description\" content=\"NVO \u201eZeleni korak&quot; pisala potpredsjedniku vlade sa zahtjevom za organizaciju okruglog stola Sa Vujicom i Pe\u0111om o Valdanosu Nevladina organizacija \u201eZeleni\" \/>\n<meta property=\"og:url\" content=\"https:\/\/www.visit-ulcinj.com\/blog\/2011\/01\/09\/ulcinj-nvo-zeleni-korak-pisala-potpredsjedniku-vlade\/\" \/>\n<meta property=\"og:site_name\" content=\"Lajme nga Ulqini\" \/>\n<meta property=\"article:published_time\" content=\"2011-01-09T11:10:19+00:00\" \/>\n<meta property=\"og:image\" content=\"http:\/\/www.visit-ulcinj.com\/blog\/wp-content\/uploads\/2011\/01\/Dzelal-Hodzic_VALDANOS_Ulcinj_vujica-lazovic.jpg\" \/>\n<meta name=\"twitter:label1\" content=\"Written by\" \/>\n\t<meta name=\"twitter:data1\" content=\"ulqini\" \/>\n\t<meta name=\"twitter:label2\" content=\"Est. reading time\" \/>\n\t<meta name=\"twitter:data2\" content=\"2 minutes\" \/>\n<script type=\"application\/ld+json\" class=\"yoast-schema-graph\">{\"@context\":\"https:\/\/schema.org\",\"@graph\":[{\"@type\":\"WebSite\",\"@id\":\"https:\/\/www.visit-ulcinj.com\/blog\/#website\",\"url\":\"https:\/\/www.visit-ulcinj.com\/blog\/\",\"name\":\"Lajme nga Ulqini\",\"description\":\"Lajme,Vijesti,Ulqini,Ulqin,Crna Gora,Mali i Zi\",\"potentialAction\":[{\"@type\":\"SearchAction\",\"target\":{\"@type\":\"EntryPoint\",\"urlTemplate\":\"https:\/\/www.visit-ulcinj.com\/blog\/?s={search_term_string}\"},\"query-input\":\"required name=search_term_string\"}],\"inLanguage\":\"en-US\"},{\"@type\":\"ImageObject\",\"inLanguage\":\"en-US\",\"@id\":\"https:\/\/www.visit-ulcinj.com\/blog\/2011\/01\/09\/ulcinj-nvo-zeleni-korak-pisala-potpredsjedniku-vlade\/#primaryimage\",\"url\":\"https:\/\/www.visit-ulcinj.com\/blog\/wp-content\/uploads\/2011\/01\/Dzelal-Hodzic_VALDANOS_Ulcinj_vujica-lazovic.jpg\",\"contentUrl\":\"https:\/\/www.visit-ulcinj.com\/blog\/wp-content\/uploads\/2011\/01\/Dzelal-Hodzic_VALDANOS_Ulcinj_vujica-lazovic.jpg\",\"width\":\"936\",\"height\":\"626\"},{\"@type\":\"WebPage\",\"@id\":\"https:\/\/www.visit-ulcinj.com\/blog\/2011\/01\/09\/ulcinj-nvo-zeleni-korak-pisala-potpredsjedniku-vlade\/#webpage\",\"url\":\"https:\/\/www.visit-ulcinj.com\/blog\/2011\/01\/09\/ulcinj-nvo-zeleni-korak-pisala-potpredsjedniku-vlade\/\",\"name\":\"Ulcinj: NVO Zeleni Korak pisala potpredsjedniku vlade - Lajme nga Ulqini\",\"isPartOf\":{\"@id\":\"https:\/\/www.visit-ulcinj.com\/blog\/#website\"},\"primaryImageOfPage\":{\"@id\":\"https:\/\/www.visit-ulcinj.com\/blog\/2011\/01\/09\/ulcinj-nvo-zeleni-korak-pisala-potpredsjedniku-vlade\/#primaryimage\"},\"datePublished\":\"2011-01-09T11:10:19+00:00\",\"dateModified\":\"2011-01-09T11:10:19+00:00\",\"author\":{\"@id\":\"https:\/\/www.visit-ulcinj.com\/blog\/#\/schema\/person\/dcab619c614d3038751c63bc2aadc06d\"},\"description\":\"NVO \u201eZeleni korak\\\" pisala potpredsjedniku vlade sa zahtjevom za organizaciju okruglog stola Sa Vujicom i Pe\u0111om o Valdanosu Nevladina organizacija \u201eZeleni\",\"breadcrumb\":{\"@id\":\"https:\/\/www.visit-ulcinj.com\/blog\/2011\/01\/09\/ulcinj-nvo-zeleni-korak-pisala-potpredsjedniku-vlade\/#breadcrumb\"},\"inLanguage\":\"en-US\",\"potentialAction\":[{\"@type\":\"ReadAction\",\"target\":[\"https:\/\/www.visit-ulcinj.com\/blog\/2011\/01\/09\/ulcinj-nvo-zeleni-korak-pisala-potpredsjedniku-vlade\/\"]}]},{\"@type\":\"BreadcrumbList\",\"@id\":\"https:\/\/www.visit-ulcinj.com\/blog\/2011\/01\/09\/ulcinj-nvo-zeleni-korak-pisala-potpredsjedniku-vlade\/#breadcrumb\",\"itemListElement\":[{\"@type\":\"ListItem\",\"position\":1,\"name\":\"Ulcinj: NVO Zeleni Korak pisala potpredsjedniku vlade\"}]},{\"@type\":\"Person\",\"@id\":\"https:\/\/www.visit-ulcinj.com\/blog\/#\/schema\/person\/dcab619c614d3038751c63bc2aadc06d\",\"name\":\"ulqini\",\"sameAs\":[\"http:\/\/www.visit-ulcinj.com\"],\"url\":\"https:\/\/www.visit-ulcinj.com\/blog\/author\/admin\/\"}]}<\/script>\n<!-- \/ Yoast SEO plugin. -->","yoast_head_json":{"title":"Ulcinj: NVO Zeleni Korak pisala potpredsjedniku vlade - Lajme nga Ulqini","description":"NVO \u201eZeleni korak\" pisala potpredsjedniku vlade sa zahtjevom za organizaciju okruglog stola Sa Vujicom i Pe\u0111om o Valdanosu Nevladina organizacija \u201eZeleni","robots":{"index":"index","follow":"follow","max-snippet":"max-snippet:-1","max-image-preview":"max-image-preview:large","max-video-preview":"max-video-preview:-1"},"canonical":"https:\/\/www.visit-ulcinj.com\/blog\/2011\/01\/09\/ulcinj-nvo-zeleni-korak-pisala-potpredsjedniku-vlade\/","og_locale":"en_US","og_type":"article","og_title":"Ulcinj: NVO Zeleni Korak pisala potpredsjedniku vlade - Lajme nga Ulqini","og_description":"NVO \u201eZeleni korak\" pisala potpredsjedniku vlade sa zahtjevom za organizaciju okruglog stola Sa Vujicom i Pe\u0111om o Valdanosu Nevladina organizacija \u201eZeleni","og_url":"https:\/\/www.visit-ulcinj.com\/blog\/2011\/01\/09\/ulcinj-nvo-zeleni-korak-pisala-potpredsjedniku-vlade\/","og_site_name":"Lajme nga Ulqini","article_published_time":"2011-01-09T11:10:19+00:00","og_image":[{"url":"http:\/\/www.visit-ulcinj.com\/blog\/wp-content\/uploads\/2011\/01\/Dzelal-Hodzic_VALDANOS_Ulcinj_vujica-lazovic.jpg"}],"twitter_misc":{"Written by":"ulqini","Est. reading time":"2 minutes"},"schema":{"@context":"https:\/\/schema.org","@graph":[{"@type":"WebSite","@id":"https:\/\/www.visit-ulcinj.com\/blog\/#website","url":"https:\/\/www.visit-ulcinj.com\/blog\/","name":"Lajme nga Ulqini","description":"Lajme,Vijesti,Ulqini,Ulqin,Crna Gora,Mali i Zi","potentialAction":[{"@type":"SearchAction","target":{"@type":"EntryPoint","urlTemplate":"https:\/\/www.visit-ulcinj.com\/blog\/?s={search_term_string}"},"query-input":"required name=search_term_string"}],"inLanguage":"en-US"},{"@type":"ImageObject","inLanguage":"en-US","@id":"https:\/\/www.visit-ulcinj.com\/blog\/2011\/01\/09\/ulcinj-nvo-zeleni-korak-pisala-potpredsjedniku-vlade\/#primaryimage","url":"https:\/\/www.visit-ulcinj.com\/blog\/wp-content\/uploads\/2011\/01\/Dzelal-Hodzic_VALDANOS_Ulcinj_vujica-lazovic.jpg","contentUrl":"https:\/\/www.visit-ulcinj.com\/blog\/wp-content\/uploads\/2011\/01\/Dzelal-Hodzic_VALDANOS_Ulcinj_vujica-lazovic.jpg","width":"936","height":"626"},{"@type":"WebPage","@id":"https:\/\/www.visit-ulcinj.com\/blog\/2011\/01\/09\/ulcinj-nvo-zeleni-korak-pisala-potpredsjedniku-vlade\/#webpage","url":"https:\/\/www.visit-ulcinj.com\/blog\/2011\/01\/09\/ulcinj-nvo-zeleni-korak-pisala-potpredsjedniku-vlade\/","name":"Ulcinj: NVO Zeleni Korak pisala potpredsjedniku vlade - Lajme nga Ulqini","isPartOf":{"@id":"https:\/\/www.visit-ulcinj.com\/blog\/#website"},"primaryImageOfPage":{"@id":"https:\/\/www.visit-ulcinj.com\/blog\/2011\/01\/09\/ulcinj-nvo-zeleni-korak-pisala-potpredsjedniku-vlade\/#primaryimage"},"datePublished":"2011-01-09T11:10:19+00:00","dateModified":"2011-01-09T11:10:19+00:00","author":{"@id":"https:\/\/www.visit-ulcinj.com\/blog\/#\/schema\/person\/dcab619c614d3038751c63bc2aadc06d"},"description":"NVO \u201eZeleni korak\" pisala potpredsjedniku vlade sa zahtjevom za organizaciju okruglog stola Sa Vujicom i Pe\u0111om o Valdanosu Nevladina organizacija \u201eZeleni","breadcrumb":{"@id":"https:\/\/www.visit-ulcinj.com\/blog\/2011\/01\/09\/ulcinj-nvo-zeleni-korak-pisala-potpredsjedniku-vlade\/#breadcrumb"},"inLanguage":"en-US","potentialAction":[{"@type":"ReadAction","target":["https:\/\/www.visit-ulcinj.com\/blog\/2011\/01\/09\/ulcinj-nvo-zeleni-korak-pisala-potpredsjedniku-vlade\/"]}]},{"@type":"BreadcrumbList","@id":"https:\/\/www.visit-ulcinj.com\/blog\/2011\/01\/09\/ulcinj-nvo-zeleni-korak-pisala-potpredsjedniku-vlade\/#breadcrumb","itemListElement":[{"@type":"ListItem","position":1,"name":"Ulcinj: NVO Zeleni Korak pisala potpredsjedniku vlade"}]},{"@type":"Person","@id":"https:\/\/www.visit-ulcinj.com\/blog\/#\/schema\/person\/dcab619c614d3038751c63bc2aadc06d","name":"ulqini","sameAs":["http:\/\/www.visit-ulcinj.com"],"url":"https:\/\/www.visit-ulcinj.com\/blog\/author\/admin\/"}]}},"jetpack_featured_media_url":"","jetpack_sharing_enabled":true,"jetpack_shortlink":"https:\/\/wp.me\/pe6lTn-aXO","_links":{"self":[{"href":"https:\/\/www.visit-ulcinj.com\/blog\/wp-json\/wp\/v2\/posts\/42148"}],"collection":[{"href":"https:\/\/www.visit-ulcinj.com\/blog\/wp-json\/wp\/v2\/posts"}],"about":[{"href":"https:\/\/www.visit-ulcinj.com\/blog\/wp-json\/wp\/v2\/types\/post"}],"author":[{"embeddable":true,"href":"https:\/\/www.visit-ulcinj.com\/blog\/wp-json\/wp\/v2\/users\/1"}],"replies":[{"embeddable":true,"href":"https:\/\/www.visit-ulcinj.com\/blog\/wp-json\/wp\/v2\/comments?post=42148"}],"version-history":[{"count":0,"href":"https:\/\/www.visit-ulcinj.com\/blog\/wp-json\/wp\/v2\/posts\/42148\/revisions"}],"wp:attachment":[{"href":"https:\/\/www.visit-ulcinj.com\/blog\/wp-json\/wp\/v2\/media?parent=42148"}],"wp:term":[{"taxonomy":"category","embeddable":true,"href":"https:\/\/www.visit-ulcinj.com\/blog\/wp-json\/wp\/v2\/categories?post=42148"},{"taxonomy":"post_tag","embeddable":true,"href":"https:\/\/www.visit-ulcinj.com\/blog\/wp-json\/wp\/v2\/tags?post=42148"}],"curies":[{"name":"wp","href":"https:\/\/api.w.org\/{rel}","templated":true}]}}