{"id":42156,"date":"2011-01-09T16:26:06","date_gmt":"2011-01-09T15:26:06","guid":{"rendered":"http:\/\/www.visit-ulcinj.com\/blog\/?p=42156"},"modified":"2011-01-09T16:26:18","modified_gmt":"2011-01-09T15:26:18","slug":"mehmet-bardhi-necemo-da-pristanemo-da-nestanemo","status":"publish","type":"post","link":"https:\/\/www.visit-ulcinj.com\/blog\/2011\/01\/09\/mehmet-bardhi-necemo-da-pristanemo-da-nestanemo\/","title":{"rendered":"Mehmet Bardhi: Ne\u0107emo da pristanemo da nestanemo"},"content":{"rendered":"<p><strong><a href=\"http:\/\/www.visit-ulcinj.com\/blog\/wp-content\/uploads\/2011\/01\/Mehmet-Bardhi_-Necemo-da-pristanemo-da-nestanemo.jpg\"><img loading=\"lazy\" class=\"alignleft size-full wp-image-42157\" title=\"Mehmet Bardhi_ Necemo da pristanemo da nestanemo\" src=\"http:\/\/www.visit-ulcinj.com\/blog\/wp-content\/uploads\/2011\/01\/Mehmet-Bardhi_-Necemo-da-pristanemo-da-nestanemo.jpg\" alt=\"\" width=\"490\" height=\"390\" \/><\/a>Ne prihvata da norma u izbornom zakonu koja se odnosi na albance bude privremena &#8211;<br \/>\n<\/strong><strong>Na\u0161im glasovima ne\u0107emo sami sebi da oduzimamo ste\u010dena prava, podvukao je Bardhi<\/strong><br \/>\nLider Demokratskog saveza Mehmet Bardhi poru\u010dio je ju\u010de da je neprihvatljiv predlog da postoje\u0107i model u izbornom zakonu, po kojem postoje izdvojena glasa\u010dka mjesta na podru\u010djima gdje \u017eive Albanci, ostane kao privremeno, prelazno rje\u0161enje. U izjavi za &#8220;Dan&#8221; on je istakao da se pitanje politi\u010dkog predstavljanja Albanaca u Crnoj Gori mora rije\u0161iti na trajan i sveobuhvatan na\u010din.<br \/>\n&#8211; Odavno smo saop\u0161tili da nam nije jasno \u0161ta u stvari zna\u010di to privremeno rje\u0161enje. Albanci nijesu u Crnoj Gori privremeno, ve\u0107 su autohtoni na ovim podriu\u010djima. Ako neko misli da \u0107emo pristati da nas asimiluju, da nestanemo ili da nas otjeraju to je druga pri\u010da. Ne mo\u017eemo pristati na to da rje\u0161enje za Albance bude privremeno i prelazno, jer nam to ne dozvoljava fakti\u010dko stanje niti Ustav &#8211; naglasio je Bardhi.<br \/>\nPotpredsjednik Socijaldemokratske partije Rifat Rastoder ranije je saop\u0161tio da kod parlamentarne ve\u0107ine postoji spremnost da se kao privremeno, prelazno rje\u0161enje zadr\u017ei postoje\u0107i model izdvojenih bira\u010dkih mjesta u sredinama u kojima \u017eive Albanci. Od po\u010detka pri\u010de o izbornom zakonu poslanici albanskih partija insistiraju na zadr\u017eavanju principa koji im garantuje pet mandata.<br \/>\nBardhi smatra da je po pitanju izbornog zakonodavstva, pa time i politi\u010dkog predstavljanja Albanaca u dr\u017eavnom i parlamentima lokalnih samouprava, neophodan ozbiljniji i temeljitiji pristup prije svega vladaju\u0107ih partija.<br \/>\nPredsjednik Demokratskog saveza negirao je ocjene iz vladaju\u0107e koalicije da kod opozicije ne postoji spremnost za kompromis oko izbornog zakona.<br \/>\n&#8211; To nije ta\u010dno, opozicija je spremna za dogovor, barem \u0161to se ti\u010de tri opozicione albanske stranke. Postoji kod nas volja za dogovor, ali nikada ne\u0107emo pristati da imamo manje prava. Ne\u0107emo na\u0161im glasovima da sami sebi oduzimamo ste\u010dena prava &#8211; podvukao je Bardhi.<br \/>\nAlbanci u Crnoj Gori, po njegovim rije\u010dima, ne tra\u017ee da im bilo ko ne\u0161to poklanja, ve\u0107 isklju\u010divo da im se omogu\u0107i da sami biraju svoje autenti\u010dne predstavnike u dr\u017eavnom i u parlamentima lokalnih samouprava na podru\u010djima na kojima \u017eive.<br \/>\nBardhi je uvjeren da se pitanje usagla\u0161avanja izbornog zakonodavstva mora podi\u0107i na politi\u010dki nivo. Radi se, kako poja\u0161njava o politi\u010dkom, a ne pravnom pitanju. Tvrdi da \u0107e se, ukoliko se postigne dogovor na politi\u010dkom nivou, norme izbornog zakonodavstva pravno veoma lako uobli\u010diti.<br \/>\nProkomentarisao je i najavu koordinatora radne grupe Miodraga Vukovi\u0107a da \u0107e mo\u017eda predlo\u017eiti da se usagla\u0161avanje izbornog zakonodavstva nastavi na Kolegijumu predsjednika Skup\u0161tine.<br \/>\n&#8211; Apsolutno je nemogu\u0107e da se Kolegijum bavi tim poslom i ne znam kako je neko mogao da tako ne\u0161to saop\u0161ti. To jednostavno nije nadle\u017enost Kolegijuma. Zadatak Kolegijuma treba da bude da obezbijedi uslove za rad poslanika. O izbornom zakonu treba da se dogovaramo na politi\u010dkom nivou a onda da, ako do dogovora do\u0111e, Skup\u0161tina odradi svoj dio posla &#8211; mi\u0161ljenja je Bardhi.<br \/>\nZaklju\u010dio je da se odavno zala\u017ee za to da se Ustavom precizno defini\u0161e ko su manjine u Crnoj Gori kritikuju\u0107i one koji se, kako je kazao, sada pojavljuju sa pri\u010dom da je to njihova inicijativa.<\/p>\n<p><a href=\"http:\/\/www.dan.co.me\/?nivo=3&amp;rubrika=Politika&amp;clanak=262680&amp;datum=2011-01-06\" target=\"_blank\"><strong>V.RADENOVI\u0106<\/strong><\/a><\/p>\n<p><strong>Ni\u0161ta bez dijaloga<\/strong><\/p>\n<p>Predsjednik Demokratskog saveza Mehmet Bardhi kritikovao je to \u0161to se odmah poslije novogodi\u0161njih praznika, kako je rekao &#8220;iz svih topova&#8221; krenulo ponovo sa pri\u010dom oko izbornog zakonodavstva.<br \/>\n&#8211; Nije dobro \u0161to se pojavljuju brojni komentari, neki novi predlozi, a da prije toga nijesmo imali politi\u010dki dijalog. \u010cini se kao da je nekome stalo da se skrene pa\u017enja sa nekih drugih, mnogo va\u017enijih tema. Kao da neko opet poku\u0161ava da ne\u0161to muti &#8211; upozorio je on.<\/p>\n<p><a href=\"http:\/\/www.dan.co.me\/?nivo=3&amp;rubrika=Politika&amp;clanak=262680&amp;datum=2011-01-06\" target=\"_blank\"><strong>DAN<\/strong><\/a><\/p>\n","protected":false},"excerpt":{"rendered":"<p>Ne prihvata da norma u izbornom zakonu koja se odnosi na albance bude privremena &#8211; Na\u0161im glasovima ne\u0107emo sami sebi da oduzimamo ste\u010dena prava, podvukao je Bardhi Lider Demokratskog saveza Mehmet Bardhi poru\u010dio je ju\u010de da je neprihvatljiv predlog da postoje\u0107i model u izbornom zakonu, po kojem postoje izdvojena glasa\u010dka mjesta na podru\u010djima gdje \u017eive [&hellip;]<\/p>\n","protected":false},"author":1,"featured_media":0,"comment_status":"open","ping_status":"closed","sticky":false,"template":"","format":"standard","meta":{"spay_email":"","jetpack_publicize_message":"","jetpack_is_tweetstorm":false,"jetpack_publicize_feature_enabled":true},"categories":[8337],"tags":[91,5758,347,201,19],"jetpack_publicize_connections":[],"yoast_head":"<!-- This site is optimized with the Yoast SEO plugin v19.1 - https:\/\/yoast.com\/wordpress\/plugins\/seo\/ -->\n<title>Mehmet Bardhi: Ne\u0107emo da pristanemo da nestanemo - Lajme nga Ulqini<\/title>\n<meta name=\"description\" content=\"Ne prihvata da norma u izbornom zakonu koja se odnosi na albance bude privremena - Na\u0161im glasovima ne\u0107emo sami sebi da oduzimamo ste\u010dena prava, podvukao\" \/>\n<meta name=\"robots\" content=\"index, follow, max-snippet:-1, max-image-preview:large, max-video-preview:-1\" \/>\n<link rel=\"canonical\" href=\"https:\/\/www.visit-ulcinj.com\/blog\/2011\/01\/09\/mehmet-bardhi-necemo-da-pristanemo-da-nestanemo\/\" \/>\n<meta property=\"og:locale\" content=\"en_US\" \/>\n<meta property=\"og:type\" content=\"article\" \/>\n<meta property=\"og:title\" content=\"Mehmet Bardhi: Ne\u0107emo da pristanemo da nestanemo - Lajme nga Ulqini\" \/>\n<meta property=\"og:description\" content=\"Ne prihvata da norma u izbornom zakonu koja se odnosi na albance bude privremena - Na\u0161im glasovima ne\u0107emo sami sebi da oduzimamo ste\u010dena prava, podvukao\" \/>\n<meta property=\"og:url\" content=\"https:\/\/www.visit-ulcinj.com\/blog\/2011\/01\/09\/mehmet-bardhi-necemo-da-pristanemo-da-nestanemo\/\" \/>\n<meta property=\"og:site_name\" content=\"Lajme nga Ulqini\" \/>\n<meta property=\"article:published_time\" content=\"2011-01-09T15:26:06+00:00\" \/>\n<meta property=\"article:modified_time\" content=\"2011-01-09T15:26:18+00:00\" \/>\n<meta property=\"og:image\" content=\"http:\/\/www.visit-ulcinj.com\/blog\/wp-content\/uploads\/2011\/01\/Mehmet-Bardhi_-Necemo-da-pristanemo-da-nestanemo.jpg\" \/>\n<meta name=\"twitter:label1\" content=\"Written by\" \/>\n\t<meta name=\"twitter:data1\" content=\"ulqini\" \/>\n\t<meta name=\"twitter:label2\" content=\"Est. reading time\" \/>\n\t<meta name=\"twitter:data2\" content=\"3 minutes\" \/>\n<script type=\"application\/ld+json\" class=\"yoast-schema-graph\">{\"@context\":\"https:\/\/schema.org\",\"@graph\":[{\"@type\":\"WebSite\",\"@id\":\"https:\/\/www.visit-ulcinj.com\/blog\/#website\",\"url\":\"https:\/\/www.visit-ulcinj.com\/blog\/\",\"name\":\"Lajme nga Ulqini\",\"description\":\"Lajme,Vijesti,Ulqini,Ulqin,Crna Gora,Mali i Zi\",\"potentialAction\":[{\"@type\":\"SearchAction\",\"target\":{\"@type\":\"EntryPoint\",\"urlTemplate\":\"https:\/\/www.visit-ulcinj.com\/blog\/?s={search_term_string}\"},\"query-input\":\"required name=search_term_string\"}],\"inLanguage\":\"en-US\"},{\"@type\":\"ImageObject\",\"inLanguage\":\"en-US\",\"@id\":\"https:\/\/www.visit-ulcinj.com\/blog\/2011\/01\/09\/mehmet-bardhi-necemo-da-pristanemo-da-nestanemo\/#primaryimage\",\"url\":\"https:\/\/www.visit-ulcinj.com\/blog\/wp-content\/uploads\/2011\/01\/Mehmet-Bardhi_-Necemo-da-pristanemo-da-nestanemo.jpg\",\"contentUrl\":\"https:\/\/www.visit-ulcinj.com\/blog\/wp-content\/uploads\/2011\/01\/Mehmet-Bardhi_-Necemo-da-pristanemo-da-nestanemo.jpg\",\"width\":\"901\",\"height\":\"602\"},{\"@type\":\"WebPage\",\"@id\":\"https:\/\/www.visit-ulcinj.com\/blog\/2011\/01\/09\/mehmet-bardhi-necemo-da-pristanemo-da-nestanemo\/#webpage\",\"url\":\"https:\/\/www.visit-ulcinj.com\/blog\/2011\/01\/09\/mehmet-bardhi-necemo-da-pristanemo-da-nestanemo\/\",\"name\":\"Mehmet Bardhi: Ne\u0107emo da pristanemo da nestanemo - Lajme nga Ulqini\",\"isPartOf\":{\"@id\":\"https:\/\/www.visit-ulcinj.com\/blog\/#website\"},\"primaryImageOfPage\":{\"@id\":\"https:\/\/www.visit-ulcinj.com\/blog\/2011\/01\/09\/mehmet-bardhi-necemo-da-pristanemo-da-nestanemo\/#primaryimage\"},\"datePublished\":\"2011-01-09T15:26:06+00:00\",\"dateModified\":\"2011-01-09T15:26:18+00:00\",\"author\":{\"@id\":\"https:\/\/www.visit-ulcinj.com\/blog\/#\/schema\/person\/dcab619c614d3038751c63bc2aadc06d\"},\"description\":\"Ne prihvata da norma u izbornom zakonu koja se odnosi na albance bude privremena - Na\u0161im glasovima ne\u0107emo sami sebi da oduzimamo ste\u010dena prava, podvukao\",\"breadcrumb\":{\"@id\":\"https:\/\/www.visit-ulcinj.com\/blog\/2011\/01\/09\/mehmet-bardhi-necemo-da-pristanemo-da-nestanemo\/#breadcrumb\"},\"inLanguage\":\"en-US\",\"potentialAction\":[{\"@type\":\"ReadAction\",\"target\":[\"https:\/\/www.visit-ulcinj.com\/blog\/2011\/01\/09\/mehmet-bardhi-necemo-da-pristanemo-da-nestanemo\/\"]}]},{\"@type\":\"BreadcrumbList\",\"@id\":\"https:\/\/www.visit-ulcinj.com\/blog\/2011\/01\/09\/mehmet-bardhi-necemo-da-pristanemo-da-nestanemo\/#breadcrumb\",\"itemListElement\":[{\"@type\":\"ListItem\",\"position\":1,\"name\":\"Mehmet Bardhi: Ne\u0107emo da pristanemo da nestanemo\"}]},{\"@type\":\"Person\",\"@id\":\"https:\/\/www.visit-ulcinj.com\/blog\/#\/schema\/person\/dcab619c614d3038751c63bc2aadc06d\",\"name\":\"ulqini\",\"sameAs\":[\"http:\/\/www.visit-ulcinj.com\"],\"url\":\"https:\/\/www.visit-ulcinj.com\/blog\/author\/admin\/\"}]}<\/script>\n<!-- \/ Yoast SEO plugin. -->","yoast_head_json":{"title":"Mehmet Bardhi: Ne\u0107emo da pristanemo da nestanemo - Lajme nga Ulqini","description":"Ne prihvata da norma u izbornom zakonu koja se odnosi na albance bude privremena - Na\u0161im glasovima ne\u0107emo sami sebi da oduzimamo ste\u010dena prava, podvukao","robots":{"index":"index","follow":"follow","max-snippet":"max-snippet:-1","max-image-preview":"max-image-preview:large","max-video-preview":"max-video-preview:-1"},"canonical":"https:\/\/www.visit-ulcinj.com\/blog\/2011\/01\/09\/mehmet-bardhi-necemo-da-pristanemo-da-nestanemo\/","og_locale":"en_US","og_type":"article","og_title":"Mehmet Bardhi: Ne\u0107emo da pristanemo da nestanemo - Lajme nga Ulqini","og_description":"Ne prihvata da norma u izbornom zakonu koja se odnosi na albance bude privremena - Na\u0161im glasovima ne\u0107emo sami sebi da oduzimamo ste\u010dena prava, podvukao","og_url":"https:\/\/www.visit-ulcinj.com\/blog\/2011\/01\/09\/mehmet-bardhi-necemo-da-pristanemo-da-nestanemo\/","og_site_name":"Lajme nga Ulqini","article_published_time":"2011-01-09T15:26:06+00:00","article_modified_time":"2011-01-09T15:26:18+00:00","og_image":[{"url":"http:\/\/www.visit-ulcinj.com\/blog\/wp-content\/uploads\/2011\/01\/Mehmet-Bardhi_-Necemo-da-pristanemo-da-nestanemo.jpg"}],"twitter_misc":{"Written by":"ulqini","Est. reading time":"3 minutes"},"schema":{"@context":"https:\/\/schema.org","@graph":[{"@type":"WebSite","@id":"https:\/\/www.visit-ulcinj.com\/blog\/#website","url":"https:\/\/www.visit-ulcinj.com\/blog\/","name":"Lajme nga Ulqini","description":"Lajme,Vijesti,Ulqini,Ulqin,Crna Gora,Mali i Zi","potentialAction":[{"@type":"SearchAction","target":{"@type":"EntryPoint","urlTemplate":"https:\/\/www.visit-ulcinj.com\/blog\/?s={search_term_string}"},"query-input":"required name=search_term_string"}],"inLanguage":"en-US"},{"@type":"ImageObject","inLanguage":"en-US","@id":"https:\/\/www.visit-ulcinj.com\/blog\/2011\/01\/09\/mehmet-bardhi-necemo-da-pristanemo-da-nestanemo\/#primaryimage","url":"https:\/\/www.visit-ulcinj.com\/blog\/wp-content\/uploads\/2011\/01\/Mehmet-Bardhi_-Necemo-da-pristanemo-da-nestanemo.jpg","contentUrl":"https:\/\/www.visit-ulcinj.com\/blog\/wp-content\/uploads\/2011\/01\/Mehmet-Bardhi_-Necemo-da-pristanemo-da-nestanemo.jpg","width":"901","height":"602"},{"@type":"WebPage","@id":"https:\/\/www.visit-ulcinj.com\/blog\/2011\/01\/09\/mehmet-bardhi-necemo-da-pristanemo-da-nestanemo\/#webpage","url":"https:\/\/www.visit-ulcinj.com\/blog\/2011\/01\/09\/mehmet-bardhi-necemo-da-pristanemo-da-nestanemo\/","name":"Mehmet Bardhi: Ne\u0107emo da pristanemo da nestanemo - Lajme nga Ulqini","isPartOf":{"@id":"https:\/\/www.visit-ulcinj.com\/blog\/#website"},"primaryImageOfPage":{"@id":"https:\/\/www.visit-ulcinj.com\/blog\/2011\/01\/09\/mehmet-bardhi-necemo-da-pristanemo-da-nestanemo\/#primaryimage"},"datePublished":"2011-01-09T15:26:06+00:00","dateModified":"2011-01-09T15:26:18+00:00","author":{"@id":"https:\/\/www.visit-ulcinj.com\/blog\/#\/schema\/person\/dcab619c614d3038751c63bc2aadc06d"},"description":"Ne prihvata da norma u izbornom zakonu koja se odnosi na albance bude privremena - Na\u0161im glasovima ne\u0107emo sami sebi da oduzimamo ste\u010dena prava, podvukao","breadcrumb":{"@id":"https:\/\/www.visit-ulcinj.com\/blog\/2011\/01\/09\/mehmet-bardhi-necemo-da-pristanemo-da-nestanemo\/#breadcrumb"},"inLanguage":"en-US","potentialAction":[{"@type":"ReadAction","target":["https:\/\/www.visit-ulcinj.com\/blog\/2011\/01\/09\/mehmet-bardhi-necemo-da-pristanemo-da-nestanemo\/"]}]},{"@type":"BreadcrumbList","@id":"https:\/\/www.visit-ulcinj.com\/blog\/2011\/01\/09\/mehmet-bardhi-necemo-da-pristanemo-da-nestanemo\/#breadcrumb","itemListElement":[{"@type":"ListItem","position":1,"name":"Mehmet Bardhi: Ne\u0107emo da pristanemo da nestanemo"}]},{"@type":"Person","@id":"https:\/\/www.visit-ulcinj.com\/blog\/#\/schema\/person\/dcab619c614d3038751c63bc2aadc06d","name":"ulqini","sameAs":["http:\/\/www.visit-ulcinj.com"],"url":"https:\/\/www.visit-ulcinj.com\/blog\/author\/admin\/"}]}},"jetpack_featured_media_url":"","jetpack_sharing_enabled":true,"jetpack_shortlink":"https:\/\/wp.me\/pe6lTn-aXW","_links":{"self":[{"href":"https:\/\/www.visit-ulcinj.com\/blog\/wp-json\/wp\/v2\/posts\/42156"}],"collection":[{"href":"https:\/\/www.visit-ulcinj.com\/blog\/wp-json\/wp\/v2\/posts"}],"about":[{"href":"https:\/\/www.visit-ulcinj.com\/blog\/wp-json\/wp\/v2\/types\/post"}],"author":[{"embeddable":true,"href":"https:\/\/www.visit-ulcinj.com\/blog\/wp-json\/wp\/v2\/users\/1"}],"replies":[{"embeddable":true,"href":"https:\/\/www.visit-ulcinj.com\/blog\/wp-json\/wp\/v2\/comments?post=42156"}],"version-history":[{"count":0,"href":"https:\/\/www.visit-ulcinj.com\/blog\/wp-json\/wp\/v2\/posts\/42156\/revisions"}],"wp:attachment":[{"href":"https:\/\/www.visit-ulcinj.com\/blog\/wp-json\/wp\/v2\/media?parent=42156"}],"wp:term":[{"taxonomy":"category","embeddable":true,"href":"https:\/\/www.visit-ulcinj.com\/blog\/wp-json\/wp\/v2\/categories?post=42156"},{"taxonomy":"post_tag","embeddable":true,"href":"https:\/\/www.visit-ulcinj.com\/blog\/wp-json\/wp\/v2\/tags?post=42156"}],"curies":[{"name":"wp","href":"https:\/\/api.w.org\/{rel}","templated":true}]}}