{"id":42165,"date":"2011-01-10T11:23:07","date_gmt":"2011-01-10T10:23:07","guid":{"rendered":"http:\/\/www.visit-ulcinj.com\/blog\/?p=42165"},"modified":"2011-01-10T11:23:07","modified_gmt":"2011-01-10T10:23:07","slug":"befasia-e-teutes-per-bleron","status":"publish","type":"post","link":"https:\/\/www.visit-ulcinj.com\/blog\/2011\/01\/10\/befasia-e-teutes-per-bleron\/","title":{"rendered":"Befasia e Teut\u00ebs p\u00ebr Bleron"},"content":{"rendered":"<p><a href=\"http:\/\/www.visit-ulcinj.com\/blog\/wp-content\/uploads\/2011\/01\/Teuta-Krasniqi_Blero_3.jpg\"><img loading=\"lazy\" class=\"alignleft size-medium wp-image-42166\" title=\"Teuta Krasniqi_Blero_3\" src=\"http:\/\/www.visit-ulcinj.com\/blog\/wp-content\/uploads\/2011\/01\/Teuta-Krasniqi_Blero_3-167x300.jpg\" alt=\"\" width=\"167\" height=\"300\" \/><\/a>Per kengetarin nga Kosova, Blerim Muharremi, nata e nd\u00ebrrimeve t\u00eb motmoteve nuk kishte si t\u00eb p\u00ebrfundonte m\u00eb mir\u00eb nga \u00e7far\u00eb p\u00ebrfundoi.<\/p>\n<p>Nj\u00eb befasi e b\u00ebr\u00eb nga bashk\u00ebshortja e tij Teuta, nat\u00ebn e 31 dhjetorit, Bleron e b\u00ebri njeriun m\u00eb t\u00eb lumtur.<\/p>\n<p>\u201cNuk e dija se prind\u00ebrit e mij\u00eb do t\u00eb vijn\u00eb nga Suedia, por Teuta m\u00eb b\u00ebri befasi. Ishte nj\u00eb befasi shum\u00eb e k\u00ebndshme p\u00ebr mua, p\u00ebr t\u00eb cil\u00ebn dua t\u2019i fal\u00ebnderohem Teut\u00ebs, e cila \u00ebsht\u00eb m\u00eb e mira n\u00eb bot\u00eb\u201d, \u00ebsht\u00eb shprehur Blero p\u00ebr \u201cInfoPress\u201d.<\/p>\n<p>Ka shat\u00eb vjet q\u00eb ai nat\u00ebn e Vitit t\u00eb Ri nuk e feston me familje, p\u00ebr shkak t\u00eb pun\u00ebs e angazhimeve profesionale.<\/p>\n<p><strong>InfoPress<\/strong><\/p>\n<p><strong><!--YouTube Error: bad URL entered--><br \/>\n<\/strong><\/p>\n","protected":false},"excerpt":{"rendered":"<p>Per kengetarin nga Kosova, Blerim Muharremi, nata e nd\u00ebrrimeve t\u00eb motmoteve nuk kishte si t\u00eb p\u00ebrfundonte m\u00eb mir\u00eb nga \u00e7far\u00eb p\u00ebrfundoi. Nj\u00eb befasi e b\u00ebr\u00eb nga bashk\u00ebshortja e tij Teuta, nat\u00ebn e 31 dhjetorit, Bleron e b\u00ebri njeriun m\u00eb t\u00eb lumtur. \u201cNuk e dija se prind\u00ebrit e mij\u00eb do t\u00eb vijn\u00eb nga Suedia, por Teuta [&hellip;]<\/p>\n","protected":false},"author":1,"featured_media":0,"comment_status":"open","ping_status":"closed","sticky":false,"template":"","format":"standard","meta":{"spay_email":"","jetpack_publicize_message":"","jetpack_is_tweetstorm":false,"jetpack_publicize_feature_enabled":true},"categories":[1],"tags":[16883],"jetpack_publicize_connections":[],"yoast_head":"<!-- This site is optimized with the Yoast SEO plugin v19.1 - https:\/\/yoast.com\/wordpress\/plugins\/seo\/ -->\n<title>Befasia e Teut\u00ebs p\u00ebr Bleron - Lajme nga Ulqini<\/title>\n<meta name=\"description\" content=\"Per kengetarin nga Kosova, Blerim Muharremi, nata e nd\u00ebrrimeve t\u00eb motmoteve nuk kishte si t\u00eb p\u00ebrfundonte m\u00eb mir\u00eb nga \u00e7far\u00eb p\u00ebrfundoi. Nj\u00eb befasi e b\u00ebr\u00eb\" \/>\n<meta name=\"robots\" content=\"index, follow, max-snippet:-1, max-image-preview:large, max-video-preview:-1\" \/>\n<link rel=\"canonical\" href=\"https:\/\/www.visit-ulcinj.com\/blog\/2011\/01\/10\/befasia-e-teutes-per-bleron\/\" \/>\n<meta property=\"og:locale\" content=\"en_US\" \/>\n<meta property=\"og:type\" content=\"article\" \/>\n<meta property=\"og:title\" content=\"Befasia e Teut\u00ebs p\u00ebr Bleron - Lajme nga Ulqini\" \/>\n<meta property=\"og:description\" content=\"Per kengetarin nga Kosova, Blerim Muharremi, nata e nd\u00ebrrimeve t\u00eb motmoteve nuk kishte si t\u00eb p\u00ebrfundonte m\u00eb mir\u00eb nga \u00e7far\u00eb p\u00ebrfundoi. Nj\u00eb befasi e b\u00ebr\u00eb\" \/>\n<meta property=\"og:url\" content=\"https:\/\/www.visit-ulcinj.com\/blog\/2011\/01\/10\/befasia-e-teutes-per-bleron\/\" \/>\n<meta property=\"og:site_name\" content=\"Lajme nga Ulqini\" \/>\n<meta property=\"article:published_time\" content=\"2011-01-10T10:23:07+00:00\" \/>\n<meta property=\"og:image\" content=\"http:\/\/www.visit-ulcinj.com\/blog\/wp-content\/uploads\/2011\/01\/Teuta-Krasniqi_Blero_3-167x300.jpg\" \/>\n<meta name=\"twitter:label1\" content=\"Written by\" \/>\n\t<meta name=\"twitter:data1\" content=\"ulqini\" \/>\n\t<meta name=\"twitter:label2\" content=\"Est. reading time\" \/>\n\t<meta name=\"twitter:data2\" content=\"1 minute\" \/>\n<script type=\"application\/ld+json\" class=\"yoast-schema-graph\">{\"@context\":\"https:\/\/schema.org\",\"@graph\":[{\"@type\":\"WebSite\",\"@id\":\"https:\/\/www.visit-ulcinj.com\/blog\/#website\",\"url\":\"https:\/\/www.visit-ulcinj.com\/blog\/\",\"name\":\"Lajme nga Ulqini\",\"description\":\"Lajme,Vijesti,Ulqini,Ulqin,Crna Gora,Mali i Zi\",\"potentialAction\":[{\"@type\":\"SearchAction\",\"target\":{\"@type\":\"EntryPoint\",\"urlTemplate\":\"https:\/\/www.visit-ulcinj.com\/blog\/?s={search_term_string}\"},\"query-input\":\"required name=search_term_string\"}],\"inLanguage\":\"en-US\"},{\"@type\":\"ImageObject\",\"inLanguage\":\"en-US\",\"@id\":\"https:\/\/www.visit-ulcinj.com\/blog\/2011\/01\/10\/befasia-e-teutes-per-bleron\/#primaryimage\",\"url\":\"http:\/\/www.visit-ulcinj.com\/blog\/wp-content\/uploads\/2011\/01\/Teuta-Krasniqi_Blero_3-167x300.jpg\",\"contentUrl\":\"http:\/\/www.visit-ulcinj.com\/blog\/wp-content\/uploads\/2011\/01\/Teuta-Krasniqi_Blero_3-167x300.jpg\"},{\"@type\":\"WebPage\",\"@id\":\"https:\/\/www.visit-ulcinj.com\/blog\/2011\/01\/10\/befasia-e-teutes-per-bleron\/#webpage\",\"url\":\"https:\/\/www.visit-ulcinj.com\/blog\/2011\/01\/10\/befasia-e-teutes-per-bleron\/\",\"name\":\"Befasia e Teut\u00ebs p\u00ebr Bleron - Lajme nga Ulqini\",\"isPartOf\":{\"@id\":\"https:\/\/www.visit-ulcinj.com\/blog\/#website\"},\"primaryImageOfPage\":{\"@id\":\"https:\/\/www.visit-ulcinj.com\/blog\/2011\/01\/10\/befasia-e-teutes-per-bleron\/#primaryimage\"},\"datePublished\":\"2011-01-10T10:23:07+00:00\",\"dateModified\":\"2011-01-10T10:23:07+00:00\",\"author\":{\"@id\":\"https:\/\/www.visit-ulcinj.com\/blog\/#\/schema\/person\/dcab619c614d3038751c63bc2aadc06d\"},\"description\":\"Per kengetarin nga Kosova, Blerim Muharremi, nata e nd\u00ebrrimeve t\u00eb motmoteve nuk kishte si t\u00eb p\u00ebrfundonte m\u00eb mir\u00eb nga \u00e7far\u00eb p\u00ebrfundoi. Nj\u00eb befasi e b\u00ebr\u00eb\",\"breadcrumb\":{\"@id\":\"https:\/\/www.visit-ulcinj.com\/blog\/2011\/01\/10\/befasia-e-teutes-per-bleron\/#breadcrumb\"},\"inLanguage\":\"en-US\",\"potentialAction\":[{\"@type\":\"ReadAction\",\"target\":[\"https:\/\/www.visit-ulcinj.com\/blog\/2011\/01\/10\/befasia-e-teutes-per-bleron\/\"]}]},{\"@type\":\"BreadcrumbList\",\"@id\":\"https:\/\/www.visit-ulcinj.com\/blog\/2011\/01\/10\/befasia-e-teutes-per-bleron\/#breadcrumb\",\"itemListElement\":[{\"@type\":\"ListItem\",\"position\":1,\"name\":\"Befasia e Teut\u00ebs p\u00ebr Bleron\"}]},{\"@type\":\"Person\",\"@id\":\"https:\/\/www.visit-ulcinj.com\/blog\/#\/schema\/person\/dcab619c614d3038751c63bc2aadc06d\",\"name\":\"ulqini\",\"sameAs\":[\"http:\/\/www.visit-ulcinj.com\"],\"url\":\"https:\/\/www.visit-ulcinj.com\/blog\/author\/admin\/\"}]}<\/script>\n<!-- \/ Yoast SEO plugin. -->","yoast_head_json":{"title":"Befasia e Teut\u00ebs p\u00ebr Bleron - Lajme nga Ulqini","description":"Per kengetarin nga Kosova, Blerim Muharremi, nata e nd\u00ebrrimeve t\u00eb motmoteve nuk kishte si t\u00eb p\u00ebrfundonte m\u00eb mir\u00eb nga \u00e7far\u00eb p\u00ebrfundoi. Nj\u00eb befasi e b\u00ebr\u00eb","robots":{"index":"index","follow":"follow","max-snippet":"max-snippet:-1","max-image-preview":"max-image-preview:large","max-video-preview":"max-video-preview:-1"},"canonical":"https:\/\/www.visit-ulcinj.com\/blog\/2011\/01\/10\/befasia-e-teutes-per-bleron\/","og_locale":"en_US","og_type":"article","og_title":"Befasia e Teut\u00ebs p\u00ebr Bleron - Lajme nga Ulqini","og_description":"Per kengetarin nga Kosova, Blerim Muharremi, nata e nd\u00ebrrimeve t\u00eb motmoteve nuk kishte si t\u00eb p\u00ebrfundonte m\u00eb mir\u00eb nga \u00e7far\u00eb p\u00ebrfundoi. Nj\u00eb befasi e b\u00ebr\u00eb","og_url":"https:\/\/www.visit-ulcinj.com\/blog\/2011\/01\/10\/befasia-e-teutes-per-bleron\/","og_site_name":"Lajme nga Ulqini","article_published_time":"2011-01-10T10:23:07+00:00","og_image":[{"url":"http:\/\/www.visit-ulcinj.com\/blog\/wp-content\/uploads\/2011\/01\/Teuta-Krasniqi_Blero_3-167x300.jpg"}],"twitter_misc":{"Written by":"ulqini","Est. reading time":"1 minute"},"schema":{"@context":"https:\/\/schema.org","@graph":[{"@type":"WebSite","@id":"https:\/\/www.visit-ulcinj.com\/blog\/#website","url":"https:\/\/www.visit-ulcinj.com\/blog\/","name":"Lajme nga Ulqini","description":"Lajme,Vijesti,Ulqini,Ulqin,Crna Gora,Mali i Zi","potentialAction":[{"@type":"SearchAction","target":{"@type":"EntryPoint","urlTemplate":"https:\/\/www.visit-ulcinj.com\/blog\/?s={search_term_string}"},"query-input":"required name=search_term_string"}],"inLanguage":"en-US"},{"@type":"ImageObject","inLanguage":"en-US","@id":"https:\/\/www.visit-ulcinj.com\/blog\/2011\/01\/10\/befasia-e-teutes-per-bleron\/#primaryimage","url":"http:\/\/www.visit-ulcinj.com\/blog\/wp-content\/uploads\/2011\/01\/Teuta-Krasniqi_Blero_3-167x300.jpg","contentUrl":"http:\/\/www.visit-ulcinj.com\/blog\/wp-content\/uploads\/2011\/01\/Teuta-Krasniqi_Blero_3-167x300.jpg"},{"@type":"WebPage","@id":"https:\/\/www.visit-ulcinj.com\/blog\/2011\/01\/10\/befasia-e-teutes-per-bleron\/#webpage","url":"https:\/\/www.visit-ulcinj.com\/blog\/2011\/01\/10\/befasia-e-teutes-per-bleron\/","name":"Befasia e Teut\u00ebs p\u00ebr Bleron - Lajme nga Ulqini","isPartOf":{"@id":"https:\/\/www.visit-ulcinj.com\/blog\/#website"},"primaryImageOfPage":{"@id":"https:\/\/www.visit-ulcinj.com\/blog\/2011\/01\/10\/befasia-e-teutes-per-bleron\/#primaryimage"},"datePublished":"2011-01-10T10:23:07+00:00","dateModified":"2011-01-10T10:23:07+00:00","author":{"@id":"https:\/\/www.visit-ulcinj.com\/blog\/#\/schema\/person\/dcab619c614d3038751c63bc2aadc06d"},"description":"Per kengetarin nga Kosova, Blerim Muharremi, nata e nd\u00ebrrimeve t\u00eb motmoteve nuk kishte si t\u00eb p\u00ebrfundonte m\u00eb mir\u00eb nga \u00e7far\u00eb p\u00ebrfundoi. Nj\u00eb befasi e b\u00ebr\u00eb","breadcrumb":{"@id":"https:\/\/www.visit-ulcinj.com\/blog\/2011\/01\/10\/befasia-e-teutes-per-bleron\/#breadcrumb"},"inLanguage":"en-US","potentialAction":[{"@type":"ReadAction","target":["https:\/\/www.visit-ulcinj.com\/blog\/2011\/01\/10\/befasia-e-teutes-per-bleron\/"]}]},{"@type":"BreadcrumbList","@id":"https:\/\/www.visit-ulcinj.com\/blog\/2011\/01\/10\/befasia-e-teutes-per-bleron\/#breadcrumb","itemListElement":[{"@type":"ListItem","position":1,"name":"Befasia e Teut\u00ebs p\u00ebr Bleron"}]},{"@type":"Person","@id":"https:\/\/www.visit-ulcinj.com\/blog\/#\/schema\/person\/dcab619c614d3038751c63bc2aadc06d","name":"ulqini","sameAs":["http:\/\/www.visit-ulcinj.com"],"url":"https:\/\/www.visit-ulcinj.com\/blog\/author\/admin\/"}]}},"jetpack_featured_media_url":"","jetpack_sharing_enabled":true,"jetpack_shortlink":"https:\/\/wp.me\/pe6lTn-aY5","_links":{"self":[{"href":"https:\/\/www.visit-ulcinj.com\/blog\/wp-json\/wp\/v2\/posts\/42165"}],"collection":[{"href":"https:\/\/www.visit-ulcinj.com\/blog\/wp-json\/wp\/v2\/posts"}],"about":[{"href":"https:\/\/www.visit-ulcinj.com\/blog\/wp-json\/wp\/v2\/types\/post"}],"author":[{"embeddable":true,"href":"https:\/\/www.visit-ulcinj.com\/blog\/wp-json\/wp\/v2\/users\/1"}],"replies":[{"embeddable":true,"href":"https:\/\/www.visit-ulcinj.com\/blog\/wp-json\/wp\/v2\/comments?post=42165"}],"version-history":[{"count":0,"href":"https:\/\/www.visit-ulcinj.com\/blog\/wp-json\/wp\/v2\/posts\/42165\/revisions"}],"wp:attachment":[{"href":"https:\/\/www.visit-ulcinj.com\/blog\/wp-json\/wp\/v2\/media?parent=42165"}],"wp:term":[{"taxonomy":"category","embeddable":true,"href":"https:\/\/www.visit-ulcinj.com\/blog\/wp-json\/wp\/v2\/categories?post=42165"},{"taxonomy":"post_tag","embeddable":true,"href":"https:\/\/www.visit-ulcinj.com\/blog\/wp-json\/wp\/v2\/tags?post=42165"}],"curies":[{"name":"wp","href":"https:\/\/api.w.org\/{rel}","templated":true}]}}