{"id":42169,"date":"2011-01-10T11:43:49","date_gmt":"2011-01-10T10:43:49","guid":{"rendered":"http:\/\/www.visit-ulcinj.com\/blog\/?p=42169"},"modified":"2011-01-10T11:43:49","modified_gmt":"2011-01-10T10:43:49","slug":"nje-nga-vitet-me-kulminante-te-karrieres-laureta-mecit","status":"publish","type":"post","link":"https:\/\/www.visit-ulcinj.com\/blog\/2011\/01\/10\/nje-nga-vitet-me-kulminante-te-karrieres-laureta-mecit\/","title":{"rendered":"Nj\u00eb nga vitet m\u00eb kulminante t\u00eb karrier\u00ebs Laureta Me\u00e7it"},"content":{"rendered":"<p><a href=\"http:\/\/www.visit-ulcinj.com\/blog\/wp-content\/uploads\/2011\/01\/Laureta-Me\u00e7i.jpg\"><img loading=\"lazy\" class=\"alignleft size-full wp-image-42170\" title=\"Laureta Me\u00e7i\" src=\"http:\/\/www.visit-ulcinj.com\/blog\/wp-content\/uploads\/2011\/01\/Laureta-Me\u00e7i.jpg\" alt=\"\" width=\"490\" height=\"380\" \/><\/a>Laureta Me\u00e7i, 13 vjet m\u00eb par\u00eb, kur iku nga Shqip\u00ebria per ne SHBA, ishte vet\u00ebm nj\u00eb vajz\u00eb e vog\u00ebl, nd\u00ebrsa sot \u00ebsht\u00eb nj\u00eb artiste.<br \/>\nAjo sa po ka publikuar nj\u00eb k\u00ebng\u00eb t\u00eb re dhe aktualisht sapo ka fituar nj\u00eb rol t\u00eb ri n\u00eb nj\u00eb triller-psikologjik i titulluar \u201cDisciple\u201d.<\/p>\n<p>&#8221;Kam fituar nj\u00eb rol t\u00eb ri n\u00eb nj\u00eb film te titulluar \u201cDisciple\u201d. Filmi \u00ebsht\u00eb nj\u00eb triller-psikologjik dhe un\u00eb luaj rolin e nj\u00eb k\u00ebng\u00ebtareje tep\u00ebr t\u00eb njohur me emrin Kennedy, e cila \u00ebsht\u00eb ish-shoqja e klas\u00ebs s\u00eb protagonistes kryesore.Pas disa vitesh, rast\u00ebsia i sjell bashk\u00eb dhe Kennedy e ndihmon n\u00eb zgjidhjen e misterit, &#8221; ka rrefyer ajo ne nje interviste per SH2.<\/p>\n<p>Nderkaq, angazhimet e saj nuk mbesin vetem ne kenge e film, pasi Laureta tregon:<br \/>\n&#8221;Ky vit do t\u00eb jet\u00eb nj\u00eb nga vitet m\u00eb kulminante t\u00eb karrier\u00ebs sime nga vet fakti q\u00eb kam marr\u00eb disa projekte t\u00eb reja, si nj\u00eb kontrate 2-vje\u00e7are me nj\u00eb kompani mjaft t\u00eb fuqishme n\u00eb Amerik\u00eb dhe do t\u00eb jem imazhi i tyre .&#8221;<br \/>\n<strong> <\/strong><\/p>\n<p><strong>Zhurnal<br \/>\n<br \/>\n<!--YouTube Error: bad URL entered--><\/p>\n","protected":false},"excerpt":{"rendered":"<p>Laureta Me\u00e7i, 13 vjet m\u00eb par\u00eb, kur iku nga Shqip\u00ebria per ne SHBA, ishte vet\u00ebm nj\u00eb vajz\u00eb e vog\u00ebl, nd\u00ebrsa sot \u00ebsht\u00eb nj\u00eb artiste. Ajo sa po ka publikuar nj\u00eb k\u00ebng\u00eb t\u00eb re dhe aktualisht sapo ka fituar nj\u00eb rol t\u00eb ri n\u00eb nj\u00eb triller-psikologjik i titulluar \u201cDisciple\u201d. &#8221;Kam fituar nj\u00eb rol t\u00eb ri n\u00eb [&hellip;]<\/p>\n","protected":false},"author":1,"featured_media":0,"comment_status":"open","ping_status":"closed","sticky":false,"template":"","format":"standard","meta":{"spay_email":"","jetpack_publicize_message":"","jetpack_is_tweetstorm":false,"jetpack_publicize_feature_enabled":true},"categories":[1],"tags":[7342],"jetpack_publicize_connections":[],"yoast_head":"<!-- This site is optimized with the Yoast SEO plugin v19.1 - https:\/\/yoast.com\/wordpress\/plugins\/seo\/ -->\n<title>Nj\u00eb nga vitet m\u00eb kulminante t\u00eb karrier\u00ebs Laureta Me\u00e7it - Lajme nga Ulqini<\/title>\n<meta name=\"description\" content=\"Laureta Me\u00e7i, 13 vjet m\u00eb par\u00eb, kur iku nga Shqip\u00ebria per ne SHBA, ishte vet\u00ebm nj\u00eb vajz\u00eb e vog\u00ebl, nd\u00ebrsa sot \u00ebsht\u00eb nj\u00eb artiste. Ajo sa po ka publikuar nj\u00eb\" \/>\n<meta name=\"robots\" content=\"index, follow, max-snippet:-1, max-image-preview:large, max-video-preview:-1\" \/>\n<link rel=\"canonical\" href=\"https:\/\/www.visit-ulcinj.com\/blog\/2011\/01\/10\/nje-nga-vitet-me-kulminante-te-karrieres-laureta-mecit\/\" \/>\n<meta property=\"og:locale\" content=\"en_US\" \/>\n<meta property=\"og:type\" content=\"article\" \/>\n<meta property=\"og:title\" content=\"Nj\u00eb nga vitet m\u00eb kulminante t\u00eb karrier\u00ebs Laureta Me\u00e7it - Lajme nga Ulqini\" \/>\n<meta property=\"og:description\" content=\"Laureta Me\u00e7i, 13 vjet m\u00eb par\u00eb, kur iku nga Shqip\u00ebria per ne SHBA, ishte vet\u00ebm nj\u00eb vajz\u00eb e vog\u00ebl, nd\u00ebrsa sot \u00ebsht\u00eb nj\u00eb artiste. Ajo sa po ka publikuar nj\u00eb\" \/>\n<meta property=\"og:url\" content=\"https:\/\/www.visit-ulcinj.com\/blog\/2011\/01\/10\/nje-nga-vitet-me-kulminante-te-karrieres-laureta-mecit\/\" \/>\n<meta property=\"og:site_name\" content=\"Lajme nga Ulqini\" \/>\n<meta property=\"article:published_time\" content=\"2011-01-10T10:43:49+00:00\" \/>\n<meta property=\"og:image\" content=\"https:\/\/www.visit-ulcinj.com\/blog\/wp-content\/uploads\/2011\/01\/Laureta-Me\u00e7i-150x150.jpg\" \/>\n<meta name=\"twitter:label1\" content=\"Written by\" \/>\n\t<meta name=\"twitter:data1\" content=\"ulqini\" \/>\n\t<meta name=\"twitter:label2\" content=\"Est. reading time\" \/>\n\t<meta name=\"twitter:data2\" content=\"1 minute\" \/>\n<script type=\"application\/ld+json\" class=\"yoast-schema-graph\">{\"@context\":\"https:\/\/schema.org\",\"@graph\":[{\"@type\":\"WebSite\",\"@id\":\"https:\/\/www.visit-ulcinj.com\/blog\/#website\",\"url\":\"https:\/\/www.visit-ulcinj.com\/blog\/\",\"name\":\"Lajme nga Ulqini\",\"description\":\"Lajme,Vijesti,Ulqini,Ulqin,Crna Gora,Mali i Zi\",\"potentialAction\":[{\"@type\":\"SearchAction\",\"target\":{\"@type\":\"EntryPoint\",\"urlTemplate\":\"https:\/\/www.visit-ulcinj.com\/blog\/?s={search_term_string}\"},\"query-input\":\"required name=search_term_string\"}],\"inLanguage\":\"en-US\"},{\"@type\":\"WebPage\",\"@id\":\"https:\/\/www.visit-ulcinj.com\/blog\/2011\/01\/10\/nje-nga-vitet-me-kulminante-te-karrieres-laureta-mecit\/#webpage\",\"url\":\"https:\/\/www.visit-ulcinj.com\/blog\/2011\/01\/10\/nje-nga-vitet-me-kulminante-te-karrieres-laureta-mecit\/\",\"name\":\"Nj\u00eb nga vitet m\u00eb kulminante t\u00eb karrier\u00ebs Laureta Me\u00e7it - Lajme nga Ulqini\",\"isPartOf\":{\"@id\":\"https:\/\/www.visit-ulcinj.com\/blog\/#website\"},\"datePublished\":\"2011-01-10T10:43:49+00:00\",\"dateModified\":\"2011-01-10T10:43:49+00:00\",\"author\":{\"@id\":\"https:\/\/www.visit-ulcinj.com\/blog\/#\/schema\/person\/dcab619c614d3038751c63bc2aadc06d\"},\"description\":\"Laureta Me\u00e7i, 13 vjet m\u00eb par\u00eb, kur iku nga Shqip\u00ebria per ne SHBA, ishte vet\u00ebm nj\u00eb vajz\u00eb e vog\u00ebl, nd\u00ebrsa sot \u00ebsht\u00eb nj\u00eb artiste. Ajo sa po ka publikuar nj\u00eb\",\"breadcrumb\":{\"@id\":\"https:\/\/www.visit-ulcinj.com\/blog\/2011\/01\/10\/nje-nga-vitet-me-kulminante-te-karrieres-laureta-mecit\/#breadcrumb\"},\"inLanguage\":\"en-US\",\"potentialAction\":[{\"@type\":\"ReadAction\",\"target\":[\"https:\/\/www.visit-ulcinj.com\/blog\/2011\/01\/10\/nje-nga-vitet-me-kulminante-te-karrieres-laureta-mecit\/\"]}]},{\"@type\":\"BreadcrumbList\",\"@id\":\"https:\/\/www.visit-ulcinj.com\/blog\/2011\/01\/10\/nje-nga-vitet-me-kulminante-te-karrieres-laureta-mecit\/#breadcrumb\",\"itemListElement\":[{\"@type\":\"ListItem\",\"position\":1,\"name\":\"Nj\u00eb nga vitet m\u00eb kulminante t\u00eb karrier\u00ebs Laureta Me\u00e7it\"}]},{\"@type\":\"Person\",\"@id\":\"https:\/\/www.visit-ulcinj.com\/blog\/#\/schema\/person\/dcab619c614d3038751c63bc2aadc06d\",\"name\":\"ulqini\",\"sameAs\":[\"http:\/\/www.visit-ulcinj.com\"],\"url\":\"https:\/\/www.visit-ulcinj.com\/blog\/author\/admin\/\"}]}<\/script>\n<!-- \/ Yoast SEO plugin. -->","yoast_head_json":{"title":"Nj\u00eb nga vitet m\u00eb kulminante t\u00eb karrier\u00ebs Laureta Me\u00e7it - Lajme nga Ulqini","description":"Laureta Me\u00e7i, 13 vjet m\u00eb par\u00eb, kur iku nga Shqip\u00ebria per ne SHBA, ishte vet\u00ebm nj\u00eb vajz\u00eb e vog\u00ebl, nd\u00ebrsa sot \u00ebsht\u00eb nj\u00eb artiste. Ajo sa po ka publikuar nj\u00eb","robots":{"index":"index","follow":"follow","max-snippet":"max-snippet:-1","max-image-preview":"max-image-preview:large","max-video-preview":"max-video-preview:-1"},"canonical":"https:\/\/www.visit-ulcinj.com\/blog\/2011\/01\/10\/nje-nga-vitet-me-kulminante-te-karrieres-laureta-mecit\/","og_locale":"en_US","og_type":"article","og_title":"Nj\u00eb nga vitet m\u00eb kulminante t\u00eb karrier\u00ebs Laureta Me\u00e7it - Lajme nga Ulqini","og_description":"Laureta Me\u00e7i, 13 vjet m\u00eb par\u00eb, kur iku nga Shqip\u00ebria per ne SHBA, ishte vet\u00ebm nj\u00eb vajz\u00eb e vog\u00ebl, nd\u00ebrsa sot \u00ebsht\u00eb nj\u00eb artiste. Ajo sa po ka publikuar nj\u00eb","og_url":"https:\/\/www.visit-ulcinj.com\/blog\/2011\/01\/10\/nje-nga-vitet-me-kulminante-te-karrieres-laureta-mecit\/","og_site_name":"Lajme nga Ulqini","article_published_time":"2011-01-10T10:43:49+00:00","og_image":[{"url":"https:\/\/www.visit-ulcinj.com\/blog\/wp-content\/uploads\/2011\/01\/Laureta-Me\u00e7i-150x150.jpg"}],"twitter_misc":{"Written by":"ulqini","Est. reading time":"1 minute"},"schema":{"@context":"https:\/\/schema.org","@graph":[{"@type":"WebSite","@id":"https:\/\/www.visit-ulcinj.com\/blog\/#website","url":"https:\/\/www.visit-ulcinj.com\/blog\/","name":"Lajme nga Ulqini","description":"Lajme,Vijesti,Ulqini,Ulqin,Crna Gora,Mali i Zi","potentialAction":[{"@type":"SearchAction","target":{"@type":"EntryPoint","urlTemplate":"https:\/\/www.visit-ulcinj.com\/blog\/?s={search_term_string}"},"query-input":"required name=search_term_string"}],"inLanguage":"en-US"},{"@type":"WebPage","@id":"https:\/\/www.visit-ulcinj.com\/blog\/2011\/01\/10\/nje-nga-vitet-me-kulminante-te-karrieres-laureta-mecit\/#webpage","url":"https:\/\/www.visit-ulcinj.com\/blog\/2011\/01\/10\/nje-nga-vitet-me-kulminante-te-karrieres-laureta-mecit\/","name":"Nj\u00eb nga vitet m\u00eb kulminante t\u00eb karrier\u00ebs Laureta Me\u00e7it - Lajme nga Ulqini","isPartOf":{"@id":"https:\/\/www.visit-ulcinj.com\/blog\/#website"},"datePublished":"2011-01-10T10:43:49+00:00","dateModified":"2011-01-10T10:43:49+00:00","author":{"@id":"https:\/\/www.visit-ulcinj.com\/blog\/#\/schema\/person\/dcab619c614d3038751c63bc2aadc06d"},"description":"Laureta Me\u00e7i, 13 vjet m\u00eb par\u00eb, kur iku nga Shqip\u00ebria per ne SHBA, ishte vet\u00ebm nj\u00eb vajz\u00eb e vog\u00ebl, nd\u00ebrsa sot \u00ebsht\u00eb nj\u00eb artiste. Ajo sa po ka publikuar nj\u00eb","breadcrumb":{"@id":"https:\/\/www.visit-ulcinj.com\/blog\/2011\/01\/10\/nje-nga-vitet-me-kulminante-te-karrieres-laureta-mecit\/#breadcrumb"},"inLanguage":"en-US","potentialAction":[{"@type":"ReadAction","target":["https:\/\/www.visit-ulcinj.com\/blog\/2011\/01\/10\/nje-nga-vitet-me-kulminante-te-karrieres-laureta-mecit\/"]}]},{"@type":"BreadcrumbList","@id":"https:\/\/www.visit-ulcinj.com\/blog\/2011\/01\/10\/nje-nga-vitet-me-kulminante-te-karrieres-laureta-mecit\/#breadcrumb","itemListElement":[{"@type":"ListItem","position":1,"name":"Nj\u00eb nga vitet m\u00eb kulminante t\u00eb karrier\u00ebs Laureta Me\u00e7it"}]},{"@type":"Person","@id":"https:\/\/www.visit-ulcinj.com\/blog\/#\/schema\/person\/dcab619c614d3038751c63bc2aadc06d","name":"ulqini","sameAs":["http:\/\/www.visit-ulcinj.com"],"url":"https:\/\/www.visit-ulcinj.com\/blog\/author\/admin\/"}]}},"jetpack_featured_media_url":"","jetpack_sharing_enabled":true,"jetpack_shortlink":"https:\/\/wp.me\/pe6lTn-aY9","_links":{"self":[{"href":"https:\/\/www.visit-ulcinj.com\/blog\/wp-json\/wp\/v2\/posts\/42169"}],"collection":[{"href":"https:\/\/www.visit-ulcinj.com\/blog\/wp-json\/wp\/v2\/posts"}],"about":[{"href":"https:\/\/www.visit-ulcinj.com\/blog\/wp-json\/wp\/v2\/types\/post"}],"author":[{"embeddable":true,"href":"https:\/\/www.visit-ulcinj.com\/blog\/wp-json\/wp\/v2\/users\/1"}],"replies":[{"embeddable":true,"href":"https:\/\/www.visit-ulcinj.com\/blog\/wp-json\/wp\/v2\/comments?post=42169"}],"version-history":[{"count":0,"href":"https:\/\/www.visit-ulcinj.com\/blog\/wp-json\/wp\/v2\/posts\/42169\/revisions"}],"wp:attachment":[{"href":"https:\/\/www.visit-ulcinj.com\/blog\/wp-json\/wp\/v2\/media?parent=42169"}],"wp:term":[{"taxonomy":"category","embeddable":true,"href":"https:\/\/www.visit-ulcinj.com\/blog\/wp-json\/wp\/v2\/categories?post=42169"},{"taxonomy":"post_tag","embeddable":true,"href":"https:\/\/www.visit-ulcinj.com\/blog\/wp-json\/wp\/v2\/tags?post=42169"}],"curies":[{"name":"wp","href":"https:\/\/api.w.org\/{rel}","templated":true}]}}