{"id":42177,"date":"2011-01-10T12:05:45","date_gmt":"2011-01-10T11:05:45","guid":{"rendered":"http:\/\/www.visit-ulcinj.com\/blog\/?p=42177"},"modified":"2011-01-10T12:05:45","modified_gmt":"2011-01-10T11:05:45","slug":"argjentina-ramosaj-me-stil-ndryshe","status":"publish","type":"post","link":"https:\/\/www.visit-ulcinj.com\/blog\/2011\/01\/10\/argjentina-ramosaj-me-stil-ndryshe\/","title":{"rendered":"Argjentina Ramosaj me stil ndryshe"},"content":{"rendered":"<p><a href=\"http:\/\/www.visit-ulcinj.com\/blog\/wp-content\/uploads\/2011\/01\/Argjentina-Ramosaj.1.jpg\"><img loading=\"lazy\" class=\"alignleft size-full wp-image-42178\" title=\"Argjentina Ramosaj.1\" src=\"http:\/\/www.visit-ulcinj.com\/blog\/wp-content\/uploads\/2011\/01\/Argjentina-Ramosaj.1.jpg\" alt=\"\" width=\"490\" height=\"390\" \/><\/a>K\u00ebng\u00ebtarja Argjentina Ramosaj \u00ebsht\u00eb paraqitur me nj\u00eb stil m\u00eb ndryshe sa i p\u00ebrket zhanrit t\u00eb saj muzikor\u00eb p\u00ebr net\u00ebt festive.<\/p>\n<p>Ajo n\u00eb Kosov\u00eb ka k\u00ebnduar k\u00ebng\u00ebn \u201cRoll the Dice\u201d, t\u00eb stilit elektro, p\u00ebrderisa m\u00eb par\u00eb k\u00ebng\u00ebtarja ishte paraqitur me k\u00ebng\u00eb t\u00eb stilit \u201cpop-rock\u201d.<\/p>\n<p>\u201cPas k\u00ebsaj k\u00ebnge k\u00ebng\u00ebtarja do t\u00eb paraqitet edhe me nj\u00eb k\u00ebng\u00eb tjet\u00ebr elektro q\u00eb do t\u00eb punohet nga kompozitori kosovar\u00eb Enis Presheva\u201d, ka th\u00ebn\u00eb nj\u00eb burim p\u00ebr Express Roz\u00eb.<\/p>\n<p>P\u00ebrndryshe, k\u00ebnga \u201cRoll the Dice\u201d pritet q\u00eb t\u00eb promovohet n\u00eb Holand\u00eb pas nj\u00eb muaji.<\/p>\n<p>Ndryshe, Argjentina Ramosaj sivjet \u00ebsht\u00eb shpall edhe si k\u00ebng\u00ebtarja me paraqitjet dhe stilin m\u00eb t\u00eb mir\u00eb t\u00eb mod\u00ebs n\u00eb emisionin \u201cUn\u00eb jam top-model\u201d t\u00eb TV 21.<\/p>\n<p><strong>Gazeta Express<br \/>\n<br \/>\n<!--YouTube Error: bad URL entered--><\/p>\n","protected":false},"excerpt":{"rendered":"<p>K\u00ebng\u00ebtarja Argjentina Ramosaj \u00ebsht\u00eb paraqitur me nj\u00eb stil m\u00eb ndryshe sa i p\u00ebrket zhanrit t\u00eb saj muzikor\u00eb p\u00ebr net\u00ebt festive. Ajo n\u00eb Kosov\u00eb ka k\u00ebnduar k\u00ebng\u00ebn \u201cRoll the Dice\u201d, t\u00eb stilit elektro, p\u00ebrderisa m\u00eb par\u00eb k\u00ebng\u00ebtarja ishte paraqitur me k\u00ebng\u00eb t\u00eb stilit \u201cpop-rock\u201d. \u201cPas k\u00ebsaj k\u00ebnge k\u00ebng\u00ebtarja do t\u00eb paraqitet edhe me nj\u00eb k\u00ebng\u00eb tjet\u00ebr [&hellip;]<\/p>\n","protected":false},"author":1,"featured_media":0,"comment_status":"open","ping_status":"closed","sticky":false,"template":"","format":"standard","meta":{"spay_email":"","jetpack_publicize_message":"","jetpack_is_tweetstorm":false,"jetpack_publicize_feature_enabled":true},"categories":[1],"tags":[16524],"jetpack_publicize_connections":[],"yoast_head":"<!-- This site is optimized with the Yoast SEO plugin v19.1 - https:\/\/yoast.com\/wordpress\/plugins\/seo\/ -->\n<title>Argjentina Ramosaj me stil ndryshe - Lajme nga Ulqini<\/title>\n<meta name=\"description\" content=\"K\u00ebng\u00ebtarja Argjentina Ramosaj \u00ebsht\u00eb paraqitur me nj\u00eb stil m\u00eb ndryshe sa i p\u00ebrket zhanrit t\u00eb saj muzikor\u00eb p\u00ebr net\u00ebt festive. Ajo n\u00eb Kosov\u00eb ka k\u00ebnduar\" \/>\n<meta name=\"robots\" content=\"index, follow, max-snippet:-1, max-image-preview:large, max-video-preview:-1\" \/>\n<link rel=\"canonical\" href=\"https:\/\/www.visit-ulcinj.com\/blog\/2011\/01\/10\/argjentina-ramosaj-me-stil-ndryshe\/\" \/>\n<meta property=\"og:locale\" content=\"en_US\" \/>\n<meta property=\"og:type\" content=\"article\" \/>\n<meta property=\"og:title\" content=\"Argjentina Ramosaj me stil ndryshe - Lajme nga Ulqini\" \/>\n<meta property=\"og:description\" content=\"K\u00ebng\u00ebtarja Argjentina Ramosaj \u00ebsht\u00eb paraqitur me nj\u00eb stil m\u00eb ndryshe sa i p\u00ebrket zhanrit t\u00eb saj muzikor\u00eb p\u00ebr net\u00ebt festive. Ajo n\u00eb Kosov\u00eb ka k\u00ebnduar\" \/>\n<meta property=\"og:url\" content=\"https:\/\/www.visit-ulcinj.com\/blog\/2011\/01\/10\/argjentina-ramosaj-me-stil-ndryshe\/\" \/>\n<meta property=\"og:site_name\" content=\"Lajme nga Ulqini\" \/>\n<meta property=\"article:published_time\" content=\"2011-01-10T11:05:45+00:00\" \/>\n<meta property=\"og:image\" content=\"https:\/\/www.visit-ulcinj.com\/blog\/wp-content\/uploads\/2011\/01\/Argjentina-Ramosaj.1-150x150.jpg\" \/>\n<meta name=\"twitter:label1\" content=\"Written by\" \/>\n\t<meta name=\"twitter:data1\" content=\"ulqini\" \/>\n\t<meta name=\"twitter:label2\" content=\"Est. reading time\" \/>\n\t<meta name=\"twitter:data2\" content=\"1 minute\" \/>\n<script type=\"application\/ld+json\" class=\"yoast-schema-graph\">{\"@context\":\"https:\/\/schema.org\",\"@graph\":[{\"@type\":\"WebSite\",\"@id\":\"https:\/\/www.visit-ulcinj.com\/blog\/#website\",\"url\":\"https:\/\/www.visit-ulcinj.com\/blog\/\",\"name\":\"Lajme nga Ulqini\",\"description\":\"Lajme,Vijesti,Ulqini,Ulqin,Crna Gora,Mali i Zi\",\"potentialAction\":[{\"@type\":\"SearchAction\",\"target\":{\"@type\":\"EntryPoint\",\"urlTemplate\":\"https:\/\/www.visit-ulcinj.com\/blog\/?s={search_term_string}\"},\"query-input\":\"required name=search_term_string\"}],\"inLanguage\":\"en-US\"},{\"@type\":\"ImageObject\",\"inLanguage\":\"en-US\",\"@id\":\"https:\/\/www.visit-ulcinj.com\/blog\/2011\/01\/10\/argjentina-ramosaj-me-stil-ndryshe\/#primaryimage\",\"url\":\"http:\/\/www.visit-ulcinj.com\/blog\/wp-content\/uploads\/2011\/01\/Argjentina-Ramosaj.1.jpg\",\"contentUrl\":\"http:\/\/www.visit-ulcinj.com\/blog\/wp-content\/uploads\/2011\/01\/Argjentina-Ramosaj.1.jpg\"},{\"@type\":\"WebPage\",\"@id\":\"https:\/\/www.visit-ulcinj.com\/blog\/2011\/01\/10\/argjentina-ramosaj-me-stil-ndryshe\/#webpage\",\"url\":\"https:\/\/www.visit-ulcinj.com\/blog\/2011\/01\/10\/argjentina-ramosaj-me-stil-ndryshe\/\",\"name\":\"Argjentina Ramosaj me stil ndryshe - Lajme nga Ulqini\",\"isPartOf\":{\"@id\":\"https:\/\/www.visit-ulcinj.com\/blog\/#website\"},\"primaryImageOfPage\":{\"@id\":\"https:\/\/www.visit-ulcinj.com\/blog\/2011\/01\/10\/argjentina-ramosaj-me-stil-ndryshe\/#primaryimage\"},\"datePublished\":\"2011-01-10T11:05:45+00:00\",\"dateModified\":\"2011-01-10T11:05:45+00:00\",\"author\":{\"@id\":\"https:\/\/www.visit-ulcinj.com\/blog\/#\/schema\/person\/dcab619c614d3038751c63bc2aadc06d\"},\"description\":\"K\u00ebng\u00ebtarja Argjentina Ramosaj \u00ebsht\u00eb paraqitur me nj\u00eb stil m\u00eb ndryshe sa i p\u00ebrket zhanrit t\u00eb saj muzikor\u00eb p\u00ebr net\u00ebt festive. Ajo n\u00eb Kosov\u00eb ka k\u00ebnduar\",\"breadcrumb\":{\"@id\":\"https:\/\/www.visit-ulcinj.com\/blog\/2011\/01\/10\/argjentina-ramosaj-me-stil-ndryshe\/#breadcrumb\"},\"inLanguage\":\"en-US\",\"potentialAction\":[{\"@type\":\"ReadAction\",\"target\":[\"https:\/\/www.visit-ulcinj.com\/blog\/2011\/01\/10\/argjentina-ramosaj-me-stil-ndryshe\/\"]}]},{\"@type\":\"BreadcrumbList\",\"@id\":\"https:\/\/www.visit-ulcinj.com\/blog\/2011\/01\/10\/argjentina-ramosaj-me-stil-ndryshe\/#breadcrumb\",\"itemListElement\":[{\"@type\":\"ListItem\",\"position\":1,\"name\":\"Argjentina Ramosaj me stil ndryshe\"}]},{\"@type\":\"Person\",\"@id\":\"https:\/\/www.visit-ulcinj.com\/blog\/#\/schema\/person\/dcab619c614d3038751c63bc2aadc06d\",\"name\":\"ulqini\",\"sameAs\":[\"http:\/\/www.visit-ulcinj.com\"],\"url\":\"https:\/\/www.visit-ulcinj.com\/blog\/author\/admin\/\"}]}<\/script>\n<!-- \/ Yoast SEO plugin. -->","yoast_head_json":{"title":"Argjentina Ramosaj me stil ndryshe - Lajme nga Ulqini","description":"K\u00ebng\u00ebtarja Argjentina Ramosaj \u00ebsht\u00eb paraqitur me nj\u00eb stil m\u00eb ndryshe sa i p\u00ebrket zhanrit t\u00eb saj muzikor\u00eb p\u00ebr net\u00ebt festive. Ajo n\u00eb Kosov\u00eb ka k\u00ebnduar","robots":{"index":"index","follow":"follow","max-snippet":"max-snippet:-1","max-image-preview":"max-image-preview:large","max-video-preview":"max-video-preview:-1"},"canonical":"https:\/\/www.visit-ulcinj.com\/blog\/2011\/01\/10\/argjentina-ramosaj-me-stil-ndryshe\/","og_locale":"en_US","og_type":"article","og_title":"Argjentina Ramosaj me stil ndryshe - Lajme nga Ulqini","og_description":"K\u00ebng\u00ebtarja Argjentina Ramosaj \u00ebsht\u00eb paraqitur me nj\u00eb stil m\u00eb ndryshe sa i p\u00ebrket zhanrit t\u00eb saj muzikor\u00eb p\u00ebr net\u00ebt festive. Ajo n\u00eb Kosov\u00eb ka k\u00ebnduar","og_url":"https:\/\/www.visit-ulcinj.com\/blog\/2011\/01\/10\/argjentina-ramosaj-me-stil-ndryshe\/","og_site_name":"Lajme nga Ulqini","article_published_time":"2011-01-10T11:05:45+00:00","og_image":[{"url":"https:\/\/www.visit-ulcinj.com\/blog\/wp-content\/uploads\/2011\/01\/Argjentina-Ramosaj.1-150x150.jpg"}],"twitter_misc":{"Written by":"ulqini","Est. reading time":"1 minute"},"schema":{"@context":"https:\/\/schema.org","@graph":[{"@type":"WebSite","@id":"https:\/\/www.visit-ulcinj.com\/blog\/#website","url":"https:\/\/www.visit-ulcinj.com\/blog\/","name":"Lajme nga Ulqini","description":"Lajme,Vijesti,Ulqini,Ulqin,Crna Gora,Mali i Zi","potentialAction":[{"@type":"SearchAction","target":{"@type":"EntryPoint","urlTemplate":"https:\/\/www.visit-ulcinj.com\/blog\/?s={search_term_string}"},"query-input":"required name=search_term_string"}],"inLanguage":"en-US"},{"@type":"ImageObject","inLanguage":"en-US","@id":"https:\/\/www.visit-ulcinj.com\/blog\/2011\/01\/10\/argjentina-ramosaj-me-stil-ndryshe\/#primaryimage","url":"http:\/\/www.visit-ulcinj.com\/blog\/wp-content\/uploads\/2011\/01\/Argjentina-Ramosaj.1.jpg","contentUrl":"http:\/\/www.visit-ulcinj.com\/blog\/wp-content\/uploads\/2011\/01\/Argjentina-Ramosaj.1.jpg"},{"@type":"WebPage","@id":"https:\/\/www.visit-ulcinj.com\/blog\/2011\/01\/10\/argjentina-ramosaj-me-stil-ndryshe\/#webpage","url":"https:\/\/www.visit-ulcinj.com\/blog\/2011\/01\/10\/argjentina-ramosaj-me-stil-ndryshe\/","name":"Argjentina Ramosaj me stil ndryshe - Lajme nga Ulqini","isPartOf":{"@id":"https:\/\/www.visit-ulcinj.com\/blog\/#website"},"primaryImageOfPage":{"@id":"https:\/\/www.visit-ulcinj.com\/blog\/2011\/01\/10\/argjentina-ramosaj-me-stil-ndryshe\/#primaryimage"},"datePublished":"2011-01-10T11:05:45+00:00","dateModified":"2011-01-10T11:05:45+00:00","author":{"@id":"https:\/\/www.visit-ulcinj.com\/blog\/#\/schema\/person\/dcab619c614d3038751c63bc2aadc06d"},"description":"K\u00ebng\u00ebtarja Argjentina Ramosaj \u00ebsht\u00eb paraqitur me nj\u00eb stil m\u00eb ndryshe sa i p\u00ebrket zhanrit t\u00eb saj muzikor\u00eb p\u00ebr net\u00ebt festive. Ajo n\u00eb Kosov\u00eb ka k\u00ebnduar","breadcrumb":{"@id":"https:\/\/www.visit-ulcinj.com\/blog\/2011\/01\/10\/argjentina-ramosaj-me-stil-ndryshe\/#breadcrumb"},"inLanguage":"en-US","potentialAction":[{"@type":"ReadAction","target":["https:\/\/www.visit-ulcinj.com\/blog\/2011\/01\/10\/argjentina-ramosaj-me-stil-ndryshe\/"]}]},{"@type":"BreadcrumbList","@id":"https:\/\/www.visit-ulcinj.com\/blog\/2011\/01\/10\/argjentina-ramosaj-me-stil-ndryshe\/#breadcrumb","itemListElement":[{"@type":"ListItem","position":1,"name":"Argjentina Ramosaj me stil ndryshe"}]},{"@type":"Person","@id":"https:\/\/www.visit-ulcinj.com\/blog\/#\/schema\/person\/dcab619c614d3038751c63bc2aadc06d","name":"ulqini","sameAs":["http:\/\/www.visit-ulcinj.com"],"url":"https:\/\/www.visit-ulcinj.com\/blog\/author\/admin\/"}]}},"jetpack_featured_media_url":"","jetpack_sharing_enabled":true,"jetpack_shortlink":"https:\/\/wp.me\/pe6lTn-aYh","_links":{"self":[{"href":"https:\/\/www.visit-ulcinj.com\/blog\/wp-json\/wp\/v2\/posts\/42177"}],"collection":[{"href":"https:\/\/www.visit-ulcinj.com\/blog\/wp-json\/wp\/v2\/posts"}],"about":[{"href":"https:\/\/www.visit-ulcinj.com\/blog\/wp-json\/wp\/v2\/types\/post"}],"author":[{"embeddable":true,"href":"https:\/\/www.visit-ulcinj.com\/blog\/wp-json\/wp\/v2\/users\/1"}],"replies":[{"embeddable":true,"href":"https:\/\/www.visit-ulcinj.com\/blog\/wp-json\/wp\/v2\/comments?post=42177"}],"version-history":[{"count":0,"href":"https:\/\/www.visit-ulcinj.com\/blog\/wp-json\/wp\/v2\/posts\/42177\/revisions"}],"wp:attachment":[{"href":"https:\/\/www.visit-ulcinj.com\/blog\/wp-json\/wp\/v2\/media?parent=42177"}],"wp:term":[{"taxonomy":"category","embeddable":true,"href":"https:\/\/www.visit-ulcinj.com\/blog\/wp-json\/wp\/v2\/categories?post=42177"},{"taxonomy":"post_tag","embeddable":true,"href":"https:\/\/www.visit-ulcinj.com\/blog\/wp-json\/wp\/v2\/tags?post=42177"}],"curies":[{"name":"wp","href":"https:\/\/api.w.org\/{rel}","templated":true}]}}