{"id":42182,"date":"2011-01-10T13:27:18","date_gmt":"2011-01-10T12:27:18","guid":{"rendered":"http:\/\/www.visit-ulcinj.com\/blog\/?p=42182"},"modified":"2011-01-10T13:29:10","modified_gmt":"2011-01-10T12:29:10","slug":"remix-i-bashkim-alibalit-cani-lazoja-feat-sandro-lula","status":"publish","type":"post","link":"https:\/\/www.visit-ulcinj.com\/blog\/2011\/01\/10\/remix-i-bashkim-alibalit-cani-lazoja-feat-sandro-lula\/","title":{"rendered":"Remix i Bashkim Alibalit &#038; Cani Lazoja feat.Sandro Lula"},"content":{"rendered":"<p><strong><a href=\"http:\/\/www.visit-ulcinj.com\/blog\/wp-content\/uploads\/2011\/01\/Cani-Lazoja_Ulqin.jpg\"><img loading=\"lazy\" class=\"alignleft size-full wp-image-42183\" title=\"Cani Lazoja_Ulqin\" src=\"http:\/\/www.visit-ulcinj.com\/blog\/wp-content\/uploads\/2011\/01\/Cani-Lazoja_Ulqin.jpg\" alt=\"\" width=\"490\" height=\"620\" \/><\/a>K\u00ebng\u00ebtari Cani Lazoja \u00a0\u00ebsht\u00eb pran\u00eb lansimit t\u00eb nj\u00eb muzike remiks k\u00ebto koh\u00eb t\u00eb fundvitit.<br \/>\n<\/strong>Mes k\u00ebng\u00ebve q\u00eb do t\u00eb dalin si remiks\u00a0 jan shum k\u00ebnge te vjetra q\u00eb kan vler\u00eb tek populli jon shqiptar,duke ja kushtuar remiksin dhe njer\u00ebzve q\u00eb marrin rrug\u00ebn e gurbetit\u00a0 etj.K\u00ebnga ne remixin e Canit flet vet ska nevoj p\u00ebr koment.<\/p>\n<p><strong>Lajme nga Ulqini<br \/>\n<!--YouTube Error: bad URL entered--><\/strong><\/p>\n","protected":false},"excerpt":{"rendered":"<p>K\u00ebng\u00ebtari Cani Lazoja \u00a0\u00ebsht\u00eb pran\u00eb lansimit t\u00eb nj\u00eb muzike remiks k\u00ebto koh\u00eb t\u00eb fundvitit. Mes k\u00ebng\u00ebve q\u00eb do t\u00eb dalin si remiks\u00a0 jan shum k\u00ebnge te vjetra q\u00eb kan vler\u00eb tek populli jon shqiptar,duke ja kushtuar remiksin dhe njer\u00ebzve q\u00eb marrin rrug\u00ebn e gurbetit\u00a0 etj.K\u00ebnga ne remixin e Canit flet vet ska nevoj p\u00ebr koment. [&hellip;]<\/p>\n","protected":false},"author":1,"featured_media":0,"comment_status":"open","ping_status":"closed","sticky":false,"template":"","format":"standard","meta":{"spay_email":"","jetpack_publicize_message":"","jetpack_is_tweetstorm":false,"jetpack_publicize_feature_enabled":true},"categories":[1],"tags":[16885,10074,4729,16884,200,18],"jetpack_publicize_connections":[],"yoast_head":"<!-- This site is optimized with the Yoast SEO plugin v19.1 - https:\/\/yoast.com\/wordpress\/plugins\/seo\/ -->\n<title>Remix i Bashkim Alibalit &amp; Cani Lazoja feat.Sandro Lula - Lajme nga Ulqini<\/title>\n<meta name=\"description\" content=\"K\u00ebng\u00ebtari Cani Lazoja \u00a0\u00ebsht\u00eb pran\u00eb lansimit t\u00eb nj\u00eb muzike remiks k\u00ebto koh\u00eb t\u00eb fundvitit. Mes k\u00ebng\u00ebve q\u00eb do t\u00eb dalin si remiks\u00a0 jan shum k\u00ebnge te vjetra q\u00eb\" \/>\n<meta name=\"robots\" content=\"index, follow, max-snippet:-1, max-image-preview:large, max-video-preview:-1\" \/>\n<link rel=\"canonical\" href=\"https:\/\/www.visit-ulcinj.com\/blog\/2011\/01\/10\/remix-i-bashkim-alibalit-cani-lazoja-feat-sandro-lula\/\" \/>\n<meta property=\"og:locale\" content=\"en_US\" \/>\n<meta property=\"og:type\" content=\"article\" \/>\n<meta property=\"og:title\" content=\"Remix i Bashkim Alibalit &amp; Cani Lazoja feat.Sandro Lula - Lajme nga Ulqini\" \/>\n<meta property=\"og:description\" content=\"K\u00ebng\u00ebtari Cani Lazoja \u00a0\u00ebsht\u00eb pran\u00eb lansimit t\u00eb nj\u00eb muzike remiks k\u00ebto koh\u00eb t\u00eb fundvitit. Mes k\u00ebng\u00ebve q\u00eb do t\u00eb dalin si remiks\u00a0 jan shum k\u00ebnge te vjetra q\u00eb\" \/>\n<meta property=\"og:url\" content=\"https:\/\/www.visit-ulcinj.com\/blog\/2011\/01\/10\/remix-i-bashkim-alibalit-cani-lazoja-feat-sandro-lula\/\" \/>\n<meta property=\"og:site_name\" content=\"Lajme nga Ulqini\" \/>\n<meta property=\"article:published_time\" content=\"2011-01-10T12:27:18+00:00\" \/>\n<meta property=\"article:modified_time\" content=\"2011-01-10T12:29:10+00:00\" \/>\n<meta property=\"og:image\" content=\"http:\/\/www.visit-ulcinj.com\/blog\/wp-content\/uploads\/2011\/01\/Cani-Lazoja_Ulqin.jpg\" \/>\n<meta name=\"twitter:label1\" content=\"Written by\" \/>\n\t<meta name=\"twitter:data1\" content=\"ulqini\" \/>\n<script type=\"application\/ld+json\" class=\"yoast-schema-graph\">{\"@context\":\"https:\/\/schema.org\",\"@graph\":[{\"@type\":\"WebSite\",\"@id\":\"https:\/\/www.visit-ulcinj.com\/blog\/#website\",\"url\":\"https:\/\/www.visit-ulcinj.com\/blog\/\",\"name\":\"Lajme nga Ulqini\",\"description\":\"Lajme,Vijesti,Ulqini,Ulqin,Crna Gora,Mali i Zi\",\"potentialAction\":[{\"@type\":\"SearchAction\",\"target\":{\"@type\":\"EntryPoint\",\"urlTemplate\":\"https:\/\/www.visit-ulcinj.com\/blog\/?s={search_term_string}\"},\"query-input\":\"required name=search_term_string\"}],\"inLanguage\":\"en-US\"},{\"@type\":\"ImageObject\",\"inLanguage\":\"en-US\",\"@id\":\"https:\/\/www.visit-ulcinj.com\/blog\/2011\/01\/10\/remix-i-bashkim-alibalit-cani-lazoja-feat-sandro-lula\/#primaryimage\",\"url\":\"https:\/\/www.visit-ulcinj.com\/blog\/wp-content\/uploads\/2011\/01\/Cani-Lazoja_Ulqin.jpg\",\"contentUrl\":\"https:\/\/www.visit-ulcinj.com\/blog\/wp-content\/uploads\/2011\/01\/Cani-Lazoja_Ulqin.jpg\",\"width\":\"490\",\"height\":\"729\"},{\"@type\":\"WebPage\",\"@id\":\"https:\/\/www.visit-ulcinj.com\/blog\/2011\/01\/10\/remix-i-bashkim-alibalit-cani-lazoja-feat-sandro-lula\/#webpage\",\"url\":\"https:\/\/www.visit-ulcinj.com\/blog\/2011\/01\/10\/remix-i-bashkim-alibalit-cani-lazoja-feat-sandro-lula\/\",\"name\":\"Remix i Bashkim Alibalit & Cani Lazoja feat.Sandro Lula - Lajme nga Ulqini\",\"isPartOf\":{\"@id\":\"https:\/\/www.visit-ulcinj.com\/blog\/#website\"},\"primaryImageOfPage\":{\"@id\":\"https:\/\/www.visit-ulcinj.com\/blog\/2011\/01\/10\/remix-i-bashkim-alibalit-cani-lazoja-feat-sandro-lula\/#primaryimage\"},\"datePublished\":\"2011-01-10T12:27:18+00:00\",\"dateModified\":\"2011-01-10T12:29:10+00:00\",\"author\":{\"@id\":\"https:\/\/www.visit-ulcinj.com\/blog\/#\/schema\/person\/dcab619c614d3038751c63bc2aadc06d\"},\"description\":\"K\u00ebng\u00ebtari Cani Lazoja \u00a0\u00ebsht\u00eb pran\u00eb lansimit t\u00eb nj\u00eb muzike remiks k\u00ebto koh\u00eb t\u00eb fundvitit. Mes k\u00ebng\u00ebve q\u00eb do t\u00eb dalin si remiks\u00a0 jan shum k\u00ebnge te vjetra q\u00eb\",\"breadcrumb\":{\"@id\":\"https:\/\/www.visit-ulcinj.com\/blog\/2011\/01\/10\/remix-i-bashkim-alibalit-cani-lazoja-feat-sandro-lula\/#breadcrumb\"},\"inLanguage\":\"en-US\",\"potentialAction\":[{\"@type\":\"ReadAction\",\"target\":[\"https:\/\/www.visit-ulcinj.com\/blog\/2011\/01\/10\/remix-i-bashkim-alibalit-cani-lazoja-feat-sandro-lula\/\"]}]},{\"@type\":\"BreadcrumbList\",\"@id\":\"https:\/\/www.visit-ulcinj.com\/blog\/2011\/01\/10\/remix-i-bashkim-alibalit-cani-lazoja-feat-sandro-lula\/#breadcrumb\",\"itemListElement\":[{\"@type\":\"ListItem\",\"position\":1,\"name\":\"Remix i Bashkim Alibalit &#038; Cani Lazoja feat.Sandro Lula\"}]},{\"@type\":\"Person\",\"@id\":\"https:\/\/www.visit-ulcinj.com\/blog\/#\/schema\/person\/dcab619c614d3038751c63bc2aadc06d\",\"name\":\"ulqini\",\"sameAs\":[\"http:\/\/www.visit-ulcinj.com\"],\"url\":\"https:\/\/www.visit-ulcinj.com\/blog\/author\/admin\/\"}]}<\/script>\n<!-- \/ Yoast SEO plugin. -->","yoast_head_json":{"title":"Remix i Bashkim Alibalit & Cani Lazoja feat.Sandro Lula - Lajme nga Ulqini","description":"K\u00ebng\u00ebtari Cani Lazoja \u00a0\u00ebsht\u00eb pran\u00eb lansimit t\u00eb nj\u00eb muzike remiks k\u00ebto koh\u00eb t\u00eb fundvitit. Mes k\u00ebng\u00ebve q\u00eb do t\u00eb dalin si remiks\u00a0 jan shum k\u00ebnge te vjetra q\u00eb","robots":{"index":"index","follow":"follow","max-snippet":"max-snippet:-1","max-image-preview":"max-image-preview:large","max-video-preview":"max-video-preview:-1"},"canonical":"https:\/\/www.visit-ulcinj.com\/blog\/2011\/01\/10\/remix-i-bashkim-alibalit-cani-lazoja-feat-sandro-lula\/","og_locale":"en_US","og_type":"article","og_title":"Remix i Bashkim Alibalit & Cani Lazoja feat.Sandro Lula - Lajme nga Ulqini","og_description":"K\u00ebng\u00ebtari Cani Lazoja \u00a0\u00ebsht\u00eb pran\u00eb lansimit t\u00eb nj\u00eb muzike remiks k\u00ebto koh\u00eb t\u00eb fundvitit. Mes k\u00ebng\u00ebve q\u00eb do t\u00eb dalin si remiks\u00a0 jan shum k\u00ebnge te vjetra q\u00eb","og_url":"https:\/\/www.visit-ulcinj.com\/blog\/2011\/01\/10\/remix-i-bashkim-alibalit-cani-lazoja-feat-sandro-lula\/","og_site_name":"Lajme nga Ulqini","article_published_time":"2011-01-10T12:27:18+00:00","article_modified_time":"2011-01-10T12:29:10+00:00","og_image":[{"url":"http:\/\/www.visit-ulcinj.com\/blog\/wp-content\/uploads\/2011\/01\/Cani-Lazoja_Ulqin.jpg"}],"twitter_misc":{"Written by":"ulqini"},"schema":{"@context":"https:\/\/schema.org","@graph":[{"@type":"WebSite","@id":"https:\/\/www.visit-ulcinj.com\/blog\/#website","url":"https:\/\/www.visit-ulcinj.com\/blog\/","name":"Lajme nga Ulqini","description":"Lajme,Vijesti,Ulqini,Ulqin,Crna Gora,Mali i Zi","potentialAction":[{"@type":"SearchAction","target":{"@type":"EntryPoint","urlTemplate":"https:\/\/www.visit-ulcinj.com\/blog\/?s={search_term_string}"},"query-input":"required name=search_term_string"}],"inLanguage":"en-US"},{"@type":"ImageObject","inLanguage":"en-US","@id":"https:\/\/www.visit-ulcinj.com\/blog\/2011\/01\/10\/remix-i-bashkim-alibalit-cani-lazoja-feat-sandro-lula\/#primaryimage","url":"https:\/\/www.visit-ulcinj.com\/blog\/wp-content\/uploads\/2011\/01\/Cani-Lazoja_Ulqin.jpg","contentUrl":"https:\/\/www.visit-ulcinj.com\/blog\/wp-content\/uploads\/2011\/01\/Cani-Lazoja_Ulqin.jpg","width":"490","height":"729"},{"@type":"WebPage","@id":"https:\/\/www.visit-ulcinj.com\/blog\/2011\/01\/10\/remix-i-bashkim-alibalit-cani-lazoja-feat-sandro-lula\/#webpage","url":"https:\/\/www.visit-ulcinj.com\/blog\/2011\/01\/10\/remix-i-bashkim-alibalit-cani-lazoja-feat-sandro-lula\/","name":"Remix i Bashkim Alibalit & Cani Lazoja feat.Sandro Lula - Lajme nga Ulqini","isPartOf":{"@id":"https:\/\/www.visit-ulcinj.com\/blog\/#website"},"primaryImageOfPage":{"@id":"https:\/\/www.visit-ulcinj.com\/blog\/2011\/01\/10\/remix-i-bashkim-alibalit-cani-lazoja-feat-sandro-lula\/#primaryimage"},"datePublished":"2011-01-10T12:27:18+00:00","dateModified":"2011-01-10T12:29:10+00:00","author":{"@id":"https:\/\/www.visit-ulcinj.com\/blog\/#\/schema\/person\/dcab619c614d3038751c63bc2aadc06d"},"description":"K\u00ebng\u00ebtari Cani Lazoja \u00a0\u00ebsht\u00eb pran\u00eb lansimit t\u00eb nj\u00eb muzike remiks k\u00ebto koh\u00eb t\u00eb fundvitit. Mes k\u00ebng\u00ebve q\u00eb do t\u00eb dalin si remiks\u00a0 jan shum k\u00ebnge te vjetra q\u00eb","breadcrumb":{"@id":"https:\/\/www.visit-ulcinj.com\/blog\/2011\/01\/10\/remix-i-bashkim-alibalit-cani-lazoja-feat-sandro-lula\/#breadcrumb"},"inLanguage":"en-US","potentialAction":[{"@type":"ReadAction","target":["https:\/\/www.visit-ulcinj.com\/blog\/2011\/01\/10\/remix-i-bashkim-alibalit-cani-lazoja-feat-sandro-lula\/"]}]},{"@type":"BreadcrumbList","@id":"https:\/\/www.visit-ulcinj.com\/blog\/2011\/01\/10\/remix-i-bashkim-alibalit-cani-lazoja-feat-sandro-lula\/#breadcrumb","itemListElement":[{"@type":"ListItem","position":1,"name":"Remix i Bashkim Alibalit &#038; Cani Lazoja feat.Sandro Lula"}]},{"@type":"Person","@id":"https:\/\/www.visit-ulcinj.com\/blog\/#\/schema\/person\/dcab619c614d3038751c63bc2aadc06d","name":"ulqini","sameAs":["http:\/\/www.visit-ulcinj.com"],"url":"https:\/\/www.visit-ulcinj.com\/blog\/author\/admin\/"}]}},"jetpack_featured_media_url":"","jetpack_sharing_enabled":true,"jetpack_shortlink":"https:\/\/wp.me\/pe6lTn-aYm","_links":{"self":[{"href":"https:\/\/www.visit-ulcinj.com\/blog\/wp-json\/wp\/v2\/posts\/42182"}],"collection":[{"href":"https:\/\/www.visit-ulcinj.com\/blog\/wp-json\/wp\/v2\/posts"}],"about":[{"href":"https:\/\/www.visit-ulcinj.com\/blog\/wp-json\/wp\/v2\/types\/post"}],"author":[{"embeddable":true,"href":"https:\/\/www.visit-ulcinj.com\/blog\/wp-json\/wp\/v2\/users\/1"}],"replies":[{"embeddable":true,"href":"https:\/\/www.visit-ulcinj.com\/blog\/wp-json\/wp\/v2\/comments?post=42182"}],"version-history":[{"count":0,"href":"https:\/\/www.visit-ulcinj.com\/blog\/wp-json\/wp\/v2\/posts\/42182\/revisions"}],"wp:attachment":[{"href":"https:\/\/www.visit-ulcinj.com\/blog\/wp-json\/wp\/v2\/media?parent=42182"}],"wp:term":[{"taxonomy":"category","embeddable":true,"href":"https:\/\/www.visit-ulcinj.com\/blog\/wp-json\/wp\/v2\/categories?post=42182"},{"taxonomy":"post_tag","embeddable":true,"href":"https:\/\/www.visit-ulcinj.com\/blog\/wp-json\/wp\/v2\/tags?post=42182"}],"curies":[{"name":"wp","href":"https:\/\/api.w.org\/{rel}","templated":true}]}}