{"id":42207,"date":"2011-01-10T19:07:32","date_gmt":"2011-01-10T18:07:32","guid":{"rendered":"http:\/\/www.visit-ulcinj.com\/blog\/?p=42207"},"modified":"2011-01-10T19:10:03","modified_gmt":"2011-01-10T18:10:03","slug":"ulcinjani-pisali-maureru-zbog-valdanosa","status":"publish","type":"post","link":"https:\/\/www.visit-ulcinj.com\/blog\/2011\/01\/10\/ulcinjani-pisali-maureru-zbog-valdanosa\/","title":{"rendered":"Ulcinjani pisali Maureru zbog Valdanosa"},"content":{"rendered":"<p><strong><img loading=\"lazy\" class=\"alignleft\" title=\"ULCINJANI PISALI MAURERU ZBOG VALDANOSA\" src=\"http:\/\/www.visit-ulcinj.com\/blog\/wp-content\/uploads\/2009\/04\/odbor-za-povracaj-maslinade-e2809evaldanose2809c-ulcinj_crna-gora.jpg\" alt=\"\" width=\"750\" height=\"195\" \/>Kriminal i atak na lokalnu zajednicu<\/strong><strong><br \/>\n<\/strong>Ulcinj &#8211; Predsjednici Udru\u017eenja za povra\u0107aj imovine u Valdanosu i maslinara Batko \u0110akonovi\u0107 i D\u017eaudet Cakuli i predstavnik grupe NVO i nezavisnih intelektualaca D\u017eemal Perovi\u0107, pozvali su predsjednika Evropske komisije u Crnoj Gori Leopolda Maurera, da se anga\u017euje i za\u0161titi imovinu mje\u0161tana u Valdanosu, jer odluka Vlade o davanju u zakup te uvale kraj Ulcinja, kako su ocijenili, ima elemente korupcije i organizovanog kriminala.<br \/>\n\u201cSumnjivim odlukama koje uru\u0161avaju ugled cijele dr\u017eave, jer posjeduje elemente korupcije i organizovanog kriminala, kao i elementarnog nepo\u0161tovanja institucija sistema, nastavlja se atak na na\u0161u lokalnu zajednicu\u201d, navodi se u otvorenom pismu \u0110akonovi\u0107a, Cakulija i Perovi\u0107a upu\u0107enom Maureru.<\/p>\n<p>Oni ocjenjuju da Vlada ignori\u0161e pravosu\u0111e, jasno izra\u017eenu volju lokalne uprave i uslove tendera odlukom da u zakup izda uvalu \u201cjednoj po svemu sude\u0107i nereferentnoj firmi\u201d.<br \/>\n\u201cDo ovog zaklju\u010dka dolazimo zbog du\u017eine trajanja procesa povra\u0107aja imovine, kao i sagledavanjem na\u010dina na koji Vlada vodi \u010ditav posao vezan za uvalu Valdanos. Ne \u017eelimo da vjerujemo da se ovo de\u0161ava gra\u0111anima Ulcinja u kome, kao \u0161to znate, \u017eivi ve\u0107insko albansko stanovni\u0161tvo, koje se permanentno iseljava, mada se analizom svih dosada\u0161njih privatizacija u Ulcinju i ne\u0161to tako ne mo\u017ee u potpunosti zanemariti\u201d, pi\u0161e u pismu.<\/p>\n<p>Podsje\u0107a se da je u Valdanosu vi\u0161e od 30 godina \u201czarobljeno\u201d vi\u0161e od 18.000 stabala maslina, \u201ckoje su silom oduzete\u201d i koje pripadaju grupi ve\u0107oj od 750 fizi\u010dkih i pravnih lica. Maureru se u pismu sugeri\u0161e da sagleda \u010dinjenice vezane za Vladine aktivnosti oko Valdanosa, da se na relevantnim adresama informi\u0161e i pozove nadle\u017ene institucije da reaguju.<br \/>\n\u201cUkoliko se to ne desi, to \u0107e zna\u010diti da korupcija i dalje gospodari na\u0161om svakodnevnicom, \u0161to svakako mo\u017ee ugroziti na\u0161u evropsku perspektivu\u201d, stoji u pismu.<\/p>\n<p><a href=\"http:\/\/www.vijesti.me\/\" target=\"_blank\"><strong>S.A.<br \/>\nVijesti<\/strong><\/a><br \/>\n<!--YouTube Error: bad URL entered--><\/p>\n","protected":false},"excerpt":{"rendered":"<p>Kriminal i atak na lokalnu zajednicu Ulcinj &#8211; Predsjednici Udru\u017eenja za povra\u0107aj imovine u Valdanosu i maslinara Batko \u0110akonovi\u0107 i D\u017eaudet Cakuli i predstavnik grupe NVO i nezavisnih intelektualaca D\u017eemal Perovi\u0107, pozvali su predsjednika Evropske komisije u Crnoj Gori Leopolda Maurera, da se anga\u017euje i za\u0161titi imovinu mje\u0161tana u Valdanosu, jer odluka Vlade o davanju [&hellip;]<\/p>\n","protected":false},"author":1,"featured_media":0,"comment_status":"open","ping_status":"closed","sticky":false,"template":"","format":"standard","meta":{"spay_email":"","jetpack_publicize_message":"","jetpack_is_tweetstorm":false,"jetpack_publicize_feature_enabled":true},"categories":[8337],"tags":[19,136],"jetpack_publicize_connections":[],"yoast_head":"<!-- This site is optimized with the Yoast SEO plugin v19.1 - https:\/\/yoast.com\/wordpress\/plugins\/seo\/ -->\n<title>Ulcinjani pisali Maureru zbog Valdanosa - Lajme nga Ulqini<\/title>\n<meta name=\"description\" content=\"Kriminal i atak na lokalnu zajednicu Ulcinj - Predsjednici Udru\u017eenja za povra\u0107aj imovine u Valdanosu i maslinara Batko \u0110akonovi\u0107 i D\u017eaudet Cakuli i\" \/>\n<meta name=\"robots\" content=\"index, follow, max-snippet:-1, max-image-preview:large, max-video-preview:-1\" \/>\n<link rel=\"canonical\" href=\"https:\/\/www.visit-ulcinj.com\/blog\/2011\/01\/10\/ulcinjani-pisali-maureru-zbog-valdanosa\/\" \/>\n<meta property=\"og:locale\" content=\"en_US\" \/>\n<meta property=\"og:type\" content=\"article\" \/>\n<meta property=\"og:title\" content=\"Ulcinjani pisali Maureru zbog Valdanosa - Lajme nga Ulqini\" \/>\n<meta property=\"og:description\" content=\"Kriminal i atak na lokalnu zajednicu Ulcinj - Predsjednici Udru\u017eenja za povra\u0107aj imovine u Valdanosu i maslinara Batko \u0110akonovi\u0107 i D\u017eaudet Cakuli i\" \/>\n<meta property=\"og:url\" content=\"https:\/\/www.visit-ulcinj.com\/blog\/2011\/01\/10\/ulcinjani-pisali-maureru-zbog-valdanosa\/\" \/>\n<meta property=\"og:site_name\" content=\"Lajme nga Ulqini\" \/>\n<meta property=\"article:published_time\" content=\"2011-01-10T18:07:32+00:00\" \/>\n<meta property=\"article:modified_time\" content=\"2011-01-10T18:10:03+00:00\" \/>\n<meta property=\"og:image\" content=\"http:\/\/www.visit-ulcinj.com\/blog\/wp-content\/uploads\/2009\/04\/odbor-za-povracaj-maslinade-e2809evaldanose2809c-ulcinj_crna-gora.jpg\" \/>\n<meta name=\"twitter:label1\" content=\"Written by\" \/>\n\t<meta name=\"twitter:data1\" content=\"ulqini\" \/>\n\t<meta name=\"twitter:label2\" content=\"Est. reading time\" \/>\n\t<meta name=\"twitter:data2\" content=\"2 minutes\" \/>\n<script type=\"application\/ld+json\" class=\"yoast-schema-graph\">{\"@context\":\"https:\/\/schema.org\",\"@graph\":[{\"@type\":\"WebSite\",\"@id\":\"https:\/\/www.visit-ulcinj.com\/blog\/#website\",\"url\":\"https:\/\/www.visit-ulcinj.com\/blog\/\",\"name\":\"Lajme nga Ulqini\",\"description\":\"Lajme,Vijesti,Ulqini,Ulqin,Crna Gora,Mali i Zi\",\"potentialAction\":[{\"@type\":\"SearchAction\",\"target\":{\"@type\":\"EntryPoint\",\"urlTemplate\":\"https:\/\/www.visit-ulcinj.com\/blog\/?s={search_term_string}\"},\"query-input\":\"required name=search_term_string\"}],\"inLanguage\":\"en-US\"},{\"@type\":\"ImageObject\",\"inLanguage\":\"en-US\",\"@id\":\"https:\/\/www.visit-ulcinj.com\/blog\/2011\/01\/10\/ulcinjani-pisali-maureru-zbog-valdanosa\/#primaryimage\",\"url\":\"http:\/\/www.visit-ulcinj.com\/blog\/wp-content\/uploads\/2009\/04\/odbor-za-povracaj-maslinade-e2809evaldanose2809c-ulcinj_crna-gora.jpg\",\"contentUrl\":\"http:\/\/www.visit-ulcinj.com\/blog\/wp-content\/uploads\/2009\/04\/odbor-za-povracaj-maslinade-e2809evaldanose2809c-ulcinj_crna-gora.jpg\"},{\"@type\":\"WebPage\",\"@id\":\"https:\/\/www.visit-ulcinj.com\/blog\/2011\/01\/10\/ulcinjani-pisali-maureru-zbog-valdanosa\/#webpage\",\"url\":\"https:\/\/www.visit-ulcinj.com\/blog\/2011\/01\/10\/ulcinjani-pisali-maureru-zbog-valdanosa\/\",\"name\":\"Ulcinjani pisali Maureru zbog Valdanosa - Lajme nga Ulqini\",\"isPartOf\":{\"@id\":\"https:\/\/www.visit-ulcinj.com\/blog\/#website\"},\"primaryImageOfPage\":{\"@id\":\"https:\/\/www.visit-ulcinj.com\/blog\/2011\/01\/10\/ulcinjani-pisali-maureru-zbog-valdanosa\/#primaryimage\"},\"datePublished\":\"2011-01-10T18:07:32+00:00\",\"dateModified\":\"2011-01-10T18:10:03+00:00\",\"author\":{\"@id\":\"https:\/\/www.visit-ulcinj.com\/blog\/#\/schema\/person\/dcab619c614d3038751c63bc2aadc06d\"},\"description\":\"Kriminal i atak na lokalnu zajednicu Ulcinj - Predsjednici Udru\u017eenja za povra\u0107aj imovine u Valdanosu i maslinara Batko \u0110akonovi\u0107 i D\u017eaudet Cakuli i\",\"breadcrumb\":{\"@id\":\"https:\/\/www.visit-ulcinj.com\/blog\/2011\/01\/10\/ulcinjani-pisali-maureru-zbog-valdanosa\/#breadcrumb\"},\"inLanguage\":\"en-US\",\"potentialAction\":[{\"@type\":\"ReadAction\",\"target\":[\"https:\/\/www.visit-ulcinj.com\/blog\/2011\/01\/10\/ulcinjani-pisali-maureru-zbog-valdanosa\/\"]}]},{\"@type\":\"BreadcrumbList\",\"@id\":\"https:\/\/www.visit-ulcinj.com\/blog\/2011\/01\/10\/ulcinjani-pisali-maureru-zbog-valdanosa\/#breadcrumb\",\"itemListElement\":[{\"@type\":\"ListItem\",\"position\":1,\"name\":\"Ulcinjani pisali Maureru zbog Valdanosa\"}]},{\"@type\":\"Person\",\"@id\":\"https:\/\/www.visit-ulcinj.com\/blog\/#\/schema\/person\/dcab619c614d3038751c63bc2aadc06d\",\"name\":\"ulqini\",\"sameAs\":[\"http:\/\/www.visit-ulcinj.com\"],\"url\":\"https:\/\/www.visit-ulcinj.com\/blog\/author\/admin\/\"}]}<\/script>\n<!-- \/ Yoast SEO plugin. -->","yoast_head_json":{"title":"Ulcinjani pisali Maureru zbog Valdanosa - Lajme nga Ulqini","description":"Kriminal i atak na lokalnu zajednicu Ulcinj - Predsjednici Udru\u017eenja za povra\u0107aj imovine u Valdanosu i maslinara Batko \u0110akonovi\u0107 i D\u017eaudet Cakuli i","robots":{"index":"index","follow":"follow","max-snippet":"max-snippet:-1","max-image-preview":"max-image-preview:large","max-video-preview":"max-video-preview:-1"},"canonical":"https:\/\/www.visit-ulcinj.com\/blog\/2011\/01\/10\/ulcinjani-pisali-maureru-zbog-valdanosa\/","og_locale":"en_US","og_type":"article","og_title":"Ulcinjani pisali Maureru zbog Valdanosa - Lajme nga Ulqini","og_description":"Kriminal i atak na lokalnu zajednicu Ulcinj - Predsjednici Udru\u017eenja za povra\u0107aj imovine u Valdanosu i maslinara Batko \u0110akonovi\u0107 i D\u017eaudet Cakuli i","og_url":"https:\/\/www.visit-ulcinj.com\/blog\/2011\/01\/10\/ulcinjani-pisali-maureru-zbog-valdanosa\/","og_site_name":"Lajme nga Ulqini","article_published_time":"2011-01-10T18:07:32+00:00","article_modified_time":"2011-01-10T18:10:03+00:00","og_image":[{"url":"http:\/\/www.visit-ulcinj.com\/blog\/wp-content\/uploads\/2009\/04\/odbor-za-povracaj-maslinade-e2809evaldanose2809c-ulcinj_crna-gora.jpg"}],"twitter_misc":{"Written by":"ulqini","Est. reading time":"2 minutes"},"schema":{"@context":"https:\/\/schema.org","@graph":[{"@type":"WebSite","@id":"https:\/\/www.visit-ulcinj.com\/blog\/#website","url":"https:\/\/www.visit-ulcinj.com\/blog\/","name":"Lajme nga Ulqini","description":"Lajme,Vijesti,Ulqini,Ulqin,Crna Gora,Mali i Zi","potentialAction":[{"@type":"SearchAction","target":{"@type":"EntryPoint","urlTemplate":"https:\/\/www.visit-ulcinj.com\/blog\/?s={search_term_string}"},"query-input":"required name=search_term_string"}],"inLanguage":"en-US"},{"@type":"ImageObject","inLanguage":"en-US","@id":"https:\/\/www.visit-ulcinj.com\/blog\/2011\/01\/10\/ulcinjani-pisali-maureru-zbog-valdanosa\/#primaryimage","url":"http:\/\/www.visit-ulcinj.com\/blog\/wp-content\/uploads\/2009\/04\/odbor-za-povracaj-maslinade-e2809evaldanose2809c-ulcinj_crna-gora.jpg","contentUrl":"http:\/\/www.visit-ulcinj.com\/blog\/wp-content\/uploads\/2009\/04\/odbor-za-povracaj-maslinade-e2809evaldanose2809c-ulcinj_crna-gora.jpg"},{"@type":"WebPage","@id":"https:\/\/www.visit-ulcinj.com\/blog\/2011\/01\/10\/ulcinjani-pisali-maureru-zbog-valdanosa\/#webpage","url":"https:\/\/www.visit-ulcinj.com\/blog\/2011\/01\/10\/ulcinjani-pisali-maureru-zbog-valdanosa\/","name":"Ulcinjani pisali Maureru zbog Valdanosa - Lajme nga Ulqini","isPartOf":{"@id":"https:\/\/www.visit-ulcinj.com\/blog\/#website"},"primaryImageOfPage":{"@id":"https:\/\/www.visit-ulcinj.com\/blog\/2011\/01\/10\/ulcinjani-pisali-maureru-zbog-valdanosa\/#primaryimage"},"datePublished":"2011-01-10T18:07:32+00:00","dateModified":"2011-01-10T18:10:03+00:00","author":{"@id":"https:\/\/www.visit-ulcinj.com\/blog\/#\/schema\/person\/dcab619c614d3038751c63bc2aadc06d"},"description":"Kriminal i atak na lokalnu zajednicu Ulcinj - Predsjednici Udru\u017eenja za povra\u0107aj imovine u Valdanosu i maslinara Batko \u0110akonovi\u0107 i D\u017eaudet Cakuli i","breadcrumb":{"@id":"https:\/\/www.visit-ulcinj.com\/blog\/2011\/01\/10\/ulcinjani-pisali-maureru-zbog-valdanosa\/#breadcrumb"},"inLanguage":"en-US","potentialAction":[{"@type":"ReadAction","target":["https:\/\/www.visit-ulcinj.com\/blog\/2011\/01\/10\/ulcinjani-pisali-maureru-zbog-valdanosa\/"]}]},{"@type":"BreadcrumbList","@id":"https:\/\/www.visit-ulcinj.com\/blog\/2011\/01\/10\/ulcinjani-pisali-maureru-zbog-valdanosa\/#breadcrumb","itemListElement":[{"@type":"ListItem","position":1,"name":"Ulcinjani pisali Maureru zbog Valdanosa"}]},{"@type":"Person","@id":"https:\/\/www.visit-ulcinj.com\/blog\/#\/schema\/person\/dcab619c614d3038751c63bc2aadc06d","name":"ulqini","sameAs":["http:\/\/www.visit-ulcinj.com"],"url":"https:\/\/www.visit-ulcinj.com\/blog\/author\/admin\/"}]}},"jetpack_featured_media_url":"","jetpack_sharing_enabled":true,"jetpack_shortlink":"https:\/\/wp.me\/pe6lTn-aYL","_links":{"self":[{"href":"https:\/\/www.visit-ulcinj.com\/blog\/wp-json\/wp\/v2\/posts\/42207"}],"collection":[{"href":"https:\/\/www.visit-ulcinj.com\/blog\/wp-json\/wp\/v2\/posts"}],"about":[{"href":"https:\/\/www.visit-ulcinj.com\/blog\/wp-json\/wp\/v2\/types\/post"}],"author":[{"embeddable":true,"href":"https:\/\/www.visit-ulcinj.com\/blog\/wp-json\/wp\/v2\/users\/1"}],"replies":[{"embeddable":true,"href":"https:\/\/www.visit-ulcinj.com\/blog\/wp-json\/wp\/v2\/comments?post=42207"}],"version-history":[{"count":0,"href":"https:\/\/www.visit-ulcinj.com\/blog\/wp-json\/wp\/v2\/posts\/42207\/revisions"}],"wp:attachment":[{"href":"https:\/\/www.visit-ulcinj.com\/blog\/wp-json\/wp\/v2\/media?parent=42207"}],"wp:term":[{"taxonomy":"category","embeddable":true,"href":"https:\/\/www.visit-ulcinj.com\/blog\/wp-json\/wp\/v2\/categories?post=42207"},{"taxonomy":"post_tag","embeddable":true,"href":"https:\/\/www.visit-ulcinj.com\/blog\/wp-json\/wp\/v2\/tags?post=42207"}],"curies":[{"name":"wp","href":"https:\/\/api.w.org\/{rel}","templated":true}]}}