{"id":42225,"date":"2011-01-12T08:16:01","date_gmt":"2011-01-12T07:16:01","guid":{"rendered":"http:\/\/www.visit-ulcinj.com\/blog\/?p=42225"},"modified":"2011-01-12T08:16:01","modified_gmt":"2011-01-12T07:16:01","slug":"geen-home-poziva-vladu-da-preispita-odluku-o-valdanosu","status":"publish","type":"post","link":"https:\/\/www.visit-ulcinj.com\/blog\/2011\/01\/12\/geen-home-poziva-vladu-da-preispita-odluku-o-valdanosu\/","title":{"rendered":"Geen Home Poziva Vladu da preispita odluku o Valdanosu"},"content":{"rendered":"<p><strong><a href=\"http:\/\/www.greenhome.co.me\/\" target=\"_blank\"><img loading=\"lazy\" class=\"alignleft size-full wp-image-42226\" title=\"Geen Home_Montenegro\" src=\"http:\/\/www.visit-ulcinj.com\/blog\/wp-content\/uploads\/2011\/01\/Geen-Home_Montenegro.jpg\" alt=\"\" width=\"490\" height=\"345\" \/><\/a>NVO \u2013 VALDANOS \u00a0 \u00a0Pozvali Vladu da preispita odluku<\/strong><\/p>\n<p>Podgorica, (MINA-BUSINESS) \u2013 Nevladina organizacija (NVO) Grin houm \/Green Home\/ pozvala je Vladu i Tendersku komisiju da preispitaju odluku o davanju u zakup uvale Valdanos britanskoj kompani Kjubus Luks \/Cubus Lux\/.<\/p>\n<p>U Grin houmu ocekuju da Vlada prepozna interes gra\u00f0ana Ulcinja i Crne Gore, ekonomski potencijal Valdanosa i vrijednost njegovih maslinjaka i da se hitno anga\u017euje na njihovoj obnovi i rekultivaciji.<\/p>\n<p>Oni tra\u017ee i da Vlada obezbijedi po\u0161tovanje Zakona o za\u0161titi priode i Na\u00e8ela odr\u017eivosti, koji precizira de se resursi mogu koristiti samo do stepena koji ne ugro\u017eava biolo\u0161ku i predionu raznovrsnost i funkcionisanje osnovnih prirodnih sistema i procesa.<\/p>\n<p>\u00bbSamo na taj na\u00e8in mo\u017eemo sa\u00e8uvati ono \u0161to imamo i \u0161to je vrijedno i za budu\u00e6e generacije\u00ab, poru\u00e8ili su iz Grin houma, \u00e8iji predstavnici navode da je Valdanos unikatna pejza\u017ena jedinice sa velikim kulturno-istorijski zna\u00e8ajem i najljep\u0161i \u017eivi spomenik maslinarstva u Crnoj Gori.<\/p>\n<p>Oni smatraju da davanje u zakup uvale Valdanos podsje\u00e6a na mnoge neuspje\u0161ne price i projekte koji su najavljivani kao velike razvojne \u0161anse Ulcinja i Crne Gore.<\/p>\n<p>\u00bbI ovoga puta izostali su odgovori na mnoga pitanja poreskih obveznika i mje\u0161tana Ulcinja, ali i ukupne crnogorske javnosti, a sam tenderski proces nedovoljno je transparentan\u00ab, tvrde u Grin houmu.<\/p>\n<p>Ono su kazali da je najgore to \u0161to je u slu\u00e8aju davanja u zakup Valdanosa zanemarena uloga javnosti, kao potrebe i zahtjevi lokalnog stanovni\u0161tva i vlasnika zemlji\u0161ta.<\/p>\n<p>Iz Grin houma su podsjetili da se na podru\u00e8ju Valdanosa prostire 18 hiljada stabala maslina, prosje\u00e8ene starosti oko 800 godina, \u0161to predstavlja jedan od posljednih o\u00e8uvanih prirodnih predijela na crnogorskoj obali.<\/p>\n<p>Oni su dodali i da je Valdanos proglasen spomenikom prirode 1968. godine, dok je Zakonom o maslinarstvu, uz Staru maslinu u Baru i Velju maslinu u Budvi, stavljen pod posebnu za\u0161titu dr\u017eave.<\/p>\n<p>\u00bbTaj prostor je uvijek bio najbolji i najkvalitetniji dio ulcinjske maslinade, koji je na\u017ealost zbog nebrige dr\u017eave u velikom procentu devastiran, a ekonomske \u0161tete su ogromne\u00ab, navodi se u saop\u0161tenju.<\/p>\n<p>Iz Grin houma su kazali da je prema procjeni Udru\u017eenja maslinara Ulcinja, samo zbog neprikupljanja maslina i njihovog neprera\u00f0ivanja u ulje, do sada je izgubljeno preko 100 miliona EUR.<\/p>\n<p>\u00bbNjihovom revitalizacijom, uz pravilno valorizovanje i razvoj odr\u017eivih vidova turizma, mogu\u00e6e je ostvariti godi\u0161nji prihod koji vi\u0161estruko prevazilazi visinu godi\u0161njeg zakupa definisanog tenderom\u00ab, tvrde predstavnici Grin houma.<\/p>\n<p>Oni smatraju da sve to govori u prilog posebnom zna\u00e8aju i ekonomskoj vrijednosti Valdanosa, kao prirodnog resursa koji samo uz odr\u017eivo upravljanje predstavlja i razvojnu \u0161ansu tog dijela crnogorske obale.<\/p>\n<p>Iz Grin houma su saop\u0161tili da je diskutabilna i finasijska mogu\u00e6nost izabranog zakupca da revitalizuje Valdanos i u njega ulo\u017ei planirani novac, kako bi se obezbijedila pravilna i odr\u017eiva valorizacija, uz puno o\u00e8uvanje prirodnih vrijednosti i po\u0161tovanje me\u00f0unarodnih standarda o\u00e8uvanja prostora, zakona Crne Gore i postulata odr\u017eivog razvoja.<\/p>\n<p>Oni su podsjetili i da jo\u0161 nijesu rije\u0161eni svojinski odnosi, kao i da su u toku brojni sporovi pred doma\u00e6im i me\u00f0unarodnim sudovima o zahtjevima vlasnika za povra\u00e6aj vlasni\u0161tva nad maslinjacima u Valdanosu.<\/p>\n<p>\u00bbNjihova prodaja ili davanje pod zakup predsatvlja kr\u0161enje interesa lokalne zajednice i povredu prava gra\u00f0ana na povracaj svojine\u00ab, porucili su iz Grin houma.<\/p>\n<p><a href=\"http:\/\/www.greenhome.co.me\/\" target=\"_blank\"><strong>http:\/\/www.greenhome.co.me\/<\/strong><\/a><\/p>\n","protected":false},"excerpt":{"rendered":"<p>NVO \u2013 VALDANOS \u00a0 \u00a0Pozvali Vladu da preispita odluku Podgorica, (MINA-BUSINESS) \u2013 Nevladina organizacija (NVO) Grin houm \/Green Home\/ pozvala je Vladu i Tendersku komisiju da preispitaju odluku o davanju u zakup uvale Valdanos britanskoj kompani Kjubus Luks \/Cubus Lux\/. U Grin houmu ocekuju da Vlada prepozna interes gra\u00f0ana Ulcinja i Crne Gore, ekonomski potencijal [&hellip;]<\/p>\n","protected":false},"author":1,"featured_media":0,"comment_status":"open","ping_status":"closed","sticky":false,"template":"","format":"standard","meta":{"spay_email":"","jetpack_publicize_message":"","jetpack_is_tweetstorm":false,"jetpack_publicize_feature_enabled":true},"categories":[8337],"tags":[16896,19,136],"jetpack_publicize_connections":[],"yoast_head":"<!-- This site is optimized with the Yoast SEO plugin v19.1 - https:\/\/yoast.com\/wordpress\/plugins\/seo\/ -->\n<title>Geen Home Poziva Vladu da preispita odluku o Valdanosu - Lajme nga Ulqini<\/title>\n<meta name=\"description\" content=\"NVO \u2013 VALDANOS \u00a0 \u00a0Pozvali Vladu da preispita odluku Podgorica, (MINA-BUSINESS) \u2013 Nevladina organizacija (NVO) Grin houm \/Green Home\/ pozvala je Vladu i\" \/>\n<meta name=\"robots\" content=\"index, follow, max-snippet:-1, max-image-preview:large, max-video-preview:-1\" \/>\n<link rel=\"canonical\" href=\"https:\/\/www.visit-ulcinj.com\/blog\/2011\/01\/12\/geen-home-poziva-vladu-da-preispita-odluku-o-valdanosu\/\" \/>\n<meta property=\"og:locale\" content=\"en_US\" \/>\n<meta property=\"og:type\" content=\"article\" \/>\n<meta property=\"og:title\" content=\"Geen Home Poziva Vladu da preispita odluku o Valdanosu - Lajme nga Ulqini\" \/>\n<meta property=\"og:description\" content=\"NVO \u2013 VALDANOS \u00a0 \u00a0Pozvali Vladu da preispita odluku Podgorica, (MINA-BUSINESS) \u2013 Nevladina organizacija (NVO) Grin houm \/Green Home\/ pozvala je Vladu i\" \/>\n<meta property=\"og:url\" content=\"https:\/\/www.visit-ulcinj.com\/blog\/2011\/01\/12\/geen-home-poziva-vladu-da-preispita-odluku-o-valdanosu\/\" \/>\n<meta property=\"og:site_name\" content=\"Lajme nga Ulqini\" \/>\n<meta property=\"article:published_time\" content=\"2011-01-12T07:16:01+00:00\" \/>\n<meta property=\"og:image\" content=\"http:\/\/www.visit-ulcinj.com\/blog\/wp-content\/uploads\/2011\/01\/Geen-Home_Montenegro.jpg\" \/>\n<meta name=\"twitter:label1\" content=\"Written by\" \/>\n\t<meta name=\"twitter:data1\" content=\"ulqini\" \/>\n\t<meta name=\"twitter:label2\" content=\"Est. reading time\" \/>\n\t<meta name=\"twitter:data2\" content=\"3 minutes\" \/>\n<script type=\"application\/ld+json\" class=\"yoast-schema-graph\">{\"@context\":\"https:\/\/schema.org\",\"@graph\":[{\"@type\":\"WebSite\",\"@id\":\"https:\/\/www.visit-ulcinj.com\/blog\/#website\",\"url\":\"https:\/\/www.visit-ulcinj.com\/blog\/\",\"name\":\"Lajme nga Ulqini\",\"description\":\"Lajme,Vijesti,Ulqini,Ulqin,Crna Gora,Mali i Zi\",\"potentialAction\":[{\"@type\":\"SearchAction\",\"target\":{\"@type\":\"EntryPoint\",\"urlTemplate\":\"https:\/\/www.visit-ulcinj.com\/blog\/?s={search_term_string}\"},\"query-input\":\"required name=search_term_string\"}],\"inLanguage\":\"en-US\"},{\"@type\":\"ImageObject\",\"inLanguage\":\"en-US\",\"@id\":\"https:\/\/www.visit-ulcinj.com\/blog\/2011\/01\/12\/geen-home-poziva-vladu-da-preispita-odluku-o-valdanosu\/#primaryimage\",\"url\":\"https:\/\/www.visit-ulcinj.com\/blog\/wp-content\/uploads\/2011\/01\/Geen-Home_Montenegro.jpg\",\"contentUrl\":\"https:\/\/www.visit-ulcinj.com\/blog\/wp-content\/uploads\/2011\/01\/Geen-Home_Montenegro.jpg\",\"width\":\"530\",\"height\":\"345\"},{\"@type\":\"WebPage\",\"@id\":\"https:\/\/www.visit-ulcinj.com\/blog\/2011\/01\/12\/geen-home-poziva-vladu-da-preispita-odluku-o-valdanosu\/#webpage\",\"url\":\"https:\/\/www.visit-ulcinj.com\/blog\/2011\/01\/12\/geen-home-poziva-vladu-da-preispita-odluku-o-valdanosu\/\",\"name\":\"Geen Home Poziva Vladu da preispita odluku o Valdanosu - Lajme nga Ulqini\",\"isPartOf\":{\"@id\":\"https:\/\/www.visit-ulcinj.com\/blog\/#website\"},\"primaryImageOfPage\":{\"@id\":\"https:\/\/www.visit-ulcinj.com\/blog\/2011\/01\/12\/geen-home-poziva-vladu-da-preispita-odluku-o-valdanosu\/#primaryimage\"},\"datePublished\":\"2011-01-12T07:16:01+00:00\",\"dateModified\":\"2011-01-12T07:16:01+00:00\",\"author\":{\"@id\":\"https:\/\/www.visit-ulcinj.com\/blog\/#\/schema\/person\/dcab619c614d3038751c63bc2aadc06d\"},\"description\":\"NVO \u2013 VALDANOS \u00a0 \u00a0Pozvali Vladu da preispita odluku Podgorica, (MINA-BUSINESS) \u2013 Nevladina organizacija (NVO) Grin houm \/Green Home\/ pozvala je Vladu i\",\"breadcrumb\":{\"@id\":\"https:\/\/www.visit-ulcinj.com\/blog\/2011\/01\/12\/geen-home-poziva-vladu-da-preispita-odluku-o-valdanosu\/#breadcrumb\"},\"inLanguage\":\"en-US\",\"potentialAction\":[{\"@type\":\"ReadAction\",\"target\":[\"https:\/\/www.visit-ulcinj.com\/blog\/2011\/01\/12\/geen-home-poziva-vladu-da-preispita-odluku-o-valdanosu\/\"]}]},{\"@type\":\"BreadcrumbList\",\"@id\":\"https:\/\/www.visit-ulcinj.com\/blog\/2011\/01\/12\/geen-home-poziva-vladu-da-preispita-odluku-o-valdanosu\/#breadcrumb\",\"itemListElement\":[{\"@type\":\"ListItem\",\"position\":1,\"name\":\"Geen Home Poziva Vladu da preispita odluku o Valdanosu\"}]},{\"@type\":\"Person\",\"@id\":\"https:\/\/www.visit-ulcinj.com\/blog\/#\/schema\/person\/dcab619c614d3038751c63bc2aadc06d\",\"name\":\"ulqini\",\"sameAs\":[\"http:\/\/www.visit-ulcinj.com\"],\"url\":\"https:\/\/www.visit-ulcinj.com\/blog\/author\/admin\/\"}]}<\/script>\n<!-- \/ Yoast SEO plugin. -->","yoast_head_json":{"title":"Geen Home Poziva Vladu da preispita odluku o Valdanosu - Lajme nga Ulqini","description":"NVO \u2013 VALDANOS \u00a0 \u00a0Pozvali Vladu da preispita odluku Podgorica, (MINA-BUSINESS) \u2013 Nevladina organizacija (NVO) Grin houm \/Green Home\/ pozvala je Vladu i","robots":{"index":"index","follow":"follow","max-snippet":"max-snippet:-1","max-image-preview":"max-image-preview:large","max-video-preview":"max-video-preview:-1"},"canonical":"https:\/\/www.visit-ulcinj.com\/blog\/2011\/01\/12\/geen-home-poziva-vladu-da-preispita-odluku-o-valdanosu\/","og_locale":"en_US","og_type":"article","og_title":"Geen Home Poziva Vladu da preispita odluku o Valdanosu - Lajme nga Ulqini","og_description":"NVO \u2013 VALDANOS \u00a0 \u00a0Pozvali Vladu da preispita odluku Podgorica, (MINA-BUSINESS) \u2013 Nevladina organizacija (NVO) Grin houm \/Green Home\/ pozvala je Vladu i","og_url":"https:\/\/www.visit-ulcinj.com\/blog\/2011\/01\/12\/geen-home-poziva-vladu-da-preispita-odluku-o-valdanosu\/","og_site_name":"Lajme nga Ulqini","article_published_time":"2011-01-12T07:16:01+00:00","og_image":[{"url":"http:\/\/www.visit-ulcinj.com\/blog\/wp-content\/uploads\/2011\/01\/Geen-Home_Montenegro.jpg"}],"twitter_misc":{"Written by":"ulqini","Est. reading time":"3 minutes"},"schema":{"@context":"https:\/\/schema.org","@graph":[{"@type":"WebSite","@id":"https:\/\/www.visit-ulcinj.com\/blog\/#website","url":"https:\/\/www.visit-ulcinj.com\/blog\/","name":"Lajme nga Ulqini","description":"Lajme,Vijesti,Ulqini,Ulqin,Crna Gora,Mali i Zi","potentialAction":[{"@type":"SearchAction","target":{"@type":"EntryPoint","urlTemplate":"https:\/\/www.visit-ulcinj.com\/blog\/?s={search_term_string}"},"query-input":"required name=search_term_string"}],"inLanguage":"en-US"},{"@type":"ImageObject","inLanguage":"en-US","@id":"https:\/\/www.visit-ulcinj.com\/blog\/2011\/01\/12\/geen-home-poziva-vladu-da-preispita-odluku-o-valdanosu\/#primaryimage","url":"https:\/\/www.visit-ulcinj.com\/blog\/wp-content\/uploads\/2011\/01\/Geen-Home_Montenegro.jpg","contentUrl":"https:\/\/www.visit-ulcinj.com\/blog\/wp-content\/uploads\/2011\/01\/Geen-Home_Montenegro.jpg","width":"530","height":"345"},{"@type":"WebPage","@id":"https:\/\/www.visit-ulcinj.com\/blog\/2011\/01\/12\/geen-home-poziva-vladu-da-preispita-odluku-o-valdanosu\/#webpage","url":"https:\/\/www.visit-ulcinj.com\/blog\/2011\/01\/12\/geen-home-poziva-vladu-da-preispita-odluku-o-valdanosu\/","name":"Geen Home Poziva Vladu da preispita odluku o Valdanosu - Lajme nga Ulqini","isPartOf":{"@id":"https:\/\/www.visit-ulcinj.com\/blog\/#website"},"primaryImageOfPage":{"@id":"https:\/\/www.visit-ulcinj.com\/blog\/2011\/01\/12\/geen-home-poziva-vladu-da-preispita-odluku-o-valdanosu\/#primaryimage"},"datePublished":"2011-01-12T07:16:01+00:00","dateModified":"2011-01-12T07:16:01+00:00","author":{"@id":"https:\/\/www.visit-ulcinj.com\/blog\/#\/schema\/person\/dcab619c614d3038751c63bc2aadc06d"},"description":"NVO \u2013 VALDANOS \u00a0 \u00a0Pozvali Vladu da preispita odluku Podgorica, (MINA-BUSINESS) \u2013 Nevladina organizacija (NVO) Grin houm \/Green Home\/ pozvala je Vladu i","breadcrumb":{"@id":"https:\/\/www.visit-ulcinj.com\/blog\/2011\/01\/12\/geen-home-poziva-vladu-da-preispita-odluku-o-valdanosu\/#breadcrumb"},"inLanguage":"en-US","potentialAction":[{"@type":"ReadAction","target":["https:\/\/www.visit-ulcinj.com\/blog\/2011\/01\/12\/geen-home-poziva-vladu-da-preispita-odluku-o-valdanosu\/"]}]},{"@type":"BreadcrumbList","@id":"https:\/\/www.visit-ulcinj.com\/blog\/2011\/01\/12\/geen-home-poziva-vladu-da-preispita-odluku-o-valdanosu\/#breadcrumb","itemListElement":[{"@type":"ListItem","position":1,"name":"Geen Home Poziva Vladu da preispita odluku o Valdanosu"}]},{"@type":"Person","@id":"https:\/\/www.visit-ulcinj.com\/blog\/#\/schema\/person\/dcab619c614d3038751c63bc2aadc06d","name":"ulqini","sameAs":["http:\/\/www.visit-ulcinj.com"],"url":"https:\/\/www.visit-ulcinj.com\/blog\/author\/admin\/"}]}},"jetpack_featured_media_url":"","jetpack_sharing_enabled":true,"jetpack_shortlink":"https:\/\/wp.me\/pe6lTn-aZ3","_links":{"self":[{"href":"https:\/\/www.visit-ulcinj.com\/blog\/wp-json\/wp\/v2\/posts\/42225"}],"collection":[{"href":"https:\/\/www.visit-ulcinj.com\/blog\/wp-json\/wp\/v2\/posts"}],"about":[{"href":"https:\/\/www.visit-ulcinj.com\/blog\/wp-json\/wp\/v2\/types\/post"}],"author":[{"embeddable":true,"href":"https:\/\/www.visit-ulcinj.com\/blog\/wp-json\/wp\/v2\/users\/1"}],"replies":[{"embeddable":true,"href":"https:\/\/www.visit-ulcinj.com\/blog\/wp-json\/wp\/v2\/comments?post=42225"}],"version-history":[{"count":0,"href":"https:\/\/www.visit-ulcinj.com\/blog\/wp-json\/wp\/v2\/posts\/42225\/revisions"}],"wp:attachment":[{"href":"https:\/\/www.visit-ulcinj.com\/blog\/wp-json\/wp\/v2\/media?parent=42225"}],"wp:term":[{"taxonomy":"category","embeddable":true,"href":"https:\/\/www.visit-ulcinj.com\/blog\/wp-json\/wp\/v2\/categories?post=42225"},{"taxonomy":"post_tag","embeddable":true,"href":"https:\/\/www.visit-ulcinj.com\/blog\/wp-json\/wp\/v2\/tags?post=42225"}],"curies":[{"name":"wp","href":"https:\/\/api.w.org\/{rel}","templated":true}]}}