{"id":42232,"date":"2011-01-12T17:32:07","date_gmt":"2011-01-12T16:32:07","guid":{"rendered":"http:\/\/www.visit-ulcinj.com\/blog\/?p=42232"},"modified":"2011-01-12T17:32:07","modified_gmt":"2011-01-12T16:32:07","slug":"jelena-aleksic-napusta-solanu","status":"publish","type":"post","link":"https:\/\/www.visit-ulcinj.com\/blog\/2011\/01\/12\/jelena-aleksic-napusta-solanu\/","title":{"rendered":"Jelena Aleksi\u0107 napu\u0161ta Solanu"},"content":{"rendered":"<p><strong><a href=\"http:\/\/www.visit-ulcinj.com\/blog\/wp-content\/uploads\/2011\/01\/Jelena-Aleksic.jpg\"><img loading=\"lazy\" class=\"alignleft size-full wp-image-42233\" title=\"Jelena Aleksic\" src=\"http:\/\/www.visit-ulcinj.com\/blog\/wp-content\/uploads\/2011\/01\/Jelena-Aleksic.jpg\" alt=\"\" width=\"350\" height=\"229\" srcset=\"https:\/\/www.visit-ulcinj.com\/blog\/wp-content\/uploads\/2011\/01\/Jelena-Aleksic.jpg 350w, https:\/\/www.visit-ulcinj.com\/blog\/wp-content\/uploads\/2011\/01\/Jelena-Aleksic-300x196.jpg 300w\" sizes=\"(max-width: 350px) 100vw, 350px\" \/><\/a>Izvr\u0161na direktorka Ulcinjske kompanije \u201eBajo Sekuli\u0107\u201d podnijela ostavku<\/strong><br \/>\nUlcinj &#8211; Izvr\u0161na direktorka ulcinjske Solane Jelena Aleksi\u0107 podnijela je 25. decembra pro\u0161le godine ostavku na tu funkciju. Tim \u010dinom, ona je za samo tri dana preduhitrila odluku Privrednog suda koji je, ne znaju\u0107i za podnijetu ostavku Aleksi\u0107eve, kontrolu rada povjerio ste\u010dajnom upravniku Miloradu Ikovi\u0107u i na njega prenio ovla\u0161\u0107enja izvr\u0161nog direktora.<br \/>\nPotvrdiv\u0161i da je podnijela ostavku, Aleksi\u0107 je ju\u010de u izjavi \u201eVijestima\u201c kazala da je \u201cto li\u010dni \u010din\u201d.<br \/>\n\u201cDefinitivno su u pitanju li\u010dni razlozi. Odluka nije bila ishitrena\u201d, kazala je Aleksi\u0107, ne \u017eele\u0107i da detaljnije komentari\u0161e ostavku.<\/p>\n<p>Komentar na ostavku nije imao ni Ikovi\u0107, jer \u201cne \u017eeli da komentari\u0161e li\u010dni \u010din i ne\u0161to \u0161to nije obrazlo\u017eeno\u201c, ali bi njegov kratak osvrt na trenutno stanje u Solani mogao baciti drugu sjenku na \u010din Aleksi\u0107ke.<br \/>\n\u201cU Solani ne cvjetaju ru\u017ee. Od planiranih 20 hiljada tona soli, ubrana je tek tre\u0107ina. Ne znam \u0161ta \u0107e biti dalje\u201d, kazao je Ikovi\u0107, koji je time potvrdio da nije zadovoljan postignutim poslovnim rezultatima u godini kada isti\u010de petogodi\u0161nji plan reorganizacije preduze\u0107a kroz ste\u010daj.<\/p>\n<p>On je dodao da je i Privredni sud konstatovao da se plan reorganizacije ne sprovodi planiranom dinamikom.<br \/>\n\u201cJo\u0161 ima nade da firma ne po\u0111e u klasi\u010dni ste\u010daj, ali vidje\u0107emo \u0161ta \u0107e biti\u201d, kazao je Ikovi\u0107 \u201eVijestima\u201c.<br \/>\nU svakom slu\u010daju, njegova izjava, makar i indirektno, name\u0107e zaklju\u010dak da je Aleksi\u0107 odlu\u010dila da se povu\u010de zbog lo\u0161eg rezultata i katastrofalne berbe. Tako\u0111e, osta\u0107e nepoznanica da li je Aleksi\u0107 znala za odluku Privrednog suda o razrje\u0161enju, pa se odlu\u010dila na ostavku, ili je zaista, kako tvrdi, u pitanju li\u010dni \u010din.<br \/>\nAleksi\u0107 je na funkciju izvr\u0161nog direktora Solane imenovana prvog februara 2005. godine. Ikovi\u0107 \u0107e na mjestu izvr\u0161nog direktora ostati dok Odbor direktora ne izabere drugu osobu za tu funkciju.<\/p>\n<p><strong>S.ADROVI\u0106<br \/>\n<a href=\"http:\/\/www.vijesti.me\/\" target=\"_blank\">Vijesti<\/a><\/strong><\/p>\n","protected":false},"excerpt":{"rendered":"<p>Izvr\u0161na direktorka Ulcinjske kompanije \u201eBajo Sekuli\u0107\u201d podnijela ostavku Ulcinj &#8211; Izvr\u0161na direktorka ulcinjske Solane Jelena Aleksi\u0107 podnijela je 25. decembra pro\u0161le godine ostavku na tu funkciju. Tim \u010dinom, ona je za samo tri dana preduhitrila odluku Privrednog suda koji je, ne znaju\u0107i za podnijetu ostavku Aleksi\u0107eve, kontrolu rada povjerio ste\u010dajnom upravniku Miloradu Ikovi\u0107u i na [&hellip;]<\/p>\n","protected":false},"author":1,"featured_media":0,"comment_status":"open","ping_status":"closed","sticky":false,"template":"","format":"standard","meta":{"spay_email":"","jetpack_publicize_message":"","jetpack_is_tweetstorm":false,"jetpack_publicize_feature_enabled":true},"categories":[8337],"tags":[16898,19,16897,5143],"jetpack_publicize_connections":[],"yoast_head":"<!-- This site is optimized with the Yoast SEO plugin v19.1 - https:\/\/yoast.com\/wordpress\/plugins\/seo\/ -->\n<title>Jelena Aleksi\u0107 napu\u0161ta Solanu - Lajme nga Ulqini<\/title>\n<meta name=\"description\" content=\"Izvr\u0161na direktorka Ulcinjske kompanije \u201eBajo Sekuli\u0107\u201d podnijela ostavku Ulcinj - Izvr\u0161na direktorka ulcinjske Solane Jelena Aleksi\u0107 podnijela je 25.\" \/>\n<meta name=\"robots\" content=\"index, follow, max-snippet:-1, max-image-preview:large, max-video-preview:-1\" \/>\n<link rel=\"canonical\" href=\"https:\/\/www.visit-ulcinj.com\/blog\/2011\/01\/12\/jelena-aleksic-napusta-solanu\/\" \/>\n<meta property=\"og:locale\" content=\"en_US\" \/>\n<meta property=\"og:type\" content=\"article\" \/>\n<meta property=\"og:title\" content=\"Jelena Aleksi\u0107 napu\u0161ta Solanu - Lajme nga Ulqini\" \/>\n<meta property=\"og:description\" content=\"Izvr\u0161na direktorka Ulcinjske kompanije \u201eBajo Sekuli\u0107\u201d podnijela ostavku Ulcinj - Izvr\u0161na direktorka ulcinjske Solane Jelena Aleksi\u0107 podnijela je 25.\" \/>\n<meta property=\"og:url\" content=\"https:\/\/www.visit-ulcinj.com\/blog\/2011\/01\/12\/jelena-aleksic-napusta-solanu\/\" \/>\n<meta property=\"og:site_name\" content=\"Lajme nga Ulqini\" \/>\n<meta property=\"article:published_time\" content=\"2011-01-12T16:32:07+00:00\" \/>\n<meta property=\"og:image\" content=\"http:\/\/www.visit-ulcinj.com\/blog\/wp-content\/uploads\/2011\/01\/Jelena-Aleksic.jpg\" \/>\n<meta name=\"twitter:label1\" content=\"Written by\" \/>\n\t<meta name=\"twitter:data1\" content=\"ulqini\" \/>\n\t<meta name=\"twitter:label2\" content=\"Est. reading time\" \/>\n\t<meta name=\"twitter:data2\" content=\"2 minutes\" \/>\n<script type=\"application\/ld+json\" class=\"yoast-schema-graph\">{\"@context\":\"https:\/\/schema.org\",\"@graph\":[{\"@type\":\"WebSite\",\"@id\":\"https:\/\/www.visit-ulcinj.com\/blog\/#website\",\"url\":\"https:\/\/www.visit-ulcinj.com\/blog\/\",\"name\":\"Lajme nga Ulqini\",\"description\":\"Lajme,Vijesti,Ulqini,Ulqin,Crna Gora,Mali i Zi\",\"potentialAction\":[{\"@type\":\"SearchAction\",\"target\":{\"@type\":\"EntryPoint\",\"urlTemplate\":\"https:\/\/www.visit-ulcinj.com\/blog\/?s={search_term_string}\"},\"query-input\":\"required name=search_term_string\"}],\"inLanguage\":\"en-US\"},{\"@type\":\"ImageObject\",\"inLanguage\":\"en-US\",\"@id\":\"https:\/\/www.visit-ulcinj.com\/blog\/2011\/01\/12\/jelena-aleksic-napusta-solanu\/#primaryimage\",\"url\":\"https:\/\/www.visit-ulcinj.com\/blog\/wp-content\/uploads\/2011\/01\/Jelena-Aleksic.jpg\",\"contentUrl\":\"https:\/\/www.visit-ulcinj.com\/blog\/wp-content\/uploads\/2011\/01\/Jelena-Aleksic.jpg\",\"width\":\"350\",\"height\":\"229\"},{\"@type\":\"WebPage\",\"@id\":\"https:\/\/www.visit-ulcinj.com\/blog\/2011\/01\/12\/jelena-aleksic-napusta-solanu\/#webpage\",\"url\":\"https:\/\/www.visit-ulcinj.com\/blog\/2011\/01\/12\/jelena-aleksic-napusta-solanu\/\",\"name\":\"Jelena Aleksi\u0107 napu\u0161ta Solanu - Lajme nga Ulqini\",\"isPartOf\":{\"@id\":\"https:\/\/www.visit-ulcinj.com\/blog\/#website\"},\"primaryImageOfPage\":{\"@id\":\"https:\/\/www.visit-ulcinj.com\/blog\/2011\/01\/12\/jelena-aleksic-napusta-solanu\/#primaryimage\"},\"datePublished\":\"2011-01-12T16:32:07+00:00\",\"dateModified\":\"2011-01-12T16:32:07+00:00\",\"author\":{\"@id\":\"https:\/\/www.visit-ulcinj.com\/blog\/#\/schema\/person\/dcab619c614d3038751c63bc2aadc06d\"},\"description\":\"Izvr\u0161na direktorka Ulcinjske kompanije \u201eBajo Sekuli\u0107\u201d podnijela ostavku Ulcinj - Izvr\u0161na direktorka ulcinjske Solane Jelena Aleksi\u0107 podnijela je 25.\",\"breadcrumb\":{\"@id\":\"https:\/\/www.visit-ulcinj.com\/blog\/2011\/01\/12\/jelena-aleksic-napusta-solanu\/#breadcrumb\"},\"inLanguage\":\"en-US\",\"potentialAction\":[{\"@type\":\"ReadAction\",\"target\":[\"https:\/\/www.visit-ulcinj.com\/blog\/2011\/01\/12\/jelena-aleksic-napusta-solanu\/\"]}]},{\"@type\":\"BreadcrumbList\",\"@id\":\"https:\/\/www.visit-ulcinj.com\/blog\/2011\/01\/12\/jelena-aleksic-napusta-solanu\/#breadcrumb\",\"itemListElement\":[{\"@type\":\"ListItem\",\"position\":1,\"name\":\"Jelena Aleksi\u0107 napu\u0161ta Solanu\"}]},{\"@type\":\"Person\",\"@id\":\"https:\/\/www.visit-ulcinj.com\/blog\/#\/schema\/person\/dcab619c614d3038751c63bc2aadc06d\",\"name\":\"ulqini\",\"sameAs\":[\"http:\/\/www.visit-ulcinj.com\"],\"url\":\"https:\/\/www.visit-ulcinj.com\/blog\/author\/admin\/\"}]}<\/script>\n<!-- \/ Yoast SEO plugin. -->","yoast_head_json":{"title":"Jelena Aleksi\u0107 napu\u0161ta Solanu - Lajme nga Ulqini","description":"Izvr\u0161na direktorka Ulcinjske kompanije \u201eBajo Sekuli\u0107\u201d podnijela ostavku Ulcinj - Izvr\u0161na direktorka ulcinjske Solane Jelena Aleksi\u0107 podnijela je 25.","robots":{"index":"index","follow":"follow","max-snippet":"max-snippet:-1","max-image-preview":"max-image-preview:large","max-video-preview":"max-video-preview:-1"},"canonical":"https:\/\/www.visit-ulcinj.com\/blog\/2011\/01\/12\/jelena-aleksic-napusta-solanu\/","og_locale":"en_US","og_type":"article","og_title":"Jelena Aleksi\u0107 napu\u0161ta Solanu - Lajme nga Ulqini","og_description":"Izvr\u0161na direktorka Ulcinjske kompanije \u201eBajo Sekuli\u0107\u201d podnijela ostavku Ulcinj - Izvr\u0161na direktorka ulcinjske Solane Jelena Aleksi\u0107 podnijela je 25.","og_url":"https:\/\/www.visit-ulcinj.com\/blog\/2011\/01\/12\/jelena-aleksic-napusta-solanu\/","og_site_name":"Lajme nga Ulqini","article_published_time":"2011-01-12T16:32:07+00:00","og_image":[{"url":"http:\/\/www.visit-ulcinj.com\/blog\/wp-content\/uploads\/2011\/01\/Jelena-Aleksic.jpg"}],"twitter_misc":{"Written by":"ulqini","Est. reading time":"2 minutes"},"schema":{"@context":"https:\/\/schema.org","@graph":[{"@type":"WebSite","@id":"https:\/\/www.visit-ulcinj.com\/blog\/#website","url":"https:\/\/www.visit-ulcinj.com\/blog\/","name":"Lajme nga Ulqini","description":"Lajme,Vijesti,Ulqini,Ulqin,Crna Gora,Mali i Zi","potentialAction":[{"@type":"SearchAction","target":{"@type":"EntryPoint","urlTemplate":"https:\/\/www.visit-ulcinj.com\/blog\/?s={search_term_string}"},"query-input":"required name=search_term_string"}],"inLanguage":"en-US"},{"@type":"ImageObject","inLanguage":"en-US","@id":"https:\/\/www.visit-ulcinj.com\/blog\/2011\/01\/12\/jelena-aleksic-napusta-solanu\/#primaryimage","url":"https:\/\/www.visit-ulcinj.com\/blog\/wp-content\/uploads\/2011\/01\/Jelena-Aleksic.jpg","contentUrl":"https:\/\/www.visit-ulcinj.com\/blog\/wp-content\/uploads\/2011\/01\/Jelena-Aleksic.jpg","width":"350","height":"229"},{"@type":"WebPage","@id":"https:\/\/www.visit-ulcinj.com\/blog\/2011\/01\/12\/jelena-aleksic-napusta-solanu\/#webpage","url":"https:\/\/www.visit-ulcinj.com\/blog\/2011\/01\/12\/jelena-aleksic-napusta-solanu\/","name":"Jelena Aleksi\u0107 napu\u0161ta Solanu - Lajme nga Ulqini","isPartOf":{"@id":"https:\/\/www.visit-ulcinj.com\/blog\/#website"},"primaryImageOfPage":{"@id":"https:\/\/www.visit-ulcinj.com\/blog\/2011\/01\/12\/jelena-aleksic-napusta-solanu\/#primaryimage"},"datePublished":"2011-01-12T16:32:07+00:00","dateModified":"2011-01-12T16:32:07+00:00","author":{"@id":"https:\/\/www.visit-ulcinj.com\/blog\/#\/schema\/person\/dcab619c614d3038751c63bc2aadc06d"},"description":"Izvr\u0161na direktorka Ulcinjske kompanije \u201eBajo Sekuli\u0107\u201d podnijela ostavku Ulcinj - Izvr\u0161na direktorka ulcinjske Solane Jelena Aleksi\u0107 podnijela je 25.","breadcrumb":{"@id":"https:\/\/www.visit-ulcinj.com\/blog\/2011\/01\/12\/jelena-aleksic-napusta-solanu\/#breadcrumb"},"inLanguage":"en-US","potentialAction":[{"@type":"ReadAction","target":["https:\/\/www.visit-ulcinj.com\/blog\/2011\/01\/12\/jelena-aleksic-napusta-solanu\/"]}]},{"@type":"BreadcrumbList","@id":"https:\/\/www.visit-ulcinj.com\/blog\/2011\/01\/12\/jelena-aleksic-napusta-solanu\/#breadcrumb","itemListElement":[{"@type":"ListItem","position":1,"name":"Jelena Aleksi\u0107 napu\u0161ta Solanu"}]},{"@type":"Person","@id":"https:\/\/www.visit-ulcinj.com\/blog\/#\/schema\/person\/dcab619c614d3038751c63bc2aadc06d","name":"ulqini","sameAs":["http:\/\/www.visit-ulcinj.com"],"url":"https:\/\/www.visit-ulcinj.com\/blog\/author\/admin\/"}]}},"jetpack_featured_media_url":"","jetpack_sharing_enabled":true,"jetpack_shortlink":"https:\/\/wp.me\/pe6lTn-aZa","_links":{"self":[{"href":"https:\/\/www.visit-ulcinj.com\/blog\/wp-json\/wp\/v2\/posts\/42232"}],"collection":[{"href":"https:\/\/www.visit-ulcinj.com\/blog\/wp-json\/wp\/v2\/posts"}],"about":[{"href":"https:\/\/www.visit-ulcinj.com\/blog\/wp-json\/wp\/v2\/types\/post"}],"author":[{"embeddable":true,"href":"https:\/\/www.visit-ulcinj.com\/blog\/wp-json\/wp\/v2\/users\/1"}],"replies":[{"embeddable":true,"href":"https:\/\/www.visit-ulcinj.com\/blog\/wp-json\/wp\/v2\/comments?post=42232"}],"version-history":[{"count":0,"href":"https:\/\/www.visit-ulcinj.com\/blog\/wp-json\/wp\/v2\/posts\/42232\/revisions"}],"wp:attachment":[{"href":"https:\/\/www.visit-ulcinj.com\/blog\/wp-json\/wp\/v2\/media?parent=42232"}],"wp:term":[{"taxonomy":"category","embeddable":true,"href":"https:\/\/www.visit-ulcinj.com\/blog\/wp-json\/wp\/v2\/categories?post=42232"},{"taxonomy":"post_tag","embeddable":true,"href":"https:\/\/www.visit-ulcinj.com\/blog\/wp-json\/wp\/v2\/tags?post=42232"}],"curies":[{"name":"wp","href":"https:\/\/api.w.org\/{rel}","templated":true}]}}