{"id":42235,"date":"2011-01-12T18:09:53","date_gmt":"2011-01-12T17:09:53","guid":{"rendered":"http:\/\/www.visit-ulcinj.com\/blog\/?p=42235"},"modified":"2011-01-12T18:09:53","modified_gmt":"2011-01-12T17:09:53","slug":"veshtrim-mbi-librin-e-ali-gjecbritajt-gjurmeve-te-moteve","status":"publish","type":"post","link":"https:\/\/www.visit-ulcinj.com\/blog\/2011\/01\/12\/veshtrim-mbi-librin-e-ali-gjecbritajt-gjurmeve-te-moteve\/","title":{"rendered":"V\u00ebshtrim mbi librin e Ali Gje\u00e7britajt &#8211; Gjurm\u00ebve t\u00eb moteve"},"content":{"rendered":"<p><strong><a href=\"http:\/\/www.visit-ulcinj.com\/blog\/wp-content\/uploads\/2011\/01\/Gjurmet-e-Moteve-Ali-Gjecbritaj.jpg\"><img loading=\"lazy\" class=\"alignleft size-full wp-image-42236\" title=\"Gjurmet e Moteve - Ali Gjecbritaj\" src=\"http:\/\/www.visit-ulcinj.com\/blog\/wp-content\/uploads\/2011\/01\/Gjurmet-e-Moteve-Ali-Gjecbritaj.jpg\" alt=\"\" width=\"311\" height=\"442\" srcset=\"https:\/\/www.visit-ulcinj.com\/blog\/wp-content\/uploads\/2011\/01\/Gjurmet-e-Moteve-Ali-Gjecbritaj.jpg 311w, https:\/\/www.visit-ulcinj.com\/blog\/wp-content\/uploads\/2011\/01\/Gjurmet-e-Moteve-Ali-Gjecbritaj-211x300.jpg 211w\" sizes=\"(max-width: 311px) 100vw, 311px\" \/><\/a>Ftes\u00eb q\u00eb t\u00eb mos e harrojm\u00eb historin\u00eb, tradit\u00ebn dhe trash\u00ebgimin\u00eb<\/strong><br \/>\nSot ka shume krijues krajane te cilet krijojne me mjaft sukses jashte (Krajes) fale frymezimit qe kane marre nga vendlindja e tyre, kurse numri i atyre qe krijojne ne Kraje eshte i vogel. Ali Gjecbritaj eshte nder krijuesit e paket qe jeton ne Kraje dhe qe vazhdon te krijoje me sukses. Pas librit te tij te pare, permbledhjes me poezi \u201cMotet\u201d, autori na vjen me kete liber te dyte, i cili serish ne titullin e tij permban fjalen \u201cmotet\u201d, pra \u201cGjurmeve te moteve\u201d.<\/p>\n<p>Titullin e librit, ne formen e sintagmes, duhet kuptuar si nje kronike neper te cilen ka kaluar kjo krahine gjate ketyre 16 viteve, kurse autori eshte nje kronikan i perpiket I ngjarjeve, ne nje pjese te te cilave ka marre pjese edhe vete.<\/p>\n<p>Ne liber jane perfshire artikuj te autorit, te botuar apo transmetuar, qe nga viti 1994 e deri ne ditet e sotme, ne revisten \u201cFati\u201d, gazeten \u201cKoha javore\u201d, revisten \u201cBuzuku\u201d, Radio Televizionin e Malit te Zi, Radio \u201cMir\u201d, Televizionin \u201cTeuta\u201d, shtojcen ne gjuhen shqipe \u201cPolis\u201d dhe gazeten \u201cIllyria\u201d.<\/p>\n<p>Si njeri te arsimit dhe kultures, autorin e librit ne shkrimet gazetareske e preokupojne me teper arsimi, edukimi i te rinjve, kultura, dukurite dhe problemet jetesore te kesaj treve sic jane emigrimi, papunesia etj., por edhe trashegimia kulturo-historike, folklori, ruajtja e identitetit kombetar etj. Pjese e librit jane edhe artikujt per mergimtaret, ublat, sulet, vanet ne Liqenin e Shkodres, traditat e ndryshme te krajaneve, kremtimin e festave te ndryshme me karakter kombetar, bukurite natyrore te Krajes, Rumise dhe Liqenit te Shkodres etj.<\/p>\n<p>Shkrimet gazetareske dallohen nga llojet e tjera te shkrimeve per karakterin e tyre te perkohshem, por disa nga shkrimet ne kete liber jo vetem qe nuk kane karakter te perkohshem, por pershkruajne dhe flasin per historine, traditen dhe trashegimine shumevjecare te kesaj treve dhe na ftojne dhe bejne thirrje qe mos t\u2019i harrojme ato. Per te punuar ne gazetari duhet te kesh nder te tjera pergatitje profesionale, vullnet dhe te jesh kembengules. Ali Gjecbritaj, edhe pse me profesion nuk eshte gazetar, fale vullnetit dhe kembenguljes se tij ka arritur t\u2019i perballoje shume veshtiresi me te cilat haste gazetari ne punen e tij. Duke qene edhe mesues, edhe kryetar i Deges se nje subjekti politik, edhe kryetar i Bashkesise Lokale te Ostrosit, edhe keshilltar ne Kuvendin e Komunes se Tivarit, ai eshte ndodhur shpesh ne nje pozite te veshtire, qe te shkruaje edhe per vetveten.<\/p>\n<p><a href=\"http:\/\/www.visit-ulcinj.com\/blog\/wp-content\/uploads\/2011\/01\/Ali_Gjecbritaj_-_perurimi_i_librit_3_.jpg\"><img loading=\"lazy\" class=\"alignleft size-full wp-image-42237\" title=\"Ali_Gjecbritaj_-_perurimi_i_librit_3_\" src=\"http:\/\/www.visit-ulcinj.com\/blog\/wp-content\/uploads\/2011\/01\/Ali_Gjecbritaj_-_perurimi_i_librit_3_.jpg\" alt=\"\" width=\"490\" height=\"380\" \/><\/a>Mediat jane syri dhe veshi i opinionit. Kraja ashtu si dhe disa treva te tjera shqiptare ne Mal te Zi, si Plava, Gucia, Rozhaja etj. nuk jane te prezantuara sa duhet dhe jane lene pas dore ne mediat ne gjuhen shqipe ne Mal te Zi. Per kete fajin e kemi vete ne, por duhet kuptuar edhe pozita e palakmueshme e mediave ne gjuhen shqipe ne Mal te Zi. Por fale perkushtimit dhe perms syrit te Ali Gjecbritajt, ata qe nuk jetojne ne Kraje kane marre vesh se cfare ndodh nekete treve shqiptare.<\/p>\n<p>Dhe ne fund, libri i Ali Gjecbritajt perben edhe nje gur me shume ne krijimtarine publicistike kushtuar Krajes.<\/p>\n<p><strong>I. Kallaba<br \/>\nKoha javore<\/strong><\/p>\n","protected":false},"excerpt":{"rendered":"<p>Ftes\u00eb q\u00eb t\u00eb mos e harrojm\u00eb historin\u00eb, tradit\u00ebn dhe trash\u00ebgimin\u00eb Sot ka shume krijues krajane te cilet krijojne me mjaft sukses jashte (Krajes) fale frymezimit qe kane marre nga vendlindja e tyre, kurse numri i atyre qe krijojne ne Kraje eshte i vogel. Ali Gjecbritaj eshte nder krijuesit e paket qe jeton ne Kraje dhe [&hellip;]<\/p>\n","protected":false},"author":1,"featured_media":0,"comment_status":"open","ping_status":"closed","sticky":false,"template":"","format":"standard","meta":{"spay_email":"","jetpack_publicize_message":"","jetpack_is_tweetstorm":false,"jetpack_publicize_feature_enabled":true},"categories":[4],"tags":[16899,16900,200,18],"jetpack_publicize_connections":[],"yoast_head":"<!-- This site is optimized with the Yoast SEO plugin v19.1 - https:\/\/yoast.com\/wordpress\/plugins\/seo\/ -->\n<title>V\u00ebshtrim mbi librin e Ali Gje\u00e7britajt - Gjurm\u00ebve t\u00eb moteve - Lajme nga Ulqini<\/title>\n<meta name=\"description\" content=\"Ftes\u00eb q\u00eb t\u00eb mos e harrojm\u00eb historin\u00eb, tradit\u00ebn dhe trash\u00ebgimin\u00eb Sot ka shume krijues krajane te cilet krijojne me mjaft sukses jashte (Krajes) fale\" \/>\n<meta name=\"robots\" content=\"index, follow, max-snippet:-1, max-image-preview:large, max-video-preview:-1\" \/>\n<link rel=\"canonical\" href=\"https:\/\/www.visit-ulcinj.com\/blog\/2011\/01\/12\/veshtrim-mbi-librin-e-ali-gjecbritajt-gjurmeve-te-moteve\/\" \/>\n<meta property=\"og:locale\" content=\"en_US\" \/>\n<meta property=\"og:type\" content=\"article\" \/>\n<meta property=\"og:title\" content=\"V\u00ebshtrim mbi librin e Ali Gje\u00e7britajt - Gjurm\u00ebve t\u00eb moteve - Lajme nga Ulqini\" \/>\n<meta property=\"og:description\" content=\"Ftes\u00eb q\u00eb t\u00eb mos e harrojm\u00eb historin\u00eb, tradit\u00ebn dhe trash\u00ebgimin\u00eb Sot ka shume krijues krajane te cilet krijojne me mjaft sukses jashte (Krajes) fale\" \/>\n<meta property=\"og:url\" content=\"https:\/\/www.visit-ulcinj.com\/blog\/2011\/01\/12\/veshtrim-mbi-librin-e-ali-gjecbritajt-gjurmeve-te-moteve\/\" \/>\n<meta property=\"og:site_name\" content=\"Lajme nga Ulqini\" \/>\n<meta property=\"article:published_time\" content=\"2011-01-12T17:09:53+00:00\" \/>\n<meta property=\"og:image\" content=\"http:\/\/www.visit-ulcinj.com\/blog\/wp-content\/uploads\/2011\/01\/Gjurmet-e-Moteve-Ali-Gjecbritaj.jpg\" \/>\n<meta name=\"twitter:label1\" content=\"Written by\" \/>\n\t<meta name=\"twitter:data1\" content=\"ulqini\" \/>\n\t<meta name=\"twitter:label2\" content=\"Est. reading time\" \/>\n\t<meta name=\"twitter:data2\" content=\"3 minutes\" \/>\n<script type=\"application\/ld+json\" class=\"yoast-schema-graph\">{\"@context\":\"https:\/\/schema.org\",\"@graph\":[{\"@type\":\"WebSite\",\"@id\":\"https:\/\/www.visit-ulcinj.com\/blog\/#website\",\"url\":\"https:\/\/www.visit-ulcinj.com\/blog\/\",\"name\":\"Lajme nga Ulqini\",\"description\":\"Lajme,Vijesti,Ulqini,Ulqin,Crna Gora,Mali i Zi\",\"potentialAction\":[{\"@type\":\"SearchAction\",\"target\":{\"@type\":\"EntryPoint\",\"urlTemplate\":\"https:\/\/www.visit-ulcinj.com\/blog\/?s={search_term_string}\"},\"query-input\":\"required name=search_term_string\"}],\"inLanguage\":\"en-US\"},{\"@type\":\"ImageObject\",\"inLanguage\":\"en-US\",\"@id\":\"https:\/\/www.visit-ulcinj.com\/blog\/2011\/01\/12\/veshtrim-mbi-librin-e-ali-gjecbritajt-gjurmeve-te-moteve\/#primaryimage\",\"url\":\"https:\/\/www.visit-ulcinj.com\/blog\/wp-content\/uploads\/2011\/01\/Gjurmet-e-Moteve-Ali-Gjecbritaj.jpg\",\"contentUrl\":\"https:\/\/www.visit-ulcinj.com\/blog\/wp-content\/uploads\/2011\/01\/Gjurmet-e-Moteve-Ali-Gjecbritaj.jpg\",\"width\":\"311\",\"height\":\"442\"},{\"@type\":\"WebPage\",\"@id\":\"https:\/\/www.visit-ulcinj.com\/blog\/2011\/01\/12\/veshtrim-mbi-librin-e-ali-gjecbritajt-gjurmeve-te-moteve\/#webpage\",\"url\":\"https:\/\/www.visit-ulcinj.com\/blog\/2011\/01\/12\/veshtrim-mbi-librin-e-ali-gjecbritajt-gjurmeve-te-moteve\/\",\"name\":\"V\u00ebshtrim mbi librin e Ali Gje\u00e7britajt - Gjurm\u00ebve t\u00eb moteve - Lajme nga Ulqini\",\"isPartOf\":{\"@id\":\"https:\/\/www.visit-ulcinj.com\/blog\/#website\"},\"primaryImageOfPage\":{\"@id\":\"https:\/\/www.visit-ulcinj.com\/blog\/2011\/01\/12\/veshtrim-mbi-librin-e-ali-gjecbritajt-gjurmeve-te-moteve\/#primaryimage\"},\"datePublished\":\"2011-01-12T17:09:53+00:00\",\"dateModified\":\"2011-01-12T17:09:53+00:00\",\"author\":{\"@id\":\"https:\/\/www.visit-ulcinj.com\/blog\/#\/schema\/person\/dcab619c614d3038751c63bc2aadc06d\"},\"description\":\"Ftes\u00eb q\u00eb t\u00eb mos e harrojm\u00eb historin\u00eb, tradit\u00ebn dhe trash\u00ebgimin\u00eb Sot ka shume krijues krajane te cilet krijojne me mjaft sukses jashte (Krajes) fale\",\"breadcrumb\":{\"@id\":\"https:\/\/www.visit-ulcinj.com\/blog\/2011\/01\/12\/veshtrim-mbi-librin-e-ali-gjecbritajt-gjurmeve-te-moteve\/#breadcrumb\"},\"inLanguage\":\"en-US\",\"potentialAction\":[{\"@type\":\"ReadAction\",\"target\":[\"https:\/\/www.visit-ulcinj.com\/blog\/2011\/01\/12\/veshtrim-mbi-librin-e-ali-gjecbritajt-gjurmeve-te-moteve\/\"]}]},{\"@type\":\"BreadcrumbList\",\"@id\":\"https:\/\/www.visit-ulcinj.com\/blog\/2011\/01\/12\/veshtrim-mbi-librin-e-ali-gjecbritajt-gjurmeve-te-moteve\/#breadcrumb\",\"itemListElement\":[{\"@type\":\"ListItem\",\"position\":1,\"name\":\"V\u00ebshtrim mbi librin e Ali Gje\u00e7britajt &#8211; Gjurm\u00ebve t\u00eb moteve\"}]},{\"@type\":\"Person\",\"@id\":\"https:\/\/www.visit-ulcinj.com\/blog\/#\/schema\/person\/dcab619c614d3038751c63bc2aadc06d\",\"name\":\"ulqini\",\"sameAs\":[\"http:\/\/www.visit-ulcinj.com\"],\"url\":\"https:\/\/www.visit-ulcinj.com\/blog\/author\/admin\/\"}]}<\/script>\n<!-- \/ Yoast SEO plugin. -->","yoast_head_json":{"title":"V\u00ebshtrim mbi librin e Ali Gje\u00e7britajt - Gjurm\u00ebve t\u00eb moteve - Lajme nga Ulqini","description":"Ftes\u00eb q\u00eb t\u00eb mos e harrojm\u00eb historin\u00eb, tradit\u00ebn dhe trash\u00ebgimin\u00eb Sot ka shume krijues krajane te cilet krijojne me mjaft sukses jashte (Krajes) fale","robots":{"index":"index","follow":"follow","max-snippet":"max-snippet:-1","max-image-preview":"max-image-preview:large","max-video-preview":"max-video-preview:-1"},"canonical":"https:\/\/www.visit-ulcinj.com\/blog\/2011\/01\/12\/veshtrim-mbi-librin-e-ali-gjecbritajt-gjurmeve-te-moteve\/","og_locale":"en_US","og_type":"article","og_title":"V\u00ebshtrim mbi librin e Ali Gje\u00e7britajt - Gjurm\u00ebve t\u00eb moteve - Lajme nga Ulqini","og_description":"Ftes\u00eb q\u00eb t\u00eb mos e harrojm\u00eb historin\u00eb, tradit\u00ebn dhe trash\u00ebgimin\u00eb Sot ka shume krijues krajane te cilet krijojne me mjaft sukses jashte (Krajes) fale","og_url":"https:\/\/www.visit-ulcinj.com\/blog\/2011\/01\/12\/veshtrim-mbi-librin-e-ali-gjecbritajt-gjurmeve-te-moteve\/","og_site_name":"Lajme nga Ulqini","article_published_time":"2011-01-12T17:09:53+00:00","og_image":[{"url":"http:\/\/www.visit-ulcinj.com\/blog\/wp-content\/uploads\/2011\/01\/Gjurmet-e-Moteve-Ali-Gjecbritaj.jpg"}],"twitter_misc":{"Written by":"ulqini","Est. reading time":"3 minutes"},"schema":{"@context":"https:\/\/schema.org","@graph":[{"@type":"WebSite","@id":"https:\/\/www.visit-ulcinj.com\/blog\/#website","url":"https:\/\/www.visit-ulcinj.com\/blog\/","name":"Lajme nga Ulqini","description":"Lajme,Vijesti,Ulqini,Ulqin,Crna Gora,Mali i Zi","potentialAction":[{"@type":"SearchAction","target":{"@type":"EntryPoint","urlTemplate":"https:\/\/www.visit-ulcinj.com\/blog\/?s={search_term_string}"},"query-input":"required name=search_term_string"}],"inLanguage":"en-US"},{"@type":"ImageObject","inLanguage":"en-US","@id":"https:\/\/www.visit-ulcinj.com\/blog\/2011\/01\/12\/veshtrim-mbi-librin-e-ali-gjecbritajt-gjurmeve-te-moteve\/#primaryimage","url":"https:\/\/www.visit-ulcinj.com\/blog\/wp-content\/uploads\/2011\/01\/Gjurmet-e-Moteve-Ali-Gjecbritaj.jpg","contentUrl":"https:\/\/www.visit-ulcinj.com\/blog\/wp-content\/uploads\/2011\/01\/Gjurmet-e-Moteve-Ali-Gjecbritaj.jpg","width":"311","height":"442"},{"@type":"WebPage","@id":"https:\/\/www.visit-ulcinj.com\/blog\/2011\/01\/12\/veshtrim-mbi-librin-e-ali-gjecbritajt-gjurmeve-te-moteve\/#webpage","url":"https:\/\/www.visit-ulcinj.com\/blog\/2011\/01\/12\/veshtrim-mbi-librin-e-ali-gjecbritajt-gjurmeve-te-moteve\/","name":"V\u00ebshtrim mbi librin e Ali Gje\u00e7britajt - Gjurm\u00ebve t\u00eb moteve - Lajme nga Ulqini","isPartOf":{"@id":"https:\/\/www.visit-ulcinj.com\/blog\/#website"},"primaryImageOfPage":{"@id":"https:\/\/www.visit-ulcinj.com\/blog\/2011\/01\/12\/veshtrim-mbi-librin-e-ali-gjecbritajt-gjurmeve-te-moteve\/#primaryimage"},"datePublished":"2011-01-12T17:09:53+00:00","dateModified":"2011-01-12T17:09:53+00:00","author":{"@id":"https:\/\/www.visit-ulcinj.com\/blog\/#\/schema\/person\/dcab619c614d3038751c63bc2aadc06d"},"description":"Ftes\u00eb q\u00eb t\u00eb mos e harrojm\u00eb historin\u00eb, tradit\u00ebn dhe trash\u00ebgimin\u00eb Sot ka shume krijues krajane te cilet krijojne me mjaft sukses jashte (Krajes) fale","breadcrumb":{"@id":"https:\/\/www.visit-ulcinj.com\/blog\/2011\/01\/12\/veshtrim-mbi-librin-e-ali-gjecbritajt-gjurmeve-te-moteve\/#breadcrumb"},"inLanguage":"en-US","potentialAction":[{"@type":"ReadAction","target":["https:\/\/www.visit-ulcinj.com\/blog\/2011\/01\/12\/veshtrim-mbi-librin-e-ali-gjecbritajt-gjurmeve-te-moteve\/"]}]},{"@type":"BreadcrumbList","@id":"https:\/\/www.visit-ulcinj.com\/blog\/2011\/01\/12\/veshtrim-mbi-librin-e-ali-gjecbritajt-gjurmeve-te-moteve\/#breadcrumb","itemListElement":[{"@type":"ListItem","position":1,"name":"V\u00ebshtrim mbi librin e Ali Gje\u00e7britajt &#8211; Gjurm\u00ebve t\u00eb moteve"}]},{"@type":"Person","@id":"https:\/\/www.visit-ulcinj.com\/blog\/#\/schema\/person\/dcab619c614d3038751c63bc2aadc06d","name":"ulqini","sameAs":["http:\/\/www.visit-ulcinj.com"],"url":"https:\/\/www.visit-ulcinj.com\/blog\/author\/admin\/"}]}},"jetpack_featured_media_url":"","jetpack_sharing_enabled":true,"jetpack_shortlink":"https:\/\/wp.me\/pe6lTn-aZd","_links":{"self":[{"href":"https:\/\/www.visit-ulcinj.com\/blog\/wp-json\/wp\/v2\/posts\/42235"}],"collection":[{"href":"https:\/\/www.visit-ulcinj.com\/blog\/wp-json\/wp\/v2\/posts"}],"about":[{"href":"https:\/\/www.visit-ulcinj.com\/blog\/wp-json\/wp\/v2\/types\/post"}],"author":[{"embeddable":true,"href":"https:\/\/www.visit-ulcinj.com\/blog\/wp-json\/wp\/v2\/users\/1"}],"replies":[{"embeddable":true,"href":"https:\/\/www.visit-ulcinj.com\/blog\/wp-json\/wp\/v2\/comments?post=42235"}],"version-history":[{"count":0,"href":"https:\/\/www.visit-ulcinj.com\/blog\/wp-json\/wp\/v2\/posts\/42235\/revisions"}],"wp:attachment":[{"href":"https:\/\/www.visit-ulcinj.com\/blog\/wp-json\/wp\/v2\/media?parent=42235"}],"wp:term":[{"taxonomy":"category","embeddable":true,"href":"https:\/\/www.visit-ulcinj.com\/blog\/wp-json\/wp\/v2\/categories?post=42235"},{"taxonomy":"post_tag","embeddable":true,"href":"https:\/\/www.visit-ulcinj.com\/blog\/wp-json\/wp\/v2\/tags?post=42235"}],"curies":[{"name":"wp","href":"https:\/\/api.w.org\/{rel}","templated":true}]}}