{"id":42245,"date":"2011-01-13T15:53:07","date_gmt":"2011-01-13T14:53:07","guid":{"rendered":"http:\/\/www.visit-ulcinj.com\/blog\/?p=42245"},"modified":"2011-01-15T12:19:13","modified_gmt":"2011-01-15T11:19:13","slug":"refugjatet-kosovare-urdherohen-te-largohen-nga-pushimorja-e-kamenoves","status":"publish","type":"post","link":"https:\/\/www.visit-ulcinj.com\/blog\/2011\/01\/13\/refugjatet-kosovare-urdherohen-te-largohen-nga-pushimorja-e-kamenoves\/","title":{"rendered":"Refugjat\u00ebt kosovar\u00eb urdh\u00ebrohen t\u00eb largohen nga pushimorja e Kamenov\u00ebs &#8211; Video"},"content":{"rendered":"<p><a href=\"http:\/\/www.visit-ulcinj.com\/blog\/wp-content\/uploads\/2011\/01\/Pushimorja-e-Kamenoves_Mali-i-ZI.jpg\"><img loading=\"lazy\" class=\"alignleft size-full wp-image-42246\" title=\"Pushimorja e Kamenoves_Mali i ZI\" src=\"http:\/\/www.visit-ulcinj.com\/blog\/wp-content\/uploads\/2011\/01\/Pushimorja-e-Kamenoves_Mali-i-ZI.jpg\" alt=\"\" width=\"490\" height=\"380\" \/><\/a>Ulqin\/Budv\u00eb , 13 janar &#8211;\u00a0 Nj\u00ebzet familjet e refugjat\u00ebve nga Kosova, t\u00eb cil\u00ebt tash 11 vjet jetojn\u00eb n\u00eb pushimoren e dikurshme Kamenov\u00eb n\u00eb rivier\u00ebn e Budv\u00ebs, n\u00eb bregdetin e Malit t\u00eb Zi, deri m\u00eb dat\u00ebn 10 shkurt t\u00eb k\u00ebtij viti duhet t\u00eb largohen nga ky objekt, sipas Gjykat\u00ebs themelore t\u00eb Kotorrit.<\/p>\n<p>Gjykat\u00ebsja, Sanja Cakanoviq mbi bazat e aktvendimit n\u00eb fuqi ka caktuar k\u00ebt\u00eb dit\u00eb p\u00ebr shp\u00ebrnguljen e 20 familjeve t\u00eb refugjat\u00ebve.<\/p>\n<p>\u201cRefugjat\u00ebt jan\u00eb t\u00eb detyruar q\u00eb deri m\u00eb 10 shkurt t\u2019ia dor\u00ebzojn\u00eb objektin kompanis\u00eb s\u00eb autorizuar \u2018Rekreaturs\u2019, sepse n\u00eb t\u00eb kund\u00ebrt\u00ebn shp\u00ebrngulja do t\u00eb b\u00ebhet me dhun\u00eb,\u201d citon KosovaLive vendimin.<\/p>\n<p>Refugjati, Dragan Knezheviq, n\u00eb em\u00ebr t\u00eb refugjat\u00ebve porosit se nuk do t\u00eb largohen nga objektet e pushimores s\u00eb dikurshme t\u00eb Kosov\u00ebs n\u00eb Kamenov\u00eb, meq\u00eb nuk kan\u00eb se ku t\u00eb vendosen edhe askush nuk u ka ofruar zgjidhje adekuate.<\/p>\n<p>Knezheviq pohon se as kompania \u201cRekreaturs\u201d nuk ka t\u00eb drejt\u00eb t\u00eb disponoj\u00eb e menaxhoj\u00eb me pron\u00ebn e k\u00ebsaj pushimoreje.<\/p>\n<p>Burimet e KosovaLive b\u00ebjn\u00eb t\u00eb ditur se pas vitit 2000 \u00ebsht\u00eb shfaqur nj\u00eb kompani, me emrin \u201cRekreaturs\u201d me seli her\u00eb n\u00eb Podgoric\u00eb, her\u00eb n\u00eb Budv\u00eb, duke u paraqitur si trash\u00ebgimtare e pushimores s\u00eb Kosov\u00ebs n\u00eb Kamenov\u00eb, dhe ka tentuar q\u00eb t\u00eb p\u00ebrvet\u00ebsoj\u00eb edhe ish-pushimoren e sindikatave t\u00eb Kosov\u00ebs n\u00eb Ulqin. N\u00eb k\u00ebt\u00eb t\u00eb fundit duke k\u00ebrkuar kompensime marramend\u00ebse, por autoritetet e Ulqinit jan\u00eb p\u00ebrgjigjur se Republika e Kosov\u00ebs ka institucionet e veta edhe vet\u00ebm me to zhvillohen bisedime eventuale lidhur me at\u00eb ish-pushimore me 618 kampsht\u00ebpiza n\u00eb Plazhin e madh.<\/p>\n<p>P\u00ebrfaq\u00ebsuesi i refugjat\u00ebve, Dragan Knezheviq ka th\u00ebn\u00eb t\u00eb enjten se refugjat\u00ebt do t\u00eb ankohen n\u00eb Gjykat\u00eb, sepse Gjykata e lart\u00eb n\u00eb Podgoric\u00eb n\u00eb vitin 2004 aktvendimin e Gjykat\u00ebs themelore t\u00eb Kotorrit e ka suspenduar edhe e ka kthyer n\u00eb rishqyrtim.<\/p>\n<p>Pushimorja e Kamenov\u00ebs ishte pron\u00eb e Kosov\u00ebs, n\u00eb t\u00eb cil\u00ebn kishte investuar, por pas vitit 1981 iu mor pa asnj\u00eb kompensim.<\/p>\n<p><strong>KOHA NET<br \/>\n<!--YouTube Error: bad URL entered--><\/strong><\/p>\n","protected":false},"excerpt":{"rendered":"<p>Ulqin\/Budv\u00eb , 13 janar &#8211;\u00a0 Nj\u00ebzet familjet e refugjat\u00ebve nga Kosova, t\u00eb cil\u00ebt tash 11 vjet jetojn\u00eb n\u00eb pushimoren e dikurshme Kamenov\u00eb n\u00eb rivier\u00ebn e Budv\u00ebs, n\u00eb bregdetin e Malit t\u00eb Zi, deri m\u00eb dat\u00ebn 10 shkurt t\u00eb k\u00ebtij viti duhet t\u00eb largohen nga ky objekt, sipas Gjykat\u00ebs themelore t\u00eb Kotorrit. Gjykat\u00ebsja, Sanja Cakanoviq mbi [&hellip;]<\/p>\n","protected":false},"author":1,"featured_media":0,"comment_status":"open","ping_status":"closed","sticky":false,"template":"","format":"standard","meta":{"spay_email":"","jetpack_publicize_message":"","jetpack_is_tweetstorm":false,"jetpack_publicize_feature_enabled":true},"categories":[1],"tags":[21,16901,200],"jetpack_publicize_connections":[],"yoast_head":"<!-- This site is optimized with the Yoast SEO plugin v19.1 - https:\/\/yoast.com\/wordpress\/plugins\/seo\/ -->\n<title>Refugjat\u00ebt kosovar\u00eb urdh\u00ebrohen t\u00eb largohen nga pushimorja e Kamenov\u00ebs - Video - Lajme nga Ulqini<\/title>\n<meta name=\"description\" content=\"Ulqin\/Budv\u00eb , 13 janar -\u00a0 Nj\u00ebzet familjet e refugjat\u00ebve nga Kosova, t\u00eb cil\u00ebt tash 11 vjet jetojn\u00eb n\u00eb pushimoren e dikurshme Kamenov\u00eb n\u00eb rivier\u00ebn e Budv\u00ebs,\" \/>\n<meta name=\"robots\" content=\"index, follow, max-snippet:-1, max-image-preview:large, max-video-preview:-1\" \/>\n<link rel=\"canonical\" href=\"https:\/\/www.visit-ulcinj.com\/blog\/2011\/01\/13\/refugjatet-kosovare-urdherohen-te-largohen-nga-pushimorja-e-kamenoves\/\" \/>\n<meta property=\"og:locale\" content=\"en_US\" \/>\n<meta property=\"og:type\" content=\"article\" \/>\n<meta property=\"og:title\" content=\"Refugjat\u00ebt kosovar\u00eb urdh\u00ebrohen t\u00eb largohen nga pushimorja e Kamenov\u00ebs - Video - Lajme nga Ulqini\" \/>\n<meta property=\"og:description\" content=\"Ulqin\/Budv\u00eb , 13 janar -\u00a0 Nj\u00ebzet familjet e refugjat\u00ebve nga Kosova, t\u00eb cil\u00ebt tash 11 vjet jetojn\u00eb n\u00eb pushimoren e dikurshme Kamenov\u00eb n\u00eb rivier\u00ebn e Budv\u00ebs,\" \/>\n<meta property=\"og:url\" content=\"https:\/\/www.visit-ulcinj.com\/blog\/2011\/01\/13\/refugjatet-kosovare-urdherohen-te-largohen-nga-pushimorja-e-kamenoves\/\" \/>\n<meta property=\"og:site_name\" content=\"Lajme nga Ulqini\" \/>\n<meta property=\"article:published_time\" content=\"2011-01-13T14:53:07+00:00\" \/>\n<meta property=\"article:modified_time\" content=\"2011-01-15T11:19:13+00:00\" \/>\n<meta property=\"og:image\" content=\"http:\/\/www.visit-ulcinj.com\/blog\/wp-content\/uploads\/2011\/01\/Pushimorja-e-Kamenoves_Mali-i-ZI.jpg\" \/>\n<meta name=\"twitter:label1\" content=\"Written by\" \/>\n\t<meta name=\"twitter:data1\" content=\"ulqini\" \/>\n\t<meta name=\"twitter:label2\" content=\"Est. reading time\" \/>\n\t<meta name=\"twitter:data2\" content=\"2 minutes\" \/>\n<script type=\"application\/ld+json\" class=\"yoast-schema-graph\">{\"@context\":\"https:\/\/schema.org\",\"@graph\":[{\"@type\":\"WebSite\",\"@id\":\"https:\/\/www.visit-ulcinj.com\/blog\/#website\",\"url\":\"https:\/\/www.visit-ulcinj.com\/blog\/\",\"name\":\"Lajme nga Ulqini\",\"description\":\"Lajme,Vijesti,Ulqini,Ulqin,Crna Gora,Mali i Zi\",\"potentialAction\":[{\"@type\":\"SearchAction\",\"target\":{\"@type\":\"EntryPoint\",\"urlTemplate\":\"https:\/\/www.visit-ulcinj.com\/blog\/?s={search_term_string}\"},\"query-input\":\"required name=search_term_string\"}],\"inLanguage\":\"en-US\"},{\"@type\":\"ImageObject\",\"inLanguage\":\"en-US\",\"@id\":\"https:\/\/www.visit-ulcinj.com\/blog\/2011\/01\/13\/refugjatet-kosovare-urdherohen-te-largohen-nga-pushimorja-e-kamenoves\/#primaryimage\",\"url\":\"https:\/\/www.visit-ulcinj.com\/blog\/wp-content\/uploads\/2011\/01\/Pushimorja-e-Kamenoves_Mali-i-ZI.jpg\",\"contentUrl\":\"https:\/\/www.visit-ulcinj.com\/blog\/wp-content\/uploads\/2011\/01\/Pushimorja-e-Kamenoves_Mali-i-ZI.jpg\",\"width\":\"640\",\"height\":\"480\"},{\"@type\":\"WebPage\",\"@id\":\"https:\/\/www.visit-ulcinj.com\/blog\/2011\/01\/13\/refugjatet-kosovare-urdherohen-te-largohen-nga-pushimorja-e-kamenoves\/#webpage\",\"url\":\"https:\/\/www.visit-ulcinj.com\/blog\/2011\/01\/13\/refugjatet-kosovare-urdherohen-te-largohen-nga-pushimorja-e-kamenoves\/\",\"name\":\"Refugjat\u00ebt kosovar\u00eb urdh\u00ebrohen t\u00eb largohen nga pushimorja e Kamenov\u00ebs - Video - Lajme nga Ulqini\",\"isPartOf\":{\"@id\":\"https:\/\/www.visit-ulcinj.com\/blog\/#website\"},\"primaryImageOfPage\":{\"@id\":\"https:\/\/www.visit-ulcinj.com\/blog\/2011\/01\/13\/refugjatet-kosovare-urdherohen-te-largohen-nga-pushimorja-e-kamenoves\/#primaryimage\"},\"datePublished\":\"2011-01-13T14:53:07+00:00\",\"dateModified\":\"2011-01-15T11:19:13+00:00\",\"author\":{\"@id\":\"https:\/\/www.visit-ulcinj.com\/blog\/#\/schema\/person\/dcab619c614d3038751c63bc2aadc06d\"},\"description\":\"Ulqin\/Budv\u00eb , 13 janar -\u00a0 Nj\u00ebzet familjet e refugjat\u00ebve nga Kosova, t\u00eb cil\u00ebt tash 11 vjet jetojn\u00eb n\u00eb pushimoren e dikurshme Kamenov\u00eb n\u00eb rivier\u00ebn e Budv\u00ebs,\",\"breadcrumb\":{\"@id\":\"https:\/\/www.visit-ulcinj.com\/blog\/2011\/01\/13\/refugjatet-kosovare-urdherohen-te-largohen-nga-pushimorja-e-kamenoves\/#breadcrumb\"},\"inLanguage\":\"en-US\",\"potentialAction\":[{\"@type\":\"ReadAction\",\"target\":[\"https:\/\/www.visit-ulcinj.com\/blog\/2011\/01\/13\/refugjatet-kosovare-urdherohen-te-largohen-nga-pushimorja-e-kamenoves\/\"]}]},{\"@type\":\"BreadcrumbList\",\"@id\":\"https:\/\/www.visit-ulcinj.com\/blog\/2011\/01\/13\/refugjatet-kosovare-urdherohen-te-largohen-nga-pushimorja-e-kamenoves\/#breadcrumb\",\"itemListElement\":[{\"@type\":\"ListItem\",\"position\":1,\"name\":\"Refugjat\u00ebt kosovar\u00eb urdh\u00ebrohen t\u00eb largohen nga pushimorja e Kamenov\u00ebs &#8211; Video\"}]},{\"@type\":\"Person\",\"@id\":\"https:\/\/www.visit-ulcinj.com\/blog\/#\/schema\/person\/dcab619c614d3038751c63bc2aadc06d\",\"name\":\"ulqini\",\"sameAs\":[\"http:\/\/www.visit-ulcinj.com\"],\"url\":\"https:\/\/www.visit-ulcinj.com\/blog\/author\/admin\/\"}]}<\/script>\n<!-- \/ Yoast SEO plugin. -->","yoast_head_json":{"title":"Refugjat\u00ebt kosovar\u00eb urdh\u00ebrohen t\u00eb largohen nga pushimorja e Kamenov\u00ebs - Video - Lajme nga Ulqini","description":"Ulqin\/Budv\u00eb , 13 janar -\u00a0 Nj\u00ebzet familjet e refugjat\u00ebve nga Kosova, t\u00eb cil\u00ebt tash 11 vjet jetojn\u00eb n\u00eb pushimoren e dikurshme Kamenov\u00eb n\u00eb rivier\u00ebn e Budv\u00ebs,","robots":{"index":"index","follow":"follow","max-snippet":"max-snippet:-1","max-image-preview":"max-image-preview:large","max-video-preview":"max-video-preview:-1"},"canonical":"https:\/\/www.visit-ulcinj.com\/blog\/2011\/01\/13\/refugjatet-kosovare-urdherohen-te-largohen-nga-pushimorja-e-kamenoves\/","og_locale":"en_US","og_type":"article","og_title":"Refugjat\u00ebt kosovar\u00eb urdh\u00ebrohen t\u00eb largohen nga pushimorja e Kamenov\u00ebs - Video - Lajme nga Ulqini","og_description":"Ulqin\/Budv\u00eb , 13 janar -\u00a0 Nj\u00ebzet familjet e refugjat\u00ebve nga Kosova, t\u00eb cil\u00ebt tash 11 vjet jetojn\u00eb n\u00eb pushimoren e dikurshme Kamenov\u00eb n\u00eb rivier\u00ebn e Budv\u00ebs,","og_url":"https:\/\/www.visit-ulcinj.com\/blog\/2011\/01\/13\/refugjatet-kosovare-urdherohen-te-largohen-nga-pushimorja-e-kamenoves\/","og_site_name":"Lajme nga Ulqini","article_published_time":"2011-01-13T14:53:07+00:00","article_modified_time":"2011-01-15T11:19:13+00:00","og_image":[{"url":"http:\/\/www.visit-ulcinj.com\/blog\/wp-content\/uploads\/2011\/01\/Pushimorja-e-Kamenoves_Mali-i-ZI.jpg"}],"twitter_misc":{"Written by":"ulqini","Est. reading time":"2 minutes"},"schema":{"@context":"https:\/\/schema.org","@graph":[{"@type":"WebSite","@id":"https:\/\/www.visit-ulcinj.com\/blog\/#website","url":"https:\/\/www.visit-ulcinj.com\/blog\/","name":"Lajme nga Ulqini","description":"Lajme,Vijesti,Ulqini,Ulqin,Crna Gora,Mali i Zi","potentialAction":[{"@type":"SearchAction","target":{"@type":"EntryPoint","urlTemplate":"https:\/\/www.visit-ulcinj.com\/blog\/?s={search_term_string}"},"query-input":"required name=search_term_string"}],"inLanguage":"en-US"},{"@type":"ImageObject","inLanguage":"en-US","@id":"https:\/\/www.visit-ulcinj.com\/blog\/2011\/01\/13\/refugjatet-kosovare-urdherohen-te-largohen-nga-pushimorja-e-kamenoves\/#primaryimage","url":"https:\/\/www.visit-ulcinj.com\/blog\/wp-content\/uploads\/2011\/01\/Pushimorja-e-Kamenoves_Mali-i-ZI.jpg","contentUrl":"https:\/\/www.visit-ulcinj.com\/blog\/wp-content\/uploads\/2011\/01\/Pushimorja-e-Kamenoves_Mali-i-ZI.jpg","width":"640","height":"480"},{"@type":"WebPage","@id":"https:\/\/www.visit-ulcinj.com\/blog\/2011\/01\/13\/refugjatet-kosovare-urdherohen-te-largohen-nga-pushimorja-e-kamenoves\/#webpage","url":"https:\/\/www.visit-ulcinj.com\/blog\/2011\/01\/13\/refugjatet-kosovare-urdherohen-te-largohen-nga-pushimorja-e-kamenoves\/","name":"Refugjat\u00ebt kosovar\u00eb urdh\u00ebrohen t\u00eb largohen nga pushimorja e Kamenov\u00ebs - Video - Lajme nga Ulqini","isPartOf":{"@id":"https:\/\/www.visit-ulcinj.com\/blog\/#website"},"primaryImageOfPage":{"@id":"https:\/\/www.visit-ulcinj.com\/blog\/2011\/01\/13\/refugjatet-kosovare-urdherohen-te-largohen-nga-pushimorja-e-kamenoves\/#primaryimage"},"datePublished":"2011-01-13T14:53:07+00:00","dateModified":"2011-01-15T11:19:13+00:00","author":{"@id":"https:\/\/www.visit-ulcinj.com\/blog\/#\/schema\/person\/dcab619c614d3038751c63bc2aadc06d"},"description":"Ulqin\/Budv\u00eb , 13 janar -\u00a0 Nj\u00ebzet familjet e refugjat\u00ebve nga Kosova, t\u00eb cil\u00ebt tash 11 vjet jetojn\u00eb n\u00eb pushimoren e dikurshme Kamenov\u00eb n\u00eb rivier\u00ebn e Budv\u00ebs,","breadcrumb":{"@id":"https:\/\/www.visit-ulcinj.com\/blog\/2011\/01\/13\/refugjatet-kosovare-urdherohen-te-largohen-nga-pushimorja-e-kamenoves\/#breadcrumb"},"inLanguage":"en-US","potentialAction":[{"@type":"ReadAction","target":["https:\/\/www.visit-ulcinj.com\/blog\/2011\/01\/13\/refugjatet-kosovare-urdherohen-te-largohen-nga-pushimorja-e-kamenoves\/"]}]},{"@type":"BreadcrumbList","@id":"https:\/\/www.visit-ulcinj.com\/blog\/2011\/01\/13\/refugjatet-kosovare-urdherohen-te-largohen-nga-pushimorja-e-kamenoves\/#breadcrumb","itemListElement":[{"@type":"ListItem","position":1,"name":"Refugjat\u00ebt kosovar\u00eb urdh\u00ebrohen t\u00eb largohen nga pushimorja e Kamenov\u00ebs &#8211; Video"}]},{"@type":"Person","@id":"https:\/\/www.visit-ulcinj.com\/blog\/#\/schema\/person\/dcab619c614d3038751c63bc2aadc06d","name":"ulqini","sameAs":["http:\/\/www.visit-ulcinj.com"],"url":"https:\/\/www.visit-ulcinj.com\/blog\/author\/admin\/"}]}},"jetpack_featured_media_url":"","jetpack_sharing_enabled":true,"jetpack_shortlink":"https:\/\/wp.me\/pe6lTn-aZn","_links":{"self":[{"href":"https:\/\/www.visit-ulcinj.com\/blog\/wp-json\/wp\/v2\/posts\/42245"}],"collection":[{"href":"https:\/\/www.visit-ulcinj.com\/blog\/wp-json\/wp\/v2\/posts"}],"about":[{"href":"https:\/\/www.visit-ulcinj.com\/blog\/wp-json\/wp\/v2\/types\/post"}],"author":[{"embeddable":true,"href":"https:\/\/www.visit-ulcinj.com\/blog\/wp-json\/wp\/v2\/users\/1"}],"replies":[{"embeddable":true,"href":"https:\/\/www.visit-ulcinj.com\/blog\/wp-json\/wp\/v2\/comments?post=42245"}],"version-history":[{"count":0,"href":"https:\/\/www.visit-ulcinj.com\/blog\/wp-json\/wp\/v2\/posts\/42245\/revisions"}],"wp:attachment":[{"href":"https:\/\/www.visit-ulcinj.com\/blog\/wp-json\/wp\/v2\/media?parent=42245"}],"wp:term":[{"taxonomy":"category","embeddable":true,"href":"https:\/\/www.visit-ulcinj.com\/blog\/wp-json\/wp\/v2\/categories?post=42245"},{"taxonomy":"post_tag","embeddable":true,"href":"https:\/\/www.visit-ulcinj.com\/blog\/wp-json\/wp\/v2\/tags?post=42245"}],"curies":[{"name":"wp","href":"https:\/\/api.w.org\/{rel}","templated":true}]}}