{"id":42250,"date":"2011-01-13T16:20:27","date_gmt":"2011-01-13T15:20:27","guid":{"rendered":"http:\/\/www.visit-ulcinj.com\/blog\/?p=42250"},"modified":"2011-01-13T16:23:31","modified_gmt":"2011-01-13T15:23:31","slug":"ada-bojana-pod-viljuskom-100-vikendica","status":"publish","type":"post","link":"https:\/\/www.visit-ulcinj.com\/blog\/2011\/01\/13\/ada-bojana-pod-viljuskom-100-vikendica\/","title":{"rendered":"Ada Bojana: Pod vilju\u0161kom 100 vikendica"},"content":{"rendered":"<p><strong><a href=\"http:\/\/www.visit-ulcinj.com\/blog\/wp-content\/uploads\/2011\/01\/Ada-BOJANA_ULCINJ_MONTENEGRO.jpg\"><img loading=\"lazy\" class=\"alignleft size-full wp-image-42251\" title=\"Ada BOJANA_ULCINJ_MONTENEGRO\" src=\"http:\/\/www.visit-ulcinj.com\/blog\/wp-content\/uploads\/2011\/01\/Ada-BOJANA_ULCINJ_MONTENEGRO.jpg\" alt=\"\" width=\"490\" height=\"390\" \/><\/a>\u201eMorsko Dobro\u201c kuca nova rje\u0161enja za ru\u0161enja na adi bojani, koja \u0107e uslijediti poslije susreta sa novim ministrom turizma<\/strong><\/p>\n<p>Ulcinj &#8211; Vi\u0161e od 300 vlasnika ku\u0107ica i vikendica na Adi Bojani zaklju\u010dilo je ugovor sa javnim preduze\u0107em \u201eMorsko dobro\u201c o kori\u0161\u0107enju dr\u017eavnog zemlji\u0161ta, dok \u0107e se preostalih stotinak vjerovatno suo\u010diti sa ru\u0161enjem svojih objekata, potvr\u0111eno je ju\u010de \u201cVijestima\u201c u \u201cMorskom dobru\u201c.<br \/>\nJavno preduze\u0107e je krajem pro\u0161le godine uklonilo dva objekta \u010diji vlasnici nijesu izrazili \u017eelju da zaklju\u010de ugovor, ali je ru\u0161enje ostalih sedam ili osam ku\u0107ica, po osnovu pravosna\u017enih rje\u0161enja, tada odlo\u017eeno zbog visokog vodostaja Bojane, odnosno potopljenih puteva i novogodi\u0161njih i bo\u017ei\u0107nih praznika.<\/p>\n<p>Prema informacijama \u201cVijesti\u201d, u \u201cMorskom dobru\u201c intenziviraju aktivnosti na nastavku akcije uklanjanja svih objekata \u010diji vlasnici nijesu zaklju\u010dili ugovore, a u me\u0111uvremenu je otkucano jo\u0161 desetak rje\u0161enja za ru\u0161enje.<br \/>\nI novoimenovani ministar turizma i odr\u017eivog razvoja Predrag Sekuli\u0107 navodno je vrlo zainteresovan da se situacija na Adi Bojani uvede u zakonske okvire. Na takav zaklju\u010dak upu\u0107uje najava dana\u0161njeg sastanka Sekuli\u0107a i \u010delnika \u201cMorskog dobra\u201c, na kome \u0107e, pored ostalog, jedna od tema biti i situacija sa divljom gradnjom na obalama Bojane.<\/p>\n<p>Ministar \u0107e, prema saznanjima \u201cVijesti\u201d, na sastanku biti upoznat da \u0107e do po\u010detka naredne sedmice biti gotov administrativni dio posla, odnosno da \u0107e se do tada znati ko je platio, ko nije i \u0161ta je u kona\u010dnom za ru\u0161enje.<br \/>\nVlasnici ku\u0107ica na Adi Bojani uglavnom nevoljno pri\u010daju o akciji \u201cMorskog dobra\u201c i insistiraju na anonimnosti.<br \/>\n\u201c\u017divim ovdje ve\u0107 decenijama, ali sam morao da platim. Sla\u017eem se da je do\u0161lo vrijeme da se ne\u0161to i plati, ali je dr\u017eava morala da vodi ra\u010duna i napravi razliku izme\u0111u nas i onih koji su na Bojani isklju\u010divo iz komercijalnih razloga\u201d, kazao je \u201cVijestima\u201c jedan od vlasnika.<\/p>\n<p>Me\u0111u stotinak vlasnika, \u010dije su ku\u0107ice na tapetu za ru\u0161enje, najvi\u0161e je onih koji jednostavno nemaju novca, niti se mogu sna\u0107i na bilo koji na\u010din da ispune obavezu prema dr\u017eavi.<br \/>\n\u201cJedva sastavljam kraj s krajem i nemam za bilo kakve dodatne tro\u0161kove. Znam da dr\u017eavi treba novac, ali i vlast mora da shvati da bi u ovoj krizi morala da bude fleksibilnija. Neka ru\u0161e, ali to nije fer, jer su mogli da nam produ\u017ee rok\u201d, kazao je sagovornik \u201cVijesti\u201d.<br \/>\nOdluka \u201cMorskog dobra\u201c da kao osnov za pla\u0107anje i kori\u0161\u0107enje dr\u017eavnog zemlji\u0161ta bude samo veli\u010dina objekata, jo\u0161 ranije je izazvala nezadovljstvo vlasnika, a posebno mje\u0161tana.<br \/>\n\u201c\u2019Morsko dobro\u2019 je moralo da uva\u017ei domicilno stanovni\u0161tvo, a zatim svrhu kori\u0161\u0107enja objekata, jer neko izdaje, a neko stanuje. Ovako smo svi pod istim ki\u0161obranom, iako neko odavde odnosi veliki novac\u201d, po\u017ealilo se \u201cVijestima\u201c nekoliko vlasnika objekata na Adi Bojani.<\/p>\n<p><strong><br \/>\n\u010cuvaju ku\u0107e zajmom i kreditom<\/strong><\/p>\n<p>Nije mali broj onih koji su svoje objekte na Adi Bojani sa\u010duvali tako \u0161to su podigli kredite ili pozajmljivali novac kod prijatelja.<br \/>\n\u201cPodigao sam kredit da bih sa\u010duvao ku\u0107icu od ru\u0161enja, ali sad ne znam \u0161ta \u0107u. Kredit treba vra\u0107ati, a \\&#8217;Morsko dobro\\&#8217; se sprema da nam isporu\u010di ra\u010dun i za ovu godinu\u201d, kazao je \u201cVijestima\u201d jedan od sagovornika iz Ulcinja.<\/p>\n<p><strong><a href=\"http:\/\/www.vijesti.me\/\" target=\"_blank\">S.ADROVI\u0106<br \/>\nVijesti<\/a><br \/>\n<\/strong><\/p>\n<table style=\"height: 262px;\" cellspacing=\"0\" cellpadding=\"2\" width=\"554\">\n<tbody>\n<tr>\n<td width=\"14%\" height=\"48\" align=\"middle\" valign=\"bottom\"><img loading=\"lazy\" src=\"http:\/\/www.morskodobro.com\/images\/md.gif\" border=\"1\" alt=\"\" hspace=\"0\" width=\"50\" height=\"45\" \/><\/td>\n<td width=\"86%\" valign=\"bottom\"><strong>Evidencija  objekata na rijeci Bojani koji do 23.12.2010. godine <\/strong><\/p>\n<p><strong>nisu zakljucili ugovor sa Morskim dobrom <\/strong><br \/>\n<img loading=\"lazy\" src=\"http:\/\/www.morskodobro.com\/images\/linija.gif\" alt=\"\" width=\"400\" height=\"7\" \/><\/td>\n<\/tr>\n<tr>\n<td colspan=\"2\">U download  formatu nalazi se spisak i fotografije objekata na Bojani koji do  23.12.2010. godine<\/p>\n<p>nisu zaklju\u010dili ugovore sa Morskim dobrom.<\/p>\n<p><a href=\"http:\/\/www.morskodobro.com\/download\/10715_d1.xls\"><img src=\"http:\/\/www.morskodobro.com\/images\/xls.gif\" border=\"0\" alt=\"\" align=\"absbottom\" \/><strong> DOWNLOAD<\/strong><\/a> <a href=\"http:\/\/www.morskodobro.com\/download\/10715_d2.zip\"><img src=\"http:\/\/www.morskodobro.com\/images\/zip.gif\" border=\"0\" alt=\"\" align=\"absbottom\" \/> <strong>DOWNLOAD<\/strong><\/a><\/td>\n<\/tr>\n<tr>\n<td colspan=\"2\" height=\"22\">\n<div><strong><br \/>\nJP  Morsko dobro, 23.12.2010<\/strong><\/div>\n<\/td>\n<\/tr>\n<\/tbody>\n<\/table>\n","protected":false},"excerpt":{"rendered":"<p>\u201eMorsko Dobro\u201c kuca nova rje\u0161enja za ru\u0161enja na adi bojani, koja \u0107e uslijediti poslije susreta sa novim ministrom turizma Ulcinj &#8211; Vi\u0161e od 300 vlasnika ku\u0107ica i vikendica na Adi Bojani zaklju\u010dilo je ugovor sa javnim preduze\u0107em \u201eMorsko dobro\u201c o kori\u0161\u0107enju dr\u017eavnog zemlji\u0161ta, dok \u0107e se preostalih stotinak vjerovatno suo\u010diti sa ru\u0161enjem svojih objekata, potvr\u0111eno [&hellip;]<\/p>\n","protected":false},"author":1,"featured_media":0,"comment_status":"open","ping_status":"closed","sticky":false,"template":"","format":"standard","meta":{"spay_email":"","jetpack_publicize_message":"","jetpack_is_tweetstorm":false,"jetpack_publicize_feature_enabled":true},"categories":[8337],"tags":[138,2725,19],"jetpack_publicize_connections":[],"yoast_head":"<!-- This site is optimized with the Yoast SEO plugin v19.1 - https:\/\/yoast.com\/wordpress\/plugins\/seo\/ -->\n<title>Ada Bojana: Pod vilju\u0161kom 100 vikendica - Lajme nga Ulqini<\/title>\n<meta name=\"description\" content=\"\u201eMorsko Dobro\u201c kuca nova rje\u0161enja za ru\u0161enja na adi bojani, koja \u0107e uslijediti poslije susreta sa novim ministrom turizma Ulcinj - Vi\u0161e od 300 vlasnika\" \/>\n<meta name=\"robots\" content=\"index, follow, max-snippet:-1, max-image-preview:large, max-video-preview:-1\" \/>\n<link rel=\"canonical\" href=\"https:\/\/www.visit-ulcinj.com\/blog\/2011\/01\/13\/ada-bojana-pod-viljuskom-100-vikendica\/\" \/>\n<meta property=\"og:locale\" content=\"en_US\" \/>\n<meta property=\"og:type\" content=\"article\" \/>\n<meta property=\"og:title\" content=\"Ada Bojana: Pod vilju\u0161kom 100 vikendica - Lajme nga Ulqini\" \/>\n<meta property=\"og:description\" content=\"\u201eMorsko Dobro\u201c kuca nova rje\u0161enja za ru\u0161enja na adi bojani, koja \u0107e uslijediti poslije susreta sa novim ministrom turizma Ulcinj - Vi\u0161e od 300 vlasnika\" \/>\n<meta property=\"og:url\" content=\"https:\/\/www.visit-ulcinj.com\/blog\/2011\/01\/13\/ada-bojana-pod-viljuskom-100-vikendica\/\" \/>\n<meta property=\"og:site_name\" content=\"Lajme nga Ulqini\" \/>\n<meta property=\"article:published_time\" content=\"2011-01-13T15:20:27+00:00\" \/>\n<meta property=\"article:modified_time\" content=\"2011-01-13T15:23:31+00:00\" \/>\n<meta property=\"og:image\" content=\"http:\/\/www.visit-ulcinj.com\/blog\/wp-content\/uploads\/2011\/01\/Ada-BOJANA_ULCINJ_MONTENEGRO.jpg\" \/>\n<meta name=\"twitter:label1\" content=\"Written by\" \/>\n\t<meta name=\"twitter:data1\" content=\"ulqini\" \/>\n\t<meta name=\"twitter:label2\" content=\"Est. reading time\" \/>\n\t<meta name=\"twitter:data2\" content=\"3 minutes\" \/>\n<script type=\"application\/ld+json\" class=\"yoast-schema-graph\">{\"@context\":\"https:\/\/schema.org\",\"@graph\":[{\"@type\":\"WebSite\",\"@id\":\"https:\/\/www.visit-ulcinj.com\/blog\/#website\",\"url\":\"https:\/\/www.visit-ulcinj.com\/blog\/\",\"name\":\"Lajme nga Ulqini\",\"description\":\"Lajme,Vijesti,Ulqini,Ulqin,Crna Gora,Mali i Zi\",\"potentialAction\":[{\"@type\":\"SearchAction\",\"target\":{\"@type\":\"EntryPoint\",\"urlTemplate\":\"https:\/\/www.visit-ulcinj.com\/blog\/?s={search_term_string}\"},\"query-input\":\"required name=search_term_string\"}],\"inLanguage\":\"en-US\"},{\"@type\":\"ImageObject\",\"inLanguage\":\"en-US\",\"@id\":\"https:\/\/www.visit-ulcinj.com\/blog\/2011\/01\/13\/ada-bojana-pod-viljuskom-100-vikendica\/#primaryimage\",\"url\":\"https:\/\/www.visit-ulcinj.com\/blog\/wp-content\/uploads\/2011\/01\/Ada-BOJANA_ULCINJ_MONTENEGRO.jpg\",\"contentUrl\":\"https:\/\/www.visit-ulcinj.com\/blog\/wp-content\/uploads\/2011\/01\/Ada-BOJANA_ULCINJ_MONTENEGRO.jpg\",\"width\":\"965\",\"height\":\"513\"},{\"@type\":\"WebPage\",\"@id\":\"https:\/\/www.visit-ulcinj.com\/blog\/2011\/01\/13\/ada-bojana-pod-viljuskom-100-vikendica\/#webpage\",\"url\":\"https:\/\/www.visit-ulcinj.com\/blog\/2011\/01\/13\/ada-bojana-pod-viljuskom-100-vikendica\/\",\"name\":\"Ada Bojana: Pod vilju\u0161kom 100 vikendica - Lajme nga Ulqini\",\"isPartOf\":{\"@id\":\"https:\/\/www.visit-ulcinj.com\/blog\/#website\"},\"primaryImageOfPage\":{\"@id\":\"https:\/\/www.visit-ulcinj.com\/blog\/2011\/01\/13\/ada-bojana-pod-viljuskom-100-vikendica\/#primaryimage\"},\"datePublished\":\"2011-01-13T15:20:27+00:00\",\"dateModified\":\"2011-01-13T15:23:31+00:00\",\"author\":{\"@id\":\"https:\/\/www.visit-ulcinj.com\/blog\/#\/schema\/person\/dcab619c614d3038751c63bc2aadc06d\"},\"description\":\"\u201eMorsko Dobro\u201c kuca nova rje\u0161enja za ru\u0161enja na adi bojani, koja \u0107e uslijediti poslije susreta sa novim ministrom turizma Ulcinj - Vi\u0161e od 300 vlasnika\",\"breadcrumb\":{\"@id\":\"https:\/\/www.visit-ulcinj.com\/blog\/2011\/01\/13\/ada-bojana-pod-viljuskom-100-vikendica\/#breadcrumb\"},\"inLanguage\":\"en-US\",\"potentialAction\":[{\"@type\":\"ReadAction\",\"target\":[\"https:\/\/www.visit-ulcinj.com\/blog\/2011\/01\/13\/ada-bojana-pod-viljuskom-100-vikendica\/\"]}]},{\"@type\":\"BreadcrumbList\",\"@id\":\"https:\/\/www.visit-ulcinj.com\/blog\/2011\/01\/13\/ada-bojana-pod-viljuskom-100-vikendica\/#breadcrumb\",\"itemListElement\":[{\"@type\":\"ListItem\",\"position\":1,\"name\":\"Ada Bojana: Pod vilju\u0161kom 100 vikendica\"}]},{\"@type\":\"Person\",\"@id\":\"https:\/\/www.visit-ulcinj.com\/blog\/#\/schema\/person\/dcab619c614d3038751c63bc2aadc06d\",\"name\":\"ulqini\",\"sameAs\":[\"http:\/\/www.visit-ulcinj.com\"],\"url\":\"https:\/\/www.visit-ulcinj.com\/blog\/author\/admin\/\"}]}<\/script>\n<!-- \/ Yoast SEO plugin. -->","yoast_head_json":{"title":"Ada Bojana: Pod vilju\u0161kom 100 vikendica - Lajme nga Ulqini","description":"\u201eMorsko Dobro\u201c kuca nova rje\u0161enja za ru\u0161enja na adi bojani, koja \u0107e uslijediti poslije susreta sa novim ministrom turizma Ulcinj - Vi\u0161e od 300 vlasnika","robots":{"index":"index","follow":"follow","max-snippet":"max-snippet:-1","max-image-preview":"max-image-preview:large","max-video-preview":"max-video-preview:-1"},"canonical":"https:\/\/www.visit-ulcinj.com\/blog\/2011\/01\/13\/ada-bojana-pod-viljuskom-100-vikendica\/","og_locale":"en_US","og_type":"article","og_title":"Ada Bojana: Pod vilju\u0161kom 100 vikendica - Lajme nga Ulqini","og_description":"\u201eMorsko Dobro\u201c kuca nova rje\u0161enja za ru\u0161enja na adi bojani, koja \u0107e uslijediti poslije susreta sa novim ministrom turizma Ulcinj - Vi\u0161e od 300 vlasnika","og_url":"https:\/\/www.visit-ulcinj.com\/blog\/2011\/01\/13\/ada-bojana-pod-viljuskom-100-vikendica\/","og_site_name":"Lajme nga Ulqini","article_published_time":"2011-01-13T15:20:27+00:00","article_modified_time":"2011-01-13T15:23:31+00:00","og_image":[{"url":"http:\/\/www.visit-ulcinj.com\/blog\/wp-content\/uploads\/2011\/01\/Ada-BOJANA_ULCINJ_MONTENEGRO.jpg"}],"twitter_misc":{"Written by":"ulqini","Est. reading time":"3 minutes"},"schema":{"@context":"https:\/\/schema.org","@graph":[{"@type":"WebSite","@id":"https:\/\/www.visit-ulcinj.com\/blog\/#website","url":"https:\/\/www.visit-ulcinj.com\/blog\/","name":"Lajme nga Ulqini","description":"Lajme,Vijesti,Ulqini,Ulqin,Crna Gora,Mali i Zi","potentialAction":[{"@type":"SearchAction","target":{"@type":"EntryPoint","urlTemplate":"https:\/\/www.visit-ulcinj.com\/blog\/?s={search_term_string}"},"query-input":"required name=search_term_string"}],"inLanguage":"en-US"},{"@type":"ImageObject","inLanguage":"en-US","@id":"https:\/\/www.visit-ulcinj.com\/blog\/2011\/01\/13\/ada-bojana-pod-viljuskom-100-vikendica\/#primaryimage","url":"https:\/\/www.visit-ulcinj.com\/blog\/wp-content\/uploads\/2011\/01\/Ada-BOJANA_ULCINJ_MONTENEGRO.jpg","contentUrl":"https:\/\/www.visit-ulcinj.com\/blog\/wp-content\/uploads\/2011\/01\/Ada-BOJANA_ULCINJ_MONTENEGRO.jpg","width":"965","height":"513"},{"@type":"WebPage","@id":"https:\/\/www.visit-ulcinj.com\/blog\/2011\/01\/13\/ada-bojana-pod-viljuskom-100-vikendica\/#webpage","url":"https:\/\/www.visit-ulcinj.com\/blog\/2011\/01\/13\/ada-bojana-pod-viljuskom-100-vikendica\/","name":"Ada Bojana: Pod vilju\u0161kom 100 vikendica - Lajme nga Ulqini","isPartOf":{"@id":"https:\/\/www.visit-ulcinj.com\/blog\/#website"},"primaryImageOfPage":{"@id":"https:\/\/www.visit-ulcinj.com\/blog\/2011\/01\/13\/ada-bojana-pod-viljuskom-100-vikendica\/#primaryimage"},"datePublished":"2011-01-13T15:20:27+00:00","dateModified":"2011-01-13T15:23:31+00:00","author":{"@id":"https:\/\/www.visit-ulcinj.com\/blog\/#\/schema\/person\/dcab619c614d3038751c63bc2aadc06d"},"description":"\u201eMorsko Dobro\u201c kuca nova rje\u0161enja za ru\u0161enja na adi bojani, koja \u0107e uslijediti poslije susreta sa novim ministrom turizma Ulcinj - Vi\u0161e od 300 vlasnika","breadcrumb":{"@id":"https:\/\/www.visit-ulcinj.com\/blog\/2011\/01\/13\/ada-bojana-pod-viljuskom-100-vikendica\/#breadcrumb"},"inLanguage":"en-US","potentialAction":[{"@type":"ReadAction","target":["https:\/\/www.visit-ulcinj.com\/blog\/2011\/01\/13\/ada-bojana-pod-viljuskom-100-vikendica\/"]}]},{"@type":"BreadcrumbList","@id":"https:\/\/www.visit-ulcinj.com\/blog\/2011\/01\/13\/ada-bojana-pod-viljuskom-100-vikendica\/#breadcrumb","itemListElement":[{"@type":"ListItem","position":1,"name":"Ada Bojana: Pod vilju\u0161kom 100 vikendica"}]},{"@type":"Person","@id":"https:\/\/www.visit-ulcinj.com\/blog\/#\/schema\/person\/dcab619c614d3038751c63bc2aadc06d","name":"ulqini","sameAs":["http:\/\/www.visit-ulcinj.com"],"url":"https:\/\/www.visit-ulcinj.com\/blog\/author\/admin\/"}]}},"jetpack_featured_media_url":"","jetpack_sharing_enabled":true,"jetpack_shortlink":"https:\/\/wp.me\/pe6lTn-aZs","_links":{"self":[{"href":"https:\/\/www.visit-ulcinj.com\/blog\/wp-json\/wp\/v2\/posts\/42250"}],"collection":[{"href":"https:\/\/www.visit-ulcinj.com\/blog\/wp-json\/wp\/v2\/posts"}],"about":[{"href":"https:\/\/www.visit-ulcinj.com\/blog\/wp-json\/wp\/v2\/types\/post"}],"author":[{"embeddable":true,"href":"https:\/\/www.visit-ulcinj.com\/blog\/wp-json\/wp\/v2\/users\/1"}],"replies":[{"embeddable":true,"href":"https:\/\/www.visit-ulcinj.com\/blog\/wp-json\/wp\/v2\/comments?post=42250"}],"version-history":[{"count":0,"href":"https:\/\/www.visit-ulcinj.com\/blog\/wp-json\/wp\/v2\/posts\/42250\/revisions"}],"wp:attachment":[{"href":"https:\/\/www.visit-ulcinj.com\/blog\/wp-json\/wp\/v2\/media?parent=42250"}],"wp:term":[{"taxonomy":"category","embeddable":true,"href":"https:\/\/www.visit-ulcinj.com\/blog\/wp-json\/wp\/v2\/categories?post=42250"},{"taxonomy":"post_tag","embeddable":true,"href":"https:\/\/www.visit-ulcinj.com\/blog\/wp-json\/wp\/v2\/tags?post=42250"}],"curies":[{"name":"wp","href":"https:\/\/api.w.org\/{rel}","templated":true}]}}