{"id":42255,"date":"2011-01-13T20:59:25","date_gmt":"2011-01-13T19:59:25","guid":{"rendered":"http:\/\/www.visit-ulcinj.com\/blog\/?p=42255"},"modified":"2011-01-24T08:25:55","modified_gmt":"2011-01-24T07:25:55","slug":"pocelo-potpisivanje-peticije-za-zastitu-uvale-kraj-ulcinja","status":"publish","type":"post","link":"https:\/\/www.visit-ulcinj.com\/blog\/2011\/01\/13\/pocelo-potpisivanje-peticije-za-zastitu-uvale-kraj-ulcinja\/","title":{"rendered":"Po\u010delo potpisivanje peticije za za\u0161titu uvale kraj Ulcinja"},"content":{"rendered":"<p><strong><a href=\"http:\/\/www.visit-ulcinj.com\/blog\/wp-content\/uploads\/2011\/01\/Otvoreno-pismo-Ministru-Sekulicu-od-strane-Grupe-Ulcinjskih-NVO-i-nezavisnih-intelektualaca.1.jpg\"><img loading=\"lazy\" class=\"alignleft size-full wp-image-42040\" title=\"Otvoreno pismo Ministru Sekulicu od strane Grupe Ulcinjskih NVO i nezavisnih intelektualaca.1\" src=\"http:\/\/www.visit-ulcinj.com\/blog\/wp-content\/uploads\/2011\/01\/Otvoreno-pismo-Ministru-Sekulicu-od-strane-Grupe-Ulcinjskih-NVO-i-nezavisnih-intelektualaca.1.jpg\" alt=\"\" width=\"508\" height=\"380\" \/><\/a>I knji\u017eevnici brane Valdanos<\/strong><strong><br \/>\n<\/strong>Ulcinj &#8211; Vi\u0161e od 50 intelektualaca, prije svega knji\u017eevnika, novinara, turisti\u010dkih radnika, advokata i predstavnika NVO sektora \u0161irom Crne Gore, potpisalo je peticiju za za\u0161titu Valdanosa kojom od Vlade tra\u017ee da po\u0161tuje zakone i tenderske procedure i poni\u0161ti tender za zakup te uvale kraj Ulcinja. Potpisnici tra\u017ee da oko \u201e\u0161tetnog posla\u201c reaguje Skup\u0161tina Crne Gore i ostale dr\u017eavne institucije i tako sprije\u010de \u201ejo\u0161 jednu nepotrebnu aferu sa nesagledivim posljedicama\u201c.<br \/>\n&#8211; Zahtijevamo da se uvala Valdanos, kao jedinstven pejza\u017eni ambijent sa Mendrom i Mavrijanom, za\u0161titi i ostane ono \u0161to je vjekovima bila, park prirode, izleti\u0161te i kupali\u0161te za sve gra\u0111ane Crne Gore i na\u0161e goste. Tako\u0111e, neophodno je hitno pristupiti revitalizaciji i obnovi tog najpoznatijeg maslinjaka na Crnogorskom primorju &#8211; pi\u0161e u saop\u0161tenju iza koga stoji rupa ulcinjskih NVO i nezavisnih intelektualaca.<\/p>\n<p>U njemu se na kraju tra\u017ei da vlast ukloni kapiju na ulazu u Valdanos \u201ekako bi svi koji to \u017eele mogli da se nesmetano dive njegovoj ljepoti i da slobodno u\u017eivaju u javnom dobru\u201c. Podsje\u0107a se da je Valdanos 1968. godine progla\u0161en spomenikom prirode, te da je Zakonom o maslinarstvu taj maslinjak od 18.000 stabala prosje\u010dne starosti 800 godina stavljen pod posebnu za\u0161titu dr\u017eave.<br \/>\n&#8211; Ali ve\u0107 33 godine masline u toj jedinstvenoj uvali tragi\u010dno propadaju. Vi\u0161e od 70 odsto maslina je devastirano, zaraslo u makiju i \u017ebunje. To se de\u0161ava \u010dak i u posljednjih \u0161est godina, od kada tim prostorom gazduje Vlada na\u0161e dr\u017eave. Umjesto da vrati imovinu ranijim vlasnicima i izbjegne sudske procese, Vlada ve\u0107 pune dvije godine poku\u0161ava da izda u dugoro\u010dni zakup tu najljep\u0161u uvalu na Crnogorskom primorju, ukupne povr\u0161ine 3,4 miliona metara kvadratnih. I to po 18 centi po metru kvadratnom, \u0161to godi\u0161nje iznosi oko 660 hiljada eura!? Samo po osnovu neubiranja maslina i njihovog prera\u0111ivanja u ulje, raniji vlasnici godi\u0161nje gube bar tri puta vi\u0161e, ali i dr\u017eava zbog manjih bud\u017eetskih prihoda &#8211; pi\u0161e u saop\u0161tenju i dodaje da je od dvije kompanije koje su se prijavile na tenderu, Vlada \u201eu spornoj proceduri, odabrala firmu koja ne ispunjava nijedan tenderski uslov, koja posluje sa gubicima i nema novaca da izgradi navodno ekskluzivno odmarali\u0161te, a uz to niti ima namjeru da brine o maslinjacima\u201c.<\/p>\n<p>Peticiju su potpisali: Mladen Lompar predsjednik Crnogorskog PEN centra, dr Vuki\u0107 Pulevi\u0107 biolog-botani\u010dar, Jevrem Brkovi\u0107 knji\u017eevnik, Branko Lukovac diplomata, profesori univerziteta dr Miodrag &#8211; Mi\u0161ko Perovi\u0107, dr \u0160erbo Rastoder, dr Sim Dobreci, dr Maja Kosti\u0107 &#8211; Mandi\u0107, dr Milan Popovi\u0107, dr Maksut Had\u017eibrahimovi\u0107, dr Mirjana Kuljak, dr Vjera Radovi\u0107 &#8211; Begovi\u0107, dr Milenko Popovi\u0107 i dr Filip Kova\u010devi\u0107, dr Nail Draga geograf, Milika Pavlovi\u0107 knji\u017eevnik, poslanici Genci Nimanbegu i mr Aleksandar Damjanovi\u0107, Milka Tadi\u0107-Mijovi\u0107 izvr\u0161na direktorka nedjeljnika \u201eMonitor\u201c, Dejan Milovac direktor programa za urbanizam u MANS-u, mr Aleksandar \u2013 Sa\u0161a Zekovi\u0107 istra\u017eiva\u010d kr\u0161enja ljudskih prava, Boris Raoni\u0107 programski direktor Inicijative mladih za ljudska prava, Aleksandar Dedovi\u0107 direktor Alfa centra, Darko Hajdukovi\u0107 advokat, Ervina Dabi\u017einovi\u0107 mirovna i \u017eenska aktivistkinja, Ljupka Kova\u010devi\u0107 izvr\u0161na direktorica NVO \u201cANIMA\u201d, mr Branislav Radulovi\u0107 potpredsjednik Udru\u017eenja pravnika Crne Gore, Edina Hasanagi\u0107 &#8211; \u010cobaj Inicijativa mladih za ljudska prava, Daliborka Uljarevi\u0107 izvr\u0161na direktorka Centra za gra\u0111ansko obrazovanje, Igor Milo\u0161evi\u0107 izvr\u0161ni direkotor ADP \u201eZid\u201c, Esad Ko\u010dan glavni urednik nedjeljnika \u201eMonitor\u201c, Dragoljub-Du\u0161ko Vukovi\u0107 novinar, Marijana Kadi\u0107 \u2013 Bojani\u0107 novinar, Darko Pajovi\u0107 ekolog, Darko Savelji\u0107 ornitolog, Luka \u2013 Batko \u0110akonovi\u0107 kapetan duge plovidbe, Sr\u0111a Kekovi\u0107 generalni sekretar Unije slobodnih sindikata, Branka Plamenac novinar, Marija \u010colpa dramaturg i novinar, D\u017eevdet Pepi\u0107 novinar, Vuka\u0161in \u0106ulafi\u0107 turisti\u010dki radnik, Isat Dragovoja turizmolog, D\u017eelal Hod\u017ei\u0107 ekolog, Sead Sadikovi\u0107 novinar, D\u017eaudet Cakuli Udru\u017eenje maslinara Ulcinja, Vjera Marki\u0107 pravnik, D\u017eabir Hod\u017ea ekonomista, Ilir Lazorja NVO \u201eAurora\u201c, D\u017eemal M. Perovi\u0107 MOGUL, mr Dritan Abazovi\u0107 politolog i Mustafa Canka novinar.<\/p>\n<h3>Grupa ulcinjskih NVO i nezavisnih intelektualaca obavijestila je javnost da se potpisivanje peticije nastavlja on-line, od nosno na sajtu <strong><a href=\"http:\/\/www.valdanos.me\/index.php?option=com_petitions&amp;view=petition&amp;id=17&amp;Itemid=58\" target=\"_blank\">www.valdanos.me\/<\/a><\/strong><\/h3>\n<p><strong>S. A.<br \/>\n<a href=\"http:\/\/www.valdanos.me\/index.php?option=com_petitions&amp;view=petition&amp;id=17&amp;Itemid=58\" target=\"_blank\">Vijesti<br \/>\n<img loading=\"lazy\" class=\"alignleft\" src=\"http:\/\/www.valdanos.me\/images\/stories\/blog_header.jpg\" alt=\"Peticija za za\u0161titu uvale Valdanosa\" width=\"490\" height=\"194\" \/><\/a><\/strong><\/p>\n<p><strong> <\/strong><\/p>\n<h2><a href=\"http:\/\/www.valdanos.me\/index.php?option=com_petitions&amp;view=petition&amp;id=17&amp;Itemid=58\" target=\"_blank\"><strong>Link: Peticija za za\u0161titu uvale Valdanosa<\/strong><\/a><\/h2>\n<p><a href=\"http:\/\/www.vijesti.me\/\" target=\"_blank\"><\/a><\/p>\n","protected":false},"excerpt":{"rendered":"<p>I knji\u017eevnici brane Valdanos Ulcinj &#8211; Vi\u0161e od 50 intelektualaca, prije svega knji\u017eevnika, novinara, turisti\u010dkih radnika, advokata i predstavnika NVO sektora \u0161irom Crne Gore, potpisalo je peticiju za za\u0161titu Valdanosa kojom od Vlade tra\u017ee da po\u0161tuje zakone i tenderske procedure i poni\u0161ti tender za zakup te uvale kraj Ulcinja. Potpisnici tra\u017ee da oko \u201e\u0161tetnog posla\u201c [&hellip;]<\/p>\n","protected":false},"author":1,"featured_media":0,"comment_status":"open","ping_status":"closed","sticky":false,"template":"","format":"standard","meta":{"spay_email":"","jetpack_publicize_message":"","jetpack_is_tweetstorm":false,"jetpack_publicize_feature_enabled":true},"categories":[8337],"tags":[16902,16917,16921,16924,16929,16933,16963,16969,16973,16977,16979,16910,16911,16913,16938,20,16912,16936,16930,16965,16956,16978,16962,16922,16952,16946,16932,16942,16948,16928,16950,16960,16907,16940,16982,5577,16980,16958,16984,16925,16944,16976,16903,16909,16934,16968,16970,16974,19,4144,136],"jetpack_publicize_connections":[],"yoast_head":"<!-- This site is optimized with the Yoast SEO plugin v19.1 - https:\/\/yoast.com\/wordpress\/plugins\/seo\/ -->\n<title>Po\u010delo potpisivanje peticije za za\u0161titu uvale kraj Ulcinja - Lajme nga Ulqini<\/title>\n<meta name=\"description\" content=\"I knji\u017eevnici brane Valdanos Ulcinj - Vi\u0161e od 50 intelektualaca, prije svega knji\u017eevnika, novinara, turisti\u010dkih radnika, advokata i predstavnika NVO\" \/>\n<meta name=\"robots\" content=\"index, follow, max-snippet:-1, max-image-preview:large, max-video-preview:-1\" \/>\n<link rel=\"canonical\" href=\"https:\/\/www.visit-ulcinj.com\/blog\/2011\/01\/13\/pocelo-potpisivanje-peticije-za-zastitu-uvale-kraj-ulcinja\/\" \/>\n<meta property=\"og:locale\" content=\"en_US\" \/>\n<meta property=\"og:type\" content=\"article\" \/>\n<meta property=\"og:title\" content=\"Po\u010delo potpisivanje peticije za za\u0161titu uvale kraj Ulcinja - Lajme nga Ulqini\" \/>\n<meta property=\"og:description\" content=\"I knji\u017eevnici brane Valdanos Ulcinj - Vi\u0161e od 50 intelektualaca, prije svega knji\u017eevnika, novinara, turisti\u010dkih radnika, advokata i predstavnika NVO\" \/>\n<meta property=\"og:url\" content=\"https:\/\/www.visit-ulcinj.com\/blog\/2011\/01\/13\/pocelo-potpisivanje-peticije-za-zastitu-uvale-kraj-ulcinja\/\" \/>\n<meta property=\"og:site_name\" content=\"Lajme nga Ulqini\" \/>\n<meta property=\"article:published_time\" content=\"2011-01-13T19:59:25+00:00\" \/>\n<meta property=\"article:modified_time\" content=\"2011-01-24T07:25:55+00:00\" \/>\n<meta property=\"og:image\" content=\"http:\/\/www.visit-ulcinj.com\/blog\/wp-content\/uploads\/2011\/01\/Otvoreno-pismo-Ministru-Sekulicu-od-strane-Grupe-Ulcinjskih-NVO-i-nezavisnih-intelektualaca.1.jpg\" \/>\n<meta name=\"twitter:label1\" content=\"Written by\" \/>\n\t<meta name=\"twitter:data1\" content=\"ulqini\" \/>\n\t<meta name=\"twitter:label2\" content=\"Est. reading time\" \/>\n\t<meta name=\"twitter:data2\" content=\"4 minutes\" \/>\n<script type=\"application\/ld+json\" class=\"yoast-schema-graph\">{\"@context\":\"https:\/\/schema.org\",\"@graph\":[{\"@type\":\"WebSite\",\"@id\":\"https:\/\/www.visit-ulcinj.com\/blog\/#website\",\"url\":\"https:\/\/www.visit-ulcinj.com\/blog\/\",\"name\":\"Lajme nga Ulqini\",\"description\":\"Lajme,Vijesti,Ulqini,Ulqin,Crna Gora,Mali i Zi\",\"potentialAction\":[{\"@type\":\"SearchAction\",\"target\":{\"@type\":\"EntryPoint\",\"urlTemplate\":\"https:\/\/www.visit-ulcinj.com\/blog\/?s={search_term_string}\"},\"query-input\":\"required name=search_term_string\"}],\"inLanguage\":\"en-US\"},{\"@type\":\"ImageObject\",\"inLanguage\":\"en-US\",\"@id\":\"https:\/\/www.visit-ulcinj.com\/blog\/2011\/01\/13\/pocelo-potpisivanje-peticije-za-zastitu-uvale-kraj-ulcinja\/#primaryimage\",\"url\":\"https:\/\/www.visit-ulcinj.com\/blog\/wp-content\/uploads\/2011\/01\/Otvoreno-pismo-Ministru-Sekulicu-od-strane-Grupe-Ulcinjskih-NVO-i-nezavisnih-intelektualaca.1.jpg\",\"contentUrl\":\"https:\/\/www.visit-ulcinj.com\/blog\/wp-content\/uploads\/2011\/01\/Otvoreno-pismo-Ministru-Sekulicu-od-strane-Grupe-Ulcinjskih-NVO-i-nezavisnih-intelektualaca.1.jpg\",\"width\":\"604\",\"height\":\"403\"},{\"@type\":\"WebPage\",\"@id\":\"https:\/\/www.visit-ulcinj.com\/blog\/2011\/01\/13\/pocelo-potpisivanje-peticije-za-zastitu-uvale-kraj-ulcinja\/#webpage\",\"url\":\"https:\/\/www.visit-ulcinj.com\/blog\/2011\/01\/13\/pocelo-potpisivanje-peticije-za-zastitu-uvale-kraj-ulcinja\/\",\"name\":\"Po\u010delo potpisivanje peticije za za\u0161titu uvale kraj Ulcinja - Lajme nga Ulqini\",\"isPartOf\":{\"@id\":\"https:\/\/www.visit-ulcinj.com\/blog\/#website\"},\"primaryImageOfPage\":{\"@id\":\"https:\/\/www.visit-ulcinj.com\/blog\/2011\/01\/13\/pocelo-potpisivanje-peticije-za-zastitu-uvale-kraj-ulcinja\/#primaryimage\"},\"datePublished\":\"2011-01-13T19:59:25+00:00\",\"dateModified\":\"2011-01-24T07:25:55+00:00\",\"author\":{\"@id\":\"https:\/\/www.visit-ulcinj.com\/blog\/#\/schema\/person\/dcab619c614d3038751c63bc2aadc06d\"},\"description\":\"I knji\u017eevnici brane Valdanos Ulcinj - Vi\u0161e od 50 intelektualaca, prije svega knji\u017eevnika, novinara, turisti\u010dkih radnika, advokata i predstavnika NVO\",\"breadcrumb\":{\"@id\":\"https:\/\/www.visit-ulcinj.com\/blog\/2011\/01\/13\/pocelo-potpisivanje-peticije-za-zastitu-uvale-kraj-ulcinja\/#breadcrumb\"},\"inLanguage\":\"en-US\",\"potentialAction\":[{\"@type\":\"ReadAction\",\"target\":[\"https:\/\/www.visit-ulcinj.com\/blog\/2011\/01\/13\/pocelo-potpisivanje-peticije-za-zastitu-uvale-kraj-ulcinja\/\"]}]},{\"@type\":\"BreadcrumbList\",\"@id\":\"https:\/\/www.visit-ulcinj.com\/blog\/2011\/01\/13\/pocelo-potpisivanje-peticije-za-zastitu-uvale-kraj-ulcinja\/#breadcrumb\",\"itemListElement\":[{\"@type\":\"ListItem\",\"position\":1,\"name\":\"Po\u010delo potpisivanje peticije za za\u0161titu uvale kraj Ulcinja\"}]},{\"@type\":\"Person\",\"@id\":\"https:\/\/www.visit-ulcinj.com\/blog\/#\/schema\/person\/dcab619c614d3038751c63bc2aadc06d\",\"name\":\"ulqini\",\"sameAs\":[\"http:\/\/www.visit-ulcinj.com\"],\"url\":\"https:\/\/www.visit-ulcinj.com\/blog\/author\/admin\/\"}]}<\/script>\n<!-- \/ Yoast SEO plugin. -->","yoast_head_json":{"title":"Po\u010delo potpisivanje peticije za za\u0161titu uvale kraj Ulcinja - Lajme nga Ulqini","description":"I knji\u017eevnici brane Valdanos Ulcinj - Vi\u0161e od 50 intelektualaca, prije svega knji\u017eevnika, novinara, turisti\u010dkih radnika, advokata i predstavnika NVO","robots":{"index":"index","follow":"follow","max-snippet":"max-snippet:-1","max-image-preview":"max-image-preview:large","max-video-preview":"max-video-preview:-1"},"canonical":"https:\/\/www.visit-ulcinj.com\/blog\/2011\/01\/13\/pocelo-potpisivanje-peticije-za-zastitu-uvale-kraj-ulcinja\/","og_locale":"en_US","og_type":"article","og_title":"Po\u010delo potpisivanje peticije za za\u0161titu uvale kraj Ulcinja - Lajme nga Ulqini","og_description":"I knji\u017eevnici brane Valdanos Ulcinj - Vi\u0161e od 50 intelektualaca, prije svega knji\u017eevnika, novinara, turisti\u010dkih radnika, advokata i predstavnika NVO","og_url":"https:\/\/www.visit-ulcinj.com\/blog\/2011\/01\/13\/pocelo-potpisivanje-peticije-za-zastitu-uvale-kraj-ulcinja\/","og_site_name":"Lajme nga Ulqini","article_published_time":"2011-01-13T19:59:25+00:00","article_modified_time":"2011-01-24T07:25:55+00:00","og_image":[{"url":"http:\/\/www.visit-ulcinj.com\/blog\/wp-content\/uploads\/2011\/01\/Otvoreno-pismo-Ministru-Sekulicu-od-strane-Grupe-Ulcinjskih-NVO-i-nezavisnih-intelektualaca.1.jpg"}],"twitter_misc":{"Written by":"ulqini","Est. reading time":"4 minutes"},"schema":{"@context":"https:\/\/schema.org","@graph":[{"@type":"WebSite","@id":"https:\/\/www.visit-ulcinj.com\/blog\/#website","url":"https:\/\/www.visit-ulcinj.com\/blog\/","name":"Lajme nga Ulqini","description":"Lajme,Vijesti,Ulqini,Ulqin,Crna Gora,Mali i Zi","potentialAction":[{"@type":"SearchAction","target":{"@type":"EntryPoint","urlTemplate":"https:\/\/www.visit-ulcinj.com\/blog\/?s={search_term_string}"},"query-input":"required name=search_term_string"}],"inLanguage":"en-US"},{"@type":"ImageObject","inLanguage":"en-US","@id":"https:\/\/www.visit-ulcinj.com\/blog\/2011\/01\/13\/pocelo-potpisivanje-peticije-za-zastitu-uvale-kraj-ulcinja\/#primaryimage","url":"https:\/\/www.visit-ulcinj.com\/blog\/wp-content\/uploads\/2011\/01\/Otvoreno-pismo-Ministru-Sekulicu-od-strane-Grupe-Ulcinjskih-NVO-i-nezavisnih-intelektualaca.1.jpg","contentUrl":"https:\/\/www.visit-ulcinj.com\/blog\/wp-content\/uploads\/2011\/01\/Otvoreno-pismo-Ministru-Sekulicu-od-strane-Grupe-Ulcinjskih-NVO-i-nezavisnih-intelektualaca.1.jpg","width":"604","height":"403"},{"@type":"WebPage","@id":"https:\/\/www.visit-ulcinj.com\/blog\/2011\/01\/13\/pocelo-potpisivanje-peticije-za-zastitu-uvale-kraj-ulcinja\/#webpage","url":"https:\/\/www.visit-ulcinj.com\/blog\/2011\/01\/13\/pocelo-potpisivanje-peticije-za-zastitu-uvale-kraj-ulcinja\/","name":"Po\u010delo potpisivanje peticije za za\u0161titu uvale kraj Ulcinja - Lajme nga Ulqini","isPartOf":{"@id":"https:\/\/www.visit-ulcinj.com\/blog\/#website"},"primaryImageOfPage":{"@id":"https:\/\/www.visit-ulcinj.com\/blog\/2011\/01\/13\/pocelo-potpisivanje-peticije-za-zastitu-uvale-kraj-ulcinja\/#primaryimage"},"datePublished":"2011-01-13T19:59:25+00:00","dateModified":"2011-01-24T07:25:55+00:00","author":{"@id":"https:\/\/www.visit-ulcinj.com\/blog\/#\/schema\/person\/dcab619c614d3038751c63bc2aadc06d"},"description":"I knji\u017eevnici brane Valdanos Ulcinj - Vi\u0161e od 50 intelektualaca, prije svega knji\u017eevnika, novinara, turisti\u010dkih radnika, advokata i predstavnika NVO","breadcrumb":{"@id":"https:\/\/www.visit-ulcinj.com\/blog\/2011\/01\/13\/pocelo-potpisivanje-peticije-za-zastitu-uvale-kraj-ulcinja\/#breadcrumb"},"inLanguage":"en-US","potentialAction":[{"@type":"ReadAction","target":["https:\/\/www.visit-ulcinj.com\/blog\/2011\/01\/13\/pocelo-potpisivanje-peticije-za-zastitu-uvale-kraj-ulcinja\/"]}]},{"@type":"BreadcrumbList","@id":"https:\/\/www.visit-ulcinj.com\/blog\/2011\/01\/13\/pocelo-potpisivanje-peticije-za-zastitu-uvale-kraj-ulcinja\/#breadcrumb","itemListElement":[{"@type":"ListItem","position":1,"name":"Po\u010delo potpisivanje peticije za za\u0161titu uvale kraj Ulcinja"}]},{"@type":"Person","@id":"https:\/\/www.visit-ulcinj.com\/blog\/#\/schema\/person\/dcab619c614d3038751c63bc2aadc06d","name":"ulqini","sameAs":["http:\/\/www.visit-ulcinj.com"],"url":"https:\/\/www.visit-ulcinj.com\/blog\/author\/admin\/"}]}},"jetpack_featured_media_url":"","jetpack_sharing_enabled":true,"jetpack_shortlink":"https:\/\/wp.me\/pe6lTn-aZx","_links":{"self":[{"href":"https:\/\/www.visit-ulcinj.com\/blog\/wp-json\/wp\/v2\/posts\/42255"}],"collection":[{"href":"https:\/\/www.visit-ulcinj.com\/blog\/wp-json\/wp\/v2\/posts"}],"about":[{"href":"https:\/\/www.visit-ulcinj.com\/blog\/wp-json\/wp\/v2\/types\/post"}],"author":[{"embeddable":true,"href":"https:\/\/www.visit-ulcinj.com\/blog\/wp-json\/wp\/v2\/users\/1"}],"replies":[{"embeddable":true,"href":"https:\/\/www.visit-ulcinj.com\/blog\/wp-json\/wp\/v2\/comments?post=42255"}],"version-history":[{"count":0,"href":"https:\/\/www.visit-ulcinj.com\/blog\/wp-json\/wp\/v2\/posts\/42255\/revisions"}],"wp:attachment":[{"href":"https:\/\/www.visit-ulcinj.com\/blog\/wp-json\/wp\/v2\/media?parent=42255"}],"wp:term":[{"taxonomy":"category","embeddable":true,"href":"https:\/\/www.visit-ulcinj.com\/blog\/wp-json\/wp\/v2\/categories?post=42255"},{"taxonomy":"post_tag","embeddable":true,"href":"https:\/\/www.visit-ulcinj.com\/blog\/wp-json\/wp\/v2\/tags?post=42255"}],"curies":[{"name":"wp","href":"https:\/\/api.w.org\/{rel}","templated":true}]}}