{"id":4226,"date":"2008-10-14T17:20:21","date_gmt":"2008-10-14T22:20:21","guid":{"rendered":"http:\/\/www.visit-ulcinj.com\/blog\/?p=4226"},"modified":"2008-10-17T13:25:30","modified_gmt":"2008-10-17T18:25:30","slug":"fuat-nimani-protestat-e-pakices-serbe-nuk-kane-me-peshe","status":"publish","type":"post","link":"https:\/\/www.visit-ulcinj.com\/blog\/2008\/10\/14\/fuat-nimani-protestat-e-pakices-serbe-nuk-kane-me-peshe\/","title":{"rendered":"Fuat Nimani: Protestat e pakic\u00ebs serbe nuk kan\u00eb m\u00eb pesh\u00eb"},"content":{"rendered":"<p><a href=\"http:\/\/www.visit-ulcinj.com\/blog\/wp-content\/uploads\/2008\/10\/fuat-nimani.jpg\"><img loading=\"lazy\" class=\"alignleft size-medium wp-image-4227\" title=\"fuat-nimani\" src=\"http:\/\/www.visit-ulcinj.com\/blog\/wp-content\/uploads\/2008\/10\/fuat-nimani-300x214.jpg\" alt=\"\" width=\"300\" height=\"214\" srcset=\"https:\/\/www.visit-ulcinj.com\/blog\/wp-content\/uploads\/2008\/10\/fuat-nimani-300x214.jpg 300w, https:\/\/www.visit-ulcinj.com\/blog\/wp-content\/uploads\/2008\/10\/fuat-nimani.jpg 314w\" sizes=\"(max-width: 300px) 100vw, 300px\" \/><\/a>Shkod\u00ebr&#8211;I gjendur n\u00eb qytetin e Shkodr\u00ebs, Ministri i Pakicave n\u00eb Malin e Zi, Fuat Nimani ka deklaruar se \u201cnjohja e pavar\u00ebsis\u00eb s\u00eb Kosov\u00ebs nuk ka qen\u00eb e leht\u00eb p\u00ebr republik\u00ebn e vog\u00ebl fqinje\u201d. Q\u00eb dit\u00ebn e h\u00ebn\u00eb pakica politike n\u00eb Mal t\u00eb Zi, dhe mb\u00ebshtet\u00ebsit e politik\u00ebs s\u00eb Beogradit n\u00eb k\u00ebt\u00eb republik\u00eb, do t\u00eb protestojn\u00eb, por Nimani n\u00eb Shkod\u00ebr deklaron se k\u00ebto protesta nuk kan\u00eb m\u00eb pesh\u00eb. Fuat Nimani ka deklaruar se: Protestat nuk do t\u00eb ken\u00eb as vler\u00eb dhe as pesh\u00eb, sepse un\u00eb mendoj se kjo gj\u00eb \u00ebsht\u00eb vet\u00ebm e vet\u00ebm nj\u00eb reagim i p\u00ebrshprejtuar, por edhe i pamatur duke ditur se n\u00eb parlamentin ton\u00eb vet\u00eb opozita ta ka k\u00ebrkuar q\u00ebMali i Zi, ta pranoj\u00eb pavar\u00ebsin\u00eb e Kosov\u00ebs, nj\u00eb dit\u00eb pas pranimit t\u00eb Serbis\u00eb. Por un\u00eb mendoj se edhe opozita malazeze e di q\u00eb ky \u00ebsht\u00eb nj\u00eb realitet, ka shpjeguar ai, duke shtuar ka qen\u00eb nj\u00eb vendim me vler\u00eb dhe pesh\u00eb t\u00eb ve\u00e7ant\u00eb jo vet\u00ebm p\u00ebr Malin e Zi por t\u00eb gjith\u00eb rajonin. K\u00ebto jan\u00eb pro\u00e7ese integruese q\u00eb Mali i Zi i p\u00ebrkrah, dhe n\u00eb krye t\u00eb tyre \u00ebsht\u00eb Kryeministri Gjukanovi\u00e7 ka th\u00ebn\u00eb Nimani. Miratimi i k\u00ebtij vendimi ka qen\u00eb shum\u00eb i nd\u00ebrlikuar, duke ditur se brenda struktur\u00ebs s\u00eb popullat\u00ebs s\u00eb Mali t\u00eb Zi ekziston nj\u00eb 32 p\u00ebrqind\u00ebsh i cili pik\u00ebrisht p\u00ebrkrah opozit\u00ebn q\u00eb ndjek politik\u00eb pro serbe ka shtuar Nimani. N\u00eb p\u00ebrgjith\u00ebsi pranimi dhe njohja e Republik\u00ebs s\u00eb Kosov\u00ebs nga Mali i Zi ka ndezur gjakrat e opozit\u00ebs pro serbe, e cila ka deklaruar daljen dhe protestat n\u00eb sheh, kund\u00ebr k\u00ebtij vendimi q\u00eb nuk \u00ebsht\u00eb vet\u00ebm pro Kosov\u00ebs, por kryesisht pro integrimit n\u00eb Europ\u00eb dhe NATO, t\u00eb republik\u00ebs s\u00eb vog\u00ebl dhe fqinje, si me Shqip\u00ebrin\u00eb dhe Kosov\u00ebn.<br \/>\n<strong>Besi Bekteshi<\/strong><br \/>\n<strong>Burimi \/Infoshkodra<\/strong><\/p>\n","protected":false},"excerpt":{"rendered":"<p>Shkod\u00ebr&#8211;I gjendur n\u00eb qytetin e Shkodr\u00ebs, Ministri i Pakicave n\u00eb Malin e Zi, Fuat Nimani ka deklaruar se \u201cnjohja e pavar\u00ebsis\u00eb s\u00eb Kosov\u00ebs nuk ka qen\u00eb e leht\u00eb p\u00ebr republik\u00ebn e vog\u00ebl fqinje\u201d. Q\u00eb dit\u00ebn e h\u00ebn\u00eb pakica politike n\u00eb Mal t\u00eb Zi, dhe mb\u00ebshtet\u00ebsit e politik\u00ebs s\u00eb Beogradit n\u00eb k\u00ebt\u00eb republik\u00eb, do t\u00eb protestojn\u00eb, [&hellip;]<\/p>\n","protected":false},"author":1,"featured_media":0,"comment_status":"open","ping_status":"closed","sticky":false,"template":"","format":"standard","meta":{"spay_email":"","jetpack_publicize_message":"","jetpack_is_tweetstorm":false,"jetpack_publicize_feature_enabled":true},"categories":[1,12],"tags":[106,95],"jetpack_publicize_connections":[],"yoast_head":"<!-- This site is optimized with the Yoast SEO plugin v19.1 - https:\/\/yoast.com\/wordpress\/plugins\/seo\/ -->\n<title>Fuat Nimani: Protestat e pakic\u00ebs serbe nuk kan\u00eb m\u00eb pesh\u00eb - Lajme nga Ulqini<\/title>\n<meta name=\"description\" content=\"Shkod\u00ebr--I gjendur n\u00eb qytetin e Shkodr\u00ebs, Ministri i Pakicave n\u00eb Malin e Zi, Fuat Nimani ka deklaruar se \u201cnjohja e pavar\u00ebsis\u00eb s\u00eb Kosov\u00ebs nuk ka qen\u00eb e\" \/>\n<meta name=\"robots\" content=\"index, follow, max-snippet:-1, max-image-preview:large, max-video-preview:-1\" \/>\n<link rel=\"canonical\" href=\"https:\/\/www.visit-ulcinj.com\/blog\/2008\/10\/14\/fuat-nimani-protestat-e-pakices-serbe-nuk-kane-me-peshe\/\" \/>\n<meta property=\"og:locale\" content=\"en_US\" \/>\n<meta property=\"og:type\" content=\"article\" \/>\n<meta property=\"og:title\" content=\"Fuat Nimani: Protestat e pakic\u00ebs serbe nuk kan\u00eb m\u00eb pesh\u00eb - Lajme nga Ulqini\" \/>\n<meta property=\"og:description\" content=\"Shkod\u00ebr--I gjendur n\u00eb qytetin e Shkodr\u00ebs, Ministri i Pakicave n\u00eb Malin e Zi, Fuat Nimani ka deklaruar se \u201cnjohja e pavar\u00ebsis\u00eb s\u00eb Kosov\u00ebs nuk ka qen\u00eb e\" \/>\n<meta property=\"og:url\" content=\"https:\/\/www.visit-ulcinj.com\/blog\/2008\/10\/14\/fuat-nimani-protestat-e-pakices-serbe-nuk-kane-me-peshe\/\" \/>\n<meta property=\"og:site_name\" content=\"Lajme nga Ulqini\" \/>\n<meta property=\"article:published_time\" content=\"2008-10-14T22:20:21+00:00\" \/>\n<meta property=\"article:modified_time\" content=\"2008-10-17T18:25:30+00:00\" \/>\n<meta property=\"og:image\" content=\"http:\/\/www.visit-ulcinj.com\/blog\/wp-content\/uploads\/2008\/10\/fuat-nimani-300x214.jpg\" \/>\n<meta name=\"twitter:label1\" content=\"Written by\" \/>\n\t<meta name=\"twitter:data1\" content=\"ulqini\" \/>\n\t<meta name=\"twitter:label2\" content=\"Est. reading time\" \/>\n\t<meta name=\"twitter:data2\" content=\"2 minutes\" \/>\n<script type=\"application\/ld+json\" class=\"yoast-schema-graph\">{\"@context\":\"https:\/\/schema.org\",\"@graph\":[{\"@type\":\"WebSite\",\"@id\":\"https:\/\/www.visit-ulcinj.com\/blog\/#website\",\"url\":\"https:\/\/www.visit-ulcinj.com\/blog\/\",\"name\":\"Lajme nga Ulqini\",\"description\":\"Lajme,Vijesti,Ulqini,Ulqin,Crna Gora,Mali i Zi\",\"potentialAction\":[{\"@type\":\"SearchAction\",\"target\":{\"@type\":\"EntryPoint\",\"urlTemplate\":\"https:\/\/www.visit-ulcinj.com\/blog\/?s={search_term_string}\"},\"query-input\":\"required name=search_term_string\"}],\"inLanguage\":\"en-US\"},{\"@type\":\"ImageObject\",\"inLanguage\":\"en-US\",\"@id\":\"https:\/\/www.visit-ulcinj.com\/blog\/2008\/10\/14\/fuat-nimani-protestat-e-pakices-serbe-nuk-kane-me-peshe\/#primaryimage\",\"url\":\"http:\/\/www.visit-ulcinj.com\/blog\/wp-content\/uploads\/2008\/10\/fuat-nimani-300x214.jpg\",\"contentUrl\":\"http:\/\/www.visit-ulcinj.com\/blog\/wp-content\/uploads\/2008\/10\/fuat-nimani-300x214.jpg\"},{\"@type\":\"WebPage\",\"@id\":\"https:\/\/www.visit-ulcinj.com\/blog\/2008\/10\/14\/fuat-nimani-protestat-e-pakices-serbe-nuk-kane-me-peshe\/#webpage\",\"url\":\"https:\/\/www.visit-ulcinj.com\/blog\/2008\/10\/14\/fuat-nimani-protestat-e-pakices-serbe-nuk-kane-me-peshe\/\",\"name\":\"Fuat Nimani: Protestat e pakic\u00ebs serbe nuk kan\u00eb m\u00eb pesh\u00eb - Lajme nga Ulqini\",\"isPartOf\":{\"@id\":\"https:\/\/www.visit-ulcinj.com\/blog\/#website\"},\"primaryImageOfPage\":{\"@id\":\"https:\/\/www.visit-ulcinj.com\/blog\/2008\/10\/14\/fuat-nimani-protestat-e-pakices-serbe-nuk-kane-me-peshe\/#primaryimage\"},\"datePublished\":\"2008-10-14T22:20:21+00:00\",\"dateModified\":\"2008-10-17T18:25:30+00:00\",\"author\":{\"@id\":\"https:\/\/www.visit-ulcinj.com\/blog\/#\/schema\/person\/dcab619c614d3038751c63bc2aadc06d\"},\"description\":\"Shkod\u00ebr--I gjendur n\u00eb qytetin e Shkodr\u00ebs, Ministri i Pakicave n\u00eb Malin e Zi, Fuat Nimani ka deklaruar se \u201cnjohja e pavar\u00ebsis\u00eb s\u00eb Kosov\u00ebs nuk ka qen\u00eb e\",\"breadcrumb\":{\"@id\":\"https:\/\/www.visit-ulcinj.com\/blog\/2008\/10\/14\/fuat-nimani-protestat-e-pakices-serbe-nuk-kane-me-peshe\/#breadcrumb\"},\"inLanguage\":\"en-US\",\"potentialAction\":[{\"@type\":\"ReadAction\",\"target\":[\"https:\/\/www.visit-ulcinj.com\/blog\/2008\/10\/14\/fuat-nimani-protestat-e-pakices-serbe-nuk-kane-me-peshe\/\"]}]},{\"@type\":\"BreadcrumbList\",\"@id\":\"https:\/\/www.visit-ulcinj.com\/blog\/2008\/10\/14\/fuat-nimani-protestat-e-pakices-serbe-nuk-kane-me-peshe\/#breadcrumb\",\"itemListElement\":[{\"@type\":\"ListItem\",\"position\":1,\"name\":\"Fuat Nimani: Protestat e pakic\u00ebs serbe nuk kan\u00eb m\u00eb pesh\u00eb\"}]},{\"@type\":\"Person\",\"@id\":\"https:\/\/www.visit-ulcinj.com\/blog\/#\/schema\/person\/dcab619c614d3038751c63bc2aadc06d\",\"name\":\"ulqini\",\"sameAs\":[\"http:\/\/www.visit-ulcinj.com\"],\"url\":\"https:\/\/www.visit-ulcinj.com\/blog\/author\/admin\/\"}]}<\/script>\n<!-- \/ Yoast SEO plugin. -->","yoast_head_json":{"title":"Fuat Nimani: Protestat e pakic\u00ebs serbe nuk kan\u00eb m\u00eb pesh\u00eb - Lajme nga Ulqini","description":"Shkod\u00ebr--I gjendur n\u00eb qytetin e Shkodr\u00ebs, Ministri i Pakicave n\u00eb Malin e Zi, Fuat Nimani ka deklaruar se \u201cnjohja e pavar\u00ebsis\u00eb s\u00eb Kosov\u00ebs nuk ka qen\u00eb e","robots":{"index":"index","follow":"follow","max-snippet":"max-snippet:-1","max-image-preview":"max-image-preview:large","max-video-preview":"max-video-preview:-1"},"canonical":"https:\/\/www.visit-ulcinj.com\/blog\/2008\/10\/14\/fuat-nimani-protestat-e-pakices-serbe-nuk-kane-me-peshe\/","og_locale":"en_US","og_type":"article","og_title":"Fuat Nimani: Protestat e pakic\u00ebs serbe nuk kan\u00eb m\u00eb pesh\u00eb - Lajme nga Ulqini","og_description":"Shkod\u00ebr--I gjendur n\u00eb qytetin e Shkodr\u00ebs, Ministri i Pakicave n\u00eb Malin e Zi, Fuat Nimani ka deklaruar se \u201cnjohja e pavar\u00ebsis\u00eb s\u00eb Kosov\u00ebs nuk ka qen\u00eb e","og_url":"https:\/\/www.visit-ulcinj.com\/blog\/2008\/10\/14\/fuat-nimani-protestat-e-pakices-serbe-nuk-kane-me-peshe\/","og_site_name":"Lajme nga Ulqini","article_published_time":"2008-10-14T22:20:21+00:00","article_modified_time":"2008-10-17T18:25:30+00:00","og_image":[{"url":"http:\/\/www.visit-ulcinj.com\/blog\/wp-content\/uploads\/2008\/10\/fuat-nimani-300x214.jpg"}],"twitter_misc":{"Written by":"ulqini","Est. reading time":"2 minutes"},"schema":{"@context":"https:\/\/schema.org","@graph":[{"@type":"WebSite","@id":"https:\/\/www.visit-ulcinj.com\/blog\/#website","url":"https:\/\/www.visit-ulcinj.com\/blog\/","name":"Lajme nga Ulqini","description":"Lajme,Vijesti,Ulqini,Ulqin,Crna Gora,Mali i Zi","potentialAction":[{"@type":"SearchAction","target":{"@type":"EntryPoint","urlTemplate":"https:\/\/www.visit-ulcinj.com\/blog\/?s={search_term_string}"},"query-input":"required name=search_term_string"}],"inLanguage":"en-US"},{"@type":"ImageObject","inLanguage":"en-US","@id":"https:\/\/www.visit-ulcinj.com\/blog\/2008\/10\/14\/fuat-nimani-protestat-e-pakices-serbe-nuk-kane-me-peshe\/#primaryimage","url":"http:\/\/www.visit-ulcinj.com\/blog\/wp-content\/uploads\/2008\/10\/fuat-nimani-300x214.jpg","contentUrl":"http:\/\/www.visit-ulcinj.com\/blog\/wp-content\/uploads\/2008\/10\/fuat-nimani-300x214.jpg"},{"@type":"WebPage","@id":"https:\/\/www.visit-ulcinj.com\/blog\/2008\/10\/14\/fuat-nimani-protestat-e-pakices-serbe-nuk-kane-me-peshe\/#webpage","url":"https:\/\/www.visit-ulcinj.com\/blog\/2008\/10\/14\/fuat-nimani-protestat-e-pakices-serbe-nuk-kane-me-peshe\/","name":"Fuat Nimani: Protestat e pakic\u00ebs serbe nuk kan\u00eb m\u00eb pesh\u00eb - Lajme nga Ulqini","isPartOf":{"@id":"https:\/\/www.visit-ulcinj.com\/blog\/#website"},"primaryImageOfPage":{"@id":"https:\/\/www.visit-ulcinj.com\/blog\/2008\/10\/14\/fuat-nimani-protestat-e-pakices-serbe-nuk-kane-me-peshe\/#primaryimage"},"datePublished":"2008-10-14T22:20:21+00:00","dateModified":"2008-10-17T18:25:30+00:00","author":{"@id":"https:\/\/www.visit-ulcinj.com\/blog\/#\/schema\/person\/dcab619c614d3038751c63bc2aadc06d"},"description":"Shkod\u00ebr--I gjendur n\u00eb qytetin e Shkodr\u00ebs, Ministri i Pakicave n\u00eb Malin e Zi, Fuat Nimani ka deklaruar se \u201cnjohja e pavar\u00ebsis\u00eb s\u00eb Kosov\u00ebs nuk ka qen\u00eb e","breadcrumb":{"@id":"https:\/\/www.visit-ulcinj.com\/blog\/2008\/10\/14\/fuat-nimani-protestat-e-pakices-serbe-nuk-kane-me-peshe\/#breadcrumb"},"inLanguage":"en-US","potentialAction":[{"@type":"ReadAction","target":["https:\/\/www.visit-ulcinj.com\/blog\/2008\/10\/14\/fuat-nimani-protestat-e-pakices-serbe-nuk-kane-me-peshe\/"]}]},{"@type":"BreadcrumbList","@id":"https:\/\/www.visit-ulcinj.com\/blog\/2008\/10\/14\/fuat-nimani-protestat-e-pakices-serbe-nuk-kane-me-peshe\/#breadcrumb","itemListElement":[{"@type":"ListItem","position":1,"name":"Fuat Nimani: Protestat e pakic\u00ebs serbe nuk kan\u00eb m\u00eb pesh\u00eb"}]},{"@type":"Person","@id":"https:\/\/www.visit-ulcinj.com\/blog\/#\/schema\/person\/dcab619c614d3038751c63bc2aadc06d","name":"ulqini","sameAs":["http:\/\/www.visit-ulcinj.com"],"url":"https:\/\/www.visit-ulcinj.com\/blog\/author\/admin\/"}]}},"jetpack_featured_media_url":"","jetpack_sharing_enabled":true,"jetpack_shortlink":"https:\/\/wp.me\/pe6lTn-16a","_links":{"self":[{"href":"https:\/\/www.visit-ulcinj.com\/blog\/wp-json\/wp\/v2\/posts\/4226"}],"collection":[{"href":"https:\/\/www.visit-ulcinj.com\/blog\/wp-json\/wp\/v2\/posts"}],"about":[{"href":"https:\/\/www.visit-ulcinj.com\/blog\/wp-json\/wp\/v2\/types\/post"}],"author":[{"embeddable":true,"href":"https:\/\/www.visit-ulcinj.com\/blog\/wp-json\/wp\/v2\/users\/1"}],"replies":[{"embeddable":true,"href":"https:\/\/www.visit-ulcinj.com\/blog\/wp-json\/wp\/v2\/comments?post=4226"}],"version-history":[{"count":0,"href":"https:\/\/www.visit-ulcinj.com\/blog\/wp-json\/wp\/v2\/posts\/4226\/revisions"}],"wp:attachment":[{"href":"https:\/\/www.visit-ulcinj.com\/blog\/wp-json\/wp\/v2\/media?parent=4226"}],"wp:term":[{"taxonomy":"category","embeddable":true,"href":"https:\/\/www.visit-ulcinj.com\/blog\/wp-json\/wp\/v2\/categories?post=4226"},{"taxonomy":"post_tag","embeddable":true,"href":"https:\/\/www.visit-ulcinj.com\/blog\/wp-json\/wp\/v2\/tags?post=4226"}],"curies":[{"name":"wp","href":"https:\/\/api.w.org\/{rel}","templated":true}]}}