{"id":42270,"date":"2011-01-14T09:32:04","date_gmt":"2011-01-14T08:32:04","guid":{"rendered":"http:\/\/www.visit-ulcinj.com\/blog\/?p=42270"},"modified":"2011-01-14T09:32:04","modified_gmt":"2011-01-14T08:32:04","slug":"rozana-radi-pres-te-fitoj-gjyqin-me-rezarta-shkurten","status":"publish","type":"post","link":"https:\/\/www.visit-ulcinj.com\/blog\/2011\/01\/14\/rozana-radi-pres-te-fitoj-gjyqin-me-rezarta-shkurten\/","title":{"rendered":"Rozana Radi pres t\u00eb fitoj gjyqin me Rezarta Shkurten"},"content":{"rendered":"<p><strong><a href=\"http:\/\/www.visit-ulcinj.com\/blog\/wp-content\/uploads\/2011\/01\/Rozana-Radi.jpg\"><img loading=\"lazy\" class=\"alignleft size-full wp-image-42271\" title=\"Rozana Radi\" src=\"http:\/\/www.visit-ulcinj.com\/blog\/wp-content\/uploads\/2011\/01\/Rozana-Radi.jpg\" alt=\"\" width=\"490\" height=\"380\" \/><\/a>Viti 2010 ka qen\u00eb i mbushur me shum\u00eb angazhime p\u00ebr t\u00eb. Duke filluar nga shfaqjet teatrale, pjes\u00ebmarrja n\u00eb \u201cVip Shpija\u201d, \u201cMaratona e k\u00ebng\u00ebs popullore\u201d, \u201cK\u00ebnga Magjike\u201d, ture n\u00eb Shqip\u00ebri, Amerik\u00eb, e kudo ku ka shqiptar\u00eb.<\/strong><\/p>\n<p>Megjithat\u00eb ve\u00e7 k\u00ebsaj ka pasur edhe ngjarje jo fort t\u00eb k\u00ebndshme, por q\u00eb megjithat\u00eb kan\u00eb l\u00ebn\u00eb gjurm\u00eb gjat\u00eb k\u00ebtij viti p\u00ebr t\u00eb.<\/p>\n<p>Teksa e pyesim lidhur me at\u00eb q\u00eb pret t\u2019i realizohet gjat\u00eb 2011, Rozana p\u00ebrgjigjet: \u201cPres t\u00eb m\u00eb ndodhin shum\u00eb surpriza. Kam shum\u00eb t\u00eb reja p\u00ebr publikun dhe jam shum\u00eb e lumtur p\u00ebr projektet q\u00eb kam n\u00eb plan\u201d.<\/p>\n<p>E ve\u00e7 surprizave n\u00eb aspektin profesional Rozi pret q\u00eb t\u00eb dal\u00eb faqebardh\u00eb edhe n\u00eb gjyqin me Rezarta Shkurt\u00ebn, p\u00ebr t\u00eb cilin kur e pyesim shprehet: \u201cNormale q\u00eb pres ta fitoj\u201d.<\/p>\n<p><strong>Bluetooth<br \/>\n<!--YouTube Error: bad URL entered--><\/strong><\/p>\n","protected":false},"excerpt":{"rendered":"<p>Viti 2010 ka qen\u00eb i mbushur me shum\u00eb angazhime p\u00ebr t\u00eb. Duke filluar nga shfaqjet teatrale, pjes\u00ebmarrja n\u00eb \u201cVip Shpija\u201d, \u201cMaratona e k\u00ebng\u00ebs popullore\u201d, \u201cK\u00ebnga Magjike\u201d, ture n\u00eb Shqip\u00ebri, Amerik\u00eb, e kudo ku ka shqiptar\u00eb. Megjithat\u00eb ve\u00e7 k\u00ebsaj ka pasur edhe ngjarje jo fort t\u00eb k\u00ebndshme, por q\u00eb megjithat\u00eb kan\u00eb l\u00ebn\u00eb gjurm\u00eb gjat\u00eb k\u00ebtij viti [&hellip;]<\/p>\n","protected":false},"author":1,"featured_media":0,"comment_status":"open","ping_status":"closed","sticky":false,"template":"","format":"standard","meta":{"spay_email":"","jetpack_publicize_message":"","jetpack_is_tweetstorm":false,"jetpack_publicize_feature_enabled":true},"categories":[1],"tags":[4953,4964],"jetpack_publicize_connections":[],"yoast_head":"<!-- This site is optimized with the Yoast SEO plugin v19.1 - https:\/\/yoast.com\/wordpress\/plugins\/seo\/ -->\n<title>Rozana Radi pres t\u00eb fitoj gjyqin me Rezarta Shkurten - Lajme nga Ulqini<\/title>\n<meta name=\"description\" content=\"Viti 2010 ka qen\u00eb i mbushur me shum\u00eb angazhime p\u00ebr t\u00eb. Duke filluar nga shfaqjet teatrale, pjes\u00ebmarrja n\u00eb \u201cVip Shpija\u201d, \u201cMaratona e k\u00ebng\u00ebs popullore\u201d,\" \/>\n<meta name=\"robots\" content=\"index, follow, max-snippet:-1, max-image-preview:large, max-video-preview:-1\" \/>\n<link rel=\"canonical\" href=\"https:\/\/www.visit-ulcinj.com\/blog\/2011\/01\/14\/rozana-radi-pres-te-fitoj-gjyqin-me-rezarta-shkurten\/\" \/>\n<meta property=\"og:locale\" content=\"en_US\" \/>\n<meta property=\"og:type\" content=\"article\" \/>\n<meta property=\"og:title\" content=\"Rozana Radi pres t\u00eb fitoj gjyqin me Rezarta Shkurten - Lajme nga Ulqini\" \/>\n<meta property=\"og:description\" content=\"Viti 2010 ka qen\u00eb i mbushur me shum\u00eb angazhime p\u00ebr t\u00eb. Duke filluar nga shfaqjet teatrale, pjes\u00ebmarrja n\u00eb \u201cVip Shpija\u201d, \u201cMaratona e k\u00ebng\u00ebs popullore\u201d,\" \/>\n<meta property=\"og:url\" content=\"https:\/\/www.visit-ulcinj.com\/blog\/2011\/01\/14\/rozana-radi-pres-te-fitoj-gjyqin-me-rezarta-shkurten\/\" \/>\n<meta property=\"og:site_name\" content=\"Lajme nga Ulqini\" \/>\n<meta property=\"article:published_time\" content=\"2011-01-14T08:32:04+00:00\" \/>\n<meta property=\"og:image\" content=\"http:\/\/www.visit-ulcinj.com\/blog\/wp-content\/uploads\/2011\/01\/Rozana-Radi.jpg\" \/>\n<meta name=\"twitter:label1\" content=\"Written by\" \/>\n\t<meta name=\"twitter:data1\" content=\"ulqini\" \/>\n\t<meta name=\"twitter:label2\" content=\"Est. reading time\" \/>\n\t<meta name=\"twitter:data2\" content=\"1 minute\" \/>\n<script type=\"application\/ld+json\" class=\"yoast-schema-graph\">{\"@context\":\"https:\/\/schema.org\",\"@graph\":[{\"@type\":\"WebSite\",\"@id\":\"https:\/\/www.visit-ulcinj.com\/blog\/#website\",\"url\":\"https:\/\/www.visit-ulcinj.com\/blog\/\",\"name\":\"Lajme nga Ulqini\",\"description\":\"Lajme,Vijesti,Ulqini,Ulqin,Crna Gora,Mali i Zi\",\"potentialAction\":[{\"@type\":\"SearchAction\",\"target\":{\"@type\":\"EntryPoint\",\"urlTemplate\":\"https:\/\/www.visit-ulcinj.com\/blog\/?s={search_term_string}\"},\"query-input\":\"required name=search_term_string\"}],\"inLanguage\":\"en-US\"},{\"@type\":\"ImageObject\",\"inLanguage\":\"en-US\",\"@id\":\"https:\/\/www.visit-ulcinj.com\/blog\/2011\/01\/14\/rozana-radi-pres-te-fitoj-gjyqin-me-rezarta-shkurten\/#primaryimage\",\"url\":\"http:\/\/www.visit-ulcinj.com\/blog\/wp-content\/uploads\/2011\/01\/Rozana-Radi.jpg\",\"contentUrl\":\"http:\/\/www.visit-ulcinj.com\/blog\/wp-content\/uploads\/2011\/01\/Rozana-Radi.jpg\"},{\"@type\":\"WebPage\",\"@id\":\"https:\/\/www.visit-ulcinj.com\/blog\/2011\/01\/14\/rozana-radi-pres-te-fitoj-gjyqin-me-rezarta-shkurten\/#webpage\",\"url\":\"https:\/\/www.visit-ulcinj.com\/blog\/2011\/01\/14\/rozana-radi-pres-te-fitoj-gjyqin-me-rezarta-shkurten\/\",\"name\":\"Rozana Radi pres t\u00eb fitoj gjyqin me Rezarta Shkurten - Lajme nga Ulqini\",\"isPartOf\":{\"@id\":\"https:\/\/www.visit-ulcinj.com\/blog\/#website\"},\"primaryImageOfPage\":{\"@id\":\"https:\/\/www.visit-ulcinj.com\/blog\/2011\/01\/14\/rozana-radi-pres-te-fitoj-gjyqin-me-rezarta-shkurten\/#primaryimage\"},\"datePublished\":\"2011-01-14T08:32:04+00:00\",\"dateModified\":\"2011-01-14T08:32:04+00:00\",\"author\":{\"@id\":\"https:\/\/www.visit-ulcinj.com\/blog\/#\/schema\/person\/dcab619c614d3038751c63bc2aadc06d\"},\"description\":\"Viti 2010 ka qen\u00eb i mbushur me shum\u00eb angazhime p\u00ebr t\u00eb. Duke filluar nga shfaqjet teatrale, pjes\u00ebmarrja n\u00eb \u201cVip Shpija\u201d, \u201cMaratona e k\u00ebng\u00ebs popullore\u201d,\",\"breadcrumb\":{\"@id\":\"https:\/\/www.visit-ulcinj.com\/blog\/2011\/01\/14\/rozana-radi-pres-te-fitoj-gjyqin-me-rezarta-shkurten\/#breadcrumb\"},\"inLanguage\":\"en-US\",\"potentialAction\":[{\"@type\":\"ReadAction\",\"target\":[\"https:\/\/www.visit-ulcinj.com\/blog\/2011\/01\/14\/rozana-radi-pres-te-fitoj-gjyqin-me-rezarta-shkurten\/\"]}]},{\"@type\":\"BreadcrumbList\",\"@id\":\"https:\/\/www.visit-ulcinj.com\/blog\/2011\/01\/14\/rozana-radi-pres-te-fitoj-gjyqin-me-rezarta-shkurten\/#breadcrumb\",\"itemListElement\":[{\"@type\":\"ListItem\",\"position\":1,\"name\":\"Rozana Radi pres t\u00eb fitoj gjyqin me Rezarta Shkurten\"}]},{\"@type\":\"Person\",\"@id\":\"https:\/\/www.visit-ulcinj.com\/blog\/#\/schema\/person\/dcab619c614d3038751c63bc2aadc06d\",\"name\":\"ulqini\",\"sameAs\":[\"http:\/\/www.visit-ulcinj.com\"],\"url\":\"https:\/\/www.visit-ulcinj.com\/blog\/author\/admin\/\"}]}<\/script>\n<!-- \/ Yoast SEO plugin. -->","yoast_head_json":{"title":"Rozana Radi pres t\u00eb fitoj gjyqin me Rezarta Shkurten - Lajme nga Ulqini","description":"Viti 2010 ka qen\u00eb i mbushur me shum\u00eb angazhime p\u00ebr t\u00eb. Duke filluar nga shfaqjet teatrale, pjes\u00ebmarrja n\u00eb \u201cVip Shpija\u201d, \u201cMaratona e k\u00ebng\u00ebs popullore\u201d,","robots":{"index":"index","follow":"follow","max-snippet":"max-snippet:-1","max-image-preview":"max-image-preview:large","max-video-preview":"max-video-preview:-1"},"canonical":"https:\/\/www.visit-ulcinj.com\/blog\/2011\/01\/14\/rozana-radi-pres-te-fitoj-gjyqin-me-rezarta-shkurten\/","og_locale":"en_US","og_type":"article","og_title":"Rozana Radi pres t\u00eb fitoj gjyqin me Rezarta Shkurten - Lajme nga Ulqini","og_description":"Viti 2010 ka qen\u00eb i mbushur me shum\u00eb angazhime p\u00ebr t\u00eb. Duke filluar nga shfaqjet teatrale, pjes\u00ebmarrja n\u00eb \u201cVip Shpija\u201d, \u201cMaratona e k\u00ebng\u00ebs popullore\u201d,","og_url":"https:\/\/www.visit-ulcinj.com\/blog\/2011\/01\/14\/rozana-radi-pres-te-fitoj-gjyqin-me-rezarta-shkurten\/","og_site_name":"Lajme nga Ulqini","article_published_time":"2011-01-14T08:32:04+00:00","og_image":[{"url":"http:\/\/www.visit-ulcinj.com\/blog\/wp-content\/uploads\/2011\/01\/Rozana-Radi.jpg"}],"twitter_misc":{"Written by":"ulqini","Est. reading time":"1 minute"},"schema":{"@context":"https:\/\/schema.org","@graph":[{"@type":"WebSite","@id":"https:\/\/www.visit-ulcinj.com\/blog\/#website","url":"https:\/\/www.visit-ulcinj.com\/blog\/","name":"Lajme nga Ulqini","description":"Lajme,Vijesti,Ulqini,Ulqin,Crna Gora,Mali i Zi","potentialAction":[{"@type":"SearchAction","target":{"@type":"EntryPoint","urlTemplate":"https:\/\/www.visit-ulcinj.com\/blog\/?s={search_term_string}"},"query-input":"required name=search_term_string"}],"inLanguage":"en-US"},{"@type":"ImageObject","inLanguage":"en-US","@id":"https:\/\/www.visit-ulcinj.com\/blog\/2011\/01\/14\/rozana-radi-pres-te-fitoj-gjyqin-me-rezarta-shkurten\/#primaryimage","url":"http:\/\/www.visit-ulcinj.com\/blog\/wp-content\/uploads\/2011\/01\/Rozana-Radi.jpg","contentUrl":"http:\/\/www.visit-ulcinj.com\/blog\/wp-content\/uploads\/2011\/01\/Rozana-Radi.jpg"},{"@type":"WebPage","@id":"https:\/\/www.visit-ulcinj.com\/blog\/2011\/01\/14\/rozana-radi-pres-te-fitoj-gjyqin-me-rezarta-shkurten\/#webpage","url":"https:\/\/www.visit-ulcinj.com\/blog\/2011\/01\/14\/rozana-radi-pres-te-fitoj-gjyqin-me-rezarta-shkurten\/","name":"Rozana Radi pres t\u00eb fitoj gjyqin me Rezarta Shkurten - Lajme nga Ulqini","isPartOf":{"@id":"https:\/\/www.visit-ulcinj.com\/blog\/#website"},"primaryImageOfPage":{"@id":"https:\/\/www.visit-ulcinj.com\/blog\/2011\/01\/14\/rozana-radi-pres-te-fitoj-gjyqin-me-rezarta-shkurten\/#primaryimage"},"datePublished":"2011-01-14T08:32:04+00:00","dateModified":"2011-01-14T08:32:04+00:00","author":{"@id":"https:\/\/www.visit-ulcinj.com\/blog\/#\/schema\/person\/dcab619c614d3038751c63bc2aadc06d"},"description":"Viti 2010 ka qen\u00eb i mbushur me shum\u00eb angazhime p\u00ebr t\u00eb. Duke filluar nga shfaqjet teatrale, pjes\u00ebmarrja n\u00eb \u201cVip Shpija\u201d, \u201cMaratona e k\u00ebng\u00ebs popullore\u201d,","breadcrumb":{"@id":"https:\/\/www.visit-ulcinj.com\/blog\/2011\/01\/14\/rozana-radi-pres-te-fitoj-gjyqin-me-rezarta-shkurten\/#breadcrumb"},"inLanguage":"en-US","potentialAction":[{"@type":"ReadAction","target":["https:\/\/www.visit-ulcinj.com\/blog\/2011\/01\/14\/rozana-radi-pres-te-fitoj-gjyqin-me-rezarta-shkurten\/"]}]},{"@type":"BreadcrumbList","@id":"https:\/\/www.visit-ulcinj.com\/blog\/2011\/01\/14\/rozana-radi-pres-te-fitoj-gjyqin-me-rezarta-shkurten\/#breadcrumb","itemListElement":[{"@type":"ListItem","position":1,"name":"Rozana Radi pres t\u00eb fitoj gjyqin me Rezarta Shkurten"}]},{"@type":"Person","@id":"https:\/\/www.visit-ulcinj.com\/blog\/#\/schema\/person\/dcab619c614d3038751c63bc2aadc06d","name":"ulqini","sameAs":["http:\/\/www.visit-ulcinj.com"],"url":"https:\/\/www.visit-ulcinj.com\/blog\/author\/admin\/"}]}},"jetpack_featured_media_url":"","jetpack_sharing_enabled":true,"jetpack_shortlink":"https:\/\/wp.me\/pe6lTn-aZM","_links":{"self":[{"href":"https:\/\/www.visit-ulcinj.com\/blog\/wp-json\/wp\/v2\/posts\/42270"}],"collection":[{"href":"https:\/\/www.visit-ulcinj.com\/blog\/wp-json\/wp\/v2\/posts"}],"about":[{"href":"https:\/\/www.visit-ulcinj.com\/blog\/wp-json\/wp\/v2\/types\/post"}],"author":[{"embeddable":true,"href":"https:\/\/www.visit-ulcinj.com\/blog\/wp-json\/wp\/v2\/users\/1"}],"replies":[{"embeddable":true,"href":"https:\/\/www.visit-ulcinj.com\/blog\/wp-json\/wp\/v2\/comments?post=42270"}],"version-history":[{"count":0,"href":"https:\/\/www.visit-ulcinj.com\/blog\/wp-json\/wp\/v2\/posts\/42270\/revisions"}],"wp:attachment":[{"href":"https:\/\/www.visit-ulcinj.com\/blog\/wp-json\/wp\/v2\/media?parent=42270"}],"wp:term":[{"taxonomy":"category","embeddable":true,"href":"https:\/\/www.visit-ulcinj.com\/blog\/wp-json\/wp\/v2\/categories?post=42270"},{"taxonomy":"post_tag","embeddable":true,"href":"https:\/\/www.visit-ulcinj.com\/blog\/wp-json\/wp\/v2\/tags?post=42270"}],"curies":[{"name":"wp","href":"https:\/\/api.w.org\/{rel}","templated":true}]}}