{"id":42273,"date":"2011-01-14T09:53:13","date_gmt":"2011-01-14T08:53:13","guid":{"rendered":"http:\/\/www.visit-ulcinj.com\/blog\/?p=42273"},"modified":"2011-01-14T09:53:13","modified_gmt":"2011-01-14T08:53:13","slug":"agnesa-nje-tjeter-bukuroshe-ne-familjen-hadergjonaj","status":"publish","type":"post","link":"https:\/\/www.visit-ulcinj.com\/blog\/2011\/01\/14\/agnesa-nje-tjeter-bukuroshe-ne-familjen-hadergjonaj\/","title":{"rendered":"Agnesa: Nj\u00eb tjet\u00ebr bukuroshe n\u00eb familjen Had\u00ebrgjonaj"},"content":{"rendered":"<p><strong><a href=\"http:\/\/www.visit-ulcinj.com\/blog\/wp-content\/uploads\/2011\/01\/Angjelina-Hadergjonaj.jpg\"><img loading=\"lazy\" class=\"alignleft size-full wp-image-42274\" title=\"Angjelina Hadergjonaj\" src=\"http:\/\/www.visit-ulcinj.com\/blog\/wp-content\/uploads\/2011\/01\/Angjelina-Hadergjonaj.jpg\" alt=\"\" width=\"490\" height=\"620\" \/><\/a>\u00cbsht\u00eb motra e madhe e Angjelina Had\u00ebrgjonaj, vajz\u00ebs simpatike q\u00eb ka nisur karrier\u00ebn e saj si k\u00ebng\u00ebtare, pasi ka trash\u00ebguar talentin e s\u00eb \u00ebm\u00ebs k\u00ebng\u00ebtares s\u00eb njohur, Alb\u00ebrie Had\u00ebrgjonaj. <\/strong><\/p>\n<p>Quhet Agnesa, \u00ebsht\u00eb 20 vje\u00e7 dhe \u00ebsht\u00eb brune, vajza tjet\u00ebr e Alb\u00ebries dhe Mentorit, e cila nuk ka trash\u00ebguar talentin e t\u00eb k\u00ebnduarit nga n\u00ebna e saj, por ka trash\u00ebguar m\u00eb s\u00eb shumti pamjen.<\/p>\n<p>Agnesa ka lindur n\u00eb Kosov\u00eb dhe studion n\u00eb vitin e dyt\u00eb n\u00eb Fakultetin Juridik, n\u00eb nj\u00eb universitet n\u00eb Tiran\u00eb. Ajo \u00ebsht\u00eb dy vjet m\u00eb e madhe se Anghelina 18 vje\u00e7are, e cila ka lindur n\u00eb Los Anxhelos. Angjelina tashm\u00eb njihet si k\u00ebng\u00ebtare pasi ka publikuar klipin \u201cKopje pa kuptim\u201d, nj\u00eb k\u00ebng\u00eb q\u00eb ironizon k\u00ebng\u00ebtaret e reja q\u00eb dalin n\u00eb sken\u00eb duke kopjuar emra t\u00eb njohur.<\/p>\n<p>Tashm\u00eb, Angjelina e cila \u00ebsht\u00eb maturante n\u00eb gjimnaz, po p\u00ebrgatit k\u00ebng\u00ebn e saj t\u00eb re q\u00eb pritet ta publikoj\u00eb s\u00eb shpejti. Anghelina dhe Agnesa jan\u00eb dy vajzat e vetme t\u00eb Alb\u00ebries, e cila u martua me Mentorin n\u00eb mosh\u00ebn 15 vje\u00e7are. Ajo gjithmon\u00eb ka folur n\u00eb media p\u00ebr bukurin\u00eb e ve\u00e7ant\u00eb t\u00eb vajzave t\u00eb saj.<\/p>\n<p><strong>Panorama<br \/>\n<br \/>\n<!--YouTube Error: bad URL entered--><\/p>\n","protected":false},"excerpt":{"rendered":"<p>\u00cbsht\u00eb motra e madhe e Angjelina Had\u00ebrgjonaj, vajz\u00ebs simpatike q\u00eb ka nisur karrier\u00ebn e saj si k\u00ebng\u00ebtare, pasi ka trash\u00ebguar talentin e s\u00eb \u00ebm\u00ebs k\u00ebng\u00ebtares s\u00eb njohur, Alb\u00ebrie Had\u00ebrgjonaj. Quhet Agnesa, \u00ebsht\u00eb 20 vje\u00e7 dhe \u00ebsht\u00eb brune, vajza tjet\u00ebr e Alb\u00ebries dhe Mentorit, e cila nuk ka trash\u00ebguar talentin e t\u00eb k\u00ebnduarit nga n\u00ebna e [&hellip;]<\/p>\n","protected":false},"author":1,"featured_media":0,"comment_status":"open","ping_status":"closed","sticky":false,"template":"","format":"standard","meta":{"spay_email":"","jetpack_publicize_message":"","jetpack_is_tweetstorm":false,"jetpack_publicize_feature_enabled":true},"categories":[1],"tags":[4567,16986],"jetpack_publicize_connections":[],"yoast_head":"<!-- This site is optimized with the Yoast SEO plugin v19.1 - https:\/\/yoast.com\/wordpress\/plugins\/seo\/ -->\n<title>Agnesa: Nj\u00eb tjet\u00ebr bukuroshe n\u00eb familjen Had\u00ebrgjonaj - Lajme nga Ulqini<\/title>\n<meta name=\"description\" content=\"\u00cbsht\u00eb motra e madhe e Angjelina Had\u00ebrgjonaj, vajz\u00ebs simpatike q\u00eb ka nisur karrier\u00ebn e saj si k\u00ebng\u00ebtare, pasi ka trash\u00ebguar talentin e s\u00eb \u00ebm\u00ebs k\u00ebng\u00ebtares\" \/>\n<meta name=\"robots\" content=\"index, follow, max-snippet:-1, max-image-preview:large, max-video-preview:-1\" \/>\n<link rel=\"canonical\" href=\"https:\/\/www.visit-ulcinj.com\/blog\/2011\/01\/14\/agnesa-nje-tjeter-bukuroshe-ne-familjen-hadergjonaj\/\" \/>\n<meta property=\"og:locale\" content=\"en_US\" \/>\n<meta property=\"og:type\" content=\"article\" \/>\n<meta property=\"og:title\" content=\"Agnesa: Nj\u00eb tjet\u00ebr bukuroshe n\u00eb familjen Had\u00ebrgjonaj - Lajme nga Ulqini\" \/>\n<meta property=\"og:description\" content=\"\u00cbsht\u00eb motra e madhe e Angjelina Had\u00ebrgjonaj, vajz\u00ebs simpatike q\u00eb ka nisur karrier\u00ebn e saj si k\u00ebng\u00ebtare, pasi ka trash\u00ebguar talentin e s\u00eb \u00ebm\u00ebs k\u00ebng\u00ebtares\" \/>\n<meta property=\"og:url\" content=\"https:\/\/www.visit-ulcinj.com\/blog\/2011\/01\/14\/agnesa-nje-tjeter-bukuroshe-ne-familjen-hadergjonaj\/\" \/>\n<meta property=\"og:site_name\" content=\"Lajme nga Ulqini\" \/>\n<meta property=\"article:published_time\" content=\"2011-01-14T08:53:13+00:00\" \/>\n<meta property=\"og:image\" content=\"https:\/\/www.visit-ulcinj.com\/blog\/wp-content\/uploads\/2011\/01\/Angjelina-Hadergjonaj-150x150.jpg\" \/>\n<meta name=\"twitter:label1\" content=\"Written by\" \/>\n\t<meta name=\"twitter:data1\" content=\"ulqini\" \/>\n\t<meta name=\"twitter:label2\" content=\"Est. reading time\" \/>\n\t<meta name=\"twitter:data2\" content=\"1 minute\" \/>\n<script type=\"application\/ld+json\" class=\"yoast-schema-graph\">{\"@context\":\"https:\/\/schema.org\",\"@graph\":[{\"@type\":\"WebSite\",\"@id\":\"https:\/\/www.visit-ulcinj.com\/blog\/#website\",\"url\":\"https:\/\/www.visit-ulcinj.com\/blog\/\",\"name\":\"Lajme nga Ulqini\",\"description\":\"Lajme,Vijesti,Ulqini,Ulqin,Crna Gora,Mali i Zi\",\"potentialAction\":[{\"@type\":\"SearchAction\",\"target\":{\"@type\":\"EntryPoint\",\"urlTemplate\":\"https:\/\/www.visit-ulcinj.com\/blog\/?s={search_term_string}\"},\"query-input\":\"required name=search_term_string\"}],\"inLanguage\":\"en-US\"},{\"@type\":\"ImageObject\",\"inLanguage\":\"en-US\",\"@id\":\"https:\/\/www.visit-ulcinj.com\/blog\/2011\/01\/14\/agnesa-nje-tjeter-bukuroshe-ne-familjen-hadergjonaj\/#primaryimage\",\"url\":\"http:\/\/www.visit-ulcinj.com\/blog\/wp-content\/uploads\/2011\/01\/Angjelina-Hadergjonaj.jpg\",\"contentUrl\":\"http:\/\/www.visit-ulcinj.com\/blog\/wp-content\/uploads\/2011\/01\/Angjelina-Hadergjonaj.jpg\"},{\"@type\":\"WebPage\",\"@id\":\"https:\/\/www.visit-ulcinj.com\/blog\/2011\/01\/14\/agnesa-nje-tjeter-bukuroshe-ne-familjen-hadergjonaj\/#webpage\",\"url\":\"https:\/\/www.visit-ulcinj.com\/blog\/2011\/01\/14\/agnesa-nje-tjeter-bukuroshe-ne-familjen-hadergjonaj\/\",\"name\":\"Agnesa: Nj\u00eb tjet\u00ebr bukuroshe n\u00eb familjen Had\u00ebrgjonaj - Lajme nga Ulqini\",\"isPartOf\":{\"@id\":\"https:\/\/www.visit-ulcinj.com\/blog\/#website\"},\"primaryImageOfPage\":{\"@id\":\"https:\/\/www.visit-ulcinj.com\/blog\/2011\/01\/14\/agnesa-nje-tjeter-bukuroshe-ne-familjen-hadergjonaj\/#primaryimage\"},\"datePublished\":\"2011-01-14T08:53:13+00:00\",\"dateModified\":\"2011-01-14T08:53:13+00:00\",\"author\":{\"@id\":\"https:\/\/www.visit-ulcinj.com\/blog\/#\/schema\/person\/dcab619c614d3038751c63bc2aadc06d\"},\"description\":\"\u00cbsht\u00eb motra e madhe e Angjelina Had\u00ebrgjonaj, vajz\u00ebs simpatike q\u00eb ka nisur karrier\u00ebn e saj si k\u00ebng\u00ebtare, pasi ka trash\u00ebguar talentin e s\u00eb \u00ebm\u00ebs k\u00ebng\u00ebtares\",\"breadcrumb\":{\"@id\":\"https:\/\/www.visit-ulcinj.com\/blog\/2011\/01\/14\/agnesa-nje-tjeter-bukuroshe-ne-familjen-hadergjonaj\/#breadcrumb\"},\"inLanguage\":\"en-US\",\"potentialAction\":[{\"@type\":\"ReadAction\",\"target\":[\"https:\/\/www.visit-ulcinj.com\/blog\/2011\/01\/14\/agnesa-nje-tjeter-bukuroshe-ne-familjen-hadergjonaj\/\"]}]},{\"@type\":\"BreadcrumbList\",\"@id\":\"https:\/\/www.visit-ulcinj.com\/blog\/2011\/01\/14\/agnesa-nje-tjeter-bukuroshe-ne-familjen-hadergjonaj\/#breadcrumb\",\"itemListElement\":[{\"@type\":\"ListItem\",\"position\":1,\"name\":\"Agnesa: Nj\u00eb tjet\u00ebr bukuroshe n\u00eb familjen Had\u00ebrgjonaj\"}]},{\"@type\":\"Person\",\"@id\":\"https:\/\/www.visit-ulcinj.com\/blog\/#\/schema\/person\/dcab619c614d3038751c63bc2aadc06d\",\"name\":\"ulqini\",\"sameAs\":[\"http:\/\/www.visit-ulcinj.com\"],\"url\":\"https:\/\/www.visit-ulcinj.com\/blog\/author\/admin\/\"}]}<\/script>\n<!-- \/ Yoast SEO plugin. -->","yoast_head_json":{"title":"Agnesa: Nj\u00eb tjet\u00ebr bukuroshe n\u00eb familjen Had\u00ebrgjonaj - Lajme nga Ulqini","description":"\u00cbsht\u00eb motra e madhe e Angjelina Had\u00ebrgjonaj, vajz\u00ebs simpatike q\u00eb ka nisur karrier\u00ebn e saj si k\u00ebng\u00ebtare, pasi ka trash\u00ebguar talentin e s\u00eb \u00ebm\u00ebs k\u00ebng\u00ebtares","robots":{"index":"index","follow":"follow","max-snippet":"max-snippet:-1","max-image-preview":"max-image-preview:large","max-video-preview":"max-video-preview:-1"},"canonical":"https:\/\/www.visit-ulcinj.com\/blog\/2011\/01\/14\/agnesa-nje-tjeter-bukuroshe-ne-familjen-hadergjonaj\/","og_locale":"en_US","og_type":"article","og_title":"Agnesa: Nj\u00eb tjet\u00ebr bukuroshe n\u00eb familjen Had\u00ebrgjonaj - Lajme nga Ulqini","og_description":"\u00cbsht\u00eb motra e madhe e Angjelina Had\u00ebrgjonaj, vajz\u00ebs simpatike q\u00eb ka nisur karrier\u00ebn e saj si k\u00ebng\u00ebtare, pasi ka trash\u00ebguar talentin e s\u00eb \u00ebm\u00ebs k\u00ebng\u00ebtares","og_url":"https:\/\/www.visit-ulcinj.com\/blog\/2011\/01\/14\/agnesa-nje-tjeter-bukuroshe-ne-familjen-hadergjonaj\/","og_site_name":"Lajme nga Ulqini","article_published_time":"2011-01-14T08:53:13+00:00","og_image":[{"url":"https:\/\/www.visit-ulcinj.com\/blog\/wp-content\/uploads\/2011\/01\/Angjelina-Hadergjonaj-150x150.jpg"}],"twitter_misc":{"Written by":"ulqini","Est. reading time":"1 minute"},"schema":{"@context":"https:\/\/schema.org","@graph":[{"@type":"WebSite","@id":"https:\/\/www.visit-ulcinj.com\/blog\/#website","url":"https:\/\/www.visit-ulcinj.com\/blog\/","name":"Lajme nga Ulqini","description":"Lajme,Vijesti,Ulqini,Ulqin,Crna Gora,Mali i Zi","potentialAction":[{"@type":"SearchAction","target":{"@type":"EntryPoint","urlTemplate":"https:\/\/www.visit-ulcinj.com\/blog\/?s={search_term_string}"},"query-input":"required name=search_term_string"}],"inLanguage":"en-US"},{"@type":"ImageObject","inLanguage":"en-US","@id":"https:\/\/www.visit-ulcinj.com\/blog\/2011\/01\/14\/agnesa-nje-tjeter-bukuroshe-ne-familjen-hadergjonaj\/#primaryimage","url":"http:\/\/www.visit-ulcinj.com\/blog\/wp-content\/uploads\/2011\/01\/Angjelina-Hadergjonaj.jpg","contentUrl":"http:\/\/www.visit-ulcinj.com\/blog\/wp-content\/uploads\/2011\/01\/Angjelina-Hadergjonaj.jpg"},{"@type":"WebPage","@id":"https:\/\/www.visit-ulcinj.com\/blog\/2011\/01\/14\/agnesa-nje-tjeter-bukuroshe-ne-familjen-hadergjonaj\/#webpage","url":"https:\/\/www.visit-ulcinj.com\/blog\/2011\/01\/14\/agnesa-nje-tjeter-bukuroshe-ne-familjen-hadergjonaj\/","name":"Agnesa: Nj\u00eb tjet\u00ebr bukuroshe n\u00eb familjen Had\u00ebrgjonaj - Lajme nga Ulqini","isPartOf":{"@id":"https:\/\/www.visit-ulcinj.com\/blog\/#website"},"primaryImageOfPage":{"@id":"https:\/\/www.visit-ulcinj.com\/blog\/2011\/01\/14\/agnesa-nje-tjeter-bukuroshe-ne-familjen-hadergjonaj\/#primaryimage"},"datePublished":"2011-01-14T08:53:13+00:00","dateModified":"2011-01-14T08:53:13+00:00","author":{"@id":"https:\/\/www.visit-ulcinj.com\/blog\/#\/schema\/person\/dcab619c614d3038751c63bc2aadc06d"},"description":"\u00cbsht\u00eb motra e madhe e Angjelina Had\u00ebrgjonaj, vajz\u00ebs simpatike q\u00eb ka nisur karrier\u00ebn e saj si k\u00ebng\u00ebtare, pasi ka trash\u00ebguar talentin e s\u00eb \u00ebm\u00ebs k\u00ebng\u00ebtares","breadcrumb":{"@id":"https:\/\/www.visit-ulcinj.com\/blog\/2011\/01\/14\/agnesa-nje-tjeter-bukuroshe-ne-familjen-hadergjonaj\/#breadcrumb"},"inLanguage":"en-US","potentialAction":[{"@type":"ReadAction","target":["https:\/\/www.visit-ulcinj.com\/blog\/2011\/01\/14\/agnesa-nje-tjeter-bukuroshe-ne-familjen-hadergjonaj\/"]}]},{"@type":"BreadcrumbList","@id":"https:\/\/www.visit-ulcinj.com\/blog\/2011\/01\/14\/agnesa-nje-tjeter-bukuroshe-ne-familjen-hadergjonaj\/#breadcrumb","itemListElement":[{"@type":"ListItem","position":1,"name":"Agnesa: Nj\u00eb tjet\u00ebr bukuroshe n\u00eb familjen Had\u00ebrgjonaj"}]},{"@type":"Person","@id":"https:\/\/www.visit-ulcinj.com\/blog\/#\/schema\/person\/dcab619c614d3038751c63bc2aadc06d","name":"ulqini","sameAs":["http:\/\/www.visit-ulcinj.com"],"url":"https:\/\/www.visit-ulcinj.com\/blog\/author\/admin\/"}]}},"jetpack_featured_media_url":"","jetpack_sharing_enabled":true,"jetpack_shortlink":"https:\/\/wp.me\/pe6lTn-aZP","_links":{"self":[{"href":"https:\/\/www.visit-ulcinj.com\/blog\/wp-json\/wp\/v2\/posts\/42273"}],"collection":[{"href":"https:\/\/www.visit-ulcinj.com\/blog\/wp-json\/wp\/v2\/posts"}],"about":[{"href":"https:\/\/www.visit-ulcinj.com\/blog\/wp-json\/wp\/v2\/types\/post"}],"author":[{"embeddable":true,"href":"https:\/\/www.visit-ulcinj.com\/blog\/wp-json\/wp\/v2\/users\/1"}],"replies":[{"embeddable":true,"href":"https:\/\/www.visit-ulcinj.com\/blog\/wp-json\/wp\/v2\/comments?post=42273"}],"version-history":[{"count":0,"href":"https:\/\/www.visit-ulcinj.com\/blog\/wp-json\/wp\/v2\/posts\/42273\/revisions"}],"wp:attachment":[{"href":"https:\/\/www.visit-ulcinj.com\/blog\/wp-json\/wp\/v2\/media?parent=42273"}],"wp:term":[{"taxonomy":"category","embeddable":true,"href":"https:\/\/www.visit-ulcinj.com\/blog\/wp-json\/wp\/v2\/categories?post=42273"},{"taxonomy":"post_tag","embeddable":true,"href":"https:\/\/www.visit-ulcinj.com\/blog\/wp-json\/wp\/v2\/tags?post=42273"}],"curies":[{"name":"wp","href":"https:\/\/api.w.org\/{rel}","templated":true}]}}