{"id":42281,"date":"2011-01-14T10:12:53","date_gmt":"2011-01-14T09:12:53","guid":{"rendered":"http:\/\/www.visit-ulcinj.com\/blog\/?p=42281"},"modified":"2011-01-14T10:13:23","modified_gmt":"2011-01-14T09:13:23","slug":"ciljeta-xhilaga-per-2011-en-dua-binjake","status":"publish","type":"post","link":"https:\/\/www.visit-ulcinj.com\/blog\/2011\/01\/14\/ciljeta-xhilaga-per-2011-en-dua-binjake\/","title":{"rendered":"\u00c7iljeta Xhilaga: P\u00ebr 2011-\u00ebn, dua binjak\u00eb"},"content":{"rendered":"<p><strong><a href=\"http:\/\/www.visit-ulcinj.com\/blog\/wp-content\/uploads\/2011\/01\/Ciljeta-Xhilaga.2.jpg\"><img loading=\"lazy\" class=\"alignleft size-full wp-image-42282\" title=\"Ciljeta Xhilaga.2\" src=\"http:\/\/www.visit-ulcinj.com\/blog\/wp-content\/uploads\/2011\/01\/Ciljeta-Xhilaga.2.jpg\" alt=\"\" width=\"490\" height=\"365\" \/><\/a>P\u00ebr \u00c7ilin ton\u00eb, 2010 ka rezultuar nj\u00eb vit i hatash\u00ebm. Angazhimi i saj n\u00eb strukturat e brendshme t\u00eb PD-s\u00eb ka qen\u00eb nj\u00eb arritje shum\u00eb e madhe p\u00ebr k\u00ebng\u00ebtaren.<\/strong><\/p>\n<p>Ve\u00e7 saj, shum\u00eb k\u00ebng\u00eb, koncerte dhe nj\u00eb dashuri e madhe e gjetur gjat\u00eb k\u00ebtij viti.<\/p>\n<p>Nga 2011 thot\u00eb \u00c7ili: \u201cPres t\u00eb b\u00ebj binjak\u00eb\u201d, duke na dh\u00ebn\u00eb n\u00eb k\u00ebt\u00eb m\u00ebnyr\u00eb nj\u00eb lajm shum\u00eb t\u00eb bukur.<\/p>\n<p><strong>Blutooth<br \/>\n<br \/>\n<!--YouTube Error: bad URL entered--><\/strong><\/p>\n","protected":false},"excerpt":{"rendered":"<p>P\u00ebr \u00c7ilin ton\u00eb, 2010 ka rezultuar nj\u00eb vit i hatash\u00ebm. Angazhimi i saj n\u00eb strukturat e brendshme t\u00eb PD-s\u00eb ka qen\u00eb nj\u00eb arritje shum\u00eb e madhe p\u00ebr k\u00ebng\u00ebtaren. Ve\u00e7 saj, shum\u00eb k\u00ebng\u00eb, koncerte dhe nj\u00eb dashuri e madhe e gjetur gjat\u00eb k\u00ebtij viti. Nga 2011 thot\u00eb \u00c7ili: \u201cPres t\u00eb b\u00ebj binjak\u00eb\u201d, duke na dh\u00ebn\u00eb n\u00eb [&hellip;]<\/p>\n","protected":false},"author":1,"featured_media":0,"comment_status":"open","ping_status":"closed","sticky":false,"template":"","format":"standard","meta":{"spay_email":"","jetpack_publicize_message":"","jetpack_is_tweetstorm":false,"jetpack_publicize_feature_enabled":true},"categories":[1],"tags":[5456],"jetpack_publicize_connections":[],"yoast_head":"<!-- This site is optimized with the Yoast SEO plugin v19.1 - https:\/\/yoast.com\/wordpress\/plugins\/seo\/ -->\n<title>\u00c7iljeta Xhilaga: P\u00ebr 2011-\u00ebn, dua binjak\u00eb - Lajme nga Ulqini<\/title>\n<meta name=\"description\" content=\"P\u00ebr \u00c7ilin ton\u00eb, 2010 ka rezultuar nj\u00eb vit i hatash\u00ebm. Angazhimi i saj n\u00eb strukturat e brendshme t\u00eb PD-s\u00eb ka qen\u00eb nj\u00eb arritje shum\u00eb e madhe p\u00ebr k\u00ebng\u00ebtaren.\" \/>\n<meta name=\"robots\" content=\"index, follow, max-snippet:-1, max-image-preview:large, max-video-preview:-1\" \/>\n<link rel=\"canonical\" href=\"https:\/\/www.visit-ulcinj.com\/blog\/2011\/01\/14\/ciljeta-xhilaga-per-2011-en-dua-binjake\/\" \/>\n<meta property=\"og:locale\" content=\"en_US\" \/>\n<meta property=\"og:type\" content=\"article\" \/>\n<meta property=\"og:title\" content=\"\u00c7iljeta Xhilaga: P\u00ebr 2011-\u00ebn, dua binjak\u00eb - Lajme nga Ulqini\" \/>\n<meta property=\"og:description\" content=\"P\u00ebr \u00c7ilin ton\u00eb, 2010 ka rezultuar nj\u00eb vit i hatash\u00ebm. Angazhimi i saj n\u00eb strukturat e brendshme t\u00eb PD-s\u00eb ka qen\u00eb nj\u00eb arritje shum\u00eb e madhe p\u00ebr k\u00ebng\u00ebtaren.\" \/>\n<meta property=\"og:url\" content=\"https:\/\/www.visit-ulcinj.com\/blog\/2011\/01\/14\/ciljeta-xhilaga-per-2011-en-dua-binjake\/\" \/>\n<meta property=\"og:site_name\" content=\"Lajme nga Ulqini\" \/>\n<meta property=\"article:published_time\" content=\"2011-01-14T09:12:53+00:00\" \/>\n<meta property=\"article:modified_time\" content=\"2011-01-14T09:13:23+00:00\" \/>\n<meta property=\"og:image\" content=\"https:\/\/www.visit-ulcinj.com\/blog\/wp-content\/uploads\/2011\/01\/Ciljeta-Xhilaga.2-150x150.jpg\" \/>\n<meta name=\"twitter:label1\" content=\"Written by\" \/>\n\t<meta name=\"twitter:data1\" content=\"ulqini\" \/>\n<script type=\"application\/ld+json\" class=\"yoast-schema-graph\">{\"@context\":\"https:\/\/schema.org\",\"@graph\":[{\"@type\":\"WebSite\",\"@id\":\"https:\/\/www.visit-ulcinj.com\/blog\/#website\",\"url\":\"https:\/\/www.visit-ulcinj.com\/blog\/\",\"name\":\"Lajme nga Ulqini\",\"description\":\"Lajme,Vijesti,Ulqini,Ulqin,Crna Gora,Mali i Zi\",\"potentialAction\":[{\"@type\":\"SearchAction\",\"target\":{\"@type\":\"EntryPoint\",\"urlTemplate\":\"https:\/\/www.visit-ulcinj.com\/blog\/?s={search_term_string}\"},\"query-input\":\"required name=search_term_string\"}],\"inLanguage\":\"en-US\"},{\"@type\":\"ImageObject\",\"inLanguage\":\"en-US\",\"@id\":\"https:\/\/www.visit-ulcinj.com\/blog\/2011\/01\/14\/ciljeta-xhilaga-per-2011-en-dua-binjake\/#primaryimage\",\"url\":\"http:\/\/www.visit-ulcinj.com\/blog\/wp-content\/uploads\/2011\/01\/Ciljeta-Xhilaga.2.jpg\",\"contentUrl\":\"http:\/\/www.visit-ulcinj.com\/blog\/wp-content\/uploads\/2011\/01\/Ciljeta-Xhilaga.2.jpg\"},{\"@type\":\"WebPage\",\"@id\":\"https:\/\/www.visit-ulcinj.com\/blog\/2011\/01\/14\/ciljeta-xhilaga-per-2011-en-dua-binjake\/#webpage\",\"url\":\"https:\/\/www.visit-ulcinj.com\/blog\/2011\/01\/14\/ciljeta-xhilaga-per-2011-en-dua-binjake\/\",\"name\":\"\u00c7iljeta Xhilaga: P\u00ebr 2011-\u00ebn, dua binjak\u00eb - Lajme nga Ulqini\",\"isPartOf\":{\"@id\":\"https:\/\/www.visit-ulcinj.com\/blog\/#website\"},\"primaryImageOfPage\":{\"@id\":\"https:\/\/www.visit-ulcinj.com\/blog\/2011\/01\/14\/ciljeta-xhilaga-per-2011-en-dua-binjake\/#primaryimage\"},\"datePublished\":\"2011-01-14T09:12:53+00:00\",\"dateModified\":\"2011-01-14T09:13:23+00:00\",\"author\":{\"@id\":\"https:\/\/www.visit-ulcinj.com\/blog\/#\/schema\/person\/dcab619c614d3038751c63bc2aadc06d\"},\"description\":\"P\u00ebr \u00c7ilin ton\u00eb, 2010 ka rezultuar nj\u00eb vit i hatash\u00ebm. Angazhimi i saj n\u00eb strukturat e brendshme t\u00eb PD-s\u00eb ka qen\u00eb nj\u00eb arritje shum\u00eb e madhe p\u00ebr k\u00ebng\u00ebtaren.\",\"breadcrumb\":{\"@id\":\"https:\/\/www.visit-ulcinj.com\/blog\/2011\/01\/14\/ciljeta-xhilaga-per-2011-en-dua-binjake\/#breadcrumb\"},\"inLanguage\":\"en-US\",\"potentialAction\":[{\"@type\":\"ReadAction\",\"target\":[\"https:\/\/www.visit-ulcinj.com\/blog\/2011\/01\/14\/ciljeta-xhilaga-per-2011-en-dua-binjake\/\"]}]},{\"@type\":\"BreadcrumbList\",\"@id\":\"https:\/\/www.visit-ulcinj.com\/blog\/2011\/01\/14\/ciljeta-xhilaga-per-2011-en-dua-binjake\/#breadcrumb\",\"itemListElement\":[{\"@type\":\"ListItem\",\"position\":1,\"name\":\"\u00c7iljeta Xhilaga: P\u00ebr 2011-\u00ebn, dua binjak\u00eb\"}]},{\"@type\":\"Person\",\"@id\":\"https:\/\/www.visit-ulcinj.com\/blog\/#\/schema\/person\/dcab619c614d3038751c63bc2aadc06d\",\"name\":\"ulqini\",\"sameAs\":[\"http:\/\/www.visit-ulcinj.com\"],\"url\":\"https:\/\/www.visit-ulcinj.com\/blog\/author\/admin\/\"}]}<\/script>\n<!-- \/ Yoast SEO plugin. -->","yoast_head_json":{"title":"\u00c7iljeta Xhilaga: P\u00ebr 2011-\u00ebn, dua binjak\u00eb - Lajme nga Ulqini","description":"P\u00ebr \u00c7ilin ton\u00eb, 2010 ka rezultuar nj\u00eb vit i hatash\u00ebm. Angazhimi i saj n\u00eb strukturat e brendshme t\u00eb PD-s\u00eb ka qen\u00eb nj\u00eb arritje shum\u00eb e madhe p\u00ebr k\u00ebng\u00ebtaren.","robots":{"index":"index","follow":"follow","max-snippet":"max-snippet:-1","max-image-preview":"max-image-preview:large","max-video-preview":"max-video-preview:-1"},"canonical":"https:\/\/www.visit-ulcinj.com\/blog\/2011\/01\/14\/ciljeta-xhilaga-per-2011-en-dua-binjake\/","og_locale":"en_US","og_type":"article","og_title":"\u00c7iljeta Xhilaga: P\u00ebr 2011-\u00ebn, dua binjak\u00eb - Lajme nga Ulqini","og_description":"P\u00ebr \u00c7ilin ton\u00eb, 2010 ka rezultuar nj\u00eb vit i hatash\u00ebm. Angazhimi i saj n\u00eb strukturat e brendshme t\u00eb PD-s\u00eb ka qen\u00eb nj\u00eb arritje shum\u00eb e madhe p\u00ebr k\u00ebng\u00ebtaren.","og_url":"https:\/\/www.visit-ulcinj.com\/blog\/2011\/01\/14\/ciljeta-xhilaga-per-2011-en-dua-binjake\/","og_site_name":"Lajme nga Ulqini","article_published_time":"2011-01-14T09:12:53+00:00","article_modified_time":"2011-01-14T09:13:23+00:00","og_image":[{"url":"https:\/\/www.visit-ulcinj.com\/blog\/wp-content\/uploads\/2011\/01\/Ciljeta-Xhilaga.2-150x150.jpg"}],"twitter_misc":{"Written by":"ulqini"},"schema":{"@context":"https:\/\/schema.org","@graph":[{"@type":"WebSite","@id":"https:\/\/www.visit-ulcinj.com\/blog\/#website","url":"https:\/\/www.visit-ulcinj.com\/blog\/","name":"Lajme nga Ulqini","description":"Lajme,Vijesti,Ulqini,Ulqin,Crna Gora,Mali i Zi","potentialAction":[{"@type":"SearchAction","target":{"@type":"EntryPoint","urlTemplate":"https:\/\/www.visit-ulcinj.com\/blog\/?s={search_term_string}"},"query-input":"required name=search_term_string"}],"inLanguage":"en-US"},{"@type":"ImageObject","inLanguage":"en-US","@id":"https:\/\/www.visit-ulcinj.com\/blog\/2011\/01\/14\/ciljeta-xhilaga-per-2011-en-dua-binjake\/#primaryimage","url":"http:\/\/www.visit-ulcinj.com\/blog\/wp-content\/uploads\/2011\/01\/Ciljeta-Xhilaga.2.jpg","contentUrl":"http:\/\/www.visit-ulcinj.com\/blog\/wp-content\/uploads\/2011\/01\/Ciljeta-Xhilaga.2.jpg"},{"@type":"WebPage","@id":"https:\/\/www.visit-ulcinj.com\/blog\/2011\/01\/14\/ciljeta-xhilaga-per-2011-en-dua-binjake\/#webpage","url":"https:\/\/www.visit-ulcinj.com\/blog\/2011\/01\/14\/ciljeta-xhilaga-per-2011-en-dua-binjake\/","name":"\u00c7iljeta Xhilaga: P\u00ebr 2011-\u00ebn, dua binjak\u00eb - Lajme nga Ulqini","isPartOf":{"@id":"https:\/\/www.visit-ulcinj.com\/blog\/#website"},"primaryImageOfPage":{"@id":"https:\/\/www.visit-ulcinj.com\/blog\/2011\/01\/14\/ciljeta-xhilaga-per-2011-en-dua-binjake\/#primaryimage"},"datePublished":"2011-01-14T09:12:53+00:00","dateModified":"2011-01-14T09:13:23+00:00","author":{"@id":"https:\/\/www.visit-ulcinj.com\/blog\/#\/schema\/person\/dcab619c614d3038751c63bc2aadc06d"},"description":"P\u00ebr \u00c7ilin ton\u00eb, 2010 ka rezultuar nj\u00eb vit i hatash\u00ebm. Angazhimi i saj n\u00eb strukturat e brendshme t\u00eb PD-s\u00eb ka qen\u00eb nj\u00eb arritje shum\u00eb e madhe p\u00ebr k\u00ebng\u00ebtaren.","breadcrumb":{"@id":"https:\/\/www.visit-ulcinj.com\/blog\/2011\/01\/14\/ciljeta-xhilaga-per-2011-en-dua-binjake\/#breadcrumb"},"inLanguage":"en-US","potentialAction":[{"@type":"ReadAction","target":["https:\/\/www.visit-ulcinj.com\/blog\/2011\/01\/14\/ciljeta-xhilaga-per-2011-en-dua-binjake\/"]}]},{"@type":"BreadcrumbList","@id":"https:\/\/www.visit-ulcinj.com\/blog\/2011\/01\/14\/ciljeta-xhilaga-per-2011-en-dua-binjake\/#breadcrumb","itemListElement":[{"@type":"ListItem","position":1,"name":"\u00c7iljeta Xhilaga: P\u00ebr 2011-\u00ebn, dua binjak\u00eb"}]},{"@type":"Person","@id":"https:\/\/www.visit-ulcinj.com\/blog\/#\/schema\/person\/dcab619c614d3038751c63bc2aadc06d","name":"ulqini","sameAs":["http:\/\/www.visit-ulcinj.com"],"url":"https:\/\/www.visit-ulcinj.com\/blog\/author\/admin\/"}]}},"jetpack_featured_media_url":"","jetpack_sharing_enabled":true,"jetpack_shortlink":"https:\/\/wp.me\/pe6lTn-aZX","_links":{"self":[{"href":"https:\/\/www.visit-ulcinj.com\/blog\/wp-json\/wp\/v2\/posts\/42281"}],"collection":[{"href":"https:\/\/www.visit-ulcinj.com\/blog\/wp-json\/wp\/v2\/posts"}],"about":[{"href":"https:\/\/www.visit-ulcinj.com\/blog\/wp-json\/wp\/v2\/types\/post"}],"author":[{"embeddable":true,"href":"https:\/\/www.visit-ulcinj.com\/blog\/wp-json\/wp\/v2\/users\/1"}],"replies":[{"embeddable":true,"href":"https:\/\/www.visit-ulcinj.com\/blog\/wp-json\/wp\/v2\/comments?post=42281"}],"version-history":[{"count":0,"href":"https:\/\/www.visit-ulcinj.com\/blog\/wp-json\/wp\/v2\/posts\/42281\/revisions"}],"wp:attachment":[{"href":"https:\/\/www.visit-ulcinj.com\/blog\/wp-json\/wp\/v2\/media?parent=42281"}],"wp:term":[{"taxonomy":"category","embeddable":true,"href":"https:\/\/www.visit-ulcinj.com\/blog\/wp-json\/wp\/v2\/categories?post=42281"},{"taxonomy":"post_tag","embeddable":true,"href":"https:\/\/www.visit-ulcinj.com\/blog\/wp-json\/wp\/v2\/tags?post=42281"}],"curies":[{"name":"wp","href":"https:\/\/api.w.org\/{rel}","templated":true}]}}