{"id":4229,"date":"2008-10-14T17:37:09","date_gmt":"2008-10-14T22:37:09","guid":{"rendered":"http:\/\/www.visit-ulcinj.com\/blog\/?p=4229"},"modified":"2008-10-17T13:24:26","modified_gmt":"2008-10-17T18:24:26","slug":"dukanovic-investitorima-u-becu-predstavlja-crnu-goru","status":"publish","type":"post","link":"https:\/\/www.visit-ulcinj.com\/blog\/2008\/10\/14\/dukanovic-investitorima-u-becu-predstavlja-crnu-goru\/","title":{"rendered":"?ukanovi? investitorima u Be?u predstavlja Crnu Goru"},"content":{"rendered":"<p><a href=\"http:\/\/www.seebiz.eu\/files\/img\/2008\/4\/12\/djukanovic-0021.jpg\"><img loading=\"lazy\" class=\"alignleft\" title=\"Milo ?ukanovi?\" src=\"http:\/\/www.seebiz.eu\/files\/img\/2008\/4\/12\/djukanovic-0021.jpg\" alt=\"\" width=\"353\" height=\"180\" \/><\/a>BE? &#8211; Ekonomski forum pod nazivom Prvi poslovni okrugli sto sa Vladom Crne Gore bi?e odr\u017ean danas u Be?u.<br \/>\nNa Forumu ?e u?estvovati crnogorski premijer Milo ?ukanovi? i ministri Branimir Gvozdenovi? i Predrag Nenezi?. Iz crnogorske Vlade saop\u0161teno je da ?e ?ukanovi? govoriti na sesiji na kojoj ?e investitorima biti predstavljene crnogorske mogu?nosti. Organizator Foruma je Economist Conferences.<br \/>\n&#8220;Nova nezavisna dr\u017eava Crna Gora u\u017eiva u ekonomskom bumu. Zemlja je pro\u0161le godine zabilje\u017eila rekordan priliv stranih investicija, a rast realnog bruto doma?eg proizvoda (BDP) iznosio je sedam odsto&#8221;, podsje?aju organizatori.<br \/>\n&#8220;Ali kako ekonomija po?inje da se pregrijava crnogorski dugoro?ni rast mogao bi biti u opasnosti&#8221;.<br \/>\nForum ?e, kako su dodali, biti prilika da se crnogorskoj Vladi postave pitanja, na primjer, da li mo\u017ee upravljati trenutnim bumom da bi osigurala budu?i ekonomski uspjeh. ?ukanovi? ?e se, tokom boravka u Be?u, sastati s generalnim sekretarom Organizacije za evropsku bezbjednost i saradnju (OEBS), Marcom Perrinom de Brichambautom i generalnim direktorom Organizacije Ujedinjenih nacija za industrijski razvoj (UNIDO), Kandehom Yumkellom.<br \/>\n<strong>Izvor \/ Mina-business <\/strong><\/p>\n","protected":false},"excerpt":{"rendered":"<p>BE? &#8211; Ekonomski forum pod nazivom Prvi poslovni okrugli sto sa Vladom Crne Gore bi?e odr\u017ean danas u Be?u. Na Forumu ?e u?estvovati crnogorski premijer Milo ?ukanovi? i ministri Branimir Gvozdenovi? i Predrag Nenezi?. Iz crnogorske Vlade saop\u0161teno je da ?e ?ukanovi? govoriti na sesiji na kojoj ?e investitorima biti predstavljene crnogorske mogu?nosti. Organizator Foruma [&hellip;]<\/p>\n","protected":false},"author":1,"featured_media":0,"comment_status":"open","ping_status":"closed","sticky":false,"template":"","format":"standard","meta":{"spay_email":"","jetpack_publicize_message":"","jetpack_is_tweetstorm":false,"jetpack_publicize_feature_enabled":true},"categories":[12],"tags":[20,924],"jetpack_publicize_connections":[],"yoast_head":"<!-- This site is optimized with the Yoast SEO plugin v19.1 - https:\/\/yoast.com\/wordpress\/plugins\/seo\/ -->\n<title>?ukanovi? investitorima u Be?u predstavlja Crnu Goru - Lajme nga Ulqini<\/title>\n<meta name=\"description\" content=\"BE? - Ekonomski forum pod nazivom Prvi poslovni okrugli sto sa Vladom Crne Gore bi?e odr\u017ean danas u Be?u. Na Forumu ?e u?estvovati crnogorski premijer\" \/>\n<meta name=\"robots\" content=\"index, follow, max-snippet:-1, max-image-preview:large, max-video-preview:-1\" \/>\n<link rel=\"canonical\" href=\"https:\/\/www.visit-ulcinj.com\/blog\/2008\/10\/14\/dukanovic-investitorima-u-becu-predstavlja-crnu-goru\/\" \/>\n<meta property=\"og:locale\" content=\"en_US\" \/>\n<meta property=\"og:type\" content=\"article\" \/>\n<meta property=\"og:title\" content=\"?ukanovi? investitorima u Be?u predstavlja Crnu Goru - Lajme nga Ulqini\" \/>\n<meta property=\"og:description\" content=\"BE? - Ekonomski forum pod nazivom Prvi poslovni okrugli sto sa Vladom Crne Gore bi?e odr\u017ean danas u Be?u. Na Forumu ?e u?estvovati crnogorski premijer\" \/>\n<meta property=\"og:url\" content=\"https:\/\/www.visit-ulcinj.com\/blog\/2008\/10\/14\/dukanovic-investitorima-u-becu-predstavlja-crnu-goru\/\" \/>\n<meta property=\"og:site_name\" content=\"Lajme nga Ulqini\" \/>\n<meta property=\"article:published_time\" content=\"2008-10-14T22:37:09+00:00\" \/>\n<meta property=\"article:modified_time\" content=\"2008-10-17T18:24:26+00:00\" \/>\n<meta property=\"og:image\" content=\"http:\/\/www.seebiz.eu\/files\/img\/2008\/4\/12\/djukanovic-0021.jpg\" \/>\n<meta name=\"twitter:label1\" content=\"Written by\" \/>\n\t<meta name=\"twitter:data1\" content=\"ulqini\" \/>\n\t<meta name=\"twitter:label2\" content=\"Est. reading time\" \/>\n\t<meta name=\"twitter:data2\" content=\"1 minute\" \/>\n<script type=\"application\/ld+json\" class=\"yoast-schema-graph\">{\"@context\":\"https:\/\/schema.org\",\"@graph\":[{\"@type\":\"WebSite\",\"@id\":\"https:\/\/www.visit-ulcinj.com\/blog\/#website\",\"url\":\"https:\/\/www.visit-ulcinj.com\/blog\/\",\"name\":\"Lajme nga Ulqini\",\"description\":\"Lajme,Vijesti,Ulqini,Ulqin,Crna Gora,Mali i Zi\",\"potentialAction\":[{\"@type\":\"SearchAction\",\"target\":{\"@type\":\"EntryPoint\",\"urlTemplate\":\"https:\/\/www.visit-ulcinj.com\/blog\/?s={search_term_string}\"},\"query-input\":\"required name=search_term_string\"}],\"inLanguage\":\"en-US\"},{\"@type\":\"ImageObject\",\"inLanguage\":\"en-US\",\"@id\":\"https:\/\/www.visit-ulcinj.com\/blog\/2008\/10\/14\/dukanovic-investitorima-u-becu-predstavlja-crnu-goru\/#primaryimage\",\"url\":\"http:\/\/www.seebiz.eu\/files\/img\/2008\/4\/12\/djukanovic-0021.jpg\",\"contentUrl\":\"http:\/\/www.seebiz.eu\/files\/img\/2008\/4\/12\/djukanovic-0021.jpg\"},{\"@type\":\"WebPage\",\"@id\":\"https:\/\/www.visit-ulcinj.com\/blog\/2008\/10\/14\/dukanovic-investitorima-u-becu-predstavlja-crnu-goru\/#webpage\",\"url\":\"https:\/\/www.visit-ulcinj.com\/blog\/2008\/10\/14\/dukanovic-investitorima-u-becu-predstavlja-crnu-goru\/\",\"name\":\"?ukanovi? investitorima u Be?u predstavlja Crnu Goru - Lajme nga Ulqini\",\"isPartOf\":{\"@id\":\"https:\/\/www.visit-ulcinj.com\/blog\/#website\"},\"primaryImageOfPage\":{\"@id\":\"https:\/\/www.visit-ulcinj.com\/blog\/2008\/10\/14\/dukanovic-investitorima-u-becu-predstavlja-crnu-goru\/#primaryimage\"},\"datePublished\":\"2008-10-14T22:37:09+00:00\",\"dateModified\":\"2008-10-17T18:24:26+00:00\",\"author\":{\"@id\":\"https:\/\/www.visit-ulcinj.com\/blog\/#\/schema\/person\/dcab619c614d3038751c63bc2aadc06d\"},\"description\":\"BE? - Ekonomski forum pod nazivom Prvi poslovni okrugli sto sa Vladom Crne Gore bi?e odr\u017ean danas u Be?u. Na Forumu ?e u?estvovati crnogorski premijer\",\"breadcrumb\":{\"@id\":\"https:\/\/www.visit-ulcinj.com\/blog\/2008\/10\/14\/dukanovic-investitorima-u-becu-predstavlja-crnu-goru\/#breadcrumb\"},\"inLanguage\":\"en-US\",\"potentialAction\":[{\"@type\":\"ReadAction\",\"target\":[\"https:\/\/www.visit-ulcinj.com\/blog\/2008\/10\/14\/dukanovic-investitorima-u-becu-predstavlja-crnu-goru\/\"]}]},{\"@type\":\"BreadcrumbList\",\"@id\":\"https:\/\/www.visit-ulcinj.com\/blog\/2008\/10\/14\/dukanovic-investitorima-u-becu-predstavlja-crnu-goru\/#breadcrumb\",\"itemListElement\":[{\"@type\":\"ListItem\",\"position\":1,\"name\":\"?ukanovi? investitorima u Be?u predstavlja Crnu Goru\"}]},{\"@type\":\"Person\",\"@id\":\"https:\/\/www.visit-ulcinj.com\/blog\/#\/schema\/person\/dcab619c614d3038751c63bc2aadc06d\",\"name\":\"ulqini\",\"sameAs\":[\"http:\/\/www.visit-ulcinj.com\"],\"url\":\"https:\/\/www.visit-ulcinj.com\/blog\/author\/admin\/\"}]}<\/script>\n<!-- \/ Yoast SEO plugin. -->","yoast_head_json":{"title":"?ukanovi? investitorima u Be?u predstavlja Crnu Goru - Lajme nga Ulqini","description":"BE? - Ekonomski forum pod nazivom Prvi poslovni okrugli sto sa Vladom Crne Gore bi?e odr\u017ean danas u Be?u. Na Forumu ?e u?estvovati crnogorski premijer","robots":{"index":"index","follow":"follow","max-snippet":"max-snippet:-1","max-image-preview":"max-image-preview:large","max-video-preview":"max-video-preview:-1"},"canonical":"https:\/\/www.visit-ulcinj.com\/blog\/2008\/10\/14\/dukanovic-investitorima-u-becu-predstavlja-crnu-goru\/","og_locale":"en_US","og_type":"article","og_title":"?ukanovi? investitorima u Be?u predstavlja Crnu Goru - Lajme nga Ulqini","og_description":"BE? - Ekonomski forum pod nazivom Prvi poslovni okrugli sto sa Vladom Crne Gore bi?e odr\u017ean danas u Be?u. Na Forumu ?e u?estvovati crnogorski premijer","og_url":"https:\/\/www.visit-ulcinj.com\/blog\/2008\/10\/14\/dukanovic-investitorima-u-becu-predstavlja-crnu-goru\/","og_site_name":"Lajme nga Ulqini","article_published_time":"2008-10-14T22:37:09+00:00","article_modified_time":"2008-10-17T18:24:26+00:00","og_image":[{"url":"http:\/\/www.seebiz.eu\/files\/img\/2008\/4\/12\/djukanovic-0021.jpg"}],"twitter_misc":{"Written by":"ulqini","Est. reading time":"1 minute"},"schema":{"@context":"https:\/\/schema.org","@graph":[{"@type":"WebSite","@id":"https:\/\/www.visit-ulcinj.com\/blog\/#website","url":"https:\/\/www.visit-ulcinj.com\/blog\/","name":"Lajme nga Ulqini","description":"Lajme,Vijesti,Ulqini,Ulqin,Crna Gora,Mali i Zi","potentialAction":[{"@type":"SearchAction","target":{"@type":"EntryPoint","urlTemplate":"https:\/\/www.visit-ulcinj.com\/blog\/?s={search_term_string}"},"query-input":"required name=search_term_string"}],"inLanguage":"en-US"},{"@type":"ImageObject","inLanguage":"en-US","@id":"https:\/\/www.visit-ulcinj.com\/blog\/2008\/10\/14\/dukanovic-investitorima-u-becu-predstavlja-crnu-goru\/#primaryimage","url":"http:\/\/www.seebiz.eu\/files\/img\/2008\/4\/12\/djukanovic-0021.jpg","contentUrl":"http:\/\/www.seebiz.eu\/files\/img\/2008\/4\/12\/djukanovic-0021.jpg"},{"@type":"WebPage","@id":"https:\/\/www.visit-ulcinj.com\/blog\/2008\/10\/14\/dukanovic-investitorima-u-becu-predstavlja-crnu-goru\/#webpage","url":"https:\/\/www.visit-ulcinj.com\/blog\/2008\/10\/14\/dukanovic-investitorima-u-becu-predstavlja-crnu-goru\/","name":"?ukanovi? investitorima u Be?u predstavlja Crnu Goru - Lajme nga Ulqini","isPartOf":{"@id":"https:\/\/www.visit-ulcinj.com\/blog\/#website"},"primaryImageOfPage":{"@id":"https:\/\/www.visit-ulcinj.com\/blog\/2008\/10\/14\/dukanovic-investitorima-u-becu-predstavlja-crnu-goru\/#primaryimage"},"datePublished":"2008-10-14T22:37:09+00:00","dateModified":"2008-10-17T18:24:26+00:00","author":{"@id":"https:\/\/www.visit-ulcinj.com\/blog\/#\/schema\/person\/dcab619c614d3038751c63bc2aadc06d"},"description":"BE? - Ekonomski forum pod nazivom Prvi poslovni okrugli sto sa Vladom Crne Gore bi?e odr\u017ean danas u Be?u. Na Forumu ?e u?estvovati crnogorski premijer","breadcrumb":{"@id":"https:\/\/www.visit-ulcinj.com\/blog\/2008\/10\/14\/dukanovic-investitorima-u-becu-predstavlja-crnu-goru\/#breadcrumb"},"inLanguage":"en-US","potentialAction":[{"@type":"ReadAction","target":["https:\/\/www.visit-ulcinj.com\/blog\/2008\/10\/14\/dukanovic-investitorima-u-becu-predstavlja-crnu-goru\/"]}]},{"@type":"BreadcrumbList","@id":"https:\/\/www.visit-ulcinj.com\/blog\/2008\/10\/14\/dukanovic-investitorima-u-becu-predstavlja-crnu-goru\/#breadcrumb","itemListElement":[{"@type":"ListItem","position":1,"name":"?ukanovi? investitorima u Be?u predstavlja Crnu Goru"}]},{"@type":"Person","@id":"https:\/\/www.visit-ulcinj.com\/blog\/#\/schema\/person\/dcab619c614d3038751c63bc2aadc06d","name":"ulqini","sameAs":["http:\/\/www.visit-ulcinj.com"],"url":"https:\/\/www.visit-ulcinj.com\/blog\/author\/admin\/"}]}},"jetpack_featured_media_url":"","jetpack_sharing_enabled":true,"jetpack_shortlink":"https:\/\/wp.me\/pe6lTn-16d","_links":{"self":[{"href":"https:\/\/www.visit-ulcinj.com\/blog\/wp-json\/wp\/v2\/posts\/4229"}],"collection":[{"href":"https:\/\/www.visit-ulcinj.com\/blog\/wp-json\/wp\/v2\/posts"}],"about":[{"href":"https:\/\/www.visit-ulcinj.com\/blog\/wp-json\/wp\/v2\/types\/post"}],"author":[{"embeddable":true,"href":"https:\/\/www.visit-ulcinj.com\/blog\/wp-json\/wp\/v2\/users\/1"}],"replies":[{"embeddable":true,"href":"https:\/\/www.visit-ulcinj.com\/blog\/wp-json\/wp\/v2\/comments?post=4229"}],"version-history":[{"count":0,"href":"https:\/\/www.visit-ulcinj.com\/blog\/wp-json\/wp\/v2\/posts\/4229\/revisions"}],"wp:attachment":[{"href":"https:\/\/www.visit-ulcinj.com\/blog\/wp-json\/wp\/v2\/media?parent=4229"}],"wp:term":[{"taxonomy":"category","embeddable":true,"href":"https:\/\/www.visit-ulcinj.com\/blog\/wp-json\/wp\/v2\/categories?post=4229"},{"taxonomy":"post_tag","embeddable":true,"href":"https:\/\/www.visit-ulcinj.com\/blog\/wp-json\/wp\/v2\/tags?post=4229"}],"curies":[{"name":"wp","href":"https:\/\/api.w.org\/{rel}","templated":true}]}}