{"id":423,"date":"2008-02-07T15:26:40","date_gmt":"2008-02-07T20:26:40","guid":{"rendered":"http:\/\/www.visit-ulcinj.com\/blog\/2008\/02\/07\/montenegro-airlines-verra-privatizzata\/"},"modified":"2008-02-12T14:55:17","modified_gmt":"2008-02-12T19:55:17","slug":"montenegro-airlines-verra-privatizzata","status":"publish","type":"post","link":"https:\/\/www.visit-ulcinj.com\/blog\/2008\/02\/07\/montenegro-airlines-verra-privatizzata\/","title":{"rendered":"Montenegro Airlines verr\u00e0 privatizzata"},"content":{"rendered":"<p><img loading=\"lazy\" src=\"http:\/\/webmail.mgx.cg.yu\/images\/sign.jpg\" align=\"left\" height=\"71\" hspace=\"2\" vspace=\"2\" width=\"264\" \/>Il Montenegro lancia la vendita del 30% del capitale azionario della Montenegro Airlines, terza societ\u00e0 aerea nazionale, che sar\u00e0 ricapitalizzata entro la fine dell&#8217;anno.<!--more--><br \/>\n\u00c8 stata lanciata la vendita della terza societ\u00e0 aerea nazionale montenegrina, Montenegro Airlines, che sar\u00e0 ricapitalizzata entro la fine dell&#8217;anno. Lo rende noto il quotidiano di Podgorica Vijesti, riportando l&#8217;annuncio del Presidente della societ\u00e0 aerea di Stato, Zoran Djurisic, della ratifica di un accordo che permetter\u00e0 la vendita del 30% percento delle azioni ad investitori privati, mentre il pacchetto azionario di controllo rimarr\u00e0 nelle mani dello Stato. Secondo Djurisic, si tratta del pi\u00f9 grande investimento nella propriet\u00e0 nella societ\u00e0 che \u00e8 stato fatto finora dalla Banca Europea per lo Sviluppo (BERS) .<br \/>\nIl Montenegro decide cos\u00ec di promuovere un&#8217;importante privatizzazione come incentivo per gli investimenti esteri, in seguito alla decisione di ampliare le tratte verso la Russia e verso Parigi, considerata da Djurisic una mossa estremamente intelligente e imprenditoriale da parte del Governo del Montenegro per aumentare il valore di mercato della societ\u00e0, in vista della decisione di vendere parte del pacchetto azionario. Non sono state rese note le offerte eventualmente presentate da parte degli investitori esteri interessati all&#8217;acquisto della societ\u00e0.<\/p>\n<p>Rinascita Balcanica<\/p>\n","protected":false},"excerpt":{"rendered":"<p><img loading=\"lazy\" src=\"http:\/\/webmail.mgx.cg.yu\/images\/sign.jpg\" alt=\"montenegro airlines\" height=\"140\" width=\"140\" \/><\/p>\n","protected":false},"author":1,"featured_media":0,"comment_status":"open","ping_status":"closed","sticky":false,"template":"","format":"standard","meta":{"spay_email":"","jetpack_publicize_message":"","jetpack_is_tweetstorm":false,"jetpack_publicize_feature_enabled":true},"categories":[12],"tags":[1141,79,1096,1097,916],"jetpack_publicize_connections":[],"yoast_head":"<!-- This site is optimized with the Yoast SEO plugin v19.1 - https:\/\/yoast.com\/wordpress\/plugins\/seo\/ -->\n<title>Montenegro Airlines verr\u00e0 privatizzata - Lajme nga Ulqini<\/title>\n<meta name=\"robots\" content=\"index, follow, max-snippet:-1, max-image-preview:large, max-video-preview:-1\" \/>\n<link rel=\"canonical\" href=\"https:\/\/www.visit-ulcinj.com\/blog\/2008\/02\/07\/montenegro-airlines-verra-privatizzata\/\" \/>\n<meta property=\"og:locale\" content=\"en_US\" \/>\n<meta property=\"og:type\" content=\"article\" \/>\n<meta property=\"og:title\" content=\"Montenegro Airlines verr\u00e0 privatizzata - Lajme nga Ulqini\" \/>\n<meta property=\"og:url\" content=\"https:\/\/www.visit-ulcinj.com\/blog\/2008\/02\/07\/montenegro-airlines-verra-privatizzata\/\" \/>\n<meta property=\"og:site_name\" content=\"Lajme nga Ulqini\" \/>\n<meta property=\"article:published_time\" content=\"2008-02-07T20:26:40+00:00\" \/>\n<meta property=\"article:modified_time\" content=\"2008-02-12T19:55:17+00:00\" \/>\n<meta property=\"og:image\" content=\"http:\/\/webmail.mgx.cg.yu\/images\/sign.jpg\" \/>\n<meta name=\"twitter:label1\" content=\"Written by\" \/>\n\t<meta name=\"twitter:data1\" content=\"ulqini\" \/>\n\t<meta name=\"twitter:label2\" content=\"Est. reading time\" \/>\n\t<meta name=\"twitter:data2\" content=\"1 minute\" \/>\n<script type=\"application\/ld+json\" class=\"yoast-schema-graph\">{\"@context\":\"https:\/\/schema.org\",\"@graph\":[{\"@type\":\"WebSite\",\"@id\":\"https:\/\/www.visit-ulcinj.com\/blog\/#website\",\"url\":\"https:\/\/www.visit-ulcinj.com\/blog\/\",\"name\":\"Lajme nga Ulqini\",\"description\":\"Lajme,Vijesti,Ulqini,Ulqin,Crna Gora,Mali i Zi\",\"potentialAction\":[{\"@type\":\"SearchAction\",\"target\":{\"@type\":\"EntryPoint\",\"urlTemplate\":\"https:\/\/www.visit-ulcinj.com\/blog\/?s={search_term_string}\"},\"query-input\":\"required name=search_term_string\"}],\"inLanguage\":\"en-US\"},{\"@type\":\"ImageObject\",\"inLanguage\":\"en-US\",\"@id\":\"https:\/\/www.visit-ulcinj.com\/blog\/2008\/02\/07\/montenegro-airlines-verra-privatizzata\/#primaryimage\",\"url\":\"http:\/\/webmail.mgx.cg.yu\/images\/sign.jpg\",\"contentUrl\":\"http:\/\/webmail.mgx.cg.yu\/images\/sign.jpg\"},{\"@type\":\"WebPage\",\"@id\":\"https:\/\/www.visit-ulcinj.com\/blog\/2008\/02\/07\/montenegro-airlines-verra-privatizzata\/#webpage\",\"url\":\"https:\/\/www.visit-ulcinj.com\/blog\/2008\/02\/07\/montenegro-airlines-verra-privatizzata\/\",\"name\":\"Montenegro Airlines verr\u00e0 privatizzata - Lajme nga Ulqini\",\"isPartOf\":{\"@id\":\"https:\/\/www.visit-ulcinj.com\/blog\/#website\"},\"primaryImageOfPage\":{\"@id\":\"https:\/\/www.visit-ulcinj.com\/blog\/2008\/02\/07\/montenegro-airlines-verra-privatizzata\/#primaryimage\"},\"datePublished\":\"2008-02-07T20:26:40+00:00\",\"dateModified\":\"2008-02-12T19:55:17+00:00\",\"author\":{\"@id\":\"https:\/\/www.visit-ulcinj.com\/blog\/#\/schema\/person\/dcab619c614d3038751c63bc2aadc06d\"},\"breadcrumb\":{\"@id\":\"https:\/\/www.visit-ulcinj.com\/blog\/2008\/02\/07\/montenegro-airlines-verra-privatizzata\/#breadcrumb\"},\"inLanguage\":\"en-US\",\"potentialAction\":[{\"@type\":\"ReadAction\",\"target\":[\"https:\/\/www.visit-ulcinj.com\/blog\/2008\/02\/07\/montenegro-airlines-verra-privatizzata\/\"]}]},{\"@type\":\"BreadcrumbList\",\"@id\":\"https:\/\/www.visit-ulcinj.com\/blog\/2008\/02\/07\/montenegro-airlines-verra-privatizzata\/#breadcrumb\",\"itemListElement\":[{\"@type\":\"ListItem\",\"position\":1,\"name\":\"Montenegro Airlines verr\u00e0 privatizzata\"}]},{\"@type\":\"Person\",\"@id\":\"https:\/\/www.visit-ulcinj.com\/blog\/#\/schema\/person\/dcab619c614d3038751c63bc2aadc06d\",\"name\":\"ulqini\",\"sameAs\":[\"http:\/\/www.visit-ulcinj.com\"],\"url\":\"https:\/\/www.visit-ulcinj.com\/blog\/author\/admin\/\"}]}<\/script>\n<!-- \/ Yoast SEO plugin. -->","yoast_head_json":{"title":"Montenegro Airlines verr\u00e0 privatizzata - Lajme nga Ulqini","robots":{"index":"index","follow":"follow","max-snippet":"max-snippet:-1","max-image-preview":"max-image-preview:large","max-video-preview":"max-video-preview:-1"},"canonical":"https:\/\/www.visit-ulcinj.com\/blog\/2008\/02\/07\/montenegro-airlines-verra-privatizzata\/","og_locale":"en_US","og_type":"article","og_title":"Montenegro Airlines verr\u00e0 privatizzata - Lajme nga Ulqini","og_url":"https:\/\/www.visit-ulcinj.com\/blog\/2008\/02\/07\/montenegro-airlines-verra-privatizzata\/","og_site_name":"Lajme nga Ulqini","article_published_time":"2008-02-07T20:26:40+00:00","article_modified_time":"2008-02-12T19:55:17+00:00","og_image":[{"url":"http:\/\/webmail.mgx.cg.yu\/images\/sign.jpg"}],"twitter_misc":{"Written by":"ulqini","Est. reading time":"1 minute"},"schema":{"@context":"https:\/\/schema.org","@graph":[{"@type":"WebSite","@id":"https:\/\/www.visit-ulcinj.com\/blog\/#website","url":"https:\/\/www.visit-ulcinj.com\/blog\/","name":"Lajme nga Ulqini","description":"Lajme,Vijesti,Ulqini,Ulqin,Crna Gora,Mali i Zi","potentialAction":[{"@type":"SearchAction","target":{"@type":"EntryPoint","urlTemplate":"https:\/\/www.visit-ulcinj.com\/blog\/?s={search_term_string}"},"query-input":"required name=search_term_string"}],"inLanguage":"en-US"},{"@type":"ImageObject","inLanguage":"en-US","@id":"https:\/\/www.visit-ulcinj.com\/blog\/2008\/02\/07\/montenegro-airlines-verra-privatizzata\/#primaryimage","url":"http:\/\/webmail.mgx.cg.yu\/images\/sign.jpg","contentUrl":"http:\/\/webmail.mgx.cg.yu\/images\/sign.jpg"},{"@type":"WebPage","@id":"https:\/\/www.visit-ulcinj.com\/blog\/2008\/02\/07\/montenegro-airlines-verra-privatizzata\/#webpage","url":"https:\/\/www.visit-ulcinj.com\/blog\/2008\/02\/07\/montenegro-airlines-verra-privatizzata\/","name":"Montenegro Airlines verr\u00e0 privatizzata - Lajme nga Ulqini","isPartOf":{"@id":"https:\/\/www.visit-ulcinj.com\/blog\/#website"},"primaryImageOfPage":{"@id":"https:\/\/www.visit-ulcinj.com\/blog\/2008\/02\/07\/montenegro-airlines-verra-privatizzata\/#primaryimage"},"datePublished":"2008-02-07T20:26:40+00:00","dateModified":"2008-02-12T19:55:17+00:00","author":{"@id":"https:\/\/www.visit-ulcinj.com\/blog\/#\/schema\/person\/dcab619c614d3038751c63bc2aadc06d"},"breadcrumb":{"@id":"https:\/\/www.visit-ulcinj.com\/blog\/2008\/02\/07\/montenegro-airlines-verra-privatizzata\/#breadcrumb"},"inLanguage":"en-US","potentialAction":[{"@type":"ReadAction","target":["https:\/\/www.visit-ulcinj.com\/blog\/2008\/02\/07\/montenegro-airlines-verra-privatizzata\/"]}]},{"@type":"BreadcrumbList","@id":"https:\/\/www.visit-ulcinj.com\/blog\/2008\/02\/07\/montenegro-airlines-verra-privatizzata\/#breadcrumb","itemListElement":[{"@type":"ListItem","position":1,"name":"Montenegro Airlines verr\u00e0 privatizzata"}]},{"@type":"Person","@id":"https:\/\/www.visit-ulcinj.com\/blog\/#\/schema\/person\/dcab619c614d3038751c63bc2aadc06d","name":"ulqini","sameAs":["http:\/\/www.visit-ulcinj.com"],"url":"https:\/\/www.visit-ulcinj.com\/blog\/author\/admin\/"}]}},"jetpack_featured_media_url":"","jetpack_sharing_enabled":true,"jetpack_shortlink":"https:\/\/wp.me\/pe6lTn-6P","_links":{"self":[{"href":"https:\/\/www.visit-ulcinj.com\/blog\/wp-json\/wp\/v2\/posts\/423"}],"collection":[{"href":"https:\/\/www.visit-ulcinj.com\/blog\/wp-json\/wp\/v2\/posts"}],"about":[{"href":"https:\/\/www.visit-ulcinj.com\/blog\/wp-json\/wp\/v2\/types\/post"}],"author":[{"embeddable":true,"href":"https:\/\/www.visit-ulcinj.com\/blog\/wp-json\/wp\/v2\/users\/1"}],"replies":[{"embeddable":true,"href":"https:\/\/www.visit-ulcinj.com\/blog\/wp-json\/wp\/v2\/comments?post=423"}],"version-history":[{"count":0,"href":"https:\/\/www.visit-ulcinj.com\/blog\/wp-json\/wp\/v2\/posts\/423\/revisions"}],"wp:attachment":[{"href":"https:\/\/www.visit-ulcinj.com\/blog\/wp-json\/wp\/v2\/media?parent=423"}],"wp:term":[{"taxonomy":"category","embeddable":true,"href":"https:\/\/www.visit-ulcinj.com\/blog\/wp-json\/wp\/v2\/categories?post=423"},{"taxonomy":"post_tag","embeddable":true,"href":"https:\/\/www.visit-ulcinj.com\/blog\/wp-json\/wp\/v2\/tags?post=423"}],"curies":[{"name":"wp","href":"https:\/\/api.w.org\/{rel}","templated":true}]}}