{"id":42314,"date":"2011-01-14T15:52:17","date_gmt":"2011-01-14T14:52:17","guid":{"rendered":"http:\/\/www.visit-ulcinj.com\/blog\/?p=42314"},"modified":"2011-01-14T15:52:17","modified_gmt":"2011-01-14T14:52:17","slug":"adelina-emini-vjen-me-nje-kenge-te-re","status":"publish","type":"post","link":"https:\/\/www.visit-ulcinj.com\/blog\/2011\/01\/14\/adelina-emini-vjen-me-nje-kenge-te-re\/","title":{"rendered":"Adelina Emini vjen me nj\u00eb k\u00ebng\u00eb t\u00eb re"},"content":{"rendered":"<p><a href=\"http:\/\/www.visit-ulcinj.com\/blog\/wp-content\/uploads\/2011\/01\/Adelina-Emini.jpg\"><img loading=\"lazy\" class=\"alignleft size-full wp-image-42315\" title=\"Adelina Emini\" src=\"http:\/\/www.visit-ulcinj.com\/blog\/wp-content\/uploads\/2011\/01\/Adelina-Emini.jpg\" alt=\"\" width=\"350\" height=\"525\" \/><\/a>Nd\u00ebrsa vitin q\u00eb lam\u00eb pas k\u00ebng\u00ebtarja Adelina Emini ia ka dedikuar m\u00eb shum\u00eb studimeve t\u00eb saj, k\u00ebt\u00eb vit thot\u00eb se do t\u00eb jet\u00eb m\u00eb shum\u00eb aktive n\u00eb k\u00ebng\u00eb e muzik\u00eb. Fakt p\u00ebr k\u00ebt\u00eb gj\u00eb ishte edhe k\u00ebnga e saj e fundit, t\u00eb cil\u00ebn k\u00ebng\u00ebtarja e realizoi p\u00ebr fundvit, duke \u2018hapur\u2019 dyert p\u00ebr angazhime t\u00eb radh\u00ebs.<\/p>\n<p>\u201cVitin q\u00eb lam\u00eb pas m\u00eb shum\u00eb ia pata dedikuar studimeve, k\u00ebshtu q\u00eb nuk isha shum\u00eb aktive sa u p\u00ebrket t\u00eb rejave n\u00eb muzik\u00eb. Por, p\u00ebr fundvitin 2010 realizova nj\u00eb k\u00ebng\u00eb me t\u00eb cil\u00ebn edhe u prezantova n\u00ebp\u00ebr incizimet festive\u201d, k\u00ebshtu thekson p\u00ebr \u201cInfopress\u201d k\u00ebng\u00ebtarja Adelina Emini, nd\u00ebrsa fuqish\u00ebm deklaron se ky vit do t\u00eb ket\u00eb m\u00eb shum\u00eb k\u00ebng\u00eb t\u00eb reja nga ajo.<\/p>\n<p><strong>Shum\u00eb shpejt edhe me nj\u00eb k\u00ebng\u00eb tjet\u00ebr<\/strong><\/p>\n<p>\u201cK\u00ebng\u00ebs q\u00eb realizova p\u00ebr fundvit nuk jam e sigurt n\u00ebse do t\u2019i realizoj edhe kripin, pasi po m\u00eb duket se vet\u00eb prezantimi n\u00ebp\u00ebr programet festive ka nj\u00eb promovim t\u00eb mir\u00eb. Sa kam d\u00ebgjuar edhe n\u00ebp\u00ebr radio, po d\u00ebgjohet mjaft shum\u00eb e po k\u00ebrkohet nga d\u00ebgjuesit. Tani kam n\u00eb plan t\u00eb realizoj nj\u00eb k\u00ebng\u00eb tjet\u00ebr, t\u00eb cil\u00ebs mendoj patjet\u00ebr t\u2019ia realizoj edhe klipin. Do t\u00eb jet\u00eb nj\u00eb k\u00ebng\u00eb q\u00eb mendoj ta lansoj gjat\u00eb pranver\u00ebs ose m\u00eb s\u00eb largu gjat\u00eb sezonit veror\u201d, tregon ajo.<\/p>\n<p>Tekstin p\u00ebr k\u00ebng\u00ebn e saj t\u00eb fundit e ka shkruar k\u00ebng\u00ebtarja Linda Halimi, nd\u00ebrsa muzik\u00ebn dhe orkestrimin e ka b\u00ebr\u00eb Florent Boshnjaku. \u201cKa dal\u00eb nj\u00eb k\u00ebng\u00eb shum\u00eb e mir\u00eb. \u00cbsht\u00eb p\u00eblqyer shum\u00eb, ndon\u00ebse \u00ebsht\u00eb vet\u00ebm n\u00eb fillimet e saj. P\u00ebrve\u00e7 programeve, k\u00ebnga ka filluar t\u00eb d\u00ebgjohet mjaft shum\u00eb edhe n\u00ebp\u00ebr radio dhe kjo po m\u00eb b\u00ebn t\u00eb jem e k\u00ebnaqur me k\u00ebt\u00eb krijim. Titullohet \u201cS\u2019m\u00eb bind dot\u201d,<\/p>\n<p>E kur jemi te k\u00ebnga e radh\u00ebs, Adelina thot\u00eb se ende nuk ka vendosur p\u00ebr bashk\u00ebpun\u00ebtor\u00ebt me t\u00eb cil\u00ebt do t\u00eb punoj\u00eb n\u00eb krijimin e radh\u00ebs. \u201cNuk e di me sakt\u00ebsi se me k\u00ebnd do t\u00eb bashk\u00ebpunoj, por gjithashtu nuk mund t\u00eb them me sakt\u00ebsi se a do t\u00eb vij me rit\u00ebm apo balad\u00eb. Por, mund t\u00eb them se n\u00ebse k\u00ebng\u00ebn do ta lansoj gjat\u00eb pranver\u00ebs, mund t\u00eb jet\u00eb balad\u00eb, nd\u00ebrsa vera patjet\u00ebr q\u00eb do ritmin, dhe ashtu do t\u00eb jet\u00eb edhe k\u00ebnga ime\u201d.<\/p>\n<p><strong>Shoq\u00ebri, t\u00eb cil\u00ebn s\u2019e nd\u00ebrroj p\u00ebr asgj\u00eb n\u00eb bot\u00eb<\/strong><\/p>\n<p>E p\u00ebrve\u00e7 angazhimeve muzikore, k\u00ebng\u00ebtarja b\u00ebn me dije se p\u00ebr k\u00ebt\u00eb vit ka dhe nj\u00eb mision t\u00eb dyt\u00eb, t\u00eb cilin do ta realizoj shum\u00eb shpejt. \u201c\u00cbsht\u00eb tema e magjistratur\u00ebs, q\u00eb do ta mbroj dhe sigurisht q\u00eb krahas k\u00ebsaj do t\u00eb vazhdoj edhe me angazhimet muzikore\u201d.<br \/>\nP\u00ebrve\u00e7 angazhimeve n\u00eb pun\u00eb, studime e k\u00ebng\u00eb, Adelina b\u00ebn me dije se ka edhe jet\u00ebn private dhe arg\u00ebtimin p\u00ebr vete. Zakonisht del n\u00eb shoq\u00ebrin\u00eb e motr\u00ebs Njomz\u00ebs dhe t\u00eb tjerave apo edhe me n\u00ebn\u00ebn e saj, shoq\u00ebri k\u00ebto q\u00eb nuk i nd\u00ebrron me asgj\u00eb n\u00eb bot\u00eb. \u201cSigurisht q\u00eb dal ndonj\u00ebher\u00eb. Zakonisht dal me motr\u00ebn Njomz\u00ebn, apo edhe me motrat tjera. Por, gjithashtu dal edhe me n\u00ebn\u00ebn time. N\u00eb shoq\u00ebrin\u00eb e tyre gjithnj\u00eb kaloj momentet m\u00eb t\u00eb bukura\u201d, shton p\u00ebr fund Adelina.<\/p>\n<p><strong>Info Press<br \/>\n<!--YouTube Error: bad URL entered--><\/strong><\/p>\n","protected":false},"excerpt":{"rendered":"<p>Nd\u00ebrsa vitin q\u00eb lam\u00eb pas k\u00ebng\u00ebtarja Adelina Emini ia ka dedikuar m\u00eb shum\u00eb studimeve t\u00eb saj, k\u00ebt\u00eb vit thot\u00eb se do t\u00eb jet\u00eb m\u00eb shum\u00eb aktive n\u00eb k\u00ebng\u00eb e muzik\u00eb. Fakt p\u00ebr k\u00ebt\u00eb gj\u00eb ishte edhe k\u00ebnga e saj e fundit, t\u00eb cil\u00ebn k\u00ebng\u00ebtarja e realizoi p\u00ebr fundvit, duke \u2018hapur\u2019 dyert p\u00ebr angazhime t\u00eb radh\u00ebs. [&hellip;]<\/p>\n","protected":false},"author":1,"featured_media":0,"comment_status":"open","ping_status":"closed","sticky":false,"template":"","format":"standard","meta":{"spay_email":"","jetpack_publicize_message":"","jetpack_is_tweetstorm":false,"jetpack_publicize_feature_enabled":true},"categories":[1],"tags":[17016],"jetpack_publicize_connections":[],"yoast_head":"<!-- This site is optimized with the Yoast SEO plugin v19.1 - https:\/\/yoast.com\/wordpress\/plugins\/seo\/ -->\n<title>Adelina Emini vjen me nj\u00eb k\u00ebng\u00eb t\u00eb re - Lajme nga Ulqini<\/title>\n<meta name=\"description\" content=\"Nd\u00ebrsa vitin q\u00eb lam\u00eb pas k\u00ebng\u00ebtarja Adelina Emini ia ka dedikuar m\u00eb shum\u00eb studimeve t\u00eb saj, k\u00ebt\u00eb vit thot\u00eb se do t\u00eb jet\u00eb m\u00eb shum\u00eb aktive n\u00eb k\u00ebng\u00eb e\" \/>\n<meta name=\"robots\" content=\"index, follow, max-snippet:-1, max-image-preview:large, max-video-preview:-1\" \/>\n<link rel=\"canonical\" href=\"https:\/\/www.visit-ulcinj.com\/blog\/2011\/01\/14\/adelina-emini-vjen-me-nje-kenge-te-re\/\" \/>\n<meta property=\"og:locale\" content=\"en_US\" \/>\n<meta property=\"og:type\" content=\"article\" \/>\n<meta property=\"og:title\" content=\"Adelina Emini vjen me nj\u00eb k\u00ebng\u00eb t\u00eb re - Lajme nga Ulqini\" \/>\n<meta property=\"og:description\" content=\"Nd\u00ebrsa vitin q\u00eb lam\u00eb pas k\u00ebng\u00ebtarja Adelina Emini ia ka dedikuar m\u00eb shum\u00eb studimeve t\u00eb saj, k\u00ebt\u00eb vit thot\u00eb se do t\u00eb jet\u00eb m\u00eb shum\u00eb aktive n\u00eb k\u00ebng\u00eb e\" \/>\n<meta property=\"og:url\" content=\"https:\/\/www.visit-ulcinj.com\/blog\/2011\/01\/14\/adelina-emini-vjen-me-nje-kenge-te-re\/\" \/>\n<meta property=\"og:site_name\" content=\"Lajme nga Ulqini\" \/>\n<meta property=\"article:published_time\" content=\"2011-01-14T14:52:17+00:00\" \/>\n<meta property=\"og:image\" content=\"http:\/\/www.visit-ulcinj.com\/blog\/wp-content\/uploads\/2011\/01\/Adelina-Emini.jpg\" \/>\n<meta name=\"twitter:label1\" content=\"Written by\" \/>\n\t<meta name=\"twitter:data1\" content=\"ulqini\" \/>\n\t<meta name=\"twitter:label2\" content=\"Est. reading time\" \/>\n\t<meta name=\"twitter:data2\" content=\"3 minutes\" \/>\n<script type=\"application\/ld+json\" class=\"yoast-schema-graph\">{\"@context\":\"https:\/\/schema.org\",\"@graph\":[{\"@type\":\"WebSite\",\"@id\":\"https:\/\/www.visit-ulcinj.com\/blog\/#website\",\"url\":\"https:\/\/www.visit-ulcinj.com\/blog\/\",\"name\":\"Lajme nga Ulqini\",\"description\":\"Lajme,Vijesti,Ulqini,Ulqin,Crna Gora,Mali i Zi\",\"potentialAction\":[{\"@type\":\"SearchAction\",\"target\":{\"@type\":\"EntryPoint\",\"urlTemplate\":\"https:\/\/www.visit-ulcinj.com\/blog\/?s={search_term_string}\"},\"query-input\":\"required name=search_term_string\"}],\"inLanguage\":\"en-US\"},{\"@type\":\"ImageObject\",\"inLanguage\":\"en-US\",\"@id\":\"https:\/\/www.visit-ulcinj.com\/blog\/2011\/01\/14\/adelina-emini-vjen-me-nje-kenge-te-re\/#primaryimage\",\"url\":\"http:\/\/www.visit-ulcinj.com\/blog\/wp-content\/uploads\/2011\/01\/Adelina-Emini.jpg\",\"contentUrl\":\"http:\/\/www.visit-ulcinj.com\/blog\/wp-content\/uploads\/2011\/01\/Adelina-Emini.jpg\"},{\"@type\":\"WebPage\",\"@id\":\"https:\/\/www.visit-ulcinj.com\/blog\/2011\/01\/14\/adelina-emini-vjen-me-nje-kenge-te-re\/#webpage\",\"url\":\"https:\/\/www.visit-ulcinj.com\/blog\/2011\/01\/14\/adelina-emini-vjen-me-nje-kenge-te-re\/\",\"name\":\"Adelina Emini vjen me nj\u00eb k\u00ebng\u00eb t\u00eb re - Lajme nga Ulqini\",\"isPartOf\":{\"@id\":\"https:\/\/www.visit-ulcinj.com\/blog\/#website\"},\"primaryImageOfPage\":{\"@id\":\"https:\/\/www.visit-ulcinj.com\/blog\/2011\/01\/14\/adelina-emini-vjen-me-nje-kenge-te-re\/#primaryimage\"},\"datePublished\":\"2011-01-14T14:52:17+00:00\",\"dateModified\":\"2011-01-14T14:52:17+00:00\",\"author\":{\"@id\":\"https:\/\/www.visit-ulcinj.com\/blog\/#\/schema\/person\/dcab619c614d3038751c63bc2aadc06d\"},\"description\":\"Nd\u00ebrsa vitin q\u00eb lam\u00eb pas k\u00ebng\u00ebtarja Adelina Emini ia ka dedikuar m\u00eb shum\u00eb studimeve t\u00eb saj, k\u00ebt\u00eb vit thot\u00eb se do t\u00eb jet\u00eb m\u00eb shum\u00eb aktive n\u00eb k\u00ebng\u00eb e\",\"breadcrumb\":{\"@id\":\"https:\/\/www.visit-ulcinj.com\/blog\/2011\/01\/14\/adelina-emini-vjen-me-nje-kenge-te-re\/#breadcrumb\"},\"inLanguage\":\"en-US\",\"potentialAction\":[{\"@type\":\"ReadAction\",\"target\":[\"https:\/\/www.visit-ulcinj.com\/blog\/2011\/01\/14\/adelina-emini-vjen-me-nje-kenge-te-re\/\"]}]},{\"@type\":\"BreadcrumbList\",\"@id\":\"https:\/\/www.visit-ulcinj.com\/blog\/2011\/01\/14\/adelina-emini-vjen-me-nje-kenge-te-re\/#breadcrumb\",\"itemListElement\":[{\"@type\":\"ListItem\",\"position\":1,\"name\":\"Adelina Emini vjen me nj\u00eb k\u00ebng\u00eb t\u00eb re\"}]},{\"@type\":\"Person\",\"@id\":\"https:\/\/www.visit-ulcinj.com\/blog\/#\/schema\/person\/dcab619c614d3038751c63bc2aadc06d\",\"name\":\"ulqini\",\"sameAs\":[\"http:\/\/www.visit-ulcinj.com\"],\"url\":\"https:\/\/www.visit-ulcinj.com\/blog\/author\/admin\/\"}]}<\/script>\n<!-- \/ Yoast SEO plugin. -->","yoast_head_json":{"title":"Adelina Emini vjen me nj\u00eb k\u00ebng\u00eb t\u00eb re - Lajme nga Ulqini","description":"Nd\u00ebrsa vitin q\u00eb lam\u00eb pas k\u00ebng\u00ebtarja Adelina Emini ia ka dedikuar m\u00eb shum\u00eb studimeve t\u00eb saj, k\u00ebt\u00eb vit thot\u00eb se do t\u00eb jet\u00eb m\u00eb shum\u00eb aktive n\u00eb k\u00ebng\u00eb e","robots":{"index":"index","follow":"follow","max-snippet":"max-snippet:-1","max-image-preview":"max-image-preview:large","max-video-preview":"max-video-preview:-1"},"canonical":"https:\/\/www.visit-ulcinj.com\/blog\/2011\/01\/14\/adelina-emini-vjen-me-nje-kenge-te-re\/","og_locale":"en_US","og_type":"article","og_title":"Adelina Emini vjen me nj\u00eb k\u00ebng\u00eb t\u00eb re - Lajme nga Ulqini","og_description":"Nd\u00ebrsa vitin q\u00eb lam\u00eb pas k\u00ebng\u00ebtarja Adelina Emini ia ka dedikuar m\u00eb shum\u00eb studimeve t\u00eb saj, k\u00ebt\u00eb vit thot\u00eb se do t\u00eb jet\u00eb m\u00eb shum\u00eb aktive n\u00eb k\u00ebng\u00eb e","og_url":"https:\/\/www.visit-ulcinj.com\/blog\/2011\/01\/14\/adelina-emini-vjen-me-nje-kenge-te-re\/","og_site_name":"Lajme nga Ulqini","article_published_time":"2011-01-14T14:52:17+00:00","og_image":[{"url":"http:\/\/www.visit-ulcinj.com\/blog\/wp-content\/uploads\/2011\/01\/Adelina-Emini.jpg"}],"twitter_misc":{"Written by":"ulqini","Est. reading time":"3 minutes"},"schema":{"@context":"https:\/\/schema.org","@graph":[{"@type":"WebSite","@id":"https:\/\/www.visit-ulcinj.com\/blog\/#website","url":"https:\/\/www.visit-ulcinj.com\/blog\/","name":"Lajme nga Ulqini","description":"Lajme,Vijesti,Ulqini,Ulqin,Crna Gora,Mali i Zi","potentialAction":[{"@type":"SearchAction","target":{"@type":"EntryPoint","urlTemplate":"https:\/\/www.visit-ulcinj.com\/blog\/?s={search_term_string}"},"query-input":"required name=search_term_string"}],"inLanguage":"en-US"},{"@type":"ImageObject","inLanguage":"en-US","@id":"https:\/\/www.visit-ulcinj.com\/blog\/2011\/01\/14\/adelina-emini-vjen-me-nje-kenge-te-re\/#primaryimage","url":"http:\/\/www.visit-ulcinj.com\/blog\/wp-content\/uploads\/2011\/01\/Adelina-Emini.jpg","contentUrl":"http:\/\/www.visit-ulcinj.com\/blog\/wp-content\/uploads\/2011\/01\/Adelina-Emini.jpg"},{"@type":"WebPage","@id":"https:\/\/www.visit-ulcinj.com\/blog\/2011\/01\/14\/adelina-emini-vjen-me-nje-kenge-te-re\/#webpage","url":"https:\/\/www.visit-ulcinj.com\/blog\/2011\/01\/14\/adelina-emini-vjen-me-nje-kenge-te-re\/","name":"Adelina Emini vjen me nj\u00eb k\u00ebng\u00eb t\u00eb re - Lajme nga Ulqini","isPartOf":{"@id":"https:\/\/www.visit-ulcinj.com\/blog\/#website"},"primaryImageOfPage":{"@id":"https:\/\/www.visit-ulcinj.com\/blog\/2011\/01\/14\/adelina-emini-vjen-me-nje-kenge-te-re\/#primaryimage"},"datePublished":"2011-01-14T14:52:17+00:00","dateModified":"2011-01-14T14:52:17+00:00","author":{"@id":"https:\/\/www.visit-ulcinj.com\/blog\/#\/schema\/person\/dcab619c614d3038751c63bc2aadc06d"},"description":"Nd\u00ebrsa vitin q\u00eb lam\u00eb pas k\u00ebng\u00ebtarja Adelina Emini ia ka dedikuar m\u00eb shum\u00eb studimeve t\u00eb saj, k\u00ebt\u00eb vit thot\u00eb se do t\u00eb jet\u00eb m\u00eb shum\u00eb aktive n\u00eb k\u00ebng\u00eb e","breadcrumb":{"@id":"https:\/\/www.visit-ulcinj.com\/blog\/2011\/01\/14\/adelina-emini-vjen-me-nje-kenge-te-re\/#breadcrumb"},"inLanguage":"en-US","potentialAction":[{"@type":"ReadAction","target":["https:\/\/www.visit-ulcinj.com\/blog\/2011\/01\/14\/adelina-emini-vjen-me-nje-kenge-te-re\/"]}]},{"@type":"BreadcrumbList","@id":"https:\/\/www.visit-ulcinj.com\/blog\/2011\/01\/14\/adelina-emini-vjen-me-nje-kenge-te-re\/#breadcrumb","itemListElement":[{"@type":"ListItem","position":1,"name":"Adelina Emini vjen me nj\u00eb k\u00ebng\u00eb t\u00eb re"}]},{"@type":"Person","@id":"https:\/\/www.visit-ulcinj.com\/blog\/#\/schema\/person\/dcab619c614d3038751c63bc2aadc06d","name":"ulqini","sameAs":["http:\/\/www.visit-ulcinj.com"],"url":"https:\/\/www.visit-ulcinj.com\/blog\/author\/admin\/"}]}},"jetpack_featured_media_url":"","jetpack_sharing_enabled":true,"jetpack_shortlink":"https:\/\/wp.me\/pe6lTn-b0u","_links":{"self":[{"href":"https:\/\/www.visit-ulcinj.com\/blog\/wp-json\/wp\/v2\/posts\/42314"}],"collection":[{"href":"https:\/\/www.visit-ulcinj.com\/blog\/wp-json\/wp\/v2\/posts"}],"about":[{"href":"https:\/\/www.visit-ulcinj.com\/blog\/wp-json\/wp\/v2\/types\/post"}],"author":[{"embeddable":true,"href":"https:\/\/www.visit-ulcinj.com\/blog\/wp-json\/wp\/v2\/users\/1"}],"replies":[{"embeddable":true,"href":"https:\/\/www.visit-ulcinj.com\/blog\/wp-json\/wp\/v2\/comments?post=42314"}],"version-history":[{"count":0,"href":"https:\/\/www.visit-ulcinj.com\/blog\/wp-json\/wp\/v2\/posts\/42314\/revisions"}],"wp:attachment":[{"href":"https:\/\/www.visit-ulcinj.com\/blog\/wp-json\/wp\/v2\/media?parent=42314"}],"wp:term":[{"taxonomy":"category","embeddable":true,"href":"https:\/\/www.visit-ulcinj.com\/blog\/wp-json\/wp\/v2\/categories?post=42314"},{"taxonomy":"post_tag","embeddable":true,"href":"https:\/\/www.visit-ulcinj.com\/blog\/wp-json\/wp\/v2\/tags?post=42314"}],"curies":[{"name":"wp","href":"https:\/\/api.w.org\/{rel}","templated":true}]}}