{"id":42317,"date":"2011-01-14T16:24:38","date_gmt":"2011-01-14T15:24:38","guid":{"rendered":"http:\/\/www.visit-ulcinj.com\/blog\/?p=42317"},"modified":"2011-01-14T16:57:12","modified_gmt":"2011-01-14T15:57:12","slug":"zbavitjet-ekstravagante-te-sinanit-e-seldit-dhe-udhetimi-ne-amerike","status":"publish","type":"post","link":"https:\/\/www.visit-ulcinj.com\/blog\/2011\/01\/14\/zbavitjet-ekstravagante-te-sinanit-e-seldit-dhe-udhetimi-ne-amerike\/","title":{"rendered":"Zbavitjet ekstravagante t\u00eb Sinanit e Seldit dhe udh\u00ebtimi n\u00eb Amerik\u00eb"},"content":{"rendered":"<p><a href=\"http:\/\/www.visit-ulcinj.com\/blog\/wp-content\/uploads\/2011\/01\/Sinan-Hoxha-dhe-Seldi-Qalliu.jpg\"><img loading=\"lazy\" class=\"alignleft size-full wp-image-42318\" title=\"Sinan Hoxha dhe Seldi Qalliu\" src=\"http:\/\/www.visit-ulcinj.com\/blog\/wp-content\/uploads\/2011\/01\/Sinan-Hoxha-dhe-Seldi-Qalliu.jpg\" alt=\"\" width=\"490\" height=\"309\" \/><\/a>Pas duetit \u201cAdrenalina\u201d k\u00ebng\u00ebtar\u00ebt Sinan Hoxha dhe Seldi Qalliu, duket q\u00eb jan\u00eb ndier v\u00ebrtet t\u00eb ekzaltuar n\u00eb dit\u00ebt n\u00eb vazhdim, nd\u00ebrsa jan\u00eb fotografuar tek festojn\u00eb n\u00eb prag t\u00eb festave t\u00eb fundvitit n\u00eb nj\u00eb nga lokalet e njohur n\u00eb Tiran\u00eb. Pak dit\u00eb para se t\u00eb niseshin p\u00ebr nj\u00eb koncert n\u00eb Shtetet e Bashkuara t\u00eb Amerik\u00ebs, ata jan\u00eb arg\u00ebtuar n\u00eb or\u00ebt e vona me alkool, cigare dhe femra. Si\u00e7 e shihni nga fotot, Sinani \u00ebsht\u00eb fotografuar nd\u00ebrsa shk\u00ebmben puthje t\u00eb nxehta m\u00eb nj\u00eb fem\u00ebr brune, q\u00eb nuk dihet ende n\u00ebse e ka mikesh\u00eb, apo \u00ebsht\u00eb njohur at\u00eb mbr\u00ebmje. Pas zhurm\u00ebs rreth miq\u00ebsis\u00eb s\u00eb k\u00ebng\u00ebtar\u00ebve ata vendos\u00ebn t\u00eb publikojn\u00eb klipin e tyre luksoz, duetin e par\u00eb artistik, nd\u00ebrsa i drejtohen nj\u00eb femre zeshkane, duke mohuar q\u00eb t\u00eb jet\u00eb nj\u00eb person real.<br \/>\n<a href=\"http:\/\/www.visit-ulcinj.com\/blog\/wp-content\/uploads\/2011\/01\/Sinan-Hoxha-dhe-Seldi-Qalliu.1.jpg\"><img loading=\"lazy\" class=\"alignleft size-full wp-image-42319\" title=\"Sinan Hoxha dhe Seldi Qalliu.1\" src=\"http:\/\/www.visit-ulcinj.com\/blog\/wp-content\/uploads\/2011\/01\/Sinan-Hoxha-dhe-Seldi-Qalliu.1.jpg\" alt=\"\" width=\"490\" height=\"380\" \/><\/a>Klipi q\u00eb kushtoi 10 mij\u00eb euro po transmetohet n\u00eb t\u00eb gjitha kanalet muzikore shqiptare. Vargjet e k\u00ebng\u00ebs u shkruan nga Rozana Radi, nd\u00ebrsa muzika nga Alban Fortuna. E ve\u00e7anta e k\u00ebng\u00ebs \u00ebsht\u00eb nj\u00eb miksim i motiveve popullore dhe muzik\u00ebs RnB, dy rrymat e l\u00ebvruara nga secili k\u00ebng\u00ebtar n\u00eb karrier\u00ebn e tyre muzikore. Edhe Seldi Qalliu, ish-banor i \u201cBig Brother 3\u201d, e ka hedhur posht\u00eb iden\u00eb se k\u00ebt\u00eb k\u00ebng\u00eb ia ka kushtuar Domenik\u00ebs, ish-t\u00eb dashur\u00ebs s\u00eb tij. Ai \u00ebsht\u00eb shprehur p\u00ebr \u201cPanorama Plus\u201d se \u201cjo vet\u00ebm q\u00eb nuk ia kam dedikuar k\u00ebng\u00ebn asaj, por tashm\u00eb dhe emrin ia kishte harruar\u201d. Nd\u00ebrsa Sinani, gjat\u00eb nj\u00eb interviste ekskluzive dh\u00ebn\u00eb gazet\u00ebs \u201cPanorama\u201d, mohoi q\u00eb kjo k\u00ebng\u00eb t\u2019i kushtohej nj\u00eb femre reale, si\u00e7 ishte p\u00ebrfolur se mund t\u00eb b\u00ebhej fjal\u00eb p\u00ebr ish-t\u00eb dashur\u00ebn e Seldit, Domenik\u00ebn. Por nga ana tjet\u00ebr, ai nuk mohoi q\u00eb ideja p\u00ebr k\u00ebt\u00eb bashk\u00ebpunim u lindi nga v\u00ebmendja publike q\u00eb mor\u00ebn t\u00eb dy, pas deklarat\u00ebs s\u00eb Domenik\u00ebs, e cila pohoi se mes tyre nuk ekzistonte thjesht nj\u00eb miq\u00ebsi.<\/p>\n<p><strong>Shqip Media<br \/>\n<!--YouTube Error: bad URL entered--><\/strong><\/p>\n","protected":false},"excerpt":{"rendered":"<p>Pas duetit \u201cAdrenalina\u201d k\u00ebng\u00ebtar\u00ebt Sinan Hoxha dhe Seldi Qalliu, duket q\u00eb jan\u00eb ndier v\u00ebrtet t\u00eb ekzaltuar n\u00eb dit\u00ebt n\u00eb vazhdim, nd\u00ebrsa jan\u00eb fotografuar tek festojn\u00eb n\u00eb prag t\u00eb festave t\u00eb fundvitit n\u00eb nj\u00eb nga lokalet e njohur n\u00eb Tiran\u00eb. Pak dit\u00eb para se t\u00eb niseshin p\u00ebr nj\u00eb koncert n\u00eb Shtetet e Bashkuara t\u00eb Amerik\u00ebs, ata [&hellip;]<\/p>\n","protected":false},"author":1,"featured_media":0,"comment_status":"open","ping_status":"closed","sticky":false,"template":"","format":"standard","meta":{"spay_email":"","jetpack_publicize_message":"","jetpack_is_tweetstorm":false,"jetpack_publicize_feature_enabled":true},"categories":[1],"tags":[14967,12151],"jetpack_publicize_connections":[],"yoast_head":"<!-- This site is optimized with the Yoast SEO plugin v19.1 - https:\/\/yoast.com\/wordpress\/plugins\/seo\/ -->\n<title>Zbavitjet ekstravagante t\u00eb Sinanit e Seldit dhe udh\u00ebtimi n\u00eb Amerik\u00eb - Lajme nga Ulqini<\/title>\n<meta name=\"description\" content=\"Pas duetit \u201cAdrenalina\u201d k\u00ebng\u00ebtar\u00ebt Sinan Hoxha dhe Seldi Qalliu, duket q\u00eb jan\u00eb ndier v\u00ebrtet t\u00eb ekzaltuar n\u00eb dit\u00ebt n\u00eb vazhdim, nd\u00ebrsa jan\u00eb fotografuar tek\" \/>\n<meta name=\"robots\" content=\"index, follow, max-snippet:-1, max-image-preview:large, max-video-preview:-1\" \/>\n<link rel=\"canonical\" href=\"https:\/\/www.visit-ulcinj.com\/blog\/2011\/01\/14\/zbavitjet-ekstravagante-te-sinanit-e-seldit-dhe-udhetimi-ne-amerike\/\" \/>\n<meta property=\"og:locale\" content=\"en_US\" \/>\n<meta property=\"og:type\" content=\"article\" \/>\n<meta property=\"og:title\" content=\"Zbavitjet ekstravagante t\u00eb Sinanit e Seldit dhe udh\u00ebtimi n\u00eb Amerik\u00eb - Lajme nga Ulqini\" \/>\n<meta property=\"og:description\" content=\"Pas duetit \u201cAdrenalina\u201d k\u00ebng\u00ebtar\u00ebt Sinan Hoxha dhe Seldi Qalliu, duket q\u00eb jan\u00eb ndier v\u00ebrtet t\u00eb ekzaltuar n\u00eb dit\u00ebt n\u00eb vazhdim, nd\u00ebrsa jan\u00eb fotografuar tek\" \/>\n<meta property=\"og:url\" content=\"https:\/\/www.visit-ulcinj.com\/blog\/2011\/01\/14\/zbavitjet-ekstravagante-te-sinanit-e-seldit-dhe-udhetimi-ne-amerike\/\" \/>\n<meta property=\"og:site_name\" content=\"Lajme nga Ulqini\" \/>\n<meta property=\"article:published_time\" content=\"2011-01-14T15:24:38+00:00\" \/>\n<meta property=\"article:modified_time\" content=\"2011-01-14T15:57:12+00:00\" \/>\n<meta property=\"og:image\" content=\"http:\/\/www.visit-ulcinj.com\/blog\/wp-content\/uploads\/2011\/01\/Sinan-Hoxha-dhe-Seldi-Qalliu.jpg\" \/>\n<meta name=\"twitter:label1\" content=\"Written by\" \/>\n\t<meta name=\"twitter:data1\" content=\"ulqini\" \/>\n\t<meta name=\"twitter:label2\" content=\"Est. reading time\" \/>\n\t<meta name=\"twitter:data2\" content=\"2 minutes\" \/>\n<script type=\"application\/ld+json\" class=\"yoast-schema-graph\">{\"@context\":\"https:\/\/schema.org\",\"@graph\":[{\"@type\":\"WebSite\",\"@id\":\"https:\/\/www.visit-ulcinj.com\/blog\/#website\",\"url\":\"https:\/\/www.visit-ulcinj.com\/blog\/\",\"name\":\"Lajme nga Ulqini\",\"description\":\"Lajme,Vijesti,Ulqini,Ulqin,Crna Gora,Mali i Zi\",\"potentialAction\":[{\"@type\":\"SearchAction\",\"target\":{\"@type\":\"EntryPoint\",\"urlTemplate\":\"https:\/\/www.visit-ulcinj.com\/blog\/?s={search_term_string}\"},\"query-input\":\"required name=search_term_string\"}],\"inLanguage\":\"en-US\"},{\"@type\":\"ImageObject\",\"inLanguage\":\"en-US\",\"@id\":\"https:\/\/www.visit-ulcinj.com\/blog\/2011\/01\/14\/zbavitjet-ekstravagante-te-sinanit-e-seldit-dhe-udhetimi-ne-amerike\/#primaryimage\",\"url\":\"https:\/\/www.visit-ulcinj.com\/blog\/wp-content\/uploads\/2011\/01\/Sinan-Hoxha-dhe-Seldi-Qalliu.jpg\",\"contentUrl\":\"https:\/\/www.visit-ulcinj.com\/blog\/wp-content\/uploads\/2011\/01\/Sinan-Hoxha-dhe-Seldi-Qalliu.jpg\",\"width\":\"550\",\"height\":\"309\"},{\"@type\":\"WebPage\",\"@id\":\"https:\/\/www.visit-ulcinj.com\/blog\/2011\/01\/14\/zbavitjet-ekstravagante-te-sinanit-e-seldit-dhe-udhetimi-ne-amerike\/#webpage\",\"url\":\"https:\/\/www.visit-ulcinj.com\/blog\/2011\/01\/14\/zbavitjet-ekstravagante-te-sinanit-e-seldit-dhe-udhetimi-ne-amerike\/\",\"name\":\"Zbavitjet ekstravagante t\u00eb Sinanit e Seldit dhe udh\u00ebtimi n\u00eb Amerik\u00eb - Lajme nga Ulqini\",\"isPartOf\":{\"@id\":\"https:\/\/www.visit-ulcinj.com\/blog\/#website\"},\"primaryImageOfPage\":{\"@id\":\"https:\/\/www.visit-ulcinj.com\/blog\/2011\/01\/14\/zbavitjet-ekstravagante-te-sinanit-e-seldit-dhe-udhetimi-ne-amerike\/#primaryimage\"},\"datePublished\":\"2011-01-14T15:24:38+00:00\",\"dateModified\":\"2011-01-14T15:57:12+00:00\",\"author\":{\"@id\":\"https:\/\/www.visit-ulcinj.com\/blog\/#\/schema\/person\/dcab619c614d3038751c63bc2aadc06d\"},\"description\":\"Pas duetit \u201cAdrenalina\u201d k\u00ebng\u00ebtar\u00ebt Sinan Hoxha dhe Seldi Qalliu, duket q\u00eb jan\u00eb ndier v\u00ebrtet t\u00eb ekzaltuar n\u00eb dit\u00ebt n\u00eb vazhdim, nd\u00ebrsa jan\u00eb fotografuar tek\",\"breadcrumb\":{\"@id\":\"https:\/\/www.visit-ulcinj.com\/blog\/2011\/01\/14\/zbavitjet-ekstravagante-te-sinanit-e-seldit-dhe-udhetimi-ne-amerike\/#breadcrumb\"},\"inLanguage\":\"en-US\",\"potentialAction\":[{\"@type\":\"ReadAction\",\"target\":[\"https:\/\/www.visit-ulcinj.com\/blog\/2011\/01\/14\/zbavitjet-ekstravagante-te-sinanit-e-seldit-dhe-udhetimi-ne-amerike\/\"]}]},{\"@type\":\"BreadcrumbList\",\"@id\":\"https:\/\/www.visit-ulcinj.com\/blog\/2011\/01\/14\/zbavitjet-ekstravagante-te-sinanit-e-seldit-dhe-udhetimi-ne-amerike\/#breadcrumb\",\"itemListElement\":[{\"@type\":\"ListItem\",\"position\":1,\"name\":\"Zbavitjet ekstravagante t\u00eb Sinanit e Seldit dhe udh\u00ebtimi n\u00eb Amerik\u00eb\"}]},{\"@type\":\"Person\",\"@id\":\"https:\/\/www.visit-ulcinj.com\/blog\/#\/schema\/person\/dcab619c614d3038751c63bc2aadc06d\",\"name\":\"ulqini\",\"sameAs\":[\"http:\/\/www.visit-ulcinj.com\"],\"url\":\"https:\/\/www.visit-ulcinj.com\/blog\/author\/admin\/\"}]}<\/script>\n<!-- \/ Yoast SEO plugin. -->","yoast_head_json":{"title":"Zbavitjet ekstravagante t\u00eb Sinanit e Seldit dhe udh\u00ebtimi n\u00eb Amerik\u00eb - Lajme nga Ulqini","description":"Pas duetit \u201cAdrenalina\u201d k\u00ebng\u00ebtar\u00ebt Sinan Hoxha dhe Seldi Qalliu, duket q\u00eb jan\u00eb ndier v\u00ebrtet t\u00eb ekzaltuar n\u00eb dit\u00ebt n\u00eb vazhdim, nd\u00ebrsa jan\u00eb fotografuar tek","robots":{"index":"index","follow":"follow","max-snippet":"max-snippet:-1","max-image-preview":"max-image-preview:large","max-video-preview":"max-video-preview:-1"},"canonical":"https:\/\/www.visit-ulcinj.com\/blog\/2011\/01\/14\/zbavitjet-ekstravagante-te-sinanit-e-seldit-dhe-udhetimi-ne-amerike\/","og_locale":"en_US","og_type":"article","og_title":"Zbavitjet ekstravagante t\u00eb Sinanit e Seldit dhe udh\u00ebtimi n\u00eb Amerik\u00eb - Lajme nga Ulqini","og_description":"Pas duetit \u201cAdrenalina\u201d k\u00ebng\u00ebtar\u00ebt Sinan Hoxha dhe Seldi Qalliu, duket q\u00eb jan\u00eb ndier v\u00ebrtet t\u00eb ekzaltuar n\u00eb dit\u00ebt n\u00eb vazhdim, nd\u00ebrsa jan\u00eb fotografuar tek","og_url":"https:\/\/www.visit-ulcinj.com\/blog\/2011\/01\/14\/zbavitjet-ekstravagante-te-sinanit-e-seldit-dhe-udhetimi-ne-amerike\/","og_site_name":"Lajme nga Ulqini","article_published_time":"2011-01-14T15:24:38+00:00","article_modified_time":"2011-01-14T15:57:12+00:00","og_image":[{"url":"http:\/\/www.visit-ulcinj.com\/blog\/wp-content\/uploads\/2011\/01\/Sinan-Hoxha-dhe-Seldi-Qalliu.jpg"}],"twitter_misc":{"Written by":"ulqini","Est. reading time":"2 minutes"},"schema":{"@context":"https:\/\/schema.org","@graph":[{"@type":"WebSite","@id":"https:\/\/www.visit-ulcinj.com\/blog\/#website","url":"https:\/\/www.visit-ulcinj.com\/blog\/","name":"Lajme nga Ulqini","description":"Lajme,Vijesti,Ulqini,Ulqin,Crna Gora,Mali i Zi","potentialAction":[{"@type":"SearchAction","target":{"@type":"EntryPoint","urlTemplate":"https:\/\/www.visit-ulcinj.com\/blog\/?s={search_term_string}"},"query-input":"required name=search_term_string"}],"inLanguage":"en-US"},{"@type":"ImageObject","inLanguage":"en-US","@id":"https:\/\/www.visit-ulcinj.com\/blog\/2011\/01\/14\/zbavitjet-ekstravagante-te-sinanit-e-seldit-dhe-udhetimi-ne-amerike\/#primaryimage","url":"https:\/\/www.visit-ulcinj.com\/blog\/wp-content\/uploads\/2011\/01\/Sinan-Hoxha-dhe-Seldi-Qalliu.jpg","contentUrl":"https:\/\/www.visit-ulcinj.com\/blog\/wp-content\/uploads\/2011\/01\/Sinan-Hoxha-dhe-Seldi-Qalliu.jpg","width":"550","height":"309"},{"@type":"WebPage","@id":"https:\/\/www.visit-ulcinj.com\/blog\/2011\/01\/14\/zbavitjet-ekstravagante-te-sinanit-e-seldit-dhe-udhetimi-ne-amerike\/#webpage","url":"https:\/\/www.visit-ulcinj.com\/blog\/2011\/01\/14\/zbavitjet-ekstravagante-te-sinanit-e-seldit-dhe-udhetimi-ne-amerike\/","name":"Zbavitjet ekstravagante t\u00eb Sinanit e Seldit dhe udh\u00ebtimi n\u00eb Amerik\u00eb - Lajme nga Ulqini","isPartOf":{"@id":"https:\/\/www.visit-ulcinj.com\/blog\/#website"},"primaryImageOfPage":{"@id":"https:\/\/www.visit-ulcinj.com\/blog\/2011\/01\/14\/zbavitjet-ekstravagante-te-sinanit-e-seldit-dhe-udhetimi-ne-amerike\/#primaryimage"},"datePublished":"2011-01-14T15:24:38+00:00","dateModified":"2011-01-14T15:57:12+00:00","author":{"@id":"https:\/\/www.visit-ulcinj.com\/blog\/#\/schema\/person\/dcab619c614d3038751c63bc2aadc06d"},"description":"Pas duetit \u201cAdrenalina\u201d k\u00ebng\u00ebtar\u00ebt Sinan Hoxha dhe Seldi Qalliu, duket q\u00eb jan\u00eb ndier v\u00ebrtet t\u00eb ekzaltuar n\u00eb dit\u00ebt n\u00eb vazhdim, nd\u00ebrsa jan\u00eb fotografuar tek","breadcrumb":{"@id":"https:\/\/www.visit-ulcinj.com\/blog\/2011\/01\/14\/zbavitjet-ekstravagante-te-sinanit-e-seldit-dhe-udhetimi-ne-amerike\/#breadcrumb"},"inLanguage":"en-US","potentialAction":[{"@type":"ReadAction","target":["https:\/\/www.visit-ulcinj.com\/blog\/2011\/01\/14\/zbavitjet-ekstravagante-te-sinanit-e-seldit-dhe-udhetimi-ne-amerike\/"]}]},{"@type":"BreadcrumbList","@id":"https:\/\/www.visit-ulcinj.com\/blog\/2011\/01\/14\/zbavitjet-ekstravagante-te-sinanit-e-seldit-dhe-udhetimi-ne-amerike\/#breadcrumb","itemListElement":[{"@type":"ListItem","position":1,"name":"Zbavitjet ekstravagante t\u00eb Sinanit e Seldit dhe udh\u00ebtimi n\u00eb Amerik\u00eb"}]},{"@type":"Person","@id":"https:\/\/www.visit-ulcinj.com\/blog\/#\/schema\/person\/dcab619c614d3038751c63bc2aadc06d","name":"ulqini","sameAs":["http:\/\/www.visit-ulcinj.com"],"url":"https:\/\/www.visit-ulcinj.com\/blog\/author\/admin\/"}]}},"jetpack_featured_media_url":"","jetpack_sharing_enabled":true,"jetpack_shortlink":"https:\/\/wp.me\/pe6lTn-b0x","_links":{"self":[{"href":"https:\/\/www.visit-ulcinj.com\/blog\/wp-json\/wp\/v2\/posts\/42317"}],"collection":[{"href":"https:\/\/www.visit-ulcinj.com\/blog\/wp-json\/wp\/v2\/posts"}],"about":[{"href":"https:\/\/www.visit-ulcinj.com\/blog\/wp-json\/wp\/v2\/types\/post"}],"author":[{"embeddable":true,"href":"https:\/\/www.visit-ulcinj.com\/blog\/wp-json\/wp\/v2\/users\/1"}],"replies":[{"embeddable":true,"href":"https:\/\/www.visit-ulcinj.com\/blog\/wp-json\/wp\/v2\/comments?post=42317"}],"version-history":[{"count":0,"href":"https:\/\/www.visit-ulcinj.com\/blog\/wp-json\/wp\/v2\/posts\/42317\/revisions"}],"wp:attachment":[{"href":"https:\/\/www.visit-ulcinj.com\/blog\/wp-json\/wp\/v2\/media?parent=42317"}],"wp:term":[{"taxonomy":"category","embeddable":true,"href":"https:\/\/www.visit-ulcinj.com\/blog\/wp-json\/wp\/v2\/categories?post=42317"},{"taxonomy":"post_tag","embeddable":true,"href":"https:\/\/www.visit-ulcinj.com\/blog\/wp-json\/wp\/v2\/tags?post=42317"}],"curies":[{"name":"wp","href":"https:\/\/api.w.org\/{rel}","templated":true}]}}