{"id":42325,"date":"2011-01-14T17:26:42","date_gmt":"2011-01-14T16:26:42","guid":{"rendered":"http:\/\/www.visit-ulcinj.com\/blog\/?p=42325"},"modified":"2011-01-14T17:26:42","modified_gmt":"2011-01-14T16:26:42","slug":"forca-kritikuje-nacin-izbora-direktora-skola","status":"publish","type":"post","link":"https:\/\/www.visit-ulcinj.com\/blog\/2011\/01\/14\/forca-kritikuje-nacin-izbora-direktora-skola\/","title":{"rendered":"Forca kritikuje na\u010din izbora direktora \u0161kola"},"content":{"rendered":"<p><strong><img loading=\"lazy\" class=\"alignleft\" title=\"Forca-Ulcinj\" src=\"http:\/\/www.visit-ulcinj.com\/blog\/wp-content\/uploads\/2010\/03\/forca-logo-ulcinj.jpg\" alt=\"\" width=\"300\" height=\"300\" \/>Konsultovati savjete nacionalnih manjina<br \/>\n<\/strong>ULCINJ &#8211; Objavljivanju konkursa za direktore \u0161kola u Crnoj Gori prethodilo je formiranje upravnih odbora po \u0161kolama gdje se iz njihovih sastava vidi da dominiraju \u010dlanovi koji predstavljaju Ministarstvo prosvjete. Iz ovakvog postupka jasno proizilazi zaklju\u010dak da se centralizuje izbor upravnih organa \u0161kola i jasno je da \u0107e sam ministar odlu\u010divati o izboru direktora \u0161kola \u2013 saop\u0161teno je ju\u010de iz Force<strong>.<\/strong><\/p>\n<p>U saop\u0161tenju se novodi da se ova partija zala\u017ee da osnovni kriterijum prilikom izbora direktora budu prefesionalne i organizacione sposobnosti, a ne partijska pripadnost i to partijama na vlasti.<\/p>\n<p>&#8211; Izbor kandidata za direktore \u0161kola tokom januara transparentno \u0107e pokazati demokratski i profesionalni kapacitet ministra prosvjete &#8211; navodi se u saop\u0161tenju Force.<\/p>\n<p>Iz Force su ukazali da prilikom izbora direktora za \u0161kole u mjestima gdje nacionalne manjine ili manjinski narodi predstavljaju ve\u0107inu ili znatan broj, postoji zakonska obaveza da se konsultuje savjet nacionalnih manjina. U konkretnom slu\u010daju, u \u0161kolama gdje se nastava odvija na albanskom jeziku, treba da se konsultuje Nacionalni savjet Albanaca \u2013 isti\u010du u Forci.<br \/>\n<strong>A. \u017d.<br \/>\n<a href=\"http:\/\/www.pobjeda.co.me\/citanje.php?datum=2011-01-13&amp;id=198770\" target=\"_blank\">Pobjeda<\/a><\/strong><\/p>\n","protected":false},"excerpt":{"rendered":"<p>Konsultovati savjete nacionalnih manjina ULCINJ &#8211; Objavljivanju konkursa za direktore \u0161kola u Crnoj Gori prethodilo je formiranje upravnih odbora po \u0161kolama gdje se iz njihovih sastava vidi da dominiraju \u010dlanovi koji predstavljaju Ministarstvo prosvjete. Iz ovakvog postupka jasno proizilazi zaklju\u010dak da se centralizuje izbor upravnih organa \u0161kola i jasno je da \u0107e sam ministar odlu\u010divati [&hellip;]<\/p>\n","protected":false},"author":1,"featured_media":0,"comment_status":"open","ping_status":"closed","sticky":false,"template":"","format":"standard","meta":{"spay_email":"","jetpack_publicize_message":"","jetpack_is_tweetstorm":false,"jetpack_publicize_feature_enabled":true},"categories":[8337],"tags":[4666,19],"jetpack_publicize_connections":[],"yoast_head":"<!-- This site is optimized with the Yoast SEO plugin v19.1 - https:\/\/yoast.com\/wordpress\/plugins\/seo\/ -->\n<title>Forca kritikuje na\u010din izbora direktora \u0161kola - Lajme nga Ulqini<\/title>\n<meta name=\"description\" content=\"Konsultovati savjete nacionalnih manjina ULCINJ - Objavljivanju konkursa za direktore \u0161kola u Crnoj Gori prethodilo je formiranje upravnih odbora po\" \/>\n<meta name=\"robots\" content=\"index, follow, max-snippet:-1, max-image-preview:large, max-video-preview:-1\" \/>\n<link rel=\"canonical\" href=\"https:\/\/www.visit-ulcinj.com\/blog\/2011\/01\/14\/forca-kritikuje-nacin-izbora-direktora-skola\/\" \/>\n<meta property=\"og:locale\" content=\"en_US\" \/>\n<meta property=\"og:type\" content=\"article\" \/>\n<meta property=\"og:title\" content=\"Forca kritikuje na\u010din izbora direktora \u0161kola - Lajme nga Ulqini\" \/>\n<meta property=\"og:description\" content=\"Konsultovati savjete nacionalnih manjina ULCINJ - Objavljivanju konkursa za direktore \u0161kola u Crnoj Gori prethodilo je formiranje upravnih odbora po\" \/>\n<meta property=\"og:url\" content=\"https:\/\/www.visit-ulcinj.com\/blog\/2011\/01\/14\/forca-kritikuje-nacin-izbora-direktora-skola\/\" \/>\n<meta property=\"og:site_name\" content=\"Lajme nga Ulqini\" \/>\n<meta property=\"article:published_time\" content=\"2011-01-14T16:26:42+00:00\" \/>\n<meta property=\"og:image\" content=\"http:\/\/www.visit-ulcinj.com\/blog\/wp-content\/uploads\/2010\/03\/forca-logo-ulcinj.jpg\" \/>\n<meta name=\"twitter:label1\" content=\"Written by\" \/>\n\t<meta name=\"twitter:data1\" content=\"ulqini\" \/>\n\t<meta name=\"twitter:label2\" content=\"Est. reading time\" \/>\n\t<meta name=\"twitter:data2\" content=\"1 minute\" \/>\n<script type=\"application\/ld+json\" class=\"yoast-schema-graph\">{\"@context\":\"https:\/\/schema.org\",\"@graph\":[{\"@type\":\"WebSite\",\"@id\":\"https:\/\/www.visit-ulcinj.com\/blog\/#website\",\"url\":\"https:\/\/www.visit-ulcinj.com\/blog\/\",\"name\":\"Lajme nga Ulqini\",\"description\":\"Lajme,Vijesti,Ulqini,Ulqin,Crna Gora,Mali i Zi\",\"potentialAction\":[{\"@type\":\"SearchAction\",\"target\":{\"@type\":\"EntryPoint\",\"urlTemplate\":\"https:\/\/www.visit-ulcinj.com\/blog\/?s={search_term_string}\"},\"query-input\":\"required name=search_term_string\"}],\"inLanguage\":\"en-US\"},{\"@type\":\"ImageObject\",\"inLanguage\":\"en-US\",\"@id\":\"https:\/\/www.visit-ulcinj.com\/blog\/2011\/01\/14\/forca-kritikuje-nacin-izbora-direktora-skola\/#primaryimage\",\"url\":\"https:\/\/www.visit-ulcinj.com\/blog\/wp-content\/uploads\/2010\/03\/forca-logo-ulcinj.jpg\",\"contentUrl\":\"https:\/\/www.visit-ulcinj.com\/blog\/wp-content\/uploads\/2010\/03\/forca-logo-ulcinj.jpg\",\"width\":\"500\",\"height\":\"481\"},{\"@type\":\"WebPage\",\"@id\":\"https:\/\/www.visit-ulcinj.com\/blog\/2011\/01\/14\/forca-kritikuje-nacin-izbora-direktora-skola\/#webpage\",\"url\":\"https:\/\/www.visit-ulcinj.com\/blog\/2011\/01\/14\/forca-kritikuje-nacin-izbora-direktora-skola\/\",\"name\":\"Forca kritikuje na\u010din izbora direktora \u0161kola - Lajme nga Ulqini\",\"isPartOf\":{\"@id\":\"https:\/\/www.visit-ulcinj.com\/blog\/#website\"},\"primaryImageOfPage\":{\"@id\":\"https:\/\/www.visit-ulcinj.com\/blog\/2011\/01\/14\/forca-kritikuje-nacin-izbora-direktora-skola\/#primaryimage\"},\"datePublished\":\"2011-01-14T16:26:42+00:00\",\"dateModified\":\"2011-01-14T16:26:42+00:00\",\"author\":{\"@id\":\"https:\/\/www.visit-ulcinj.com\/blog\/#\/schema\/person\/dcab619c614d3038751c63bc2aadc06d\"},\"description\":\"Konsultovati savjete nacionalnih manjina ULCINJ - Objavljivanju konkursa za direktore \u0161kola u Crnoj Gori prethodilo je formiranje upravnih odbora po\",\"breadcrumb\":{\"@id\":\"https:\/\/www.visit-ulcinj.com\/blog\/2011\/01\/14\/forca-kritikuje-nacin-izbora-direktora-skola\/#breadcrumb\"},\"inLanguage\":\"en-US\",\"potentialAction\":[{\"@type\":\"ReadAction\",\"target\":[\"https:\/\/www.visit-ulcinj.com\/blog\/2011\/01\/14\/forca-kritikuje-nacin-izbora-direktora-skola\/\"]}]},{\"@type\":\"BreadcrumbList\",\"@id\":\"https:\/\/www.visit-ulcinj.com\/blog\/2011\/01\/14\/forca-kritikuje-nacin-izbora-direktora-skola\/#breadcrumb\",\"itemListElement\":[{\"@type\":\"ListItem\",\"position\":1,\"name\":\"Forca kritikuje na\u010din izbora direktora \u0161kola\"}]},{\"@type\":\"Person\",\"@id\":\"https:\/\/www.visit-ulcinj.com\/blog\/#\/schema\/person\/dcab619c614d3038751c63bc2aadc06d\",\"name\":\"ulqini\",\"sameAs\":[\"http:\/\/www.visit-ulcinj.com\"],\"url\":\"https:\/\/www.visit-ulcinj.com\/blog\/author\/admin\/\"}]}<\/script>\n<!-- \/ Yoast SEO plugin. -->","yoast_head_json":{"title":"Forca kritikuje na\u010din izbora direktora \u0161kola - Lajme nga Ulqini","description":"Konsultovati savjete nacionalnih manjina ULCINJ - Objavljivanju konkursa za direktore \u0161kola u Crnoj Gori prethodilo je formiranje upravnih odbora po","robots":{"index":"index","follow":"follow","max-snippet":"max-snippet:-1","max-image-preview":"max-image-preview:large","max-video-preview":"max-video-preview:-1"},"canonical":"https:\/\/www.visit-ulcinj.com\/blog\/2011\/01\/14\/forca-kritikuje-nacin-izbora-direktora-skola\/","og_locale":"en_US","og_type":"article","og_title":"Forca kritikuje na\u010din izbora direktora \u0161kola - Lajme nga Ulqini","og_description":"Konsultovati savjete nacionalnih manjina ULCINJ - Objavljivanju konkursa za direktore \u0161kola u Crnoj Gori prethodilo je formiranje upravnih odbora po","og_url":"https:\/\/www.visit-ulcinj.com\/blog\/2011\/01\/14\/forca-kritikuje-nacin-izbora-direktora-skola\/","og_site_name":"Lajme nga Ulqini","article_published_time":"2011-01-14T16:26:42+00:00","og_image":[{"url":"http:\/\/www.visit-ulcinj.com\/blog\/wp-content\/uploads\/2010\/03\/forca-logo-ulcinj.jpg"}],"twitter_misc":{"Written by":"ulqini","Est. reading time":"1 minute"},"schema":{"@context":"https:\/\/schema.org","@graph":[{"@type":"WebSite","@id":"https:\/\/www.visit-ulcinj.com\/blog\/#website","url":"https:\/\/www.visit-ulcinj.com\/blog\/","name":"Lajme nga Ulqini","description":"Lajme,Vijesti,Ulqini,Ulqin,Crna Gora,Mali i Zi","potentialAction":[{"@type":"SearchAction","target":{"@type":"EntryPoint","urlTemplate":"https:\/\/www.visit-ulcinj.com\/blog\/?s={search_term_string}"},"query-input":"required name=search_term_string"}],"inLanguage":"en-US"},{"@type":"ImageObject","inLanguage":"en-US","@id":"https:\/\/www.visit-ulcinj.com\/blog\/2011\/01\/14\/forca-kritikuje-nacin-izbora-direktora-skola\/#primaryimage","url":"https:\/\/www.visit-ulcinj.com\/blog\/wp-content\/uploads\/2010\/03\/forca-logo-ulcinj.jpg","contentUrl":"https:\/\/www.visit-ulcinj.com\/blog\/wp-content\/uploads\/2010\/03\/forca-logo-ulcinj.jpg","width":"500","height":"481"},{"@type":"WebPage","@id":"https:\/\/www.visit-ulcinj.com\/blog\/2011\/01\/14\/forca-kritikuje-nacin-izbora-direktora-skola\/#webpage","url":"https:\/\/www.visit-ulcinj.com\/blog\/2011\/01\/14\/forca-kritikuje-nacin-izbora-direktora-skola\/","name":"Forca kritikuje na\u010din izbora direktora \u0161kola - Lajme nga Ulqini","isPartOf":{"@id":"https:\/\/www.visit-ulcinj.com\/blog\/#website"},"primaryImageOfPage":{"@id":"https:\/\/www.visit-ulcinj.com\/blog\/2011\/01\/14\/forca-kritikuje-nacin-izbora-direktora-skola\/#primaryimage"},"datePublished":"2011-01-14T16:26:42+00:00","dateModified":"2011-01-14T16:26:42+00:00","author":{"@id":"https:\/\/www.visit-ulcinj.com\/blog\/#\/schema\/person\/dcab619c614d3038751c63bc2aadc06d"},"description":"Konsultovati savjete nacionalnih manjina ULCINJ - Objavljivanju konkursa za direktore \u0161kola u Crnoj Gori prethodilo je formiranje upravnih odbora po","breadcrumb":{"@id":"https:\/\/www.visit-ulcinj.com\/blog\/2011\/01\/14\/forca-kritikuje-nacin-izbora-direktora-skola\/#breadcrumb"},"inLanguage":"en-US","potentialAction":[{"@type":"ReadAction","target":["https:\/\/www.visit-ulcinj.com\/blog\/2011\/01\/14\/forca-kritikuje-nacin-izbora-direktora-skola\/"]}]},{"@type":"BreadcrumbList","@id":"https:\/\/www.visit-ulcinj.com\/blog\/2011\/01\/14\/forca-kritikuje-nacin-izbora-direktora-skola\/#breadcrumb","itemListElement":[{"@type":"ListItem","position":1,"name":"Forca kritikuje na\u010din izbora direktora \u0161kola"}]},{"@type":"Person","@id":"https:\/\/www.visit-ulcinj.com\/blog\/#\/schema\/person\/dcab619c614d3038751c63bc2aadc06d","name":"ulqini","sameAs":["http:\/\/www.visit-ulcinj.com"],"url":"https:\/\/www.visit-ulcinj.com\/blog\/author\/admin\/"}]}},"jetpack_featured_media_url":"","jetpack_sharing_enabled":true,"jetpack_shortlink":"https:\/\/wp.me\/pe6lTn-b0F","_links":{"self":[{"href":"https:\/\/www.visit-ulcinj.com\/blog\/wp-json\/wp\/v2\/posts\/42325"}],"collection":[{"href":"https:\/\/www.visit-ulcinj.com\/blog\/wp-json\/wp\/v2\/posts"}],"about":[{"href":"https:\/\/www.visit-ulcinj.com\/blog\/wp-json\/wp\/v2\/types\/post"}],"author":[{"embeddable":true,"href":"https:\/\/www.visit-ulcinj.com\/blog\/wp-json\/wp\/v2\/users\/1"}],"replies":[{"embeddable":true,"href":"https:\/\/www.visit-ulcinj.com\/blog\/wp-json\/wp\/v2\/comments?post=42325"}],"version-history":[{"count":0,"href":"https:\/\/www.visit-ulcinj.com\/blog\/wp-json\/wp\/v2\/posts\/42325\/revisions"}],"wp:attachment":[{"href":"https:\/\/www.visit-ulcinj.com\/blog\/wp-json\/wp\/v2\/media?parent=42325"}],"wp:term":[{"taxonomy":"category","embeddable":true,"href":"https:\/\/www.visit-ulcinj.com\/blog\/wp-json\/wp\/v2\/categories?post=42325"},{"taxonomy":"post_tag","embeddable":true,"href":"https:\/\/www.visit-ulcinj.com\/blog\/wp-json\/wp\/v2\/tags?post=42325"}],"curies":[{"name":"wp","href":"https:\/\/api.w.org\/{rel}","templated":true}]}}