{"id":42327,"date":"2011-01-14T22:23:31","date_gmt":"2011-01-14T21:23:31","guid":{"rendered":"http:\/\/www.visit-ulcinj.com\/blog\/?p=42327"},"modified":"2011-01-15T12:19:48","modified_gmt":"2011-01-15T11:19:48","slug":"plaza-nase-mladosti-plaza-hotela-galeb","status":"publish","type":"post","link":"https:\/\/www.visit-ulcinj.com\/blog\/2011\/01\/14\/plaza-nase-mladosti-plaza-hotela-galeb\/","title":{"rendered":"PLA\u017dA na\u0161e mladosti, pla\u017ea hotela Galeb &#8211; Video"},"content":{"rendered":"<p><a href=\"http:\/\/www.visit-ulcinj.com\/blog\/wp-content\/uploads\/2011\/01\/Plaza-hotela-Galeb_Ulcinj_Crna-Gora.jpg\"><img loading=\"lazy\" class=\"alignleft size-full wp-image-42328\" title=\"Plaza hotela Galeb_Ulcinj_Crna Gora\" src=\"http:\/\/www.visit-ulcinj.com\/blog\/wp-content\/uploads\/2011\/01\/Plaza-hotela-Galeb_Ulcinj_Crna-Gora.jpg\" alt=\"\" width=\"490\" height=\"380\" \/><\/a>PLA\u017dA na\u0161e mladosti, pla\u017ea hotela &#8220;Galeb&#8221;..Danas je zatvorena nekakvim katancim&#8230;a i silnim lancima&#8230; Ja iskreno i neznam ko je vlasnik, zaista neznam..Znam da je vlasnik svega \u0161to je blizu i malo dalje od mora &#8220;Morsko dobro&#8221; iz Budve, me\u0111utim izgleda da su ovdje napravili izuzetak pa se mnogo i ne interesuju za pla\u017eu&#8230;Neko ka\u017ee da je zatvorena zbog izlivanja kanalizacije, dok neko drugi pak ka\u017ee, sa malo ironije, da ju je otkupila jedna&#8221;pjevaljka&#8221;&#8230;koja no\u0107u tokom &#8220;turisti\u010dke&#8221; sezone zabavlja goste i posjetioce na njenim terasama&#8230; Nekad su na ovoj pla\u017ei i stijene i beton mirisali na miri\u0161ljava ulja i razne parfeme..Na njoj se kupao i sun\u010dao krem gostiju iz inostranstva.. i da dodam sa puno nostalgije, da je na njoj toplo sunce od maja do novembra milovalo najljep\u0161a \u017eenska akta, dok smo se mi trudili na razli\u010dite na\u010dine da skrenemo pa\u017enju na nas, \u0161armom i ponekim skokom sa stijena u more..Afficher la suite<\/p>\n<p>NOSTALGIJA -Mjesto na kojem su nekad stajali na\u0161i velelepni hoteli &#8220;Galeb&#8221;, &#8220;Jadran&#8221; i &#8220;Albatros&#8221; koji jo\u0161 uvijek prkosi..Rusima ili nekim drugima..jadno..tu\u017eno, bol koju mogu da osjete samo oni koji su voleli i vole ovaj grad&#8230; dok ostalima koji su dali veliki doprinos da do ovoga do\u0111e su puna usta ljubavi i turizma a i li\u010dnog interesa i boga\u0107enja&#8230;<\/p>\n<p><a href=\"http:\/\/www.facebook.com\/profile.php?id=100000470720386#!\/profile.php?id=1359492972\" target=\"_blank\"><strong>Ismet Karamanaga Facebook<\/strong><\/a><br \/>\n<br \/>\n<!--YouTube Error: bad URL entered--><\/p>\n","protected":false},"excerpt":{"rendered":"<p>PLA\u017dA na\u0161e mladosti, pla\u017ea hotela &#8220;Galeb&#8221;..Danas je zatvorena nekakvim katancim&#8230;a i silnim lancima&#8230; Ja iskreno i neznam ko je vlasnik, zaista neznam..Znam da je vlasnik svega \u0161to je blizu i malo dalje od mora &#8220;Morsko dobro&#8221; iz Budve, me\u0111utim izgleda da su ovdje napravili izuzetak pa se mnogo i ne interesuju za pla\u017eu&#8230;Neko ka\u017ee da [&hellip;]<\/p>\n","protected":false},"author":1,"featured_media":0,"comment_status":"open","ping_status":"closed","sticky":false,"template":"","format":"standard","meta":{"spay_email":"","jetpack_publicize_message":"","jetpack_is_tweetstorm":false,"jetpack_publicize_feature_enabled":true},"categories":[14249],"tags":[12769,17017,17018],"jetpack_publicize_connections":[],"yoast_head":"<!-- This site is optimized with the Yoast SEO plugin v19.1 - https:\/\/yoast.com\/wordpress\/plugins\/seo\/ -->\n<title>PLA\u017dA na\u0161e mladosti, pla\u017ea hotela Galeb - Video - Lajme nga Ulqini<\/title>\n<meta name=\"description\" content=\"PLA\u017dA na\u0161e mladosti, pla\u017ea hotela &quot;Galeb&quot;..Danas je zatvorena nekakvim katancim...a i silnim lancima... Ja iskreno i neznam ko je vlasnik, zaista\" \/>\n<meta name=\"robots\" content=\"index, follow, max-snippet:-1, max-image-preview:large, max-video-preview:-1\" \/>\n<link rel=\"canonical\" href=\"https:\/\/www.visit-ulcinj.com\/blog\/2011\/01\/14\/plaza-nase-mladosti-plaza-hotela-galeb\/\" \/>\n<meta property=\"og:locale\" content=\"en_US\" \/>\n<meta property=\"og:type\" content=\"article\" \/>\n<meta property=\"og:title\" content=\"PLA\u017dA na\u0161e mladosti, pla\u017ea hotela Galeb - Video - Lajme nga Ulqini\" \/>\n<meta property=\"og:description\" content=\"PLA\u017dA na\u0161e mladosti, pla\u017ea hotela &quot;Galeb&quot;..Danas je zatvorena nekakvim katancim...a i silnim lancima... Ja iskreno i neznam ko je vlasnik, zaista\" \/>\n<meta property=\"og:url\" content=\"https:\/\/www.visit-ulcinj.com\/blog\/2011\/01\/14\/plaza-nase-mladosti-plaza-hotela-galeb\/\" \/>\n<meta property=\"og:site_name\" content=\"Lajme nga Ulqini\" \/>\n<meta property=\"article:published_time\" content=\"2011-01-14T21:23:31+00:00\" \/>\n<meta property=\"article:modified_time\" content=\"2011-01-15T11:19:48+00:00\" \/>\n<meta property=\"og:image\" content=\"https:\/\/www.visit-ulcinj.com\/blog\/wp-content\/uploads\/2011\/01\/Plaza-hotela-Galeb_Ulcinj_Crna-Gora-150x150.jpg\" \/>\n<meta name=\"twitter:label1\" content=\"Written by\" \/>\n\t<meta name=\"twitter:data1\" content=\"ulqini\" \/>\n\t<meta name=\"twitter:label2\" content=\"Est. reading time\" \/>\n\t<meta name=\"twitter:data2\" content=\"1 minute\" \/>\n<script type=\"application\/ld+json\" class=\"yoast-schema-graph\">{\"@context\":\"https:\/\/schema.org\",\"@graph\":[{\"@type\":\"WebSite\",\"@id\":\"https:\/\/www.visit-ulcinj.com\/blog\/#website\",\"url\":\"https:\/\/www.visit-ulcinj.com\/blog\/\",\"name\":\"Lajme nga Ulqini\",\"description\":\"Lajme,Vijesti,Ulqini,Ulqin,Crna Gora,Mali i Zi\",\"potentialAction\":[{\"@type\":\"SearchAction\",\"target\":{\"@type\":\"EntryPoint\",\"urlTemplate\":\"https:\/\/www.visit-ulcinj.com\/blog\/?s={search_term_string}\"},\"query-input\":\"required name=search_term_string\"}],\"inLanguage\":\"en-US\"},{\"@type\":\"ImageObject\",\"inLanguage\":\"en-US\",\"@id\":\"https:\/\/www.visit-ulcinj.com\/blog\/2011\/01\/14\/plaza-nase-mladosti-plaza-hotela-galeb\/#primaryimage\",\"url\":\"http:\/\/www.visit-ulcinj.com\/blog\/wp-content\/uploads\/2011\/01\/Plaza-hotela-Galeb_Ulcinj_Crna-Gora.jpg\",\"contentUrl\":\"http:\/\/www.visit-ulcinj.com\/blog\/wp-content\/uploads\/2011\/01\/Plaza-hotela-Galeb_Ulcinj_Crna-Gora.jpg\"},{\"@type\":\"WebPage\",\"@id\":\"https:\/\/www.visit-ulcinj.com\/blog\/2011\/01\/14\/plaza-nase-mladosti-plaza-hotela-galeb\/#webpage\",\"url\":\"https:\/\/www.visit-ulcinj.com\/blog\/2011\/01\/14\/plaza-nase-mladosti-plaza-hotela-galeb\/\",\"name\":\"PLA\u017dA na\u0161e mladosti, pla\u017ea hotela Galeb - Video - Lajme nga Ulqini\",\"isPartOf\":{\"@id\":\"https:\/\/www.visit-ulcinj.com\/blog\/#website\"},\"primaryImageOfPage\":{\"@id\":\"https:\/\/www.visit-ulcinj.com\/blog\/2011\/01\/14\/plaza-nase-mladosti-plaza-hotela-galeb\/#primaryimage\"},\"datePublished\":\"2011-01-14T21:23:31+00:00\",\"dateModified\":\"2011-01-15T11:19:48+00:00\",\"author\":{\"@id\":\"https:\/\/www.visit-ulcinj.com\/blog\/#\/schema\/person\/dcab619c614d3038751c63bc2aadc06d\"},\"description\":\"PLA\u017dA na\u0161e mladosti, pla\u017ea hotela \\\"Galeb\\\"..Danas je zatvorena nekakvim katancim...a i silnim lancima... Ja iskreno i neznam ko je vlasnik, zaista\",\"breadcrumb\":{\"@id\":\"https:\/\/www.visit-ulcinj.com\/blog\/2011\/01\/14\/plaza-nase-mladosti-plaza-hotela-galeb\/#breadcrumb\"},\"inLanguage\":\"en-US\",\"potentialAction\":[{\"@type\":\"ReadAction\",\"target\":[\"https:\/\/www.visit-ulcinj.com\/blog\/2011\/01\/14\/plaza-nase-mladosti-plaza-hotela-galeb\/\"]}]},{\"@type\":\"BreadcrumbList\",\"@id\":\"https:\/\/www.visit-ulcinj.com\/blog\/2011\/01\/14\/plaza-nase-mladosti-plaza-hotela-galeb\/#breadcrumb\",\"itemListElement\":[{\"@type\":\"ListItem\",\"position\":1,\"name\":\"PLA\u017dA na\u0161e mladosti, pla\u017ea hotela Galeb &#8211; Video\"}]},{\"@type\":\"Person\",\"@id\":\"https:\/\/www.visit-ulcinj.com\/blog\/#\/schema\/person\/dcab619c614d3038751c63bc2aadc06d\",\"name\":\"ulqini\",\"sameAs\":[\"http:\/\/www.visit-ulcinj.com\"],\"url\":\"https:\/\/www.visit-ulcinj.com\/blog\/author\/admin\/\"}]}<\/script>\n<!-- \/ Yoast SEO plugin. -->","yoast_head_json":{"title":"PLA\u017dA na\u0161e mladosti, pla\u017ea hotela Galeb - Video - Lajme nga Ulqini","description":"PLA\u017dA na\u0161e mladosti, pla\u017ea hotela \"Galeb\"..Danas je zatvorena nekakvim katancim...a i silnim lancima... Ja iskreno i neznam ko je vlasnik, zaista","robots":{"index":"index","follow":"follow","max-snippet":"max-snippet:-1","max-image-preview":"max-image-preview:large","max-video-preview":"max-video-preview:-1"},"canonical":"https:\/\/www.visit-ulcinj.com\/blog\/2011\/01\/14\/plaza-nase-mladosti-plaza-hotela-galeb\/","og_locale":"en_US","og_type":"article","og_title":"PLA\u017dA na\u0161e mladosti, pla\u017ea hotela Galeb - Video - Lajme nga Ulqini","og_description":"PLA\u017dA na\u0161e mladosti, pla\u017ea hotela \"Galeb\"..Danas je zatvorena nekakvim katancim...a i silnim lancima... Ja iskreno i neznam ko je vlasnik, zaista","og_url":"https:\/\/www.visit-ulcinj.com\/blog\/2011\/01\/14\/plaza-nase-mladosti-plaza-hotela-galeb\/","og_site_name":"Lajme nga Ulqini","article_published_time":"2011-01-14T21:23:31+00:00","article_modified_time":"2011-01-15T11:19:48+00:00","og_image":[{"url":"https:\/\/www.visit-ulcinj.com\/blog\/wp-content\/uploads\/2011\/01\/Plaza-hotela-Galeb_Ulcinj_Crna-Gora-150x150.jpg"}],"twitter_misc":{"Written by":"ulqini","Est. reading time":"1 minute"},"schema":{"@context":"https:\/\/schema.org","@graph":[{"@type":"WebSite","@id":"https:\/\/www.visit-ulcinj.com\/blog\/#website","url":"https:\/\/www.visit-ulcinj.com\/blog\/","name":"Lajme nga Ulqini","description":"Lajme,Vijesti,Ulqini,Ulqin,Crna Gora,Mali i Zi","potentialAction":[{"@type":"SearchAction","target":{"@type":"EntryPoint","urlTemplate":"https:\/\/www.visit-ulcinj.com\/blog\/?s={search_term_string}"},"query-input":"required name=search_term_string"}],"inLanguage":"en-US"},{"@type":"ImageObject","inLanguage":"en-US","@id":"https:\/\/www.visit-ulcinj.com\/blog\/2011\/01\/14\/plaza-nase-mladosti-plaza-hotela-galeb\/#primaryimage","url":"http:\/\/www.visit-ulcinj.com\/blog\/wp-content\/uploads\/2011\/01\/Plaza-hotela-Galeb_Ulcinj_Crna-Gora.jpg","contentUrl":"http:\/\/www.visit-ulcinj.com\/blog\/wp-content\/uploads\/2011\/01\/Plaza-hotela-Galeb_Ulcinj_Crna-Gora.jpg"},{"@type":"WebPage","@id":"https:\/\/www.visit-ulcinj.com\/blog\/2011\/01\/14\/plaza-nase-mladosti-plaza-hotela-galeb\/#webpage","url":"https:\/\/www.visit-ulcinj.com\/blog\/2011\/01\/14\/plaza-nase-mladosti-plaza-hotela-galeb\/","name":"PLA\u017dA na\u0161e mladosti, pla\u017ea hotela Galeb - Video - Lajme nga Ulqini","isPartOf":{"@id":"https:\/\/www.visit-ulcinj.com\/blog\/#website"},"primaryImageOfPage":{"@id":"https:\/\/www.visit-ulcinj.com\/blog\/2011\/01\/14\/plaza-nase-mladosti-plaza-hotela-galeb\/#primaryimage"},"datePublished":"2011-01-14T21:23:31+00:00","dateModified":"2011-01-15T11:19:48+00:00","author":{"@id":"https:\/\/www.visit-ulcinj.com\/blog\/#\/schema\/person\/dcab619c614d3038751c63bc2aadc06d"},"description":"PLA\u017dA na\u0161e mladosti, pla\u017ea hotela \"Galeb\"..Danas je zatvorena nekakvim katancim...a i silnim lancima... Ja iskreno i neznam ko je vlasnik, zaista","breadcrumb":{"@id":"https:\/\/www.visit-ulcinj.com\/blog\/2011\/01\/14\/plaza-nase-mladosti-plaza-hotela-galeb\/#breadcrumb"},"inLanguage":"en-US","potentialAction":[{"@type":"ReadAction","target":["https:\/\/www.visit-ulcinj.com\/blog\/2011\/01\/14\/plaza-nase-mladosti-plaza-hotela-galeb\/"]}]},{"@type":"BreadcrumbList","@id":"https:\/\/www.visit-ulcinj.com\/blog\/2011\/01\/14\/plaza-nase-mladosti-plaza-hotela-galeb\/#breadcrumb","itemListElement":[{"@type":"ListItem","position":1,"name":"PLA\u017dA na\u0161e mladosti, pla\u017ea hotela Galeb &#8211; Video"}]},{"@type":"Person","@id":"https:\/\/www.visit-ulcinj.com\/blog\/#\/schema\/person\/dcab619c614d3038751c63bc2aadc06d","name":"ulqini","sameAs":["http:\/\/www.visit-ulcinj.com"],"url":"https:\/\/www.visit-ulcinj.com\/blog\/author\/admin\/"}]}},"jetpack_featured_media_url":"","jetpack_sharing_enabled":true,"jetpack_shortlink":"https:\/\/wp.me\/pe6lTn-b0H","_links":{"self":[{"href":"https:\/\/www.visit-ulcinj.com\/blog\/wp-json\/wp\/v2\/posts\/42327"}],"collection":[{"href":"https:\/\/www.visit-ulcinj.com\/blog\/wp-json\/wp\/v2\/posts"}],"about":[{"href":"https:\/\/www.visit-ulcinj.com\/blog\/wp-json\/wp\/v2\/types\/post"}],"author":[{"embeddable":true,"href":"https:\/\/www.visit-ulcinj.com\/blog\/wp-json\/wp\/v2\/users\/1"}],"replies":[{"embeddable":true,"href":"https:\/\/www.visit-ulcinj.com\/blog\/wp-json\/wp\/v2\/comments?post=42327"}],"version-history":[{"count":0,"href":"https:\/\/www.visit-ulcinj.com\/blog\/wp-json\/wp\/v2\/posts\/42327\/revisions"}],"wp:attachment":[{"href":"https:\/\/www.visit-ulcinj.com\/blog\/wp-json\/wp\/v2\/media?parent=42327"}],"wp:term":[{"taxonomy":"category","embeddable":true,"href":"https:\/\/www.visit-ulcinj.com\/blog\/wp-json\/wp\/v2\/categories?post=42327"},{"taxonomy":"post_tag","embeddable":true,"href":"https:\/\/www.visit-ulcinj.com\/blog\/wp-json\/wp\/v2\/tags?post=42327"}],"curies":[{"name":"wp","href":"https:\/\/api.w.org\/{rel}","templated":true}]}}