{"id":42343,"date":"2011-01-15T11:10:59","date_gmt":"2011-01-15T10:10:59","guid":{"rendered":"http:\/\/www.visit-ulcinj.com\/blog\/?p=42343"},"modified":"2011-01-15T11:10:59","modified_gmt":"2011-01-15T10:10:59","slug":"obale-bojane-moraju-u-zakonske-okvire","status":"publish","type":"post","link":"https:\/\/www.visit-ulcinj.com\/blog\/2011\/01\/15\/obale-bojane-moraju-u-zakonske-okvire\/","title":{"rendered":"Obale Bojane moraju u zakonske okvire"},"content":{"rendered":"<p><strong><a href=\"http:\/\/www.visit-ulcinj.com\/blog\/wp-content\/uploads\/2011\/01\/Ada-BOJANA_ULCINJ_MONTENEGRO.2.jpg\"><img loading=\"lazy\" class=\"alignleft size-full wp-image-42344\" title=\"Ada BOJANA_ULCINJ_MONTENEGRO.2\" src=\"http:\/\/www.visit-ulcinj.com\/blog\/wp-content\/uploads\/2011\/01\/Ada-BOJANA_ULCINJ_MONTENEGRO.2.jpg\" alt=\"\" width=\"490\" height=\"380\" \/><\/a>Ministar odr\u017eivog razvoja i turizma Predrag Sekuli\u0107 razgovarao sa \u010delnicima \u201eMorskog dobra\u201c <\/strong><br \/>\nUlcinj &#8211; Legalitet ku\u0107ica i vikendica na Adi Bojani i dalje \u0107e biti pod strogom kontrolom nadle\u017enih dr\u017eavnih slu\u017ebi, a sve po\u010dete postupke o uklanjanju objekata \u010diji vlasnici nijesu zaklju\u010dili ugovor sa \u201cMorskim dobrom\u201d o kori\u0161\u0107enju dr\u017eavnog zemlji\u0161ta, trebalo bi \u0161to prije okon\u010dati &#8211; dogovoreno je na prekju\u010dera\u0161njem sastanku ministra za odr\u017eivi razvoj i turizam Predraga Sekuli\u0107a sa direktorom Javnog preduze\u0107a za upravljanje morskim dobrom Rajkom Barovi\u0107em, odr\u017eanim u Budvi.<br \/>\n\u201cU dijelu za\u0161tite i kontrole morskog dobra, kroz nova zakonska rje\u0161enja, nastoja\u0107e se obezbijediti bolje funkcionisanje svih inspekcijskih organa, a u me\u0111uvremenu treba okon\u010dati sve zapo\u010dete inspekcijske postupke, po\u0161tuju\u0107i ve\u0107 utvr\u0111enu dinamiku, uklju\u010duju\u0107i i postupke vezane za privremene objekte na Bojani\u201d, stoji u saop\u0161tenju resornog ministarstva.<br \/>\n\u201cVijesti\u201d su nedavno objavile da je ugovor sa \u201cMorskim dobrom\u201d zaklju\u010dilo vi\u0161e od 300 vlasnika, te da \u0107e njih preostalih stotinak vjerovatno biti suo\u010deno sa ru\u0161enjem svojih objekata.<br \/>\n<a href=\"http:\/\/www.visit-ulcinj.com\/blog\/wp-content\/uploads\/2011\/01\/Ada-BOJANA_ULCINJ_MONTENEGRO.1.jpg\"><img loading=\"lazy\" class=\"alignleft size-full wp-image-42345\" title=\"Ada BOJANA_ULCINJ_MONTENEGRO.1\" src=\"http:\/\/www.visit-ulcinj.com\/blog\/wp-content\/uploads\/2011\/01\/Ada-BOJANA_ULCINJ_MONTENEGRO.1.jpg\" alt=\"\" width=\"490\" height=\"380\" \/><\/a><br \/>\nPrema saznanjima \u201cVijesti\u201d, do po\u010detka idu\u0107e sedmice u javnom preduze\u0107u zna\u0107e se ko je platio i zaklju\u010dio ugovor, ko nije i \u0161ta je sve za ru\u0161enje.<br \/>\nNa sastanku u Budvi, kojem su prisustvovali i pomo\u0107nici ministra Branislav Gregovi\u0107 i Olivera Brajovi\u0107, kao i \u010dlanovi mena\u017ementa JP, bilo je rije\u010di i o pitanjima koja se ti\u010du izmjene zakonskih propisa, za\u0161tite dra\u017evne imovine i dono\u0161enja nedostaju\u0107e planske dokumentacije. Tako\u0111e, nagla\u0161ena su pitanja vezana za pripremu teku\u0107e turisti\u010dke sezone, prije svega plan kori\u0161\u0107enja sredstava sa investicionim aktivnostima po op\u0161tinama, plan privremenih objekata, plan kupali\u0161ta, postupak ustupanja djelova morskog dobra na kori\u0161\u0107enje i kontrola morskog dobra, sa izvr\u0161avanjem donijetih rje\u0161enja o uklanjanju bespravno podignutih objekata u zoni morskog dobra.<br \/>\n\u201cMinistar je naglasio potrebu da se pozitivan trend i dobro funkcionisanje Javnog preduze\u0107a nastavi i u narednom periodu, budu\u0107i da ono predstavlja ministarstvo. Do dono\u0161enja zakona o morskom dobru, koji bi trebalo da unaprijedi rje\u0161enja u ovoj oblasti i izvr\u0161i prilago\u0111avanje sa uporednim pravom i savremenim rje\u0161enjima, treba obezbijediti kvalitetnu pripremu teku\u0107e turisti\u010dke sezone u dijelu ure\u0111enosti i pripreme kupali\u0161ta i obale za prihvat turista i gostiju\u201d, pi\u0161e u saop\u0161tenju.<\/p>\n<p><strong>S.A.<br \/>\n<a href=\"http:\/\/www.vijesti.me\/\" target=\"_blank\">Vijesti<br \/>\n<\/a><!--YouTube Error: bad URL entered--><a href=\"http:\/\/www.vijesti.me\/\" target=\"_blank\"><\/a><\/strong><\/p>\n","protected":false},"excerpt":{"rendered":"<p>Ministar odr\u017eivog razvoja i turizma Predrag Sekuli\u0107 razgovarao sa \u010delnicima \u201eMorskog dobra\u201c Ulcinj &#8211; Legalitet ku\u0107ica i vikendica na Adi Bojani i dalje \u0107e biti pod strogom kontrolom nadle\u017enih dr\u017eavnih slu\u017ebi, a sve po\u010dete postupke o uklanjanju objekata \u010diji vlasnici nijesu zaklju\u010dili ugovor sa \u201cMorskim dobrom\u201d o kori\u0161\u0107enju dr\u017eavnog zemlji\u0161ta, trebalo bi \u0161to prije okon\u010dati [&hellip;]<\/p>\n","protected":false},"author":1,"featured_media":0,"comment_status":"open","ping_status":"closed","sticky":false,"template":"","format":"standard","meta":{"spay_email":"","jetpack_publicize_message":"","jetpack_is_tweetstorm":false,"jetpack_publicize_feature_enabled":true},"categories":[8337],"tags":[138,79,19],"jetpack_publicize_connections":[],"yoast_head":"<!-- This site is optimized with the Yoast SEO plugin v19.1 - https:\/\/yoast.com\/wordpress\/plugins\/seo\/ -->\n<title>Obale Bojane moraju u zakonske okvire - Lajme nga Ulqini<\/title>\n<meta name=\"description\" content=\"Ministar odr\u017eivog razvoja i turizma Predrag Sekuli\u0107 razgovarao sa \u010delnicima \u201eMorskog dobra\u201c Ulcinj - Legalitet ku\u0107ica i vikendica na Adi Bojani i dalje \u0107e\" \/>\n<meta name=\"robots\" content=\"index, follow, max-snippet:-1, max-image-preview:large, max-video-preview:-1\" \/>\n<link rel=\"canonical\" href=\"https:\/\/www.visit-ulcinj.com\/blog\/2011\/01\/15\/obale-bojane-moraju-u-zakonske-okvire\/\" \/>\n<meta property=\"og:locale\" content=\"en_US\" \/>\n<meta property=\"og:type\" content=\"article\" \/>\n<meta property=\"og:title\" content=\"Obale Bojane moraju u zakonske okvire - Lajme nga Ulqini\" \/>\n<meta property=\"og:description\" content=\"Ministar odr\u017eivog razvoja i turizma Predrag Sekuli\u0107 razgovarao sa \u010delnicima \u201eMorskog dobra\u201c Ulcinj - Legalitet ku\u0107ica i vikendica na Adi Bojani i dalje \u0107e\" \/>\n<meta property=\"og:url\" content=\"https:\/\/www.visit-ulcinj.com\/blog\/2011\/01\/15\/obale-bojane-moraju-u-zakonske-okvire\/\" \/>\n<meta property=\"og:site_name\" content=\"Lajme nga Ulqini\" \/>\n<meta property=\"article:published_time\" content=\"2011-01-15T10:10:59+00:00\" \/>\n<meta property=\"og:image\" content=\"http:\/\/www.visit-ulcinj.com\/blog\/wp-content\/uploads\/2011\/01\/Ada-BOJANA_ULCINJ_MONTENEGRO.2.jpg\" \/>\n<meta name=\"twitter:label1\" content=\"Written by\" \/>\n\t<meta name=\"twitter:data1\" content=\"ulqini\" \/>\n\t<meta name=\"twitter:label2\" content=\"Est. reading time\" \/>\n\t<meta name=\"twitter:data2\" content=\"2 minutes\" \/>\n<script type=\"application\/ld+json\" class=\"yoast-schema-graph\">{\"@context\":\"https:\/\/schema.org\",\"@graph\":[{\"@type\":\"WebSite\",\"@id\":\"https:\/\/www.visit-ulcinj.com\/blog\/#website\",\"url\":\"https:\/\/www.visit-ulcinj.com\/blog\/\",\"name\":\"Lajme nga Ulqini\",\"description\":\"Lajme,Vijesti,Ulqini,Ulqin,Crna Gora,Mali i Zi\",\"potentialAction\":[{\"@type\":\"SearchAction\",\"target\":{\"@type\":\"EntryPoint\",\"urlTemplate\":\"https:\/\/www.visit-ulcinj.com\/blog\/?s={search_term_string}\"},\"query-input\":\"required name=search_term_string\"}],\"inLanguage\":\"en-US\"},{\"@type\":\"ImageObject\",\"inLanguage\":\"en-US\",\"@id\":\"https:\/\/www.visit-ulcinj.com\/blog\/2011\/01\/15\/obale-bojane-moraju-u-zakonske-okvire\/#primaryimage\",\"url\":\"https:\/\/www.visit-ulcinj.com\/blog\/wp-content\/uploads\/2011\/01\/Ada-BOJANA_ULCINJ_MONTENEGRO.2.jpg\",\"contentUrl\":\"https:\/\/www.visit-ulcinj.com\/blog\/wp-content\/uploads\/2011\/01\/Ada-BOJANA_ULCINJ_MONTENEGRO.2.jpg\",\"width\":\"1024\",\"height\":\"731\"},{\"@type\":\"WebPage\",\"@id\":\"https:\/\/www.visit-ulcinj.com\/blog\/2011\/01\/15\/obale-bojane-moraju-u-zakonske-okvire\/#webpage\",\"url\":\"https:\/\/www.visit-ulcinj.com\/blog\/2011\/01\/15\/obale-bojane-moraju-u-zakonske-okvire\/\",\"name\":\"Obale Bojane moraju u zakonske okvire - Lajme nga Ulqini\",\"isPartOf\":{\"@id\":\"https:\/\/www.visit-ulcinj.com\/blog\/#website\"},\"primaryImageOfPage\":{\"@id\":\"https:\/\/www.visit-ulcinj.com\/blog\/2011\/01\/15\/obale-bojane-moraju-u-zakonske-okvire\/#primaryimage\"},\"datePublished\":\"2011-01-15T10:10:59+00:00\",\"dateModified\":\"2011-01-15T10:10:59+00:00\",\"author\":{\"@id\":\"https:\/\/www.visit-ulcinj.com\/blog\/#\/schema\/person\/dcab619c614d3038751c63bc2aadc06d\"},\"description\":\"Ministar odr\u017eivog razvoja i turizma Predrag Sekuli\u0107 razgovarao sa \u010delnicima \u201eMorskog dobra\u201c Ulcinj - Legalitet ku\u0107ica i vikendica na Adi Bojani i dalje \u0107e\",\"breadcrumb\":{\"@id\":\"https:\/\/www.visit-ulcinj.com\/blog\/2011\/01\/15\/obale-bojane-moraju-u-zakonske-okvire\/#breadcrumb\"},\"inLanguage\":\"en-US\",\"potentialAction\":[{\"@type\":\"ReadAction\",\"target\":[\"https:\/\/www.visit-ulcinj.com\/blog\/2011\/01\/15\/obale-bojane-moraju-u-zakonske-okvire\/\"]}]},{\"@type\":\"BreadcrumbList\",\"@id\":\"https:\/\/www.visit-ulcinj.com\/blog\/2011\/01\/15\/obale-bojane-moraju-u-zakonske-okvire\/#breadcrumb\",\"itemListElement\":[{\"@type\":\"ListItem\",\"position\":1,\"name\":\"Obale Bojane moraju u zakonske okvire\"}]},{\"@type\":\"Person\",\"@id\":\"https:\/\/www.visit-ulcinj.com\/blog\/#\/schema\/person\/dcab619c614d3038751c63bc2aadc06d\",\"name\":\"ulqini\",\"sameAs\":[\"http:\/\/www.visit-ulcinj.com\"],\"url\":\"https:\/\/www.visit-ulcinj.com\/blog\/author\/admin\/\"}]}<\/script>\n<!-- \/ Yoast SEO plugin. -->","yoast_head_json":{"title":"Obale Bojane moraju u zakonske okvire - Lajme nga Ulqini","description":"Ministar odr\u017eivog razvoja i turizma Predrag Sekuli\u0107 razgovarao sa \u010delnicima \u201eMorskog dobra\u201c Ulcinj - Legalitet ku\u0107ica i vikendica na Adi Bojani i dalje \u0107e","robots":{"index":"index","follow":"follow","max-snippet":"max-snippet:-1","max-image-preview":"max-image-preview:large","max-video-preview":"max-video-preview:-1"},"canonical":"https:\/\/www.visit-ulcinj.com\/blog\/2011\/01\/15\/obale-bojane-moraju-u-zakonske-okvire\/","og_locale":"en_US","og_type":"article","og_title":"Obale Bojane moraju u zakonske okvire - Lajme nga Ulqini","og_description":"Ministar odr\u017eivog razvoja i turizma Predrag Sekuli\u0107 razgovarao sa \u010delnicima \u201eMorskog dobra\u201c Ulcinj - Legalitet ku\u0107ica i vikendica na Adi Bojani i dalje \u0107e","og_url":"https:\/\/www.visit-ulcinj.com\/blog\/2011\/01\/15\/obale-bojane-moraju-u-zakonske-okvire\/","og_site_name":"Lajme nga Ulqini","article_published_time":"2011-01-15T10:10:59+00:00","og_image":[{"url":"http:\/\/www.visit-ulcinj.com\/blog\/wp-content\/uploads\/2011\/01\/Ada-BOJANA_ULCINJ_MONTENEGRO.2.jpg"}],"twitter_misc":{"Written by":"ulqini","Est. reading time":"2 minutes"},"schema":{"@context":"https:\/\/schema.org","@graph":[{"@type":"WebSite","@id":"https:\/\/www.visit-ulcinj.com\/blog\/#website","url":"https:\/\/www.visit-ulcinj.com\/blog\/","name":"Lajme nga Ulqini","description":"Lajme,Vijesti,Ulqini,Ulqin,Crna Gora,Mali i Zi","potentialAction":[{"@type":"SearchAction","target":{"@type":"EntryPoint","urlTemplate":"https:\/\/www.visit-ulcinj.com\/blog\/?s={search_term_string}"},"query-input":"required name=search_term_string"}],"inLanguage":"en-US"},{"@type":"ImageObject","inLanguage":"en-US","@id":"https:\/\/www.visit-ulcinj.com\/blog\/2011\/01\/15\/obale-bojane-moraju-u-zakonske-okvire\/#primaryimage","url":"https:\/\/www.visit-ulcinj.com\/blog\/wp-content\/uploads\/2011\/01\/Ada-BOJANA_ULCINJ_MONTENEGRO.2.jpg","contentUrl":"https:\/\/www.visit-ulcinj.com\/blog\/wp-content\/uploads\/2011\/01\/Ada-BOJANA_ULCINJ_MONTENEGRO.2.jpg","width":"1024","height":"731"},{"@type":"WebPage","@id":"https:\/\/www.visit-ulcinj.com\/blog\/2011\/01\/15\/obale-bojane-moraju-u-zakonske-okvire\/#webpage","url":"https:\/\/www.visit-ulcinj.com\/blog\/2011\/01\/15\/obale-bojane-moraju-u-zakonske-okvire\/","name":"Obale Bojane moraju u zakonske okvire - Lajme nga Ulqini","isPartOf":{"@id":"https:\/\/www.visit-ulcinj.com\/blog\/#website"},"primaryImageOfPage":{"@id":"https:\/\/www.visit-ulcinj.com\/blog\/2011\/01\/15\/obale-bojane-moraju-u-zakonske-okvire\/#primaryimage"},"datePublished":"2011-01-15T10:10:59+00:00","dateModified":"2011-01-15T10:10:59+00:00","author":{"@id":"https:\/\/www.visit-ulcinj.com\/blog\/#\/schema\/person\/dcab619c614d3038751c63bc2aadc06d"},"description":"Ministar odr\u017eivog razvoja i turizma Predrag Sekuli\u0107 razgovarao sa \u010delnicima \u201eMorskog dobra\u201c Ulcinj - Legalitet ku\u0107ica i vikendica na Adi Bojani i dalje \u0107e","breadcrumb":{"@id":"https:\/\/www.visit-ulcinj.com\/blog\/2011\/01\/15\/obale-bojane-moraju-u-zakonske-okvire\/#breadcrumb"},"inLanguage":"en-US","potentialAction":[{"@type":"ReadAction","target":["https:\/\/www.visit-ulcinj.com\/blog\/2011\/01\/15\/obale-bojane-moraju-u-zakonske-okvire\/"]}]},{"@type":"BreadcrumbList","@id":"https:\/\/www.visit-ulcinj.com\/blog\/2011\/01\/15\/obale-bojane-moraju-u-zakonske-okvire\/#breadcrumb","itemListElement":[{"@type":"ListItem","position":1,"name":"Obale Bojane moraju u zakonske okvire"}]},{"@type":"Person","@id":"https:\/\/www.visit-ulcinj.com\/blog\/#\/schema\/person\/dcab619c614d3038751c63bc2aadc06d","name":"ulqini","sameAs":["http:\/\/www.visit-ulcinj.com"],"url":"https:\/\/www.visit-ulcinj.com\/blog\/author\/admin\/"}]}},"jetpack_featured_media_url":"","jetpack_sharing_enabled":true,"jetpack_shortlink":"https:\/\/wp.me\/pe6lTn-b0X","_links":{"self":[{"href":"https:\/\/www.visit-ulcinj.com\/blog\/wp-json\/wp\/v2\/posts\/42343"}],"collection":[{"href":"https:\/\/www.visit-ulcinj.com\/blog\/wp-json\/wp\/v2\/posts"}],"about":[{"href":"https:\/\/www.visit-ulcinj.com\/blog\/wp-json\/wp\/v2\/types\/post"}],"author":[{"embeddable":true,"href":"https:\/\/www.visit-ulcinj.com\/blog\/wp-json\/wp\/v2\/users\/1"}],"replies":[{"embeddable":true,"href":"https:\/\/www.visit-ulcinj.com\/blog\/wp-json\/wp\/v2\/comments?post=42343"}],"version-history":[{"count":0,"href":"https:\/\/www.visit-ulcinj.com\/blog\/wp-json\/wp\/v2\/posts\/42343\/revisions"}],"wp:attachment":[{"href":"https:\/\/www.visit-ulcinj.com\/blog\/wp-json\/wp\/v2\/media?parent=42343"}],"wp:term":[{"taxonomy":"category","embeddable":true,"href":"https:\/\/www.visit-ulcinj.com\/blog\/wp-json\/wp\/v2\/categories?post=42343"},{"taxonomy":"post_tag","embeddable":true,"href":"https:\/\/www.visit-ulcinj.com\/blog\/wp-json\/wp\/v2\/tags?post=42343"}],"curies":[{"name":"wp","href":"https:\/\/api.w.org\/{rel}","templated":true}]}}