{"id":42362,"date":"2011-01-15T12:40:19","date_gmt":"2011-01-15T11:40:19","guid":{"rendered":"http:\/\/www.visit-ulcinj.com\/blog\/?p=42362"},"modified":"2011-01-15T12:45:09","modified_gmt":"2011-01-15T11:45:09","slug":"hotel-albatros-i-on-je-zatvoren","status":"publish","type":"post","link":"https:\/\/www.visit-ulcinj.com\/blog\/2011\/01\/15\/hotel-albatros-i-on-je-zatvoren\/","title":{"rendered":"Hotel ALBATROS &#8230;i on je zatvoren"},"content":{"rendered":"<p><a href=\"http:\/\/www.visit-ulcinj.com\/blog\/wp-content\/uploads\/2011\/01\/Hotel-ALBATROS_Ulcinj_Crna-Gora.jpg\"><img loading=\"lazy\" class=\"alignleft size-full wp-image-42364\" title=\"Hotel ALBATROS_Ulcinj_Crna Gora\" src=\"http:\/\/www.visit-ulcinj.com\/blog\/wp-content\/uploads\/2011\/01\/Hotel-ALBATROS_Ulcinj_Crna-Gora.jpg\" alt=\"\" width=\"507\" height=\"380\" srcset=\"https:\/\/www.visit-ulcinj.com\/blog\/wp-content\/uploads\/2011\/01\/Hotel-ALBATROS_Ulcinj_Crna-Gora.jpg 720w, https:\/\/www.visit-ulcinj.com\/blog\/wp-content\/uploads\/2011\/01\/Hotel-ALBATROS_Ulcinj_Crna-Gora-300x225.jpg 300w\" sizes=\"(max-width: 507px) 100vw, 507px\" \/><\/a>Hotel &#8220;ALBATROS&#8221;&#8230;i on je zatvoren..uostalom gostiju nema, a ko zna \u0161ta sve &#8230;jo\u0161 nedostaje tamo.. ka\u017eu da se vlasnici i ne razumiju ba\u0161 puno u turizam.. ali zar je to bitno u dana\u0161nje vrijeme, uostalom vrijednosti su se danas promijenile&#8230;. \u0160teta za personal koji je znao \u0161ta je turizam&#8230;bojim se da i oni uskoro ne zavr\u0161e na ulici,&#8230;dodu\u0161e nisam jo\u0161 \u010duo da prodaju cigarete, kao oni sa &#8220;Galeba&#8221;..alme\u0111utim bojim se da za njih ne\u0107e biti dovoljno mjesta po kioscima..<\/p>\n<p>NOSTALGIJA -Mjesto na kojem su nekad stajali na\u0161i velelepni hoteli &#8220;Galeb&#8221;, &#8220;Jadran&#8221; i &#8220;Albatros&#8221; koji jo\u0161 uvijek prkosi..Rusima ili nekim drugima..jadno..tu\u017eno, bol koju mogu da osjete samo oni koji su voleli i vole ovaj grad&#8230; dok ostalima koji su dali veliki doprinos da do ovoga do\u0111e su puna usta ljubavi i turizma a i li\u010dnog interesa i boga\u0107enja&#8230;<\/p>\n<p><a href=\"http:\/\/www.facebook.com\/group.php?gid=47192363225#!\/profile.php?id=1359492972\" target=\"_blank\"><strong>Ismet Karamanaga Facebook<\/strong><\/a><br \/>\n\n\t\t<style type=\"text\/css\">\n\t\t\t#gallery-1 {\n\t\t\t\tmargin: auto;\n\t\t\t}\n\t\t\t#gallery-1 .gallery-item {\n\t\t\t\tfloat: left;\n\t\t\t\tmargin-top: 10px;\n\t\t\t\ttext-align: center;\n\t\t\t\twidth: 33%;\n\t\t\t}\n\t\t\t#gallery-1 img {\n\t\t\t\tborder: 2px solid #cfcfcf;\n\t\t\t}\n\t\t\t#gallery-1 .gallery-caption {\n\t\t\t\tmargin-left: 0;\n\t\t\t}\n\t\t\t\/* see gallery_shortcode() in wp-includes\/media.php *\/\n\t\t<\/style>\n\t\t<div id='gallery-1' class='gallery galleryid-42362 gallery-columns-3 gallery-size-thumbnail'><dl class='gallery-item'>\n\t\t\t<dt class='gallery-icon landscape'>\n\t\t\t\t<a href='https:\/\/www.visit-ulcinj.com\/blog\/wp-content\/uploads\/2011\/01\/Hotel-ALBATROS_Ulcinj_Crna-Gora.1.jpg'><img width=\"150\" height=\"150\" src=\"https:\/\/www.visit-ulcinj.com\/blog\/wp-content\/uploads\/2011\/01\/Hotel-ALBATROS_Ulcinj_Crna-Gora.1-150x150.jpg\" class=\"attachment-thumbnail size-thumbnail\" alt=\"\" loading=\"lazy\" \/><\/a>\n\t\t\t<\/dt><\/dl><dl class='gallery-item'>\n\t\t\t<dt class='gallery-icon landscape'>\n\t\t\t\t<a href='https:\/\/www.visit-ulcinj.com\/blog\/wp-content\/uploads\/2011\/01\/Hotel-ALBATROS_Ulcinj_Crna-Gora.jpg'><img width=\"150\" height=\"150\" src=\"https:\/\/www.visit-ulcinj.com\/blog\/wp-content\/uploads\/2011\/01\/Hotel-ALBATROS_Ulcinj_Crna-Gora-150x150.jpg\" class=\"attachment-thumbnail size-thumbnail\" alt=\"\" loading=\"lazy\" \/><\/a>\n\t\t\t<\/dt><\/dl><dl class='gallery-item'>\n\t\t\t<dt class='gallery-icon landscape'>\n\t\t\t\t<a href='https:\/\/www.visit-ulcinj.com\/blog\/wp-content\/uploads\/2011\/01\/Hotel-ALBATROS_Ulcinj_Crna-Gora.2.jpg'><img width=\"150\" height=\"150\" src=\"https:\/\/www.visit-ulcinj.com\/blog\/wp-content\/uploads\/2011\/01\/Hotel-ALBATROS_Ulcinj_Crna-Gora.2-150x150.jpg\" class=\"attachment-thumbnail size-thumbnail\" alt=\"\" loading=\"lazy\" \/><\/a>\n\t\t\t<\/dt><\/dl><br style=\"clear: both\" \/><dl class='gallery-item'>\n\t\t\t<dt class='gallery-icon landscape'>\n\t\t\t\t<a href='https:\/\/www.visit-ulcinj.com\/blog\/wp-content\/uploads\/2011\/01\/Hotel-ALBATROS_Ulcinj_Crna-Gora.3.jpg'><img width=\"150\" height=\"150\" src=\"https:\/\/www.visit-ulcinj.com\/blog\/wp-content\/uploads\/2011\/01\/Hotel-ALBATROS_Ulcinj_Crna-Gora.3-150x150.jpg\" class=\"attachment-thumbnail size-thumbnail\" alt=\"\" loading=\"lazy\" \/><\/a>\n\t\t\t<\/dt><\/dl><dl class='gallery-item'>\n\t\t\t<dt class='gallery-icon landscape'>\n\t\t\t\t<a href='https:\/\/www.visit-ulcinj.com\/blog\/wp-content\/uploads\/2011\/01\/Hotel-ALBATROS_Ulcinj_Crna-Gora.4.jpg'><img width=\"150\" height=\"150\" src=\"https:\/\/www.visit-ulcinj.com\/blog\/wp-content\/uploads\/2011\/01\/Hotel-ALBATROS_Ulcinj_Crna-Gora.4-150x150.jpg\" class=\"attachment-thumbnail size-thumbnail\" alt=\"\" loading=\"lazy\" \/><\/a>\n\t\t\t<\/dt><\/dl><dl class='gallery-item'>\n\t\t\t<dt class='gallery-icon landscape'>\n\t\t\t\t<a href='https:\/\/www.visit-ulcinj.com\/blog\/wp-content\/uploads\/2011\/01\/Hotel-ALBATROS_Ulcinj_Crna-Gora.5.jpg'><img width=\"150\" height=\"150\" src=\"https:\/\/www.visit-ulcinj.com\/blog\/wp-content\/uploads\/2011\/01\/Hotel-ALBATROS_Ulcinj_Crna-Gora.5-150x150.jpg\" class=\"attachment-thumbnail size-thumbnail\" alt=\"\" loading=\"lazy\" \/><\/a>\n\t\t\t<\/dt><\/dl><br style=\"clear: both\" \/>\n\t\t<\/div>\n<br \/>\n<!--YouTube Error: bad URL entered--><\/p>\n","protected":false},"excerpt":{"rendered":"<p>Hotel &#8220;ALBATROS&#8221;&#8230;i on je zatvoren..uostalom gostiju nema, a ko zna \u0161ta sve &#8230;jo\u0161 nedostaje tamo.. ka\u017eu da se vlasnici i ne razumiju ba\u0161 puno u turizam.. ali zar je to bitno u dana\u0161nje vrijeme, uostalom vrijednosti su se danas promijenile&#8230;. \u0160teta za personal koji je znao \u0161ta je turizam&#8230;bojim se da i oni uskoro ne [&hellip;]<\/p>\n","protected":false},"author":1,"featured_media":0,"comment_status":"open","ping_status":"closed","sticky":false,"template":"","format":"standard","meta":{"spay_email":"","jetpack_publicize_message":"","jetpack_is_tweetstorm":false,"jetpack_publicize_feature_enabled":true},"categories":[14249],"tags":[4248],"jetpack_publicize_connections":[],"yoast_head":"<!-- This site is optimized with the Yoast SEO plugin v19.1 - https:\/\/yoast.com\/wordpress\/plugins\/seo\/ -->\n<title>Hotel ALBATROS ...i on je zatvoren - Lajme nga Ulqini<\/title>\n<meta name=\"description\" content=\"Hotel &quot;ALBATROS&quot;...i on je zatvoren..uostalom gostiju nema, a ko zna \u0161ta sve ...jo\u0161 nedostaje tamo.. ka\u017eu da se vlasnici i ne razumiju ba\u0161 puno u\" \/>\n<meta name=\"robots\" content=\"index, follow, max-snippet:-1, max-image-preview:large, max-video-preview:-1\" \/>\n<link rel=\"canonical\" href=\"https:\/\/www.visit-ulcinj.com\/blog\/2011\/01\/15\/hotel-albatros-i-on-je-zatvoren\/\" \/>\n<meta property=\"og:locale\" content=\"en_US\" \/>\n<meta property=\"og:type\" content=\"article\" \/>\n<meta property=\"og:title\" content=\"Hotel ALBATROS ...i on je zatvoren - Lajme nga Ulqini\" \/>\n<meta property=\"og:description\" content=\"Hotel &quot;ALBATROS&quot;...i on je zatvoren..uostalom gostiju nema, a ko zna \u0161ta sve ...jo\u0161 nedostaje tamo.. ka\u017eu da se vlasnici i ne razumiju ba\u0161 puno u\" \/>\n<meta property=\"og:url\" content=\"https:\/\/www.visit-ulcinj.com\/blog\/2011\/01\/15\/hotel-albatros-i-on-je-zatvoren\/\" \/>\n<meta property=\"og:site_name\" content=\"Lajme nga Ulqini\" \/>\n<meta property=\"article:published_time\" content=\"2011-01-15T11:40:19+00:00\" \/>\n<meta property=\"article:modified_time\" content=\"2011-01-15T11:45:09+00:00\" \/>\n<meta property=\"og:image\" content=\"https:\/\/www.visit-ulcinj.com\/blog\/wp-content\/uploads\/2011\/01\/Hotel-ALBATROS_Ulcinj_Crna-Gora.1-150x150.jpg\" \/>\n<meta name=\"twitter:label1\" content=\"Written by\" \/>\n\t<meta name=\"twitter:data1\" content=\"ulqini\" \/>\n\t<meta name=\"twitter:label2\" content=\"Est. reading time\" \/>\n\t<meta name=\"twitter:data2\" content=\"1 minute\" \/>\n<script type=\"application\/ld+json\" class=\"yoast-schema-graph\">{\"@context\":\"https:\/\/schema.org\",\"@graph\":[{\"@type\":\"WebSite\",\"@id\":\"https:\/\/www.visit-ulcinj.com\/blog\/#website\",\"url\":\"https:\/\/www.visit-ulcinj.com\/blog\/\",\"name\":\"Lajme nga Ulqini\",\"description\":\"Lajme,Vijesti,Ulqini,Ulqin,Crna Gora,Mali i Zi\",\"potentialAction\":[{\"@type\":\"SearchAction\",\"target\":{\"@type\":\"EntryPoint\",\"urlTemplate\":\"https:\/\/www.visit-ulcinj.com\/blog\/?s={search_term_string}\"},\"query-input\":\"required name=search_term_string\"}],\"inLanguage\":\"en-US\"},{\"@type\":\"ImageObject\",\"inLanguage\":\"en-US\",\"@id\":\"https:\/\/www.visit-ulcinj.com\/blog\/2011\/01\/15\/hotel-albatros-i-on-je-zatvoren\/#primaryimage\",\"url\":\"https:\/\/www.visit-ulcinj.com\/blog\/wp-content\/uploads\/2011\/01\/Hotel-ALBATROS_Ulcinj_Crna-Gora.jpg\",\"contentUrl\":\"https:\/\/www.visit-ulcinj.com\/blog\/wp-content\/uploads\/2011\/01\/Hotel-ALBATROS_Ulcinj_Crna-Gora.jpg\",\"width\":\"720\",\"height\":\"540\"},{\"@type\":\"WebPage\",\"@id\":\"https:\/\/www.visit-ulcinj.com\/blog\/2011\/01\/15\/hotel-albatros-i-on-je-zatvoren\/#webpage\",\"url\":\"https:\/\/www.visit-ulcinj.com\/blog\/2011\/01\/15\/hotel-albatros-i-on-je-zatvoren\/\",\"name\":\"Hotel ALBATROS ...i on je zatvoren - Lajme nga Ulqini\",\"isPartOf\":{\"@id\":\"https:\/\/www.visit-ulcinj.com\/blog\/#website\"},\"primaryImageOfPage\":{\"@id\":\"https:\/\/www.visit-ulcinj.com\/blog\/2011\/01\/15\/hotel-albatros-i-on-je-zatvoren\/#primaryimage\"},\"datePublished\":\"2011-01-15T11:40:19+00:00\",\"dateModified\":\"2011-01-15T11:45:09+00:00\",\"author\":{\"@id\":\"https:\/\/www.visit-ulcinj.com\/blog\/#\/schema\/person\/dcab619c614d3038751c63bc2aadc06d\"},\"description\":\"Hotel \\\"ALBATROS\\\"...i on je zatvoren..uostalom gostiju nema, a ko zna \u0161ta sve ...jo\u0161 nedostaje tamo.. ka\u017eu da se vlasnici i ne razumiju ba\u0161 puno u\",\"breadcrumb\":{\"@id\":\"https:\/\/www.visit-ulcinj.com\/blog\/2011\/01\/15\/hotel-albatros-i-on-je-zatvoren\/#breadcrumb\"},\"inLanguage\":\"en-US\",\"potentialAction\":[{\"@type\":\"ReadAction\",\"target\":[\"https:\/\/www.visit-ulcinj.com\/blog\/2011\/01\/15\/hotel-albatros-i-on-je-zatvoren\/\"]}]},{\"@type\":\"BreadcrumbList\",\"@id\":\"https:\/\/www.visit-ulcinj.com\/blog\/2011\/01\/15\/hotel-albatros-i-on-je-zatvoren\/#breadcrumb\",\"itemListElement\":[{\"@type\":\"ListItem\",\"position\":1,\"name\":\"Hotel ALBATROS &#8230;i on je zatvoren\"}]},{\"@type\":\"Person\",\"@id\":\"https:\/\/www.visit-ulcinj.com\/blog\/#\/schema\/person\/dcab619c614d3038751c63bc2aadc06d\",\"name\":\"ulqini\",\"sameAs\":[\"http:\/\/www.visit-ulcinj.com\"],\"url\":\"https:\/\/www.visit-ulcinj.com\/blog\/author\/admin\/\"}]}<\/script>\n<!-- \/ Yoast SEO plugin. -->","yoast_head_json":{"title":"Hotel ALBATROS ...i on je zatvoren - Lajme nga Ulqini","description":"Hotel \"ALBATROS\"...i on je zatvoren..uostalom gostiju nema, a ko zna \u0161ta sve ...jo\u0161 nedostaje tamo.. ka\u017eu da se vlasnici i ne razumiju ba\u0161 puno u","robots":{"index":"index","follow":"follow","max-snippet":"max-snippet:-1","max-image-preview":"max-image-preview:large","max-video-preview":"max-video-preview:-1"},"canonical":"https:\/\/www.visit-ulcinj.com\/blog\/2011\/01\/15\/hotel-albatros-i-on-je-zatvoren\/","og_locale":"en_US","og_type":"article","og_title":"Hotel ALBATROS ...i on je zatvoren - Lajme nga Ulqini","og_description":"Hotel \"ALBATROS\"...i on je zatvoren..uostalom gostiju nema, a ko zna \u0161ta sve ...jo\u0161 nedostaje tamo.. ka\u017eu da se vlasnici i ne razumiju ba\u0161 puno u","og_url":"https:\/\/www.visit-ulcinj.com\/blog\/2011\/01\/15\/hotel-albatros-i-on-je-zatvoren\/","og_site_name":"Lajme nga Ulqini","article_published_time":"2011-01-15T11:40:19+00:00","article_modified_time":"2011-01-15T11:45:09+00:00","og_image":[{"url":"https:\/\/www.visit-ulcinj.com\/blog\/wp-content\/uploads\/2011\/01\/Hotel-ALBATROS_Ulcinj_Crna-Gora.1-150x150.jpg"}],"twitter_misc":{"Written by":"ulqini","Est. reading time":"1 minute"},"schema":{"@context":"https:\/\/schema.org","@graph":[{"@type":"WebSite","@id":"https:\/\/www.visit-ulcinj.com\/blog\/#website","url":"https:\/\/www.visit-ulcinj.com\/blog\/","name":"Lajme nga Ulqini","description":"Lajme,Vijesti,Ulqini,Ulqin,Crna Gora,Mali i Zi","potentialAction":[{"@type":"SearchAction","target":{"@type":"EntryPoint","urlTemplate":"https:\/\/www.visit-ulcinj.com\/blog\/?s={search_term_string}"},"query-input":"required name=search_term_string"}],"inLanguage":"en-US"},{"@type":"ImageObject","inLanguage":"en-US","@id":"https:\/\/www.visit-ulcinj.com\/blog\/2011\/01\/15\/hotel-albatros-i-on-je-zatvoren\/#primaryimage","url":"https:\/\/www.visit-ulcinj.com\/blog\/wp-content\/uploads\/2011\/01\/Hotel-ALBATROS_Ulcinj_Crna-Gora.jpg","contentUrl":"https:\/\/www.visit-ulcinj.com\/blog\/wp-content\/uploads\/2011\/01\/Hotel-ALBATROS_Ulcinj_Crna-Gora.jpg","width":"720","height":"540"},{"@type":"WebPage","@id":"https:\/\/www.visit-ulcinj.com\/blog\/2011\/01\/15\/hotel-albatros-i-on-je-zatvoren\/#webpage","url":"https:\/\/www.visit-ulcinj.com\/blog\/2011\/01\/15\/hotel-albatros-i-on-je-zatvoren\/","name":"Hotel ALBATROS ...i on je zatvoren - Lajme nga Ulqini","isPartOf":{"@id":"https:\/\/www.visit-ulcinj.com\/blog\/#website"},"primaryImageOfPage":{"@id":"https:\/\/www.visit-ulcinj.com\/blog\/2011\/01\/15\/hotel-albatros-i-on-je-zatvoren\/#primaryimage"},"datePublished":"2011-01-15T11:40:19+00:00","dateModified":"2011-01-15T11:45:09+00:00","author":{"@id":"https:\/\/www.visit-ulcinj.com\/blog\/#\/schema\/person\/dcab619c614d3038751c63bc2aadc06d"},"description":"Hotel \"ALBATROS\"...i on je zatvoren..uostalom gostiju nema, a ko zna \u0161ta sve ...jo\u0161 nedostaje tamo.. ka\u017eu da se vlasnici i ne razumiju ba\u0161 puno u","breadcrumb":{"@id":"https:\/\/www.visit-ulcinj.com\/blog\/2011\/01\/15\/hotel-albatros-i-on-je-zatvoren\/#breadcrumb"},"inLanguage":"en-US","potentialAction":[{"@type":"ReadAction","target":["https:\/\/www.visit-ulcinj.com\/blog\/2011\/01\/15\/hotel-albatros-i-on-je-zatvoren\/"]}]},{"@type":"BreadcrumbList","@id":"https:\/\/www.visit-ulcinj.com\/blog\/2011\/01\/15\/hotel-albatros-i-on-je-zatvoren\/#breadcrumb","itemListElement":[{"@type":"ListItem","position":1,"name":"Hotel ALBATROS &#8230;i on je zatvoren"}]},{"@type":"Person","@id":"https:\/\/www.visit-ulcinj.com\/blog\/#\/schema\/person\/dcab619c614d3038751c63bc2aadc06d","name":"ulqini","sameAs":["http:\/\/www.visit-ulcinj.com"],"url":"https:\/\/www.visit-ulcinj.com\/blog\/author\/admin\/"}]}},"jetpack_featured_media_url":"","jetpack_sharing_enabled":true,"jetpack_shortlink":"https:\/\/wp.me\/pe6lTn-b1g","_links":{"self":[{"href":"https:\/\/www.visit-ulcinj.com\/blog\/wp-json\/wp\/v2\/posts\/42362"}],"collection":[{"href":"https:\/\/www.visit-ulcinj.com\/blog\/wp-json\/wp\/v2\/posts"}],"about":[{"href":"https:\/\/www.visit-ulcinj.com\/blog\/wp-json\/wp\/v2\/types\/post"}],"author":[{"embeddable":true,"href":"https:\/\/www.visit-ulcinj.com\/blog\/wp-json\/wp\/v2\/users\/1"}],"replies":[{"embeddable":true,"href":"https:\/\/www.visit-ulcinj.com\/blog\/wp-json\/wp\/v2\/comments?post=42362"}],"version-history":[{"count":0,"href":"https:\/\/www.visit-ulcinj.com\/blog\/wp-json\/wp\/v2\/posts\/42362\/revisions"}],"wp:attachment":[{"href":"https:\/\/www.visit-ulcinj.com\/blog\/wp-json\/wp\/v2\/media?parent=42362"}],"wp:term":[{"taxonomy":"category","embeddable":true,"href":"https:\/\/www.visit-ulcinj.com\/blog\/wp-json\/wp\/v2\/categories?post=42362"},{"taxonomy":"post_tag","embeddable":true,"href":"https:\/\/www.visit-ulcinj.com\/blog\/wp-json\/wp\/v2\/tags?post=42362"}],"curies":[{"name":"wp","href":"https:\/\/api.w.org\/{rel}","templated":true}]}}