{"id":42377,"date":"2011-01-15T19:14:05","date_gmt":"2011-01-15T18:14:05","guid":{"rendered":"http:\/\/www.visit-ulcinj.com\/blog\/?p=42377"},"modified":"2011-01-15T19:14:05","modified_gmt":"2011-01-15T18:14:05","slug":"ferhat-dinosa-manjine-nedovoljno-zastupljeni","status":"publish","type":"post","link":"https:\/\/www.visit-ulcinj.com\/blog\/2011\/01\/15\/ferhat-dinosa-manjine-nedovoljno-zastupljeni\/","title":{"rendered":"Ferhat Dino\u0161a: Manjine nedovoljno zastupljeni"},"content":{"rendered":"<p><strong><a href=\"http:\/\/www.visit-ulcinj.com\/blog\/wp-content\/uploads\/2011\/01\/Ferhat-Dino\u0161a_Manjine-nedovoljno-zastupljeni.jpg\"><img loading=\"lazy\" class=\"alignleft size-full wp-image-42378\" title=\"Ferhat Dino\u0161a_Manjine nedovoljno zastupljeni\" src=\"http:\/\/www.visit-ulcinj.com\/blog\/wp-content\/uploads\/2011\/01\/Ferhat-Dino\u0161a_Manjine-nedovoljno-zastupljeni.jpg\" alt=\"\" width=\"490\" height=\"300\" \/><\/a>Nedovoljno zastupljeni<\/strong><br \/>\nZastupljenost pripadnika manjinskih naroda u dr\u017eavnim organima ne odra\u017eava njihovu prisutnost u ukupnom stanovni\u0161tvu Crne Gore i dr\u017eava treba ozbiljnije da se pozabavi tim poslom, ocijenio je ministar za ljudska i manjinska prava Ferhat Dino\u0161a. On je objasnio da o nedovoljnoj zastupljenosti pripadnika manjina u dr\u017eavnoj administraciji pokazuju preliminirani rezultati ankete u vezi sa tim pitanjem, koje je Ministarstvo za ljudska i manjinska prava sprovelo u saradnji sa Upravom za kadrove.<\/p>\n<p>&#8220;Preliminarni podaci pokazuju da zastupljenost manjina u dr\u017eavnim organima, dr\u017eavnoj administraciji, javnim slu\u017ebama Crne Gore nije ono \u0161to je prisutnost manjinskih naroda \u2013 nacionalnih manjina, manjinskih nacionalnih zajednica u stanovni\u0161tvu Crne Gore&#8221;, kazao je Dino\u0161a u intervjuu agenciji MINA.<\/p>\n<p>To, kako je naveo, govori da dr\u017eava treba ozbiljnije da prilazi tom poslu i da u hodu popravlja procentualnu zastupljenost nacionalnih manjina u dr\u017eavnoj administraciji.<\/p>\n<p>Dino\u0161a je, pored ostalog, ocijenio da se, generalno, ljudska prava u Crnoj Gori po\u0161tuju, navode\u0107i da to nije samo doma\u0107a ve\u0107 i ocjena relevantnih me\u0111unarodnih adresa.<\/p>\n<p>On je rekao da se de\u0161avaju pojedina\u010dna kr\u0161enja ljudskih prava, ali da u tom slu\u010daju organi reaguju, ako se to prijavi.<\/p>\n<p>&#8220;Oblast gdje nemamo kr\u0161enje ili nekr\u0161enje ljudskih prava je oblast prava seksualnih manjina. Kod nas niko nije do\u0161ao da se po\u017eali na bilo koji vid diskriminacije po tom pitanju, a koliko sam upoznat tako je i kod kod za\u0161titnika ljudskih prava&#8221;, kazao je Dino\u0161a.<\/p>\n<p>Prema njegovim rije\u010dima, nema reakcija na eventualno kr\u0161enje tih prava ali odre\u0111ene nevladine organizacije govore se da su ta prava u, kako je kazao, nekom bezvazdu\u0161nom prostoru odnosno da nemaju svoj zamah.<\/p>\n<p>&#8220;Crna Gora i Ministarstvo za ljudska i manjinska prava \u0107e htjeti da, po tom pitanju, prate evropsku praksu i sugestije iz Evrope&#8221;, poru\u010dio je Dino\u0161a.<\/p>\n<p><strong>RTCG<\/strong><\/p>\n","protected":false},"excerpt":{"rendered":"<p>Nedovoljno zastupljeni Zastupljenost pripadnika manjinskih naroda u dr\u017eavnim organima ne odra\u017eava njihovu prisutnost u ukupnom stanovni\u0161tvu Crne Gore i dr\u017eava treba ozbiljnije da se pozabavi tim poslom, ocijenio je ministar za ljudska i manjinska prava Ferhat Dino\u0161a. On je objasnio da o nedovoljnoj zastupljenosti pripadnika manjina u dr\u017eavnoj administraciji pokazuju preliminirani rezultati ankete u vezi [&hellip;]<\/p>\n","protected":false},"author":1,"featured_media":0,"comment_status":"open","ping_status":"closed","sticky":false,"template":"","format":"standard","meta":{"spay_email":"","jetpack_publicize_message":"","jetpack_is_tweetstorm":false,"jetpack_publicize_feature_enabled":true},"categories":[8337],"tags":[20,88],"jetpack_publicize_connections":[],"yoast_head":"<!-- This site is optimized with the Yoast SEO plugin v19.1 - https:\/\/yoast.com\/wordpress\/plugins\/seo\/ -->\n<title>Ferhat Dino\u0161a: Manjine nedovoljno zastupljeni - Lajme nga Ulqini<\/title>\n<meta name=\"description\" content=\"Nedovoljno zastupljeni Zastupljenost pripadnika manjinskih naroda u dr\u017eavnim organima ne odra\u017eava njihovu prisutnost u ukupnom stanovni\u0161tvu Crne Gore i\" \/>\n<meta name=\"robots\" content=\"index, follow, max-snippet:-1, max-image-preview:large, max-video-preview:-1\" \/>\n<link rel=\"canonical\" href=\"https:\/\/www.visit-ulcinj.com\/blog\/2011\/01\/15\/ferhat-dinosa-manjine-nedovoljno-zastupljeni\/\" \/>\n<meta property=\"og:locale\" content=\"en_US\" \/>\n<meta property=\"og:type\" content=\"article\" \/>\n<meta property=\"og:title\" content=\"Ferhat Dino\u0161a: Manjine nedovoljno zastupljeni - Lajme nga Ulqini\" \/>\n<meta property=\"og:description\" content=\"Nedovoljno zastupljeni Zastupljenost pripadnika manjinskih naroda u dr\u017eavnim organima ne odra\u017eava njihovu prisutnost u ukupnom stanovni\u0161tvu Crne Gore i\" \/>\n<meta property=\"og:url\" content=\"https:\/\/www.visit-ulcinj.com\/blog\/2011\/01\/15\/ferhat-dinosa-manjine-nedovoljno-zastupljeni\/\" \/>\n<meta property=\"og:site_name\" content=\"Lajme nga Ulqini\" \/>\n<meta property=\"article:published_time\" content=\"2011-01-15T18:14:05+00:00\" \/>\n<meta name=\"twitter:label1\" content=\"Written by\" \/>\n\t<meta name=\"twitter:data1\" content=\"ulqini\" \/>\n\t<meta name=\"twitter:label2\" content=\"Est. reading time\" \/>\n\t<meta name=\"twitter:data2\" content=\"2 minutes\" \/>\n<script type=\"application\/ld+json\" class=\"yoast-schema-graph\">{\"@context\":\"https:\/\/schema.org\",\"@graph\":[{\"@type\":\"WebSite\",\"@id\":\"https:\/\/www.visit-ulcinj.com\/blog\/#website\",\"url\":\"https:\/\/www.visit-ulcinj.com\/blog\/\",\"name\":\"Lajme nga Ulqini\",\"description\":\"Lajme,Vijesti,Ulqini,Ulqin,Crna Gora,Mali i Zi\",\"potentialAction\":[{\"@type\":\"SearchAction\",\"target\":{\"@type\":\"EntryPoint\",\"urlTemplate\":\"https:\/\/www.visit-ulcinj.com\/blog\/?s={search_term_string}\"},\"query-input\":\"required name=search_term_string\"}],\"inLanguage\":\"en-US\"},{\"@type\":\"WebPage\",\"@id\":\"https:\/\/www.visit-ulcinj.com\/blog\/2011\/01\/15\/ferhat-dinosa-manjine-nedovoljno-zastupljeni\/#webpage\",\"url\":\"https:\/\/www.visit-ulcinj.com\/blog\/2011\/01\/15\/ferhat-dinosa-manjine-nedovoljno-zastupljeni\/\",\"name\":\"Ferhat Dino\u0161a: Manjine nedovoljno zastupljeni - Lajme nga Ulqini\",\"isPartOf\":{\"@id\":\"https:\/\/www.visit-ulcinj.com\/blog\/#website\"},\"datePublished\":\"2011-01-15T18:14:05+00:00\",\"dateModified\":\"2011-01-15T18:14:05+00:00\",\"author\":{\"@id\":\"https:\/\/www.visit-ulcinj.com\/blog\/#\/schema\/person\/dcab619c614d3038751c63bc2aadc06d\"},\"description\":\"Nedovoljno zastupljeni Zastupljenost pripadnika manjinskih naroda u dr\u017eavnim organima ne odra\u017eava njihovu prisutnost u ukupnom stanovni\u0161tvu Crne Gore i\",\"breadcrumb\":{\"@id\":\"https:\/\/www.visit-ulcinj.com\/blog\/2011\/01\/15\/ferhat-dinosa-manjine-nedovoljno-zastupljeni\/#breadcrumb\"},\"inLanguage\":\"en-US\",\"potentialAction\":[{\"@type\":\"ReadAction\",\"target\":[\"https:\/\/www.visit-ulcinj.com\/blog\/2011\/01\/15\/ferhat-dinosa-manjine-nedovoljno-zastupljeni\/\"]}]},{\"@type\":\"BreadcrumbList\",\"@id\":\"https:\/\/www.visit-ulcinj.com\/blog\/2011\/01\/15\/ferhat-dinosa-manjine-nedovoljno-zastupljeni\/#breadcrumb\",\"itemListElement\":[{\"@type\":\"ListItem\",\"position\":1,\"name\":\"Ferhat Dino\u0161a: Manjine nedovoljno zastupljeni\"}]},{\"@type\":\"Person\",\"@id\":\"https:\/\/www.visit-ulcinj.com\/blog\/#\/schema\/person\/dcab619c614d3038751c63bc2aadc06d\",\"name\":\"ulqini\",\"sameAs\":[\"http:\/\/www.visit-ulcinj.com\"],\"url\":\"https:\/\/www.visit-ulcinj.com\/blog\/author\/admin\/\"}]}<\/script>\n<!-- \/ Yoast SEO plugin. -->","yoast_head_json":{"title":"Ferhat Dino\u0161a: Manjine nedovoljno zastupljeni - Lajme nga Ulqini","description":"Nedovoljno zastupljeni Zastupljenost pripadnika manjinskih naroda u dr\u017eavnim organima ne odra\u017eava njihovu prisutnost u ukupnom stanovni\u0161tvu Crne Gore i","robots":{"index":"index","follow":"follow","max-snippet":"max-snippet:-1","max-image-preview":"max-image-preview:large","max-video-preview":"max-video-preview:-1"},"canonical":"https:\/\/www.visit-ulcinj.com\/blog\/2011\/01\/15\/ferhat-dinosa-manjine-nedovoljno-zastupljeni\/","og_locale":"en_US","og_type":"article","og_title":"Ferhat Dino\u0161a: Manjine nedovoljno zastupljeni - Lajme nga Ulqini","og_description":"Nedovoljno zastupljeni Zastupljenost pripadnika manjinskih naroda u dr\u017eavnim organima ne odra\u017eava njihovu prisutnost u ukupnom stanovni\u0161tvu Crne Gore i","og_url":"https:\/\/www.visit-ulcinj.com\/blog\/2011\/01\/15\/ferhat-dinosa-manjine-nedovoljno-zastupljeni\/","og_site_name":"Lajme nga Ulqini","article_published_time":"2011-01-15T18:14:05+00:00","twitter_misc":{"Written by":"ulqini","Est. reading time":"2 minutes"},"schema":{"@context":"https:\/\/schema.org","@graph":[{"@type":"WebSite","@id":"https:\/\/www.visit-ulcinj.com\/blog\/#website","url":"https:\/\/www.visit-ulcinj.com\/blog\/","name":"Lajme nga Ulqini","description":"Lajme,Vijesti,Ulqini,Ulqin,Crna Gora,Mali i Zi","potentialAction":[{"@type":"SearchAction","target":{"@type":"EntryPoint","urlTemplate":"https:\/\/www.visit-ulcinj.com\/blog\/?s={search_term_string}"},"query-input":"required name=search_term_string"}],"inLanguage":"en-US"},{"@type":"WebPage","@id":"https:\/\/www.visit-ulcinj.com\/blog\/2011\/01\/15\/ferhat-dinosa-manjine-nedovoljno-zastupljeni\/#webpage","url":"https:\/\/www.visit-ulcinj.com\/blog\/2011\/01\/15\/ferhat-dinosa-manjine-nedovoljno-zastupljeni\/","name":"Ferhat Dino\u0161a: Manjine nedovoljno zastupljeni - Lajme nga Ulqini","isPartOf":{"@id":"https:\/\/www.visit-ulcinj.com\/blog\/#website"},"datePublished":"2011-01-15T18:14:05+00:00","dateModified":"2011-01-15T18:14:05+00:00","author":{"@id":"https:\/\/www.visit-ulcinj.com\/blog\/#\/schema\/person\/dcab619c614d3038751c63bc2aadc06d"},"description":"Nedovoljno zastupljeni Zastupljenost pripadnika manjinskih naroda u dr\u017eavnim organima ne odra\u017eava njihovu prisutnost u ukupnom stanovni\u0161tvu Crne Gore i","breadcrumb":{"@id":"https:\/\/www.visit-ulcinj.com\/blog\/2011\/01\/15\/ferhat-dinosa-manjine-nedovoljno-zastupljeni\/#breadcrumb"},"inLanguage":"en-US","potentialAction":[{"@type":"ReadAction","target":["https:\/\/www.visit-ulcinj.com\/blog\/2011\/01\/15\/ferhat-dinosa-manjine-nedovoljno-zastupljeni\/"]}]},{"@type":"BreadcrumbList","@id":"https:\/\/www.visit-ulcinj.com\/blog\/2011\/01\/15\/ferhat-dinosa-manjine-nedovoljno-zastupljeni\/#breadcrumb","itemListElement":[{"@type":"ListItem","position":1,"name":"Ferhat Dino\u0161a: Manjine nedovoljno zastupljeni"}]},{"@type":"Person","@id":"https:\/\/www.visit-ulcinj.com\/blog\/#\/schema\/person\/dcab619c614d3038751c63bc2aadc06d","name":"ulqini","sameAs":["http:\/\/www.visit-ulcinj.com"],"url":"https:\/\/www.visit-ulcinj.com\/blog\/author\/admin\/"}]}},"jetpack_featured_media_url":"","jetpack_sharing_enabled":true,"jetpack_shortlink":"https:\/\/wp.me\/pe6lTn-b1v","_links":{"self":[{"href":"https:\/\/www.visit-ulcinj.com\/blog\/wp-json\/wp\/v2\/posts\/42377"}],"collection":[{"href":"https:\/\/www.visit-ulcinj.com\/blog\/wp-json\/wp\/v2\/posts"}],"about":[{"href":"https:\/\/www.visit-ulcinj.com\/blog\/wp-json\/wp\/v2\/types\/post"}],"author":[{"embeddable":true,"href":"https:\/\/www.visit-ulcinj.com\/blog\/wp-json\/wp\/v2\/users\/1"}],"replies":[{"embeddable":true,"href":"https:\/\/www.visit-ulcinj.com\/blog\/wp-json\/wp\/v2\/comments?post=42377"}],"version-history":[{"count":0,"href":"https:\/\/www.visit-ulcinj.com\/blog\/wp-json\/wp\/v2\/posts\/42377\/revisions"}],"wp:attachment":[{"href":"https:\/\/www.visit-ulcinj.com\/blog\/wp-json\/wp\/v2\/media?parent=42377"}],"wp:term":[{"taxonomy":"category","embeddable":true,"href":"https:\/\/www.visit-ulcinj.com\/blog\/wp-json\/wp\/v2\/categories?post=42377"},{"taxonomy":"post_tag","embeddable":true,"href":"https:\/\/www.visit-ulcinj.com\/blog\/wp-json\/wp\/v2\/tags?post=42377"}],"curies":[{"name":"wp","href":"https:\/\/api.w.org\/{rel}","templated":true}]}}