{"id":42398,"date":"2011-01-16T09:03:03","date_gmt":"2011-01-16T08:03:03","guid":{"rendered":"http:\/\/www.visit-ulcinj.com\/blog\/?p=42398"},"modified":"2011-01-16T09:16:07","modified_gmt":"2011-01-16T08:16:07","slug":"srpski-atleticari-u-ulcinj","status":"publish","type":"post","link":"https:\/\/www.visit-ulcinj.com\/blog\/2011\/01\/16\/srpski-atleticari-u-ulcinj\/","title":{"rendered":"Srpski atleti\u010dari u Ulcinj"},"content":{"rendered":"<p><strong><a href=\"http:\/\/www.visit-ulcinj.com\/blog\/wp-content\/uploads\/2011\/01\/Atletski-savez-Srbije.jpg\"><img loading=\"lazy\" class=\"alignleft size-full wp-image-42399\" title=\"Atletski savez Srbije\" src=\"http:\/\/www.visit-ulcinj.com\/blog\/wp-content\/uploads\/2011\/01\/Atletski-savez-Srbije.jpg\" alt=\"\" width=\"392\" height=\"228\" srcset=\"https:\/\/www.visit-ulcinj.com\/blog\/wp-content\/uploads\/2011\/01\/Atletski-savez-Srbije.jpg 392w, https:\/\/www.visit-ulcinj.com\/blog\/wp-content\/uploads\/2011\/01\/Atletski-savez-Srbije-300x174.jpg 300w\" sizes=\"(max-width: 392px) 100vw, 392px\" \/><\/a>Budimpe\u0161ta, Sofija, Atina, Kenija, Meksiko, Ulcinj, Bar&#8230;<\/strong><\/p>\n<p>Po formu i bolje rezultate za sezonu 2011. srpski reprezentativci idu preko Budimpe\u0161te, Meksika, Atine, Sofije, Kenije, Ulcinja i Bara.<\/p>\n<p>Savezni selektor ASS Dragi\u0161a Kuzmanovi\u0107 pozvao je atleti\u010dare i njihove trenere da januarske pripreme o tro\u0161ku ASS realizuju na tri lokacije Ulcinj, Bar i Budimpe\u0161ta. U Ulcinju u periodu od\u00a0 od 03.-17.januara boravi slede\u0107a grupa: Petrovi\u0107 Mirko, Terzi\u0107 Amela, Cerovac Nemanja, Stoli\u0107 Sonja, Pu\u0111a Milan, Nikoli\u0107 Olja, Koji\u0107 Nemanja, Ili\u0107 Katarina, Makevi\u0107 Du\u0161an, Kali\u010danin Bojana, Radanovi\u0107 Nenad, Stamboli\u0107 Marija. Na\u0161im reprezentativcima dru\u0161tvo prave i kandidati\u00a0 za Prvenstvo Balkana u krosu: Bojovi\u0107 Velimir, Markovi\u0107 Violeta, Hasanovi\u0107 Muamer, Mustafic Selma, Mili\u010di\u0107 Goran, Dautovi\u0107 Ilda, Vukajlovi\u0107 Danijel, Milanovi\u0107 Emilija, Maksimovi\u0107 Slobodan, Paji\u0107 Mirjana, Li\u0161anin Filip, Stameni\u0107 Nikola i treneri: Zilki\u0107 Rifat,Gaji\u0107 Desimir,Ili\u0107 Dragovan,Nidzovi\u0107 Slobodan,Maksimovi\u0107 Ratomir i Budimir Jovo.<\/p>\n<p>Nekoliko kilometara dalje na crnogorkom primorju \u2013 u Baru se pripremaju: Jotanovi\u0107 Milan, Samac Vedran, Vu\u010denovi\u0107 Marija, \u0110uki\u0107 Miodrag, Savatovi\u0107 Sara, Umeti\u0107 Bojan, Draguljevi\u0107 Milena, Markovi\u0107 Milo\u0161, Suboti\u0107 Jelena, Paukovi\u0107 Branko, Suboti\u0107 Ana, Filipovi\u0107 Nenad, Filipovi\u0107 Predrag, Savanovi\u0107 Vladimir, Savi\u0107 Milo\u0161, \u017divanovi\u0107 Darko i Raovi\u0107 Milo\u0161.<br \/>\nTreneri: Peri\u0107 Dragan, \u0110or\u0111i\u0107 Dragi\u0161a, Stefanovi\u0107 Tomislav, Orestijevi\u0107 Du\u0161ko i Stevanovi\u0107 Vlastimir. Ulcinjskoj grupi od sutra pridru\u017ei\u0107e se Dragana Toma\u0161evi\u0107 i njen trener Danilo Krtini\u0107.<\/p>\n<p>Srpski reprezentativci \u2013 sprinteri i skaka\u010di od 13.-23.januara trenira\u0107e u Budimpe\u0161ti. U ma\u0111arsku prestonicu pozvani su: Miri\u0107 Slobodan, Jovanovi\u0107 Bojan, Vuki\u010devi\u0107 Jovan, Jelena Vasi\u0107 Radinovi\u0107, Rai\u010dkovi\u0107 Sandra, Vukovi\u0107 Bojana, Petkovi\u0107 Ivana i \u0160ari\u0107 Ivona. Treneri: \u0160olaja Milan, Radoja Goran i Stevanovi\u0107 Ljubi\u0161a.<\/p>\n<p>U Budimpe\u0161ti se ve\u0107 nalazi Emir Bekri\u0107 u dru\u0161tvu trenera Mirjane Stojanovi\u0107.<\/p>\n<div id=\"attachment_42400\" style=\"width: 500px\" class=\"wp-caption alignleft\"><a href=\"http:\/\/www.visit-ulcinj.com\/blog\/wp-content\/uploads\/2011\/01\/Ulcinjska-rivijera-Ada-Bojana-Olympic-i-Bellevue.jpg\"><img aria-describedby=\"caption-attachment-42400\" loading=\"lazy\" class=\"size-full wp-image-42400\" title=\"Ulcinjska rivijera (Ada Bojana, Olympic i Bellevue)\" src=\"http:\/\/www.visit-ulcinj.com\/blog\/wp-content\/uploads\/2011\/01\/Ulcinjska-rivijera-Ada-Bojana-Olympic-i-Bellevue.jpg\" alt=\"\" width=\"490\" height=\"380\" \/><\/a><p id=\"caption-attachment-42400\" class=\"wp-caption-text\">Pun pansion za fudbalere u hotelu \u201eOlimpik\u201c iznosi 33 eura, a za fudbalere mla\u0111e od 16 godina 25 eura.Sportistima su na raspolaganju sedam fudbalskih terena, dvije teretane,  bazen, trim staze, a ishrana je poja\u010dana i prilago\u0111ena svakom klubu.<\/p><\/div>\n<p>Posle Portugalije \u201evojvo\u0111anska trojka\u201c na \u010delu sa trenerom Obradovi\u0107em je pripreme za Prvenstvo Evrope u dvorani nastavila u Budime\u0161ti. Ivana \u0160panovi\u0107, Mihal Duda\u0161 i Igor \u0160ar\u010devi\u0107 u Budimpa\u0161tu su otputovali osmog januara, a povratak u Beogradu o\u010dekuje ih 29.januara.<\/p>\n<p>Najbolja srpska troskoka\u0161ica Biljana Topi\u0107 u dru\u0161tvu trenera Dragutina pripreme realizuje u Atini, dok se na\u0161a najbolja maratonka Olivera Jevti\u0107 koja se trenutno nalazi u Ulcinju sprema se za odlazak u tople krajeve, najverovatnije u Keniju. Goran Nava od 21.decembra do 12.januara u trenira u Meksiku, a u Sofiji \u0107e od subote 15. januara zajedno sa bugarskom reprezentacijom trenirati Tanja Miti\u0107 i Katarina Ili\u0107.<\/p>\n<p><a href=\"http:\/\/www.ass.org.rs\/\" target=\"_blank\"><strong>Copyright \u00a9 Atletski savez Srbije<\/strong><\/a><br \/>\n<!--YouTube Error: bad URL entered--><\/p>\n","protected":false},"excerpt":{"rendered":"<p>Budimpe\u0161ta, Sofija, Atina, Kenija, Meksiko, Ulcinj, Bar&#8230; Po formu i bolje rezultate za sezonu 2011. srpski reprezentativci idu preko Budimpe\u0161te, Meksika, Atine, Sofije, Kenije, Ulcinja i Bara. Savezni selektor ASS Dragi\u0161a Kuzmanovi\u0107 pozvao je atleti\u010dare i njihove trenere da januarske pripreme o tro\u0161ku ASS realizuju na tri lokacije Ulcinj, Bar i Budimpe\u0161ta. U Ulcinju u [&hellip;]<\/p>\n","protected":false},"author":1,"featured_media":0,"comment_status":"open","ping_status":"closed","sticky":false,"template":"","format":"standard","meta":{"spay_email":"","jetpack_publicize_message":"","jetpack_is_tweetstorm":false,"jetpack_publicize_feature_enabled":true},"categories":[8337],"tags":[4032,17025,20,17026,250,15043,15063,16362,2477,17027,19],"jetpack_publicize_connections":[],"yoast_head":"<!-- This site is optimized with the Yoast SEO plugin v19.1 - https:\/\/yoast.com\/wordpress\/plugins\/seo\/ -->\n<title>Srpski atleti\u010dari u Ulcinj - Lajme nga Ulqini<\/title>\n<meta name=\"description\" content=\"Budimpe\u0161ta, Sofija, Atina, Kenija, Meksiko, Ulcinj, Bar... Po formu i bolje rezultate za sezonu 2011. srpski reprezentativci idu preko Budimpe\u0161te,\" \/>\n<meta name=\"robots\" content=\"index, follow, max-snippet:-1, max-image-preview:large, max-video-preview:-1\" \/>\n<link rel=\"canonical\" href=\"https:\/\/www.visit-ulcinj.com\/blog\/2011\/01\/16\/srpski-atleticari-u-ulcinj\/\" \/>\n<meta property=\"og:locale\" content=\"en_US\" \/>\n<meta property=\"og:type\" content=\"article\" \/>\n<meta property=\"og:title\" content=\"Srpski atleti\u010dari u Ulcinj - Lajme nga Ulqini\" \/>\n<meta property=\"og:description\" content=\"Budimpe\u0161ta, Sofija, Atina, Kenija, Meksiko, Ulcinj, Bar... Po formu i bolje rezultate za sezonu 2011. srpski reprezentativci idu preko Budimpe\u0161te,\" \/>\n<meta property=\"og:url\" content=\"https:\/\/www.visit-ulcinj.com\/blog\/2011\/01\/16\/srpski-atleticari-u-ulcinj\/\" \/>\n<meta property=\"og:site_name\" content=\"Lajme nga Ulqini\" \/>\n<meta property=\"article:published_time\" content=\"2011-01-16T08:03:03+00:00\" \/>\n<meta property=\"article:modified_time\" content=\"2011-01-16T08:16:07+00:00\" \/>\n<meta property=\"og:image\" content=\"http:\/\/www.visit-ulcinj.com\/blog\/wp-content\/uploads\/2011\/01\/Atletski-savez-Srbije.jpg\" \/>\n<meta name=\"twitter:label1\" content=\"Written by\" \/>\n\t<meta name=\"twitter:data1\" content=\"ulqini\" \/>\n\t<meta name=\"twitter:label2\" content=\"Est. reading time\" \/>\n\t<meta name=\"twitter:data2\" content=\"2 minutes\" \/>\n<script type=\"application\/ld+json\" class=\"yoast-schema-graph\">{\"@context\":\"https:\/\/schema.org\",\"@graph\":[{\"@type\":\"WebSite\",\"@id\":\"https:\/\/www.visit-ulcinj.com\/blog\/#website\",\"url\":\"https:\/\/www.visit-ulcinj.com\/blog\/\",\"name\":\"Lajme nga Ulqini\",\"description\":\"Lajme,Vijesti,Ulqini,Ulqin,Crna Gora,Mali i Zi\",\"potentialAction\":[{\"@type\":\"SearchAction\",\"target\":{\"@type\":\"EntryPoint\",\"urlTemplate\":\"https:\/\/www.visit-ulcinj.com\/blog\/?s={search_term_string}\"},\"query-input\":\"required name=search_term_string\"}],\"inLanguage\":\"en-US\"},{\"@type\":\"ImageObject\",\"inLanguage\":\"en-US\",\"@id\":\"https:\/\/www.visit-ulcinj.com\/blog\/2011\/01\/16\/srpski-atleticari-u-ulcinj\/#primaryimage\",\"url\":\"https:\/\/www.visit-ulcinj.com\/blog\/wp-content\/uploads\/2011\/01\/Atletski-savez-Srbije.jpg\",\"contentUrl\":\"https:\/\/www.visit-ulcinj.com\/blog\/wp-content\/uploads\/2011\/01\/Atletski-savez-Srbije.jpg\",\"width\":\"392\",\"height\":\"228\"},{\"@type\":\"WebPage\",\"@id\":\"https:\/\/www.visit-ulcinj.com\/blog\/2011\/01\/16\/srpski-atleticari-u-ulcinj\/#webpage\",\"url\":\"https:\/\/www.visit-ulcinj.com\/blog\/2011\/01\/16\/srpski-atleticari-u-ulcinj\/\",\"name\":\"Srpski atleti\u010dari u Ulcinj - Lajme nga Ulqini\",\"isPartOf\":{\"@id\":\"https:\/\/www.visit-ulcinj.com\/blog\/#website\"},\"primaryImageOfPage\":{\"@id\":\"https:\/\/www.visit-ulcinj.com\/blog\/2011\/01\/16\/srpski-atleticari-u-ulcinj\/#primaryimage\"},\"datePublished\":\"2011-01-16T08:03:03+00:00\",\"dateModified\":\"2011-01-16T08:16:07+00:00\",\"author\":{\"@id\":\"https:\/\/www.visit-ulcinj.com\/blog\/#\/schema\/person\/dcab619c614d3038751c63bc2aadc06d\"},\"description\":\"Budimpe\u0161ta, Sofija, Atina, Kenija, Meksiko, Ulcinj, Bar... Po formu i bolje rezultate za sezonu 2011. srpski reprezentativci idu preko Budimpe\u0161te,\",\"breadcrumb\":{\"@id\":\"https:\/\/www.visit-ulcinj.com\/blog\/2011\/01\/16\/srpski-atleticari-u-ulcinj\/#breadcrumb\"},\"inLanguage\":\"en-US\",\"potentialAction\":[{\"@type\":\"ReadAction\",\"target\":[\"https:\/\/www.visit-ulcinj.com\/blog\/2011\/01\/16\/srpski-atleticari-u-ulcinj\/\"]}]},{\"@type\":\"BreadcrumbList\",\"@id\":\"https:\/\/www.visit-ulcinj.com\/blog\/2011\/01\/16\/srpski-atleticari-u-ulcinj\/#breadcrumb\",\"itemListElement\":[{\"@type\":\"ListItem\",\"position\":1,\"name\":\"Srpski atleti\u010dari u Ulcinj\"}]},{\"@type\":\"Person\",\"@id\":\"https:\/\/www.visit-ulcinj.com\/blog\/#\/schema\/person\/dcab619c614d3038751c63bc2aadc06d\",\"name\":\"ulqini\",\"sameAs\":[\"http:\/\/www.visit-ulcinj.com\"],\"url\":\"https:\/\/www.visit-ulcinj.com\/blog\/author\/admin\/\"}]}<\/script>\n<!-- \/ Yoast SEO plugin. -->","yoast_head_json":{"title":"Srpski atleti\u010dari u Ulcinj - Lajme nga Ulqini","description":"Budimpe\u0161ta, Sofija, Atina, Kenija, Meksiko, Ulcinj, Bar... Po formu i bolje rezultate za sezonu 2011. srpski reprezentativci idu preko Budimpe\u0161te,","robots":{"index":"index","follow":"follow","max-snippet":"max-snippet:-1","max-image-preview":"max-image-preview:large","max-video-preview":"max-video-preview:-1"},"canonical":"https:\/\/www.visit-ulcinj.com\/blog\/2011\/01\/16\/srpski-atleticari-u-ulcinj\/","og_locale":"en_US","og_type":"article","og_title":"Srpski atleti\u010dari u Ulcinj - Lajme nga Ulqini","og_description":"Budimpe\u0161ta, Sofija, Atina, Kenija, Meksiko, Ulcinj, Bar... Po formu i bolje rezultate za sezonu 2011. srpski reprezentativci idu preko Budimpe\u0161te,","og_url":"https:\/\/www.visit-ulcinj.com\/blog\/2011\/01\/16\/srpski-atleticari-u-ulcinj\/","og_site_name":"Lajme nga Ulqini","article_published_time":"2011-01-16T08:03:03+00:00","article_modified_time":"2011-01-16T08:16:07+00:00","og_image":[{"url":"http:\/\/www.visit-ulcinj.com\/blog\/wp-content\/uploads\/2011\/01\/Atletski-savez-Srbije.jpg"}],"twitter_misc":{"Written by":"ulqini","Est. reading time":"2 minutes"},"schema":{"@context":"https:\/\/schema.org","@graph":[{"@type":"WebSite","@id":"https:\/\/www.visit-ulcinj.com\/blog\/#website","url":"https:\/\/www.visit-ulcinj.com\/blog\/","name":"Lajme nga Ulqini","description":"Lajme,Vijesti,Ulqini,Ulqin,Crna Gora,Mali i Zi","potentialAction":[{"@type":"SearchAction","target":{"@type":"EntryPoint","urlTemplate":"https:\/\/www.visit-ulcinj.com\/blog\/?s={search_term_string}"},"query-input":"required name=search_term_string"}],"inLanguage":"en-US"},{"@type":"ImageObject","inLanguage":"en-US","@id":"https:\/\/www.visit-ulcinj.com\/blog\/2011\/01\/16\/srpski-atleticari-u-ulcinj\/#primaryimage","url":"https:\/\/www.visit-ulcinj.com\/blog\/wp-content\/uploads\/2011\/01\/Atletski-savez-Srbije.jpg","contentUrl":"https:\/\/www.visit-ulcinj.com\/blog\/wp-content\/uploads\/2011\/01\/Atletski-savez-Srbije.jpg","width":"392","height":"228"},{"@type":"WebPage","@id":"https:\/\/www.visit-ulcinj.com\/blog\/2011\/01\/16\/srpski-atleticari-u-ulcinj\/#webpage","url":"https:\/\/www.visit-ulcinj.com\/blog\/2011\/01\/16\/srpski-atleticari-u-ulcinj\/","name":"Srpski atleti\u010dari u Ulcinj - Lajme nga Ulqini","isPartOf":{"@id":"https:\/\/www.visit-ulcinj.com\/blog\/#website"},"primaryImageOfPage":{"@id":"https:\/\/www.visit-ulcinj.com\/blog\/2011\/01\/16\/srpski-atleticari-u-ulcinj\/#primaryimage"},"datePublished":"2011-01-16T08:03:03+00:00","dateModified":"2011-01-16T08:16:07+00:00","author":{"@id":"https:\/\/www.visit-ulcinj.com\/blog\/#\/schema\/person\/dcab619c614d3038751c63bc2aadc06d"},"description":"Budimpe\u0161ta, Sofija, Atina, Kenija, Meksiko, Ulcinj, Bar... Po formu i bolje rezultate za sezonu 2011. srpski reprezentativci idu preko Budimpe\u0161te,","breadcrumb":{"@id":"https:\/\/www.visit-ulcinj.com\/blog\/2011\/01\/16\/srpski-atleticari-u-ulcinj\/#breadcrumb"},"inLanguage":"en-US","potentialAction":[{"@type":"ReadAction","target":["https:\/\/www.visit-ulcinj.com\/blog\/2011\/01\/16\/srpski-atleticari-u-ulcinj\/"]}]},{"@type":"BreadcrumbList","@id":"https:\/\/www.visit-ulcinj.com\/blog\/2011\/01\/16\/srpski-atleticari-u-ulcinj\/#breadcrumb","itemListElement":[{"@type":"ListItem","position":1,"name":"Srpski atleti\u010dari u Ulcinj"}]},{"@type":"Person","@id":"https:\/\/www.visit-ulcinj.com\/blog\/#\/schema\/person\/dcab619c614d3038751c63bc2aadc06d","name":"ulqini","sameAs":["http:\/\/www.visit-ulcinj.com"],"url":"https:\/\/www.visit-ulcinj.com\/blog\/author\/admin\/"}]}},"jetpack_featured_media_url":"","jetpack_sharing_enabled":true,"jetpack_shortlink":"https:\/\/wp.me\/pe6lTn-b1Q","_links":{"self":[{"href":"https:\/\/www.visit-ulcinj.com\/blog\/wp-json\/wp\/v2\/posts\/42398"}],"collection":[{"href":"https:\/\/www.visit-ulcinj.com\/blog\/wp-json\/wp\/v2\/posts"}],"about":[{"href":"https:\/\/www.visit-ulcinj.com\/blog\/wp-json\/wp\/v2\/types\/post"}],"author":[{"embeddable":true,"href":"https:\/\/www.visit-ulcinj.com\/blog\/wp-json\/wp\/v2\/users\/1"}],"replies":[{"embeddable":true,"href":"https:\/\/www.visit-ulcinj.com\/blog\/wp-json\/wp\/v2\/comments?post=42398"}],"version-history":[{"count":0,"href":"https:\/\/www.visit-ulcinj.com\/blog\/wp-json\/wp\/v2\/posts\/42398\/revisions"}],"wp:attachment":[{"href":"https:\/\/www.visit-ulcinj.com\/blog\/wp-json\/wp\/v2\/media?parent=42398"}],"wp:term":[{"taxonomy":"category","embeddable":true,"href":"https:\/\/www.visit-ulcinj.com\/blog\/wp-json\/wp\/v2\/categories?post=42398"},{"taxonomy":"post_tag","embeddable":true,"href":"https:\/\/www.visit-ulcinj.com\/blog\/wp-json\/wp\/v2\/tags?post=42398"}],"curies":[{"name":"wp","href":"https:\/\/api.w.org\/{rel}","templated":true}]}}