{"id":42406,"date":"2011-01-16T09:43:20","date_gmt":"2011-01-16T08:43:20","guid":{"rendered":"http:\/\/www.visit-ulcinj.com\/blog\/?p=42406"},"modified":"2011-01-16T09:45:08","modified_gmt":"2011-01-16T08:45:08","slug":"atleticari-novog-pazara-u-ulcinj","status":"publish","type":"post","link":"https:\/\/www.visit-ulcinj.com\/blog\/2011\/01\/16\/atleticari-novog-pazara-u-ulcinj\/","title":{"rendered":"Atleti\u010dari Novog Pazara u Ulcinj"},"content":{"rendered":"<p><strong><a href=\"http:\/\/www.visit-ulcinj.com\/blog\/wp-content\/uploads\/2011\/01\/Rifat-Zilkic_-novopazarski-trener-atleticara.jpg\"><img loading=\"lazy\" class=\"alignleft size-full wp-image-42407\" title=\"Rifat Zilkic_ novopazarski trener atleticara\" src=\"http:\/\/www.visit-ulcinj.com\/blog\/wp-content\/uploads\/2011\/01\/Rifat-Zilkic_-novopazarski-trener-atleticara.jpg\" alt=\"\" width=\"380\" height=\"300\" srcset=\"https:\/\/www.visit-ulcinj.com\/blog\/wp-content\/uploads\/2011\/01\/Rifat-Zilkic_-novopazarski-trener-atleticara.jpg 380w, https:\/\/www.visit-ulcinj.com\/blog\/wp-content\/uploads\/2011\/01\/Rifat-Zilkic_-novopazarski-trener-atleticara-300x236.jpg 300w\" sizes=\"(max-width: 380px) 100vw, 380px\" \/><\/a>Atleti\u010dari od danas na pripremama u Ulcinju<\/strong><br \/>\nDvanaestoro atleti\u010dara Novog Pazara, predvo\u0111eni trenerom Rifatom Zilki\u0107em, otputovali su danas u Ulcinj, gde \u0107e se pripremati za takmi\u010denja koja ih o\u010dekuju tokom prvog dela 2011. godine.<br \/>\nSportski direktor AK \u201cNovi Pazar\u201d Edin Zukovi\u0107, rukovodilac priprema reprezentacije Srbije koje \u0107e biti sprovedene u Ulcinju i Baru, rekao je radiju Sto plus da \u0107e se petoro novopazarskih atleti\u010dara i trener Rifat Zilki\u0107 pripremati o tro\u0161ku Atletskog saveza Srbije.\u201cTro\u0161kove priprema preostalih na\u0161ih atleti\u010dara snosi\u0107e Grad Novi Pazar, a put crnogorskog primorja kre\u0107e kompletna ekipa\u201d, dodao je Zukovi\u0107.Pripreme novopazarskih atleti\u010dara u Ulcinju traja\u0107e do 22. januara.<\/p>\n<p><a href=\"http:\/\/sandzak.info\/sport\/atletika\/1840-atletiari-od-danas-na-pripremama-u-ulcinju\" target=\"_blank\"><strong>Sandzak Info<\/strong><\/a><br \/>\n<a href=\"http:\/\/www.visit-ulcinj.com\/blog\/wp-content\/uploads\/2011\/01\/Atleticari-Novog-Pazara-u-Ulcinj_Ulcinjska-rivijera.jpg\"><img loading=\"lazy\" class=\"alignleft size-full wp-image-42408\" title=\"Atleticari Novog Pazara u Ulcinj_Ulcinjska rivijera\" src=\"http:\/\/www.visit-ulcinj.com\/blog\/wp-content\/uploads\/2011\/01\/Atleticari-Novog-Pazara-u-Ulcinj_Ulcinjska-rivijera.jpg\" alt=\"\" width=\"490\" height=\"380\" \/><\/a><br \/>\n<strong>Pun pansion za fudbalere u hotelu \u201eOlimpik\u201c iznosi 33 eura, a za fudbalere mla\u0111e od 16 godina 25 eura.Sportistima su na raspolaganju sedam fudbalskih terena, dvije teretane, bazen, trim staze, a ishrana je poja\u010dana i prilago\u0111ena svakom klubu.<\/strong><br \/>\n<!--YouTube Error: bad URL entered--><\/p>\n","protected":false},"excerpt":{"rendered":"<p>Atleti\u010dari od danas na pripremama u Ulcinju Dvanaestoro atleti\u010dara Novog Pazara, predvo\u0111eni trenerom Rifatom Zilki\u0107em, otputovali su danas u Ulcinj, gde \u0107e se pripremati za takmi\u010denja koja ih o\u010dekuju tokom prvog dela 2011. godine. Sportski direktor AK \u201cNovi Pazar\u201d Edin Zukovi\u0107, rukovodilac priprema reprezentacije Srbije koje \u0107e biti sprovedene u Ulcinju i Baru, rekao je [&hellip;]<\/p>\n","protected":false},"author":1,"featured_media":0,"comment_status":"open","ping_status":"closed","sticky":false,"template":"","format":"standard","meta":{"spay_email":"","jetpack_publicize_message":"","jetpack_is_tweetstorm":false,"jetpack_publicize_feature_enabled":true},"categories":[8337],"tags":[17033,17028,17029,16080,17032,250,17030,17031,16368,19],"jetpack_publicize_connections":[],"yoast_head":"<!-- This site is optimized with the Yoast SEO plugin v19.1 - https:\/\/yoast.com\/wordpress\/plugins\/seo\/ -->\n<title>Atleti\u010dari Novog Pazara u Ulcinj - Lajme nga Ulqini<\/title>\n<meta name=\"description\" content=\"Atleti\u010dari od danas na pripremama u Ulcinju Dvanaestoro atleti\u010dara Novog Pazara, predvo\u0111eni trenerom Rifatom Zilki\u0107em, otputovali su danas u Ulcinj, gde\" \/>\n<meta name=\"robots\" content=\"index, follow, max-snippet:-1, max-image-preview:large, max-video-preview:-1\" \/>\n<link rel=\"canonical\" href=\"https:\/\/www.visit-ulcinj.com\/blog\/2011\/01\/16\/atleticari-novog-pazara-u-ulcinj\/\" \/>\n<meta property=\"og:locale\" content=\"en_US\" \/>\n<meta property=\"og:type\" content=\"article\" \/>\n<meta property=\"og:title\" content=\"Atleti\u010dari Novog Pazara u Ulcinj - Lajme nga Ulqini\" \/>\n<meta property=\"og:description\" content=\"Atleti\u010dari od danas na pripremama u Ulcinju Dvanaestoro atleti\u010dara Novog Pazara, predvo\u0111eni trenerom Rifatom Zilki\u0107em, otputovali su danas u Ulcinj, gde\" \/>\n<meta property=\"og:url\" content=\"https:\/\/www.visit-ulcinj.com\/blog\/2011\/01\/16\/atleticari-novog-pazara-u-ulcinj\/\" \/>\n<meta property=\"og:site_name\" content=\"Lajme nga Ulqini\" \/>\n<meta property=\"article:published_time\" content=\"2011-01-16T08:43:20+00:00\" \/>\n<meta property=\"article:modified_time\" content=\"2011-01-16T08:45:08+00:00\" \/>\n<meta property=\"og:image\" content=\"http:\/\/www.visit-ulcinj.com\/blog\/wp-content\/uploads\/2011\/01\/Rifat-Zilkic_-novopazarski-trener-atleticara.jpg\" \/>\n<meta name=\"twitter:label1\" content=\"Written by\" \/>\n\t<meta name=\"twitter:data1\" content=\"ulqini\" \/>\n\t<meta name=\"twitter:label2\" content=\"Est. reading time\" \/>\n\t<meta name=\"twitter:data2\" content=\"1 minute\" \/>\n<script type=\"application\/ld+json\" class=\"yoast-schema-graph\">{\"@context\":\"https:\/\/schema.org\",\"@graph\":[{\"@type\":\"WebSite\",\"@id\":\"https:\/\/www.visit-ulcinj.com\/blog\/#website\",\"url\":\"https:\/\/www.visit-ulcinj.com\/blog\/\",\"name\":\"Lajme nga Ulqini\",\"description\":\"Lajme,Vijesti,Ulqini,Ulqin,Crna Gora,Mali i Zi\",\"potentialAction\":[{\"@type\":\"SearchAction\",\"target\":{\"@type\":\"EntryPoint\",\"urlTemplate\":\"https:\/\/www.visit-ulcinj.com\/blog\/?s={search_term_string}\"},\"query-input\":\"required name=search_term_string\"}],\"inLanguage\":\"en-US\"},{\"@type\":\"ImageObject\",\"inLanguage\":\"en-US\",\"@id\":\"https:\/\/www.visit-ulcinj.com\/blog\/2011\/01\/16\/atleticari-novog-pazara-u-ulcinj\/#primaryimage\",\"url\":\"https:\/\/www.visit-ulcinj.com\/blog\/wp-content\/uploads\/2011\/01\/Rifat-Zilkic_-novopazarski-trener-atleticara.jpg\",\"contentUrl\":\"https:\/\/www.visit-ulcinj.com\/blog\/wp-content\/uploads\/2011\/01\/Rifat-Zilkic_-novopazarski-trener-atleticara.jpg\",\"width\":\"380\",\"height\":\"300\"},{\"@type\":\"WebPage\",\"@id\":\"https:\/\/www.visit-ulcinj.com\/blog\/2011\/01\/16\/atleticari-novog-pazara-u-ulcinj\/#webpage\",\"url\":\"https:\/\/www.visit-ulcinj.com\/blog\/2011\/01\/16\/atleticari-novog-pazara-u-ulcinj\/\",\"name\":\"Atleti\u010dari Novog Pazara u Ulcinj - Lajme nga Ulqini\",\"isPartOf\":{\"@id\":\"https:\/\/www.visit-ulcinj.com\/blog\/#website\"},\"primaryImageOfPage\":{\"@id\":\"https:\/\/www.visit-ulcinj.com\/blog\/2011\/01\/16\/atleticari-novog-pazara-u-ulcinj\/#primaryimage\"},\"datePublished\":\"2011-01-16T08:43:20+00:00\",\"dateModified\":\"2011-01-16T08:45:08+00:00\",\"author\":{\"@id\":\"https:\/\/www.visit-ulcinj.com\/blog\/#\/schema\/person\/dcab619c614d3038751c63bc2aadc06d\"},\"description\":\"Atleti\u010dari od danas na pripremama u Ulcinju Dvanaestoro atleti\u010dara Novog Pazara, predvo\u0111eni trenerom Rifatom Zilki\u0107em, otputovali su danas u Ulcinj, gde\",\"breadcrumb\":{\"@id\":\"https:\/\/www.visit-ulcinj.com\/blog\/2011\/01\/16\/atleticari-novog-pazara-u-ulcinj\/#breadcrumb\"},\"inLanguage\":\"en-US\",\"potentialAction\":[{\"@type\":\"ReadAction\",\"target\":[\"https:\/\/www.visit-ulcinj.com\/blog\/2011\/01\/16\/atleticari-novog-pazara-u-ulcinj\/\"]}]},{\"@type\":\"BreadcrumbList\",\"@id\":\"https:\/\/www.visit-ulcinj.com\/blog\/2011\/01\/16\/atleticari-novog-pazara-u-ulcinj\/#breadcrumb\",\"itemListElement\":[{\"@type\":\"ListItem\",\"position\":1,\"name\":\"Atleti\u010dari Novog Pazara u Ulcinj\"}]},{\"@type\":\"Person\",\"@id\":\"https:\/\/www.visit-ulcinj.com\/blog\/#\/schema\/person\/dcab619c614d3038751c63bc2aadc06d\",\"name\":\"ulqini\",\"sameAs\":[\"http:\/\/www.visit-ulcinj.com\"],\"url\":\"https:\/\/www.visit-ulcinj.com\/blog\/author\/admin\/\"}]}<\/script>\n<!-- \/ Yoast SEO plugin. -->","yoast_head_json":{"title":"Atleti\u010dari Novog Pazara u Ulcinj - Lajme nga Ulqini","description":"Atleti\u010dari od danas na pripremama u Ulcinju Dvanaestoro atleti\u010dara Novog Pazara, predvo\u0111eni trenerom Rifatom Zilki\u0107em, otputovali su danas u Ulcinj, gde","robots":{"index":"index","follow":"follow","max-snippet":"max-snippet:-1","max-image-preview":"max-image-preview:large","max-video-preview":"max-video-preview:-1"},"canonical":"https:\/\/www.visit-ulcinj.com\/blog\/2011\/01\/16\/atleticari-novog-pazara-u-ulcinj\/","og_locale":"en_US","og_type":"article","og_title":"Atleti\u010dari Novog Pazara u Ulcinj - Lajme nga Ulqini","og_description":"Atleti\u010dari od danas na pripremama u Ulcinju Dvanaestoro atleti\u010dara Novog Pazara, predvo\u0111eni trenerom Rifatom Zilki\u0107em, otputovali su danas u Ulcinj, gde","og_url":"https:\/\/www.visit-ulcinj.com\/blog\/2011\/01\/16\/atleticari-novog-pazara-u-ulcinj\/","og_site_name":"Lajme nga Ulqini","article_published_time":"2011-01-16T08:43:20+00:00","article_modified_time":"2011-01-16T08:45:08+00:00","og_image":[{"url":"http:\/\/www.visit-ulcinj.com\/blog\/wp-content\/uploads\/2011\/01\/Rifat-Zilkic_-novopazarski-trener-atleticara.jpg"}],"twitter_misc":{"Written by":"ulqini","Est. reading time":"1 minute"},"schema":{"@context":"https:\/\/schema.org","@graph":[{"@type":"WebSite","@id":"https:\/\/www.visit-ulcinj.com\/blog\/#website","url":"https:\/\/www.visit-ulcinj.com\/blog\/","name":"Lajme nga Ulqini","description":"Lajme,Vijesti,Ulqini,Ulqin,Crna Gora,Mali i Zi","potentialAction":[{"@type":"SearchAction","target":{"@type":"EntryPoint","urlTemplate":"https:\/\/www.visit-ulcinj.com\/blog\/?s={search_term_string}"},"query-input":"required name=search_term_string"}],"inLanguage":"en-US"},{"@type":"ImageObject","inLanguage":"en-US","@id":"https:\/\/www.visit-ulcinj.com\/blog\/2011\/01\/16\/atleticari-novog-pazara-u-ulcinj\/#primaryimage","url":"https:\/\/www.visit-ulcinj.com\/blog\/wp-content\/uploads\/2011\/01\/Rifat-Zilkic_-novopazarski-trener-atleticara.jpg","contentUrl":"https:\/\/www.visit-ulcinj.com\/blog\/wp-content\/uploads\/2011\/01\/Rifat-Zilkic_-novopazarski-trener-atleticara.jpg","width":"380","height":"300"},{"@type":"WebPage","@id":"https:\/\/www.visit-ulcinj.com\/blog\/2011\/01\/16\/atleticari-novog-pazara-u-ulcinj\/#webpage","url":"https:\/\/www.visit-ulcinj.com\/blog\/2011\/01\/16\/atleticari-novog-pazara-u-ulcinj\/","name":"Atleti\u010dari Novog Pazara u Ulcinj - Lajme nga Ulqini","isPartOf":{"@id":"https:\/\/www.visit-ulcinj.com\/blog\/#website"},"primaryImageOfPage":{"@id":"https:\/\/www.visit-ulcinj.com\/blog\/2011\/01\/16\/atleticari-novog-pazara-u-ulcinj\/#primaryimage"},"datePublished":"2011-01-16T08:43:20+00:00","dateModified":"2011-01-16T08:45:08+00:00","author":{"@id":"https:\/\/www.visit-ulcinj.com\/blog\/#\/schema\/person\/dcab619c614d3038751c63bc2aadc06d"},"description":"Atleti\u010dari od danas na pripremama u Ulcinju Dvanaestoro atleti\u010dara Novog Pazara, predvo\u0111eni trenerom Rifatom Zilki\u0107em, otputovali su danas u Ulcinj, gde","breadcrumb":{"@id":"https:\/\/www.visit-ulcinj.com\/blog\/2011\/01\/16\/atleticari-novog-pazara-u-ulcinj\/#breadcrumb"},"inLanguage":"en-US","potentialAction":[{"@type":"ReadAction","target":["https:\/\/www.visit-ulcinj.com\/blog\/2011\/01\/16\/atleticari-novog-pazara-u-ulcinj\/"]}]},{"@type":"BreadcrumbList","@id":"https:\/\/www.visit-ulcinj.com\/blog\/2011\/01\/16\/atleticari-novog-pazara-u-ulcinj\/#breadcrumb","itemListElement":[{"@type":"ListItem","position":1,"name":"Atleti\u010dari Novog Pazara u Ulcinj"}]},{"@type":"Person","@id":"https:\/\/www.visit-ulcinj.com\/blog\/#\/schema\/person\/dcab619c614d3038751c63bc2aadc06d","name":"ulqini","sameAs":["http:\/\/www.visit-ulcinj.com"],"url":"https:\/\/www.visit-ulcinj.com\/blog\/author\/admin\/"}]}},"jetpack_featured_media_url":"","jetpack_sharing_enabled":true,"jetpack_shortlink":"https:\/\/wp.me\/pe6lTn-b1Y","_links":{"self":[{"href":"https:\/\/www.visit-ulcinj.com\/blog\/wp-json\/wp\/v2\/posts\/42406"}],"collection":[{"href":"https:\/\/www.visit-ulcinj.com\/blog\/wp-json\/wp\/v2\/posts"}],"about":[{"href":"https:\/\/www.visit-ulcinj.com\/blog\/wp-json\/wp\/v2\/types\/post"}],"author":[{"embeddable":true,"href":"https:\/\/www.visit-ulcinj.com\/blog\/wp-json\/wp\/v2\/users\/1"}],"replies":[{"embeddable":true,"href":"https:\/\/www.visit-ulcinj.com\/blog\/wp-json\/wp\/v2\/comments?post=42406"}],"version-history":[{"count":1,"href":"https:\/\/www.visit-ulcinj.com\/blog\/wp-json\/wp\/v2\/posts\/42406\/revisions"}],"predecessor-version":[{"id":67552,"href":"https:\/\/www.visit-ulcinj.com\/blog\/wp-json\/wp\/v2\/posts\/42406\/revisions\/67552"}],"wp:attachment":[{"href":"https:\/\/www.visit-ulcinj.com\/blog\/wp-json\/wp\/v2\/media?parent=42406"}],"wp:term":[{"taxonomy":"category","embeddable":true,"href":"https:\/\/www.visit-ulcinj.com\/blog\/wp-json\/wp\/v2\/categories?post=42406"},{"taxonomy":"post_tag","embeddable":true,"href":"https:\/\/www.visit-ulcinj.com\/blog\/wp-json\/wp\/v2\/tags?post=42406"}],"curies":[{"name":"wp","href":"https:\/\/api.w.org\/{rel}","templated":true}]}}