{"id":42426,"date":"2011-01-16T10:54:37","date_gmt":"2011-01-16T09:54:37","guid":{"rendered":"http:\/\/www.visit-ulcinj.com\/blog\/?p=42426"},"modified":"2011-01-16T10:55:02","modified_gmt":"2011-01-16T09:55:02","slug":"muzika-sot-me-teper-shikohet-se-degjohet","status":"publish","type":"post","link":"https:\/\/www.visit-ulcinj.com\/blog\/2011\/01\/16\/muzika-sot-me-teper-shikohet-se-degjohet\/","title":{"rendered":"Muzika sot m\u00eb tep\u00ebr shikohet, se d\u00ebgjohet"},"content":{"rendered":"<p><a href=\"http:\/\/www.visit-ulcinj.com\/blog\/wp-content\/uploads\/2011\/01\/Azra-Jakupi.jpg\"><img loading=\"lazy\" class=\"alignleft size-full wp-image-42427\" title=\"Azra Jakupi,\" src=\"http:\/\/www.visit-ulcinj.com\/blog\/wp-content\/uploads\/2011\/01\/Azra-Jakupi.jpg\" alt=\"\" width=\"318\" height=\"250\" \/><\/a>K\u00ebng\u00ebtarja nga Kumanova, Azra Jakupi, vler\u00ebsohet nga njoh\u00ebsit e muzik\u00ebs si nj\u00eb k\u00ebng\u00ebtare shum\u00eb e talentuar. \u00a0Ndon\u00ebse ka marr\u00eb pjes\u00eb n\u00eb shum\u00eb festivale n\u00eb Maqedoni, Kosov\u00eb dhe Shqip\u00ebri, ajo \u00ebsht\u00eb pak e njohur tek publiku shqiptar. Mosprezenc\u00ebn e saj n\u00eb media e sqaron me angazhimet me pun\u00eb dhe studime. Ky\u00e7ja e saj n\u00eb bot\u00ebn e muzik\u00ebs ishte p\u00ebr t\u00eb m\u00eb tep\u00ebr si ushqim shpirt\u00ebror, jo p\u00ebr popullaritet. Por thot\u00eb se kjo do t\u00eb ndryshoj\u00eb pasi e ka kuptuar se muzika \u00ebsht\u00eb pjes\u00eb shum\u00eb e r\u00ebnd\u00ebsishme e jet\u00ebs s\u00eb saj.<\/p>\n<p><strong>LAJM: Keni b\u00ebr\u00eb k\u00ebng\u00eb p\u00ebr t\u00eb cilat njoh\u00ebsit e muzik\u00ebs kan\u00eb dh\u00ebn\u00eb vler\u00ebsime shum\u00eb positive, por jeni shum\u00eb pak e popullarizuar. Pse nuk ju shohim n\u00ebp\u00ebr gazeta apo TV? \u00a0Nuk tregojn\u00eb interes mediat apo ju nuk imponoheni p\u00ebr shkak t\u00eb angazhimeve tjera? <\/strong><\/p>\n<p><strong>AZRA:<\/strong> S\u00eb pari, falemnderit p\u00ebr interesin t\u00eb m\u00eb b\u00ebni intervist\u00ebn. Shum\u00eb m\u00eb g\u00ebzon fakti se njer\u00ebzve u p\u00eblqejn\u00eb k\u00ebng\u00ebt e mija. Shum\u00eb shpesh\u00a0 edhe ata vet\u00eb ma parashtrojn\u00eb pytjen pse nuk jam m\u00eb aktive n\u00eb sken\u00eb. E vetmja arsye pse nuk jam n\u00ebp\u00ebr mediat \u00ebsht\u00eb thjesht\u00eb p\u00ebrshkak t\u00eb angazhimeve me pun\u00ebn dhe studimet. Por, ajo do t\u00eb ndryshoj\u00eb s\u00eb shpejti (qesh).<\/p>\n<p><strong>LAJM: Nuk keni b\u00ebr\u00eb asnj\u00eb klip, mbase dhe ky mund t\u00eb jet\u00eb shkaku q\u00eb nuk jeni shum\u00eb e popullarizuar!? <\/strong><\/p>\n<p><strong>AZRA:<\/strong> E v\u00ebrtet\u00eb. Un\u00eb n\u00eb bot\u00ebn muzikore hyra e pap\u00ebrgatitur. Fatkeq\u00ebsisht, nuk\u00a0 i kushtova r\u00ebnd\u00ebsi t\u00eb duhur, e as respekt. Tendenca ime ishte t\u00eb paraqitem n\u00ebp\u00ebr festivale, m\u00eb tep\u00ebr si ushqim shpirt\u00ebror, jo p\u00ebr popullaritet.Video klipet nuk ishin n\u00eb plan, madje edhe kontratat q\u00eb mi ofruan, t\u00eb gjitha i refuzova.Natyrisht, fatkeq\u00ebsisht.<\/p>\n<p><strong>LAJM: Si mendoni ti imponoheni publikut shqiptar\u00eb?<\/strong><\/p>\n<p><strong>AZRA:<\/strong> Thjesht\u00eb e kuptova se muzika \u00ebsht\u00eb nj\u00eb pjes\u00eb shum\u00eb e r\u00ebnd\u00ebsishme e jet\u00ebs sime. Dua t\u00eb kthehem n\u00eb sken\u00eb. K\u00ebndova n\u00eb K\u00ebnga Magjike 2010, Tingujt e \u00c7arshis\u00eb s\u00eb Vjet\u00ebr, pastaj p\u00ebr Dit\u00ebn e Flamurit n\u00eb Sheshin e Sk\u00ebnderbeut dhe Polifest 2009.Tani, jam n\u00eb bisedime me sponzor\u00ebt\u00a0 e mundsh\u00ebm, t\u00eb b\u00ebj klip p\u00ebr k\u00ebng\u00ebn \u2018Me Vete\u2019. Sidoqoft\u00eb, n\u00ebse potencialisht m\u00eb ofrohet ndonj\u00eb kontrat\u00eb, do ta shqyrtoj me v\u00ebmendje para se t\u00eb marr ndonj\u00eb vendim.<\/p>\n<p><strong>LAJM: Sa jan\u00eb t\u00eb r\u00ebnd\u00ebsish\u00ebm sipas jush klipe dhe bukuria(zhveshja) p\u00ebr t\u00eb pasur sukses n\u00eb estrad\u00eb? <\/strong><\/p>\n<p><strong>AZRA:<\/strong> Estrada \u00ebsht\u00eb show business. Interpretuesit fitojn\u00eb fansa ashtu q\u00eb njer\u00ebzve ua japin at\u00eb q\u00eb ata dojn\u00eb ta shofin. Sepse, fakt \u00ebsht\u00eb se sot muzika m\u00eb tep\u00ebr shikohet se sa d\u00ebgjohet (qesh). Varet vet\u00ebm deri ku jan\u00eb k\u00ebto interpretues gati t\u00eb shkojn\u00eb. Personalisht, mendoj se zhveshja nuk \u00ebsht\u00eb bukuri.Por, fatkeq\u00ebsisht, n\u00eb p\u00ebrgjith\u00ebsi, funksionon tek publiku.Sa u takon video klipeve, jan\u00eb t\u00eb domosdosh\u00ebm.<\/p>\n<p><strong>LAJM: A pritet dicka e re nga Azra (k\u00ebng\u00eb apo klip)? <\/strong><\/p>\n<p><strong>AZRA:<\/strong> Shpresoj se k\u00ebto bisedime me sponzor\u00ebt do t\u00eb p\u00ebrfundojn\u00eb me sukses. Nuk \u00ebsht\u00eb pun\u00eb e leht\u00eb.Sa \u00ebsht\u00eb n\u00eb fuqin\u00eb time, do t\u00eb mundohem ta realizoj k\u00ebt\u00eb.<\/p>\n<p><strong>LAJM: A keni pasur ofert\u00eb p\u00ebr t\u00eb bashkunim me ndonj\u00eb k\u00ebng\u00ebtar\/e t\u00eb njohur?<\/strong><\/p>\n<p><strong>AZRA:<\/strong> Po. Me Jehona Sopi duheshte t\u00eb bashk\u00ebpunojm\u00eb , por nuk u koordinuam me koh\u00ebn.Tani m\u00eb \u00ebsht\u00eb ofruar nj\u00eb bashk\u00ebpunim p\u00ebr t\u00eb cilin nuk dua t\u00eb flas para kohe. Do t\u00eb jet\u00eb lajm i mir\u00eb n\u00ebse realizohet.<\/p>\n<p><strong>LAJM: Me k\u00eb punoni? <\/strong><strong>Kush e b\u00ebn muzik\u00ebn dhe tekstet e k\u00ebng\u00ebve tuaja? <\/strong><\/p>\n<p><strong>AZRA:<\/strong> K\u00ebng\u00ebt \u2018Pse ashtu m\u00eb shikon\u2019 dhe \u2018Merri \u00cbndrrat\u2019 jan\u00eb t\u00eb Artan Kastratit. K\u00ebnga \u2018Pse\u2019 u in\u00e7izua te Eroll Jakupi. Me k\u00ebt\u00eb keng\u00eb u prezentova ne Polifest 2009. Nd\u00ebrsa, k\u00ebnga \u2018Me Vete\u2019 \u00ebsht\u00eb e Darko Dimitrovit. Tekstet i b\u00ebn Alisan Ibraimi, Amra Jakupi, Besa Kadriu\u00a0 dhe un\u00eb.<\/p>\n<p><strong>LAJM<\/strong>: <strong>Keni pas nje paraqitje ne TV Klan ne Shqip\u00ebri. <\/strong><strong>Prej nga ky interes per ju i mediave te Tiranes, nd\u00ebrkoh\u00eb q\u00eb n\u00eb Shkup nuk ju shohim fare? <\/strong><\/p>\n<p><strong>AZRA:<\/strong> (qesh)\u2026N\u00eb Tiran\u00eb, k\u00ebt\u00eb pyetje ma parashtronin koleg\u00ebt e estrad\u00ebs t\u00ebr\u00eb koh\u00ebn. Angazhimet e shumta q\u00eb i kam m\u00eb b\u00ebjn\u00eb pasive n\u00eb bot\u00ebn muzikore.Prandaj, nuk m\u00eb ngel koh\u00eb t\u00eb b\u00ebj publikim. \u00cbsht\u00eb shum\u00eb e r\u00ebnd\u00ebsishme p\u00ebr mua t\u2019i prezentohem publikut tim k\u00ebtu s\u00eb pari, me gjith\u00eb respekt.N\u00ebse m\u00eb ofrohet pjes\u00ebmarrje n\u00eb ndonj\u00eb emision lokal ose shtet\u00ebror, padyshim do ta pranoj.Tash m\u00eb, shpresoj se do t\u00eb jet\u00eb ndryshe.<\/p>\n<p><strong>LAJM: Si u prit paraqitja juaj n\u00eb TV Klan ?<\/strong><\/p>\n<p><strong>AZRA:<\/strong> T\u2019ua them t\u00eb v\u00ebrtet\u00ebn, m\u00eb mir\u00eb se sa pritja.Isha n\u00eb e Diela Shqiptare p\u00ebr ta prezentuar k\u00ebng\u00ebn \u2018Me Vete\u2019. Shikuesit e kishin votuar me komente shum\u00eb positive.Kisha nderin ta hapi K\u00ebng\u00ebn Magjike 2010.Kam shum\u00eb p\u00ebshtypje t\u00eb mir\u00eb p\u00ebr TV Klanin, K\u00ebng\u00ebn Magjike dhe t\u00eb gjith\u00eb stafin, koleg\u00ebt , t\u00eb gjith\u00eb shqiptar\u00ebt. Ishte p\u00ebrvoj\u00eb dhe kujtim i paharruesh\u00ebm. U thash se prap do t\u00eb shkoj( qesh).<\/p>\n<p><strong>LAJM: K\u00ebndoni n\u00ebp\u00ebr lokale t\u00eb nat\u00ebs?<\/strong><\/p>\n<p><strong>AZRA:<\/strong> Kisha oferta t\u00eb tilla, por nuk i pranova.Tani p\u00ebr tani, ky \u00ebsht\u00eb hap shum\u00eb i madh p\u00ebr mua.<\/p>\n<p><strong>LAJM: Jeni e angazhuar si asistente n\u00eb UEJL n\u00eb Tetov\u00eb. A \u00ebsht\u00eb e v\u00ebshtir\u00eb t\u00eb b\u00ebhen dy pun\u00eb jo t\u00eb lehta paralelisht ?<\/strong><\/p>\n<p><strong>AZRA:<\/strong> Jo, punoj n\u00eb Univerzitetin e Europ\u00ebs Jug-Lindore n\u00eb Shkup dhe Tetov\u00eb.Pasi u paraqita n\u00eb Nota Fest 2003 dhe 2004, duheshte patjet\u00ebr t\u00eb orientohem n\u00eb muzik\u00eb ose n\u00eb akademi.Tentova, por nuk shkonin t\u00eb dyja bashk\u00eb.Tani, do t\u00eb m\u00eb duhet shum\u00eb energji p\u00ebr t\u2019i koordinuar k\u00ebto dyja.Por, k\u00ebt\u00eb her\u00eb, sepse ka d\u00ebshir\u00eb , shpresoj se do t\u00eb ket\u00eb edhe sukses.<\/p>\n<p><strong>Paraqitja e Azr\u00ebs n\u00ebp\u00ebr festivale<\/strong><\/p>\n<p>Paraqitja e par\u00eb e saj para publikut ishte n\u00eb vitin 2003, n\u00eb Nota Fest me keng\u00ebn \u2018Pse ashtu m\u00eb shikon\u00eb\u2019. \u201cK\u00ebnga tregoi sukses dhe filluan ofertat p\u00ebr bashk\u00ebpunim.D\u00ebgjoheshte k\u00ebnga n\u00ebp\u00ebr media dhe ishte k\u00ebnaq\u00ebsi jasht\u00ebzakonisht e madhe\u201d rr\u00ebfen Azra. N\u00eb festivalin e njet\u00eb u paraqit edhe n\u00eb vitin 2004 me k\u00ebng\u00ebn \u2018Merri \u00cbndrrat\u2019. \u201c Tani m\u00eb, nuk isha gati p\u00ebr t\u00eb gjith\u00eb interesimin p\u00ebr mua. Deri at\u00ebher\u00eb, nuk e kuptoja seriozitetin dhe respektin ndaj muzikes, me t\u00eb cilin duheshte t\u00eb filloj. Nj\u00eb vit m\u00eb von\u00eb, u t\u00ebrhoqa prej bot\u00ebs muzikore plot\u00ebsisht, duke i l\u00ebn\u00eb pas vete t\u00eb gjitha mund\u00ebsit\u00eb potenciale p\u00ebr sukses n\u00eb estrade. Mir\u00ebpo, muzika kishte l\u00ebn\u00eb gjurm\u00eb t\u00eb thella n\u00eb mua. Si duket, \u00ebsht\u00eb pjes\u00eb e imja aq e r\u00ebnd\u00ebsishme\u201d tha k\u00ebng\u00ebtarja nga Kumanova. \u00a0Ajo \u00ebsht\u00eb e gatshme tani t\u00eb kthehet plot\u00ebsisht n\u00eb muzik\u00eb. \u201cNuk ka dyshim se m\u00eb kishte munguar.Vitin e kaluar u paraqita n\u00eb Polifest 2009 me keng\u00ebn \u2018Pse\u2019. K\u00ebt\u00eb vit isha n\u00eb K\u00ebnga Magjike 2010 me keng\u00ebn \u2018Me Vete\u2019. Nuk mund t\u00eb shpjegohet lumturia ime pas kthimit n\u00eb sken\u00eb\u201d u shpreh n\u00eb nj\u00eb intervist\u00eb p\u00ebr \u2018Lajm\u2019 Azra Jakupi.<\/p>\n<p><strong>Gazeta Lajm<br \/>\n<!--YouTube Error: bad URL entered--><\/strong><\/p>\n","protected":false},"excerpt":{"rendered":"<p>K\u00ebng\u00ebtarja nga Kumanova, Azra Jakupi, vler\u00ebsohet nga njoh\u00ebsit e muzik\u00ebs si nj\u00eb k\u00ebng\u00ebtare shum\u00eb e talentuar. \u00a0Ndon\u00ebse ka marr\u00eb pjes\u00eb n\u00eb shum\u00eb festivale n\u00eb Maqedoni, Kosov\u00eb dhe Shqip\u00ebri, ajo \u00ebsht\u00eb pak e njohur tek publiku shqiptar. Mosprezenc\u00ebn e saj n\u00eb media e sqaron me angazhimet me pun\u00eb dhe studime. Ky\u00e7ja e saj n\u00eb bot\u00ebn e [&hellip;]<\/p>\n","protected":false},"author":1,"featured_media":0,"comment_status":"open","ping_status":"closed","sticky":false,"template":"","format":"standard","meta":{"spay_email":"","jetpack_publicize_message":"","jetpack_is_tweetstorm":false,"jetpack_publicize_feature_enabled":true},"categories":[1],"tags":[17045,17044],"jetpack_publicize_connections":[],"yoast_head":"<!-- This site is optimized with the Yoast SEO plugin v19.1 - https:\/\/yoast.com\/wordpress\/plugins\/seo\/ -->\n<title>Muzika sot m\u00eb tep\u00ebr shikohet, se d\u00ebgjohet - Lajme nga Ulqini<\/title>\n<meta name=\"description\" content=\"K\u00ebng\u00ebtarja nga Kumanova, Azra Jakupi, vler\u00ebsohet nga njoh\u00ebsit e muzik\u00ebs si nj\u00eb k\u00ebng\u00ebtare shum\u00eb e talentuar. \u00a0Ndon\u00ebse ka marr\u00eb pjes\u00eb n\u00eb shum\u00eb festivale n\u00eb\" \/>\n<meta name=\"robots\" content=\"index, follow, max-snippet:-1, max-image-preview:large, max-video-preview:-1\" \/>\n<link rel=\"canonical\" href=\"https:\/\/www.visit-ulcinj.com\/blog\/2011\/01\/16\/muzika-sot-me-teper-shikohet-se-degjohet\/\" \/>\n<meta property=\"og:locale\" content=\"en_US\" \/>\n<meta property=\"og:type\" content=\"article\" \/>\n<meta property=\"og:title\" content=\"Muzika sot m\u00eb tep\u00ebr shikohet, se d\u00ebgjohet - Lajme nga Ulqini\" \/>\n<meta property=\"og:description\" content=\"K\u00ebng\u00ebtarja nga Kumanova, Azra Jakupi, vler\u00ebsohet nga njoh\u00ebsit e muzik\u00ebs si nj\u00eb k\u00ebng\u00ebtare shum\u00eb e talentuar. \u00a0Ndon\u00ebse ka marr\u00eb pjes\u00eb n\u00eb shum\u00eb festivale n\u00eb\" \/>\n<meta property=\"og:url\" content=\"https:\/\/www.visit-ulcinj.com\/blog\/2011\/01\/16\/muzika-sot-me-teper-shikohet-se-degjohet\/\" \/>\n<meta property=\"og:site_name\" content=\"Lajme nga Ulqini\" \/>\n<meta property=\"article:published_time\" content=\"2011-01-16T09:54:37+00:00\" \/>\n<meta property=\"article:modified_time\" content=\"2011-01-16T09:55:02+00:00\" \/>\n<meta property=\"og:image\" content=\"http:\/\/www.visit-ulcinj.com\/blog\/wp-content\/uploads\/2011\/01\/Azra-Jakupi.jpg\" \/>\n<meta name=\"twitter:label1\" content=\"Written by\" \/>\n\t<meta name=\"twitter:data1\" content=\"ulqini\" \/>\n\t<meta name=\"twitter:label2\" content=\"Est. reading time\" \/>\n\t<meta name=\"twitter:data2\" content=\"6 minutes\" \/>\n<script type=\"application\/ld+json\" class=\"yoast-schema-graph\">{\"@context\":\"https:\/\/schema.org\",\"@graph\":[{\"@type\":\"WebSite\",\"@id\":\"https:\/\/www.visit-ulcinj.com\/blog\/#website\",\"url\":\"https:\/\/www.visit-ulcinj.com\/blog\/\",\"name\":\"Lajme nga Ulqini\",\"description\":\"Lajme,Vijesti,Ulqini,Ulqin,Crna Gora,Mali i Zi\",\"potentialAction\":[{\"@type\":\"SearchAction\",\"target\":{\"@type\":\"EntryPoint\",\"urlTemplate\":\"https:\/\/www.visit-ulcinj.com\/blog\/?s={search_term_string}\"},\"query-input\":\"required name=search_term_string\"}],\"inLanguage\":\"en-US\"},{\"@type\":\"ImageObject\",\"inLanguage\":\"en-US\",\"@id\":\"https:\/\/www.visit-ulcinj.com\/blog\/2011\/01\/16\/muzika-sot-me-teper-shikohet-se-degjohet\/#primaryimage\",\"url\":\"http:\/\/www.visit-ulcinj.com\/blog\/wp-content\/uploads\/2011\/01\/Azra-Jakupi.jpg\",\"contentUrl\":\"http:\/\/www.visit-ulcinj.com\/blog\/wp-content\/uploads\/2011\/01\/Azra-Jakupi.jpg\"},{\"@type\":\"WebPage\",\"@id\":\"https:\/\/www.visit-ulcinj.com\/blog\/2011\/01\/16\/muzika-sot-me-teper-shikohet-se-degjohet\/#webpage\",\"url\":\"https:\/\/www.visit-ulcinj.com\/blog\/2011\/01\/16\/muzika-sot-me-teper-shikohet-se-degjohet\/\",\"name\":\"Muzika sot m\u00eb tep\u00ebr shikohet, se d\u00ebgjohet - Lajme nga Ulqini\",\"isPartOf\":{\"@id\":\"https:\/\/www.visit-ulcinj.com\/blog\/#website\"},\"primaryImageOfPage\":{\"@id\":\"https:\/\/www.visit-ulcinj.com\/blog\/2011\/01\/16\/muzika-sot-me-teper-shikohet-se-degjohet\/#primaryimage\"},\"datePublished\":\"2011-01-16T09:54:37+00:00\",\"dateModified\":\"2011-01-16T09:55:02+00:00\",\"author\":{\"@id\":\"https:\/\/www.visit-ulcinj.com\/blog\/#\/schema\/person\/dcab619c614d3038751c63bc2aadc06d\"},\"description\":\"K\u00ebng\u00ebtarja nga Kumanova, Azra Jakupi, vler\u00ebsohet nga njoh\u00ebsit e muzik\u00ebs si nj\u00eb k\u00ebng\u00ebtare shum\u00eb e talentuar. \u00a0Ndon\u00ebse ka marr\u00eb pjes\u00eb n\u00eb shum\u00eb festivale n\u00eb\",\"breadcrumb\":{\"@id\":\"https:\/\/www.visit-ulcinj.com\/blog\/2011\/01\/16\/muzika-sot-me-teper-shikohet-se-degjohet\/#breadcrumb\"},\"inLanguage\":\"en-US\",\"potentialAction\":[{\"@type\":\"ReadAction\",\"target\":[\"https:\/\/www.visit-ulcinj.com\/blog\/2011\/01\/16\/muzika-sot-me-teper-shikohet-se-degjohet\/\"]}]},{\"@type\":\"BreadcrumbList\",\"@id\":\"https:\/\/www.visit-ulcinj.com\/blog\/2011\/01\/16\/muzika-sot-me-teper-shikohet-se-degjohet\/#breadcrumb\",\"itemListElement\":[{\"@type\":\"ListItem\",\"position\":1,\"name\":\"Muzika sot m\u00eb tep\u00ebr shikohet, se d\u00ebgjohet\"}]},{\"@type\":\"Person\",\"@id\":\"https:\/\/www.visit-ulcinj.com\/blog\/#\/schema\/person\/dcab619c614d3038751c63bc2aadc06d\",\"name\":\"ulqini\",\"sameAs\":[\"http:\/\/www.visit-ulcinj.com\"],\"url\":\"https:\/\/www.visit-ulcinj.com\/blog\/author\/admin\/\"}]}<\/script>\n<!-- \/ Yoast SEO plugin. -->","yoast_head_json":{"title":"Muzika sot m\u00eb tep\u00ebr shikohet, se d\u00ebgjohet - Lajme nga Ulqini","description":"K\u00ebng\u00ebtarja nga Kumanova, Azra Jakupi, vler\u00ebsohet nga njoh\u00ebsit e muzik\u00ebs si nj\u00eb k\u00ebng\u00ebtare shum\u00eb e talentuar. \u00a0Ndon\u00ebse ka marr\u00eb pjes\u00eb n\u00eb shum\u00eb festivale n\u00eb","robots":{"index":"index","follow":"follow","max-snippet":"max-snippet:-1","max-image-preview":"max-image-preview:large","max-video-preview":"max-video-preview:-1"},"canonical":"https:\/\/www.visit-ulcinj.com\/blog\/2011\/01\/16\/muzika-sot-me-teper-shikohet-se-degjohet\/","og_locale":"en_US","og_type":"article","og_title":"Muzika sot m\u00eb tep\u00ebr shikohet, se d\u00ebgjohet - Lajme nga Ulqini","og_description":"K\u00ebng\u00ebtarja nga Kumanova, Azra Jakupi, vler\u00ebsohet nga njoh\u00ebsit e muzik\u00ebs si nj\u00eb k\u00ebng\u00ebtare shum\u00eb e talentuar. \u00a0Ndon\u00ebse ka marr\u00eb pjes\u00eb n\u00eb shum\u00eb festivale n\u00eb","og_url":"https:\/\/www.visit-ulcinj.com\/blog\/2011\/01\/16\/muzika-sot-me-teper-shikohet-se-degjohet\/","og_site_name":"Lajme nga Ulqini","article_published_time":"2011-01-16T09:54:37+00:00","article_modified_time":"2011-01-16T09:55:02+00:00","og_image":[{"url":"http:\/\/www.visit-ulcinj.com\/blog\/wp-content\/uploads\/2011\/01\/Azra-Jakupi.jpg"}],"twitter_misc":{"Written by":"ulqini","Est. reading time":"6 minutes"},"schema":{"@context":"https:\/\/schema.org","@graph":[{"@type":"WebSite","@id":"https:\/\/www.visit-ulcinj.com\/blog\/#website","url":"https:\/\/www.visit-ulcinj.com\/blog\/","name":"Lajme nga Ulqini","description":"Lajme,Vijesti,Ulqini,Ulqin,Crna Gora,Mali i Zi","potentialAction":[{"@type":"SearchAction","target":{"@type":"EntryPoint","urlTemplate":"https:\/\/www.visit-ulcinj.com\/blog\/?s={search_term_string}"},"query-input":"required name=search_term_string"}],"inLanguage":"en-US"},{"@type":"ImageObject","inLanguage":"en-US","@id":"https:\/\/www.visit-ulcinj.com\/blog\/2011\/01\/16\/muzika-sot-me-teper-shikohet-se-degjohet\/#primaryimage","url":"http:\/\/www.visit-ulcinj.com\/blog\/wp-content\/uploads\/2011\/01\/Azra-Jakupi.jpg","contentUrl":"http:\/\/www.visit-ulcinj.com\/blog\/wp-content\/uploads\/2011\/01\/Azra-Jakupi.jpg"},{"@type":"WebPage","@id":"https:\/\/www.visit-ulcinj.com\/blog\/2011\/01\/16\/muzika-sot-me-teper-shikohet-se-degjohet\/#webpage","url":"https:\/\/www.visit-ulcinj.com\/blog\/2011\/01\/16\/muzika-sot-me-teper-shikohet-se-degjohet\/","name":"Muzika sot m\u00eb tep\u00ebr shikohet, se d\u00ebgjohet - Lajme nga Ulqini","isPartOf":{"@id":"https:\/\/www.visit-ulcinj.com\/blog\/#website"},"primaryImageOfPage":{"@id":"https:\/\/www.visit-ulcinj.com\/blog\/2011\/01\/16\/muzika-sot-me-teper-shikohet-se-degjohet\/#primaryimage"},"datePublished":"2011-01-16T09:54:37+00:00","dateModified":"2011-01-16T09:55:02+00:00","author":{"@id":"https:\/\/www.visit-ulcinj.com\/blog\/#\/schema\/person\/dcab619c614d3038751c63bc2aadc06d"},"description":"K\u00ebng\u00ebtarja nga Kumanova, Azra Jakupi, vler\u00ebsohet nga njoh\u00ebsit e muzik\u00ebs si nj\u00eb k\u00ebng\u00ebtare shum\u00eb e talentuar. \u00a0Ndon\u00ebse ka marr\u00eb pjes\u00eb n\u00eb shum\u00eb festivale n\u00eb","breadcrumb":{"@id":"https:\/\/www.visit-ulcinj.com\/blog\/2011\/01\/16\/muzika-sot-me-teper-shikohet-se-degjohet\/#breadcrumb"},"inLanguage":"en-US","potentialAction":[{"@type":"ReadAction","target":["https:\/\/www.visit-ulcinj.com\/blog\/2011\/01\/16\/muzika-sot-me-teper-shikohet-se-degjohet\/"]}]},{"@type":"BreadcrumbList","@id":"https:\/\/www.visit-ulcinj.com\/blog\/2011\/01\/16\/muzika-sot-me-teper-shikohet-se-degjohet\/#breadcrumb","itemListElement":[{"@type":"ListItem","position":1,"name":"Muzika sot m\u00eb tep\u00ebr shikohet, se d\u00ebgjohet"}]},{"@type":"Person","@id":"https:\/\/www.visit-ulcinj.com\/blog\/#\/schema\/person\/dcab619c614d3038751c63bc2aadc06d","name":"ulqini","sameAs":["http:\/\/www.visit-ulcinj.com"],"url":"https:\/\/www.visit-ulcinj.com\/blog\/author\/admin\/"}]}},"jetpack_featured_media_url":"","jetpack_sharing_enabled":true,"jetpack_shortlink":"https:\/\/wp.me\/pe6lTn-b2i","_links":{"self":[{"href":"https:\/\/www.visit-ulcinj.com\/blog\/wp-json\/wp\/v2\/posts\/42426"}],"collection":[{"href":"https:\/\/www.visit-ulcinj.com\/blog\/wp-json\/wp\/v2\/posts"}],"about":[{"href":"https:\/\/www.visit-ulcinj.com\/blog\/wp-json\/wp\/v2\/types\/post"}],"author":[{"embeddable":true,"href":"https:\/\/www.visit-ulcinj.com\/blog\/wp-json\/wp\/v2\/users\/1"}],"replies":[{"embeddable":true,"href":"https:\/\/www.visit-ulcinj.com\/blog\/wp-json\/wp\/v2\/comments?post=42426"}],"version-history":[{"count":0,"href":"https:\/\/www.visit-ulcinj.com\/blog\/wp-json\/wp\/v2\/posts\/42426\/revisions"}],"wp:attachment":[{"href":"https:\/\/www.visit-ulcinj.com\/blog\/wp-json\/wp\/v2\/media?parent=42426"}],"wp:term":[{"taxonomy":"category","embeddable":true,"href":"https:\/\/www.visit-ulcinj.com\/blog\/wp-json\/wp\/v2\/categories?post=42426"},{"taxonomy":"post_tag","embeddable":true,"href":"https:\/\/www.visit-ulcinj.com\/blog\/wp-json\/wp\/v2\/tags?post=42426"}],"curies":[{"name":"wp","href":"https:\/\/api.w.org\/{rel}","templated":true}]}}