{"id":42447,"date":"2011-01-16T13:06:40","date_gmt":"2011-01-16T12:06:40","guid":{"rendered":"http:\/\/www.visit-ulcinj.com\/blog\/?p=42447"},"modified":"2011-01-16T13:07:16","modified_gmt":"2011-01-16T12:07:16","slug":"getoari-merr-me-vete-ne-koncertet-ne-shba-nje-vajze-seksi-nga-prishtina","status":"publish","type":"post","link":"https:\/\/www.visit-ulcinj.com\/blog\/2011\/01\/16\/getoari-merr-me-vete-ne-koncertet-ne-shba-nje-vajze-seksi-nga-prishtina\/","title":{"rendered":"Getoari merr me vete n\u00eb koncertet n\u00eb SHBA, nj\u00eb vajz\u00eb seksi nga Prishtina"},"content":{"rendered":"<p><strong><a href=\"http:\/\/www.visit-ulcinj.com\/blog\/wp-content\/uploads\/2011\/01\/Getoar-Selimi-ME-SHOQE.jpg\"><img loading=\"lazy\" class=\"alignleft size-full wp-image-42448\" title=\"Getoar Selimi ME SHOQE\" src=\"http:\/\/www.visit-ulcinj.com\/blog\/wp-content\/uploads\/2011\/01\/Getoar-Selimi-ME-SHOQE.jpg\" alt=\"\" width=\"394\" height=\"525\" \/><\/a>Nga ajo q\u00eb shihet n\u00eb foto, a thua shoqes s\u00eb mir\u00eb i vendosen duart n\u00eb prapanic\u00eb<\/strong><br \/>\nK\u00ebng\u00ebtari rep, Getoar Selimi, gjithmon\u00eb na surprizon me sjelljet e tij t\u00eb reja n\u00eb sken\u00ebn muzikore. Pas lan\u00e7imit t\u00eb albumit m\u00eb t\u00eb ri, \u201cMa i madhi n\u2019vend\u201d, q\u00eb tashm\u00eb ka b\u00ebr\u00eb p\u00ebr vete shum\u00eb fansa pasi p\u00ebrmban shum\u00eb hite, disa prej t\u00eb cilave dhe t\u00eb d\u00ebgjuara m\u00eb her\u00ebt, ai s\u00eb bashku me grupin e tij dhe Ermal Fejzullaun ishin p\u00ebr disa koncerte n\u00eb Shtetet e Bashkuara t\u00eb Amerik\u00ebs, ku kan\u00eb kaluar disa dit\u00eb t\u00eb mrekullueshme dhe publiku i ka pritur shum\u00eb mir\u00eb. P\u00ebr t\u00eb marr\u00eb detaje nga ajo atmosfer\u00eb magjike q\u00eb ka mbret\u00ebruar n\u00eb koncertet e tyre atje, ne kontaktuam nj\u00eb t\u00eb pranishme, e cila nuk mbaronte s\u00eb komplimentuari p\u00ebr ato mbr\u00ebmje.<\/p>\n<p>\u201cKan\u00eb qen\u00eb koncertet m\u00eb t\u00eb bukura q\u00eb mund t\u00eb ken\u00eb ndodhur nga shqiptar\u00ebt n\u00eb Shtetet e Bashkuara\u201d, tregon bashk\u00ebbiseduesja jon\u00eb, e cila p\u00ebr shkak t\u00eb popullaritetit q\u00eb disponon atje d\u00ebshiroi t\u00eb ngelet anonime. Gjat\u00eb gjith\u00eb k\u00ebtyre koncerteve, flitej se Geti ka qen\u00eb i shoq\u00ebruar nga nj\u00eb fem\u00ebr misterioze, e cila kishte udh\u00ebtuar nga Prishtina me t\u00eb. Edhe p\u00ebr k\u00ebt\u00eb ne e pyet\u00ebm bashk\u00ebbiseduesen ton\u00eb, e cila na tregoi se vajza e shoq\u00ebronte Getin n\u00eb \u00e7do hap.<\/p>\n<p>\u201cOh, \u00ebsht\u00eb e natyrshme se vajzat vdesin pas Getit. Si atje tek ju, edhe k\u00ebtu tek ne, bukuroshja p\u00ebr t\u00eb cil\u00ebn flisni rrinte gjithmon\u00eb af\u00ebr Getit. Nuk e kam iden\u00eb se kush ishte, pasi nuk kam d\u00ebshir\u00eb t\u00eb b\u00ebj gabim n\u00eb k\u00ebt\u00eb drejtim, vet\u00ebm se e di q\u00eb \u00ebsht\u00eb nga Prishtina dhe kishte udh\u00ebtuar s\u00eb bashku me Getin. Nuk b\u00ebj pyetje n\u00eb k\u00ebt\u00eb drejtim, por m\u00eb than\u00eb q\u00eb jan\u00eb shok\u00eb t\u00eb mir\u00eb\u201d, p\u00ebrfundon burimi. Nga ajo q\u00eb shihet n\u00eb foto, a thua shoqes s\u00eb mir\u00eb i vendosen duart n\u00eb prapanic\u00eb?!!!<\/p>\n<p><strong>Blerand Rexhepi<br \/>\nYLLPRES<\/strong><br \/>\n<object classid=\"clsid:d27cdb6e-ae6d-11cf-96b8-444553540000\" width=\"490\" height=\"370\" codebase=\"http:\/\/download.macromedia.com\/pub\/shockwave\/cabs\/flash\/swflash.cab#version=6,0,40,0\"><param name=\"allowFullScreen\" value=\"true\" \/><param name=\"allowScriptAccess\" value=\"always\" \/><param name=\"src\" value=\"http:\/\/www.dailymotion.com\/swf\/video\/xgcniz?width=&amp;theme=none&amp;foreground=%23F7FFFD&amp;highlight=%23FFC300&amp;background=%23171D1B&amp;autoPlay=1&amp;start=&amp;animatedTitle=&amp;iframe=0&amp;additionalInfos=0&amp;hideInfos=0\" \/><param name=\"allowfullscreen\" value=\"true\" \/><\/object><br \/>\n<strong><\/strong><\/p>\n","protected":false},"excerpt":{"rendered":"<p>Nga ajo q\u00eb shihet n\u00eb foto, a thua shoqes s\u00eb mir\u00eb i vendosen duart n\u00eb prapanic\u00eb K\u00ebng\u00ebtari rep, Getoar Selimi, gjithmon\u00eb na surprizon me sjelljet e tij t\u00eb reja n\u00eb sken\u00ebn muzikore. Pas lan\u00e7imit t\u00eb albumit m\u00eb t\u00eb ri, \u201cMa i madhi n\u2019vend\u201d, q\u00eb tashm\u00eb ka b\u00ebr\u00eb p\u00ebr vete shum\u00eb fansa pasi p\u00ebrmban shum\u00eb hite, [&hellip;]<\/p>\n","protected":false},"author":1,"featured_media":0,"comment_status":"open","ping_status":"closed","sticky":false,"template":"","format":"standard","meta":{"spay_email":"","jetpack_publicize_message":"","jetpack_is_tweetstorm":false,"jetpack_publicize_feature_enabled":true},"categories":[1],"tags":[13129,17050],"jetpack_publicize_connections":[],"yoast_head":"<!-- This site is optimized with the Yoast SEO plugin v19.1 - https:\/\/yoast.com\/wordpress\/plugins\/seo\/ -->\n<title>Getoari merr me vete n\u00eb koncertet n\u00eb SHBA, nj\u00eb vajz\u00eb seksi nga Prishtina - Lajme nga Ulqini<\/title>\n<meta name=\"description\" content=\"Nga ajo q\u00eb shihet n\u00eb foto, a thua shoqes s\u00eb mir\u00eb i vendosen duart n\u00eb prapanic\u00eb K\u00ebng\u00ebtari rep, Getoar Selimi, gjithmon\u00eb na surprizon me sjelljet e tij t\u00eb\" \/>\n<meta name=\"robots\" content=\"index, follow, max-snippet:-1, max-image-preview:large, max-video-preview:-1\" \/>\n<link rel=\"canonical\" href=\"https:\/\/www.visit-ulcinj.com\/blog\/2011\/01\/16\/getoari-merr-me-vete-ne-koncertet-ne-shba-nje-vajze-seksi-nga-prishtina\/\" \/>\n<meta property=\"og:locale\" content=\"en_US\" \/>\n<meta property=\"og:type\" content=\"article\" \/>\n<meta property=\"og:title\" content=\"Getoari merr me vete n\u00eb koncertet n\u00eb SHBA, nj\u00eb vajz\u00eb seksi nga Prishtina - Lajme nga Ulqini\" \/>\n<meta property=\"og:description\" content=\"Nga ajo q\u00eb shihet n\u00eb foto, a thua shoqes s\u00eb mir\u00eb i vendosen duart n\u00eb prapanic\u00eb K\u00ebng\u00ebtari rep, Getoar Selimi, gjithmon\u00eb na surprizon me sjelljet e tij t\u00eb\" \/>\n<meta property=\"og:url\" content=\"https:\/\/www.visit-ulcinj.com\/blog\/2011\/01\/16\/getoari-merr-me-vete-ne-koncertet-ne-shba-nje-vajze-seksi-nga-prishtina\/\" \/>\n<meta property=\"og:site_name\" content=\"Lajme nga Ulqini\" \/>\n<meta property=\"article:published_time\" content=\"2011-01-16T12:06:40+00:00\" \/>\n<meta property=\"article:modified_time\" content=\"2011-01-16T12:07:16+00:00\" \/>\n<meta property=\"og:image\" content=\"http:\/\/www.visit-ulcinj.com\/blog\/wp-content\/uploads\/2011\/01\/Getoar-Selimi-ME-SHOQE.jpg\" \/>\n<meta name=\"twitter:label1\" content=\"Written by\" \/>\n\t<meta name=\"twitter:data1\" content=\"ulqini\" \/>\n\t<meta name=\"twitter:label2\" content=\"Est. reading time\" \/>\n\t<meta name=\"twitter:data2\" content=\"2 minutes\" \/>\n<script type=\"application\/ld+json\" class=\"yoast-schema-graph\">{\"@context\":\"https:\/\/schema.org\",\"@graph\":[{\"@type\":\"WebSite\",\"@id\":\"https:\/\/www.visit-ulcinj.com\/blog\/#website\",\"url\":\"https:\/\/www.visit-ulcinj.com\/blog\/\",\"name\":\"Lajme nga Ulqini\",\"description\":\"Lajme,Vijesti,Ulqini,Ulqin,Crna Gora,Mali i Zi\",\"potentialAction\":[{\"@type\":\"SearchAction\",\"target\":{\"@type\":\"EntryPoint\",\"urlTemplate\":\"https:\/\/www.visit-ulcinj.com\/blog\/?s={search_term_string}\"},\"query-input\":\"required name=search_term_string\"}],\"inLanguage\":\"en-US\"},{\"@type\":\"ImageObject\",\"inLanguage\":\"en-US\",\"@id\":\"https:\/\/www.visit-ulcinj.com\/blog\/2011\/01\/16\/getoari-merr-me-vete-ne-koncertet-ne-shba-nje-vajze-seksi-nga-prishtina\/#primaryimage\",\"url\":\"http:\/\/www.visit-ulcinj.com\/blog\/wp-content\/uploads\/2011\/01\/Getoar-Selimi-ME-SHOQE.jpg\",\"contentUrl\":\"http:\/\/www.visit-ulcinj.com\/blog\/wp-content\/uploads\/2011\/01\/Getoar-Selimi-ME-SHOQE.jpg\"},{\"@type\":\"WebPage\",\"@id\":\"https:\/\/www.visit-ulcinj.com\/blog\/2011\/01\/16\/getoari-merr-me-vete-ne-koncertet-ne-shba-nje-vajze-seksi-nga-prishtina\/#webpage\",\"url\":\"https:\/\/www.visit-ulcinj.com\/blog\/2011\/01\/16\/getoari-merr-me-vete-ne-koncertet-ne-shba-nje-vajze-seksi-nga-prishtina\/\",\"name\":\"Getoari merr me vete n\u00eb koncertet n\u00eb SHBA, nj\u00eb vajz\u00eb seksi nga Prishtina - Lajme nga Ulqini\",\"isPartOf\":{\"@id\":\"https:\/\/www.visit-ulcinj.com\/blog\/#website\"},\"primaryImageOfPage\":{\"@id\":\"https:\/\/www.visit-ulcinj.com\/blog\/2011\/01\/16\/getoari-merr-me-vete-ne-koncertet-ne-shba-nje-vajze-seksi-nga-prishtina\/#primaryimage\"},\"datePublished\":\"2011-01-16T12:06:40+00:00\",\"dateModified\":\"2011-01-16T12:07:16+00:00\",\"author\":{\"@id\":\"https:\/\/www.visit-ulcinj.com\/blog\/#\/schema\/person\/dcab619c614d3038751c63bc2aadc06d\"},\"description\":\"Nga ajo q\u00eb shihet n\u00eb foto, a thua shoqes s\u00eb mir\u00eb i vendosen duart n\u00eb prapanic\u00eb K\u00ebng\u00ebtari rep, Getoar Selimi, gjithmon\u00eb na surprizon me sjelljet e tij t\u00eb\",\"breadcrumb\":{\"@id\":\"https:\/\/www.visit-ulcinj.com\/blog\/2011\/01\/16\/getoari-merr-me-vete-ne-koncertet-ne-shba-nje-vajze-seksi-nga-prishtina\/#breadcrumb\"},\"inLanguage\":\"en-US\",\"potentialAction\":[{\"@type\":\"ReadAction\",\"target\":[\"https:\/\/www.visit-ulcinj.com\/blog\/2011\/01\/16\/getoari-merr-me-vete-ne-koncertet-ne-shba-nje-vajze-seksi-nga-prishtina\/\"]}]},{\"@type\":\"BreadcrumbList\",\"@id\":\"https:\/\/www.visit-ulcinj.com\/blog\/2011\/01\/16\/getoari-merr-me-vete-ne-koncertet-ne-shba-nje-vajze-seksi-nga-prishtina\/#breadcrumb\",\"itemListElement\":[{\"@type\":\"ListItem\",\"position\":1,\"name\":\"Getoari merr me vete n\u00eb koncertet n\u00eb SHBA, nj\u00eb vajz\u00eb seksi nga Prishtina\"}]},{\"@type\":\"Person\",\"@id\":\"https:\/\/www.visit-ulcinj.com\/blog\/#\/schema\/person\/dcab619c614d3038751c63bc2aadc06d\",\"name\":\"ulqini\",\"sameAs\":[\"http:\/\/www.visit-ulcinj.com\"],\"url\":\"https:\/\/www.visit-ulcinj.com\/blog\/author\/admin\/\"}]}<\/script>\n<!-- \/ Yoast SEO plugin. -->","yoast_head_json":{"title":"Getoari merr me vete n\u00eb koncertet n\u00eb SHBA, nj\u00eb vajz\u00eb seksi nga Prishtina - Lajme nga Ulqini","description":"Nga ajo q\u00eb shihet n\u00eb foto, a thua shoqes s\u00eb mir\u00eb i vendosen duart n\u00eb prapanic\u00eb K\u00ebng\u00ebtari rep, Getoar Selimi, gjithmon\u00eb na surprizon me sjelljet e tij t\u00eb","robots":{"index":"index","follow":"follow","max-snippet":"max-snippet:-1","max-image-preview":"max-image-preview:large","max-video-preview":"max-video-preview:-1"},"canonical":"https:\/\/www.visit-ulcinj.com\/blog\/2011\/01\/16\/getoari-merr-me-vete-ne-koncertet-ne-shba-nje-vajze-seksi-nga-prishtina\/","og_locale":"en_US","og_type":"article","og_title":"Getoari merr me vete n\u00eb koncertet n\u00eb SHBA, nj\u00eb vajz\u00eb seksi nga Prishtina - Lajme nga Ulqini","og_description":"Nga ajo q\u00eb shihet n\u00eb foto, a thua shoqes s\u00eb mir\u00eb i vendosen duart n\u00eb prapanic\u00eb K\u00ebng\u00ebtari rep, Getoar Selimi, gjithmon\u00eb na surprizon me sjelljet e tij t\u00eb","og_url":"https:\/\/www.visit-ulcinj.com\/blog\/2011\/01\/16\/getoari-merr-me-vete-ne-koncertet-ne-shba-nje-vajze-seksi-nga-prishtina\/","og_site_name":"Lajme nga Ulqini","article_published_time":"2011-01-16T12:06:40+00:00","article_modified_time":"2011-01-16T12:07:16+00:00","og_image":[{"url":"http:\/\/www.visit-ulcinj.com\/blog\/wp-content\/uploads\/2011\/01\/Getoar-Selimi-ME-SHOQE.jpg"}],"twitter_misc":{"Written by":"ulqini","Est. reading time":"2 minutes"},"schema":{"@context":"https:\/\/schema.org","@graph":[{"@type":"WebSite","@id":"https:\/\/www.visit-ulcinj.com\/blog\/#website","url":"https:\/\/www.visit-ulcinj.com\/blog\/","name":"Lajme nga Ulqini","description":"Lajme,Vijesti,Ulqini,Ulqin,Crna Gora,Mali i Zi","potentialAction":[{"@type":"SearchAction","target":{"@type":"EntryPoint","urlTemplate":"https:\/\/www.visit-ulcinj.com\/blog\/?s={search_term_string}"},"query-input":"required name=search_term_string"}],"inLanguage":"en-US"},{"@type":"ImageObject","inLanguage":"en-US","@id":"https:\/\/www.visit-ulcinj.com\/blog\/2011\/01\/16\/getoari-merr-me-vete-ne-koncertet-ne-shba-nje-vajze-seksi-nga-prishtina\/#primaryimage","url":"http:\/\/www.visit-ulcinj.com\/blog\/wp-content\/uploads\/2011\/01\/Getoar-Selimi-ME-SHOQE.jpg","contentUrl":"http:\/\/www.visit-ulcinj.com\/blog\/wp-content\/uploads\/2011\/01\/Getoar-Selimi-ME-SHOQE.jpg"},{"@type":"WebPage","@id":"https:\/\/www.visit-ulcinj.com\/blog\/2011\/01\/16\/getoari-merr-me-vete-ne-koncertet-ne-shba-nje-vajze-seksi-nga-prishtina\/#webpage","url":"https:\/\/www.visit-ulcinj.com\/blog\/2011\/01\/16\/getoari-merr-me-vete-ne-koncertet-ne-shba-nje-vajze-seksi-nga-prishtina\/","name":"Getoari merr me vete n\u00eb koncertet n\u00eb SHBA, nj\u00eb vajz\u00eb seksi nga Prishtina - Lajme nga Ulqini","isPartOf":{"@id":"https:\/\/www.visit-ulcinj.com\/blog\/#website"},"primaryImageOfPage":{"@id":"https:\/\/www.visit-ulcinj.com\/blog\/2011\/01\/16\/getoari-merr-me-vete-ne-koncertet-ne-shba-nje-vajze-seksi-nga-prishtina\/#primaryimage"},"datePublished":"2011-01-16T12:06:40+00:00","dateModified":"2011-01-16T12:07:16+00:00","author":{"@id":"https:\/\/www.visit-ulcinj.com\/blog\/#\/schema\/person\/dcab619c614d3038751c63bc2aadc06d"},"description":"Nga ajo q\u00eb shihet n\u00eb foto, a thua shoqes s\u00eb mir\u00eb i vendosen duart n\u00eb prapanic\u00eb K\u00ebng\u00ebtari rep, Getoar Selimi, gjithmon\u00eb na surprizon me sjelljet e tij t\u00eb","breadcrumb":{"@id":"https:\/\/www.visit-ulcinj.com\/blog\/2011\/01\/16\/getoari-merr-me-vete-ne-koncertet-ne-shba-nje-vajze-seksi-nga-prishtina\/#breadcrumb"},"inLanguage":"en-US","potentialAction":[{"@type":"ReadAction","target":["https:\/\/www.visit-ulcinj.com\/blog\/2011\/01\/16\/getoari-merr-me-vete-ne-koncertet-ne-shba-nje-vajze-seksi-nga-prishtina\/"]}]},{"@type":"BreadcrumbList","@id":"https:\/\/www.visit-ulcinj.com\/blog\/2011\/01\/16\/getoari-merr-me-vete-ne-koncertet-ne-shba-nje-vajze-seksi-nga-prishtina\/#breadcrumb","itemListElement":[{"@type":"ListItem","position":1,"name":"Getoari merr me vete n\u00eb koncertet n\u00eb SHBA, nj\u00eb vajz\u00eb seksi nga Prishtina"}]},{"@type":"Person","@id":"https:\/\/www.visit-ulcinj.com\/blog\/#\/schema\/person\/dcab619c614d3038751c63bc2aadc06d","name":"ulqini","sameAs":["http:\/\/www.visit-ulcinj.com"],"url":"https:\/\/www.visit-ulcinj.com\/blog\/author\/admin\/"}]}},"jetpack_featured_media_url":"","jetpack_sharing_enabled":true,"jetpack_shortlink":"https:\/\/wp.me\/pe6lTn-b2D","_links":{"self":[{"href":"https:\/\/www.visit-ulcinj.com\/blog\/wp-json\/wp\/v2\/posts\/42447"}],"collection":[{"href":"https:\/\/www.visit-ulcinj.com\/blog\/wp-json\/wp\/v2\/posts"}],"about":[{"href":"https:\/\/www.visit-ulcinj.com\/blog\/wp-json\/wp\/v2\/types\/post"}],"author":[{"embeddable":true,"href":"https:\/\/www.visit-ulcinj.com\/blog\/wp-json\/wp\/v2\/users\/1"}],"replies":[{"embeddable":true,"href":"https:\/\/www.visit-ulcinj.com\/blog\/wp-json\/wp\/v2\/comments?post=42447"}],"version-history":[{"count":0,"href":"https:\/\/www.visit-ulcinj.com\/blog\/wp-json\/wp\/v2\/posts\/42447\/revisions"}],"wp:attachment":[{"href":"https:\/\/www.visit-ulcinj.com\/blog\/wp-json\/wp\/v2\/media?parent=42447"}],"wp:term":[{"taxonomy":"category","embeddable":true,"href":"https:\/\/www.visit-ulcinj.com\/blog\/wp-json\/wp\/v2\/categories?post=42447"},{"taxonomy":"post_tag","embeddable":true,"href":"https:\/\/www.visit-ulcinj.com\/blog\/wp-json\/wp\/v2\/tags?post=42447"}],"curies":[{"name":"wp","href":"https:\/\/api.w.org\/{rel}","templated":true}]}}