{"id":42471,"date":"2011-01-17T12:26:12","date_gmt":"2011-01-17T11:26:12","guid":{"rendered":"http:\/\/www.visit-ulcinj.com\/blog\/?p=42471"},"modified":"2011-01-17T12:29:16","modified_gmt":"2011-01-17T11:29:16","slug":"bardhi-nisam-li-dobar-komsija-jer-smo-odbili-da-idemo-na-dubrovnik","status":"publish","type":"post","link":"https:\/\/www.visit-ulcinj.com\/blog\/2011\/01\/17\/bardhi-nisam-li-dobar-komsija-jer-smo-odbili-da-idemo-na-dubrovnik\/","title":{"rendered":"Bardhi:  Nisam li dobar kom\u0161ija jer smo odbili da idemo na Dubrovnik"},"content":{"rendered":"<p style=\"text-align: center;\"><strong><a href=\"http:\/\/www.visit-ulcinj.com\/blog\/wp-content\/uploads\/2011\/01\/Mehmet-Bardhi-ulcinj.jpg\"><img loading=\"lazy\" class=\"alignleft size-full wp-image-42472\" title=\"Mehmet-Bardhi-ulcinj\" src=\"http:\/\/www.visit-ulcinj.com\/blog\/wp-content\/uploads\/2011\/01\/Mehmet-Bardhi-ulcinj.jpg\" alt=\"\" width=\"490\" height=\"380\" \/><\/a>SAOP\u0160TENJE<br \/>\n<\/strong><\/p>\n<p><strong>Mehmet Bardhi<\/strong>, predsjednika DS u CG i poslanika Skup\u0161tine CG, povodom Saop\u0161tenje Udru\u017eenja boraca ratova od 1990. godine, zbog prikupljanja potpisa od strane aktivista DS, \u00a0protiv Izvje\u0161taja Dick Marty-a<\/p>\n<p><strong><span style=\"text-decoration: underline;\">Nisam li dobar kom\u0161ija jer smo odbili da idemo na Dubrovnik<\/span><\/strong><\/p>\n<p><strong><span style=\"text-decoration: underline;\"> <\/span><\/strong><\/p>\n<p>Saop\u0161tenje Udru\u017eenja ratova od 1990. godine, koje su objavile <strong>Vijesti,<\/strong> dana 15.01.11.god. pod najmanje re\u010deno \u010dudnim naslovom, da ne ka\u017eem tendecioznim <strong>\u201e<a href=\"http:\/\/webcache.googleusercontent.com\/search?q=cache:tn4rsU74C7kJ:www.vijesti.me\/index.php%3Fid%3D359585+Bardhi+nije+dobar+kom%C5%A1ija&amp;cd=2&amp;hl=fr&amp;ct=clnk&amp;gl=ch&amp;client=firefox-a\" target=\"_blank\">Bardhi nije dobar kom\u0161ija<\/a>\u201c<\/strong><\/p>\n<p>po sadr\u017eini i formi potsje\u0107a na stotine i stotine takvih ili sli\u010dnih saop\u0161tenja ili \u201episma \u010ditalaca\u201c ciljno naru\u010denih i pripremljenim u ratnim kuhinjama i\u00a0 objavljenim, jedno vrijeme, u dnevnom listu POBJEDA, a i nekim drugim glasilima, u srpsko-crnogorskim ratnim godinama po\u010detka 90-tih godina u \u201evelikom spremanju\u201c vojske JNA i paramilitarnih formacija za hegemonisti\u010dki okupatorski vojni pohod nad susjedima, pripremljen i vodjen od strane Beogradskog Milo\u0161evi\u0107evog re\u017eima, koji je u najgori krvavi na\u010din do\u017eiveo potpuni krah, uz intervenciju i vojne medjunarodne alijanse.<\/p>\n<p>Zbog toga \u0161to Saop\u0161tenje ne predstavlja\u00a0 civilizacijski stav, makar bili mi protiv toga, nego javnu prijetnju, \u00a0ne\u0107emo pristati niti se mo\u017eemo slo\u017eiti sa uvredljivom sadr\u017einom saop\u0161tenja i klevetama na moju li\u010dnost i Albance uop\u0161te, niti \u0107emo biti, kao \u0161to nismo nikad bili u istom, njihovom politi\u010dkom loncu, jer dok su vojne i paravojne formacije i\u0161le u \u201erat za mir\u201c i \u201eoslobodjanje Konavalja i Dubrovnika idr. od Hrvata\u201c, mi Albanci &#8211; DS u CG, i druge napredne, demokratske antiratne\u00a0 snage u Crnoj Gori i medjunarodna demokratska javnost, EU i SAD, bili smo odlu\u010dno PROTIV tog krvavog okupacijonog rata. \u00a0Zar zbog toga nisam dobar susjed i poslanik \u0161to smo odbili da idemo na Dubrovnik i \u0161to smo uspjeli da izdejstvujemo da i Sutormanski bataljon ne podje na Konavlje!?<\/p>\n<p>Jasno ka\u017eem da se ne sekiraju za mene i moje vjekovne susjede. Svoj sam, svoji smo i u svojoj zemlji.<\/p>\n<p>Pitam se zar je mogu\u0107e da i nakon svih ovih dogadjanja, nisu izvu\u010dene jasne korisne i miroljubive pouke, nego se opet iz ve\u0107 prepoznatljivih adresa, poku\u0161ava raznim inskonstruisanim pri\u010dama, uvredama, napadima, javnim prozivkama za progone na nas &#8230; i kada neko javno podr\u017eava i zala\u017ee se da se utvrdi istina, pa i povodom Izvje\u0161taja DICK MARTY-a !?<\/p>\n<p>Na\u017ealost realnost na terenu opominje nas, da hajka na nas Albance izgleda nije ni prestala, iako se \u201ehvale\u201c da imamo \u201estabilno politi\u010dko dru\u0161tvo i zaokru\u017eenu dr\u017eavu\u201c.<\/p>\n<p>I kona\u010dno \u0161to se ti\u010de prikupljanja potpisa protiv tendencioznog i na nepokrepljenim dokazima Izvje\u0161taja gospodina Dick Marty, od strane na\u0161ih aktivista, smatramamo civilizacijskim \u010dinom i na\u0161em neprikosnovenim demokratskim pravom:<\/p>\n<p>Prvo, jer time ne omalova\u017eavamo nikoga, ne napadamo nikoga, pa ni ogla\u0161eno Udru\u017eenje.<\/p>\n<p>Drugo, na\u0161e je legitimno pravo da ne dozvolimo poku\u0161aje \u201ebacanja ljage na na\u0161u naciju i pravednu borbu U\u00c7K-a za slobodu&#8230;\u201c<\/p>\n<p>Tre\u0107e, \u201estavljanjem i prikupljanjem \u00a0potpisa&#8230;\u201c tra\u017eimo od zvani\u010dnih organa legalnih vlasti\u00a0 i medjunardih institucija da istra\u017euju slu\u010daj, (koji g. Dick Marty, kao i njegova dr\u017eavna funkcionerka, u svojoj knjizi, bez validnih dokaza pisali i de fakto optu\u017eili, radi samo onima znanim razlozima i interesima) kako bi istina iza\u0161la na vidjelo i na svetlost dana, i da vidimo ko \u0107e se zacrveneti i odgovarati.<\/p>\n<p>Njihova konstatacija da mi ovime \u201epoku\u0161avamo da zata\u0161kavamo zlo\u010dine H. Tha\u00e7i-ja i OVK i prizivamo Veliku Albaniju\u201c to je ve\u0107 vidjeni poku\u0161aj zamagljivanja \u201egrehova\u201c svojih i njihovih, za \u00a0koje svedo\u010de masovne grobnice,\u00a0 hladnja\u010de u njihovim rijekama, \u010dak i u Batajni\u010dkoj ravni, u sred Beograda!<\/p>\n<p>\u0160to se ti\u010de funkcije \u201enarodnog poslanika\u201c takodje ka\u017eem da se ne mera\u010dite. Izabrali su me moji bira\u010di, \u010dije interese sam uvijek dosledno zastupao. Bio sam i ostao na strani pravde, uporan i nepotkupljiv.<\/p>\n<p><strong>U Ulcinju 16.01.2011<br \/>\n<\/strong><strong>Mehmet Bardhi<\/strong><\/p>\n","protected":false},"excerpt":{"rendered":"<p>SAOP\u0160TENJE Mehmet Bardhi, predsjednika DS u CG i poslanika Skup\u0161tine CG, povodom Saop\u0161tenje Udru\u017eenja boraca ratova od 1990. godine, zbog prikupljanja potpisa od strane aktivista DS, \u00a0protiv Izvje\u0161taja Dick Marty-a Nisam li dobar kom\u0161ija jer smo odbili da idemo na Dubrovnik Saop\u0161tenje Udru\u017eenja ratova od 1990. godine, koje su objavile Vijesti, dana 15.01.11.god. pod najmanje [&hellip;]<\/p>\n","protected":false},"author":1,"featured_media":0,"comment_status":"open","ping_status":"closed","sticky":false,"template":"","format":"standard","meta":{"spay_email":"","jetpack_publicize_message":"","jetpack_is_tweetstorm":false,"jetpack_publicize_feature_enabled":true},"categories":[8337],"tags":[347,17060,17062,17061,19],"jetpack_publicize_connections":[],"yoast_head":"<!-- This site is optimized with the Yoast SEO plugin v19.1 - https:\/\/yoast.com\/wordpress\/plugins\/seo\/ -->\n<title>Bardhi: Nisam li dobar kom\u0161ija jer smo odbili da idemo na Dubrovnik - Lajme nga Ulqini<\/title>\n<meta name=\"description\" content=\"SAOP\u0160TENJE Mehmet Bardhi, predsjednika DS u CG i poslanika Skup\u0161tine CG, povodom Saop\u0161tenje Udru\u017eenja boraca ratova od 1990. godine, zbog prikupljanja\" \/>\n<meta name=\"robots\" content=\"index, follow, max-snippet:-1, max-image-preview:large, max-video-preview:-1\" \/>\n<link rel=\"canonical\" href=\"https:\/\/www.visit-ulcinj.com\/blog\/2011\/01\/17\/bardhi-nisam-li-dobar-komsija-jer-smo-odbili-da-idemo-na-dubrovnik\/\" \/>\n<meta property=\"og:locale\" content=\"en_US\" \/>\n<meta property=\"og:type\" content=\"article\" \/>\n<meta property=\"og:title\" content=\"Bardhi: Nisam li dobar kom\u0161ija jer smo odbili da idemo na Dubrovnik - Lajme nga Ulqini\" \/>\n<meta property=\"og:description\" content=\"SAOP\u0160TENJE Mehmet Bardhi, predsjednika DS u CG i poslanika Skup\u0161tine CG, povodom Saop\u0161tenje Udru\u017eenja boraca ratova od 1990. godine, zbog prikupljanja\" \/>\n<meta property=\"og:url\" content=\"https:\/\/www.visit-ulcinj.com\/blog\/2011\/01\/17\/bardhi-nisam-li-dobar-komsija-jer-smo-odbili-da-idemo-na-dubrovnik\/\" \/>\n<meta property=\"og:site_name\" content=\"Lajme nga Ulqini\" \/>\n<meta property=\"article:published_time\" content=\"2011-01-17T11:26:12+00:00\" \/>\n<meta property=\"article:modified_time\" content=\"2011-01-17T11:29:16+00:00\" \/>\n<meta property=\"og:image\" content=\"http:\/\/www.visit-ulcinj.com\/blog\/wp-content\/uploads\/2011\/01\/Mehmet-Bardhi-ulcinj.jpg\" \/>\n<meta name=\"twitter:label1\" content=\"Written by\" \/>\n\t<meta name=\"twitter:data1\" content=\"ulqini\" \/>\n\t<meta name=\"twitter:label2\" content=\"Est. reading time\" \/>\n\t<meta name=\"twitter:data2\" content=\"3 minutes\" \/>\n<script type=\"application\/ld+json\" class=\"yoast-schema-graph\">{\"@context\":\"https:\/\/schema.org\",\"@graph\":[{\"@type\":\"WebSite\",\"@id\":\"https:\/\/www.visit-ulcinj.com\/blog\/#website\",\"url\":\"https:\/\/www.visit-ulcinj.com\/blog\/\",\"name\":\"Lajme nga Ulqini\",\"description\":\"Lajme,Vijesti,Ulqini,Ulqin,Crna Gora,Mali i Zi\",\"potentialAction\":[{\"@type\":\"SearchAction\",\"target\":{\"@type\":\"EntryPoint\",\"urlTemplate\":\"https:\/\/www.visit-ulcinj.com\/blog\/?s={search_term_string}\"},\"query-input\":\"required name=search_term_string\"}],\"inLanguage\":\"en-US\"},{\"@type\":\"ImageObject\",\"inLanguage\":\"en-US\",\"@id\":\"https:\/\/www.visit-ulcinj.com\/blog\/2011\/01\/17\/bardhi-nisam-li-dobar-komsija-jer-smo-odbili-da-idemo-na-dubrovnik\/#primaryimage\",\"url\":\"https:\/\/www.visit-ulcinj.com\/blog\/wp-content\/uploads\/2011\/01\/Mehmet-Bardhi-ulcinj.jpg\",\"contentUrl\":\"https:\/\/www.visit-ulcinj.com\/blog\/wp-content\/uploads\/2011\/01\/Mehmet-Bardhi-ulcinj.jpg\",\"width\":\"677\",\"height\":\"626\"},{\"@type\":\"WebPage\",\"@id\":\"https:\/\/www.visit-ulcinj.com\/blog\/2011\/01\/17\/bardhi-nisam-li-dobar-komsija-jer-smo-odbili-da-idemo-na-dubrovnik\/#webpage\",\"url\":\"https:\/\/www.visit-ulcinj.com\/blog\/2011\/01\/17\/bardhi-nisam-li-dobar-komsija-jer-smo-odbili-da-idemo-na-dubrovnik\/\",\"name\":\"Bardhi: Nisam li dobar kom\u0161ija jer smo odbili da idemo na Dubrovnik - Lajme nga Ulqini\",\"isPartOf\":{\"@id\":\"https:\/\/www.visit-ulcinj.com\/blog\/#website\"},\"primaryImageOfPage\":{\"@id\":\"https:\/\/www.visit-ulcinj.com\/blog\/2011\/01\/17\/bardhi-nisam-li-dobar-komsija-jer-smo-odbili-da-idemo-na-dubrovnik\/#primaryimage\"},\"datePublished\":\"2011-01-17T11:26:12+00:00\",\"dateModified\":\"2011-01-17T11:29:16+00:00\",\"author\":{\"@id\":\"https:\/\/www.visit-ulcinj.com\/blog\/#\/schema\/person\/dcab619c614d3038751c63bc2aadc06d\"},\"description\":\"SAOP\u0160TENJE Mehmet Bardhi, predsjednika DS u CG i poslanika Skup\u0161tine CG, povodom Saop\u0161tenje Udru\u017eenja boraca ratova od 1990. godine, zbog prikupljanja\",\"breadcrumb\":{\"@id\":\"https:\/\/www.visit-ulcinj.com\/blog\/2011\/01\/17\/bardhi-nisam-li-dobar-komsija-jer-smo-odbili-da-idemo-na-dubrovnik\/#breadcrumb\"},\"inLanguage\":\"en-US\",\"potentialAction\":[{\"@type\":\"ReadAction\",\"target\":[\"https:\/\/www.visit-ulcinj.com\/blog\/2011\/01\/17\/bardhi-nisam-li-dobar-komsija-jer-smo-odbili-da-idemo-na-dubrovnik\/\"]}]},{\"@type\":\"BreadcrumbList\",\"@id\":\"https:\/\/www.visit-ulcinj.com\/blog\/2011\/01\/17\/bardhi-nisam-li-dobar-komsija-jer-smo-odbili-da-idemo-na-dubrovnik\/#breadcrumb\",\"itemListElement\":[{\"@type\":\"ListItem\",\"position\":1,\"name\":\"Bardhi: Nisam li dobar kom\u0161ija jer smo odbili da idemo na Dubrovnik\"}]},{\"@type\":\"Person\",\"@id\":\"https:\/\/www.visit-ulcinj.com\/blog\/#\/schema\/person\/dcab619c614d3038751c63bc2aadc06d\",\"name\":\"ulqini\",\"sameAs\":[\"http:\/\/www.visit-ulcinj.com\"],\"url\":\"https:\/\/www.visit-ulcinj.com\/blog\/author\/admin\/\"}]}<\/script>\n<!-- \/ Yoast SEO plugin. -->","yoast_head_json":{"title":"Bardhi: Nisam li dobar kom\u0161ija jer smo odbili da idemo na Dubrovnik - Lajme nga Ulqini","description":"SAOP\u0160TENJE Mehmet Bardhi, predsjednika DS u CG i poslanika Skup\u0161tine CG, povodom Saop\u0161tenje Udru\u017eenja boraca ratova od 1990. godine, zbog prikupljanja","robots":{"index":"index","follow":"follow","max-snippet":"max-snippet:-1","max-image-preview":"max-image-preview:large","max-video-preview":"max-video-preview:-1"},"canonical":"https:\/\/www.visit-ulcinj.com\/blog\/2011\/01\/17\/bardhi-nisam-li-dobar-komsija-jer-smo-odbili-da-idemo-na-dubrovnik\/","og_locale":"en_US","og_type":"article","og_title":"Bardhi: Nisam li dobar kom\u0161ija jer smo odbili da idemo na Dubrovnik - Lajme nga Ulqini","og_description":"SAOP\u0160TENJE Mehmet Bardhi, predsjednika DS u CG i poslanika Skup\u0161tine CG, povodom Saop\u0161tenje Udru\u017eenja boraca ratova od 1990. godine, zbog prikupljanja","og_url":"https:\/\/www.visit-ulcinj.com\/blog\/2011\/01\/17\/bardhi-nisam-li-dobar-komsija-jer-smo-odbili-da-idemo-na-dubrovnik\/","og_site_name":"Lajme nga Ulqini","article_published_time":"2011-01-17T11:26:12+00:00","article_modified_time":"2011-01-17T11:29:16+00:00","og_image":[{"url":"http:\/\/www.visit-ulcinj.com\/blog\/wp-content\/uploads\/2011\/01\/Mehmet-Bardhi-ulcinj.jpg"}],"twitter_misc":{"Written by":"ulqini","Est. reading time":"3 minutes"},"schema":{"@context":"https:\/\/schema.org","@graph":[{"@type":"WebSite","@id":"https:\/\/www.visit-ulcinj.com\/blog\/#website","url":"https:\/\/www.visit-ulcinj.com\/blog\/","name":"Lajme nga Ulqini","description":"Lajme,Vijesti,Ulqini,Ulqin,Crna Gora,Mali i Zi","potentialAction":[{"@type":"SearchAction","target":{"@type":"EntryPoint","urlTemplate":"https:\/\/www.visit-ulcinj.com\/blog\/?s={search_term_string}"},"query-input":"required name=search_term_string"}],"inLanguage":"en-US"},{"@type":"ImageObject","inLanguage":"en-US","@id":"https:\/\/www.visit-ulcinj.com\/blog\/2011\/01\/17\/bardhi-nisam-li-dobar-komsija-jer-smo-odbili-da-idemo-na-dubrovnik\/#primaryimage","url":"https:\/\/www.visit-ulcinj.com\/blog\/wp-content\/uploads\/2011\/01\/Mehmet-Bardhi-ulcinj.jpg","contentUrl":"https:\/\/www.visit-ulcinj.com\/blog\/wp-content\/uploads\/2011\/01\/Mehmet-Bardhi-ulcinj.jpg","width":"677","height":"626"},{"@type":"WebPage","@id":"https:\/\/www.visit-ulcinj.com\/blog\/2011\/01\/17\/bardhi-nisam-li-dobar-komsija-jer-smo-odbili-da-idemo-na-dubrovnik\/#webpage","url":"https:\/\/www.visit-ulcinj.com\/blog\/2011\/01\/17\/bardhi-nisam-li-dobar-komsija-jer-smo-odbili-da-idemo-na-dubrovnik\/","name":"Bardhi: Nisam li dobar kom\u0161ija jer smo odbili da idemo na Dubrovnik - Lajme nga Ulqini","isPartOf":{"@id":"https:\/\/www.visit-ulcinj.com\/blog\/#website"},"primaryImageOfPage":{"@id":"https:\/\/www.visit-ulcinj.com\/blog\/2011\/01\/17\/bardhi-nisam-li-dobar-komsija-jer-smo-odbili-da-idemo-na-dubrovnik\/#primaryimage"},"datePublished":"2011-01-17T11:26:12+00:00","dateModified":"2011-01-17T11:29:16+00:00","author":{"@id":"https:\/\/www.visit-ulcinj.com\/blog\/#\/schema\/person\/dcab619c614d3038751c63bc2aadc06d"},"description":"SAOP\u0160TENJE Mehmet Bardhi, predsjednika DS u CG i poslanika Skup\u0161tine CG, povodom Saop\u0161tenje Udru\u017eenja boraca ratova od 1990. godine, zbog prikupljanja","breadcrumb":{"@id":"https:\/\/www.visit-ulcinj.com\/blog\/2011\/01\/17\/bardhi-nisam-li-dobar-komsija-jer-smo-odbili-da-idemo-na-dubrovnik\/#breadcrumb"},"inLanguage":"en-US","potentialAction":[{"@type":"ReadAction","target":["https:\/\/www.visit-ulcinj.com\/blog\/2011\/01\/17\/bardhi-nisam-li-dobar-komsija-jer-smo-odbili-da-idemo-na-dubrovnik\/"]}]},{"@type":"BreadcrumbList","@id":"https:\/\/www.visit-ulcinj.com\/blog\/2011\/01\/17\/bardhi-nisam-li-dobar-komsija-jer-smo-odbili-da-idemo-na-dubrovnik\/#breadcrumb","itemListElement":[{"@type":"ListItem","position":1,"name":"Bardhi: Nisam li dobar kom\u0161ija jer smo odbili da idemo na Dubrovnik"}]},{"@type":"Person","@id":"https:\/\/www.visit-ulcinj.com\/blog\/#\/schema\/person\/dcab619c614d3038751c63bc2aadc06d","name":"ulqini","sameAs":["http:\/\/www.visit-ulcinj.com"],"url":"https:\/\/www.visit-ulcinj.com\/blog\/author\/admin\/"}]}},"jetpack_featured_media_url":"","jetpack_sharing_enabled":true,"jetpack_shortlink":"https:\/\/wp.me\/pe6lTn-b31","_links":{"self":[{"href":"https:\/\/www.visit-ulcinj.com\/blog\/wp-json\/wp\/v2\/posts\/42471"}],"collection":[{"href":"https:\/\/www.visit-ulcinj.com\/blog\/wp-json\/wp\/v2\/posts"}],"about":[{"href":"https:\/\/www.visit-ulcinj.com\/blog\/wp-json\/wp\/v2\/types\/post"}],"author":[{"embeddable":true,"href":"https:\/\/www.visit-ulcinj.com\/blog\/wp-json\/wp\/v2\/users\/1"}],"replies":[{"embeddable":true,"href":"https:\/\/www.visit-ulcinj.com\/blog\/wp-json\/wp\/v2\/comments?post=42471"}],"version-history":[{"count":0,"href":"https:\/\/www.visit-ulcinj.com\/blog\/wp-json\/wp\/v2\/posts\/42471\/revisions"}],"wp:attachment":[{"href":"https:\/\/www.visit-ulcinj.com\/blog\/wp-json\/wp\/v2\/media?parent=42471"}],"wp:term":[{"taxonomy":"category","embeddable":true,"href":"https:\/\/www.visit-ulcinj.com\/blog\/wp-json\/wp\/v2\/categories?post=42471"},{"taxonomy":"post_tag","embeddable":true,"href":"https:\/\/www.visit-ulcinj.com\/blog\/wp-json\/wp\/v2\/tags?post=42471"}],"curies":[{"name":"wp","href":"https:\/\/api.w.org\/{rel}","templated":true}]}}