{"id":42491,"date":"2011-01-17T14:14:04","date_gmt":"2011-01-17T13:14:04","guid":{"rendered":"http:\/\/www.visit-ulcinj.com\/blog\/?p=42491"},"modified":"2011-01-17T14:14:04","modified_gmt":"2011-01-17T13:14:04","slug":"mehmet-bardhi-eshte-duke-rritur-tensione","status":"publish","type":"post","link":"https:\/\/www.visit-ulcinj.com\/blog\/2011\/01\/17\/mehmet-bardhi-eshte-duke-rritur-tensione\/","title":{"rendered":"Mehmet Bardhi \u00ebsht\u00eb duke rritur tensione"},"content":{"rendered":"<p><a href=\"http:\/\/www.visit-ulcinj.com\/blog\/wp-content\/uploads\/2011\/01\/mehmet_bardhi_ulqin_mali-i-zi.jpg\"><img loading=\"lazy\" class=\"alignleft size-full wp-image-42492\" title=\"mehmet_bardhi_ulqin_mali-i-zi\" src=\"http:\/\/www.visit-ulcinj.com\/blog\/wp-content\/uploads\/2011\/01\/mehmet_bardhi_ulqin_mali-i-zi.jpg\" alt=\"\" width=\"324\" height=\"293\" srcset=\"https:\/\/www.visit-ulcinj.com\/blog\/wp-content\/uploads\/2011\/01\/mehmet_bardhi_ulqin_mali-i-zi.jpg 324w, https:\/\/www.visit-ulcinj.com\/blog\/wp-content\/uploads\/2011\/01\/mehmet_bardhi_ulqin_mali-i-zi-300x271.jpg 300w\" sizes=\"(max-width: 324px) 100vw, 324px\" \/><\/a>Si\u00e7 njofton\u00eb gazeta malaziase \u201dVijesti\u201c Shoqata e malazez\u00ebve t\u00eb Kosov\u00ebs dhe Metohis\u00eb i kan\u00eb b\u00ebr\u00eb thirrje t\u00eb gjitha subjekteve politike, individ\u00ebve, OJQ-ve,\u00a0 dhe t\u00eb gjith\u00eb shqiptar\u00ebve t\u00eb ndersh\u00ebm q\u00eb ti kund\u00ebrshtohen me p\u00ebrbuzje inicjativ\u00ebs s\u00eb &#8220;turpshme&#8221; t\u00eb Mehmet Bardhit. Si mbas organizat\u00ebs n\u00eb fjal\u00eb, Bardhi ka organizuar mbledhjen e n\u00ebnshkrimeve n\u00eb komunat e Malit t\u00eb Zi ku jetojn\u00eb shqiptar\u00ebt, kund\u00ebr raportit t\u00eb Asambles\u00eb Parlamentare\u00a0 t\u00eb K\u00ebshillit t\u00eb Evrop\u00ebs\u00a0 t\u00eb raportuesit\u00a0 Dik Martit,\u00a0 mbi tregtin\u00eb e paligjshme\u00a0 t\u00eb organeve njer\u00ebzore n\u00eb Kosov\u00eb dhe Shqip\u00ebri. Marti para disa koh\u00ebsh, etiketoi Kryeministrin e Kosov\u00ebs Hashim Tha\u00e7in, si lider t\u00eb nj\u00eb organizate kriminale q\u00eb kan\u00eb t\u00eb b\u00ebjn\u00eb me tregtin\u00eb organeve njer\u00ebzore, drog\u00ebs dhe\u00a0 arm\u00ebve.<br \/>\n&#8220;Ata e ftojn\u00eb Bardhin, q\u00eb t\u00eb hiqet pun\u00ebve\u00a0 t\u00eb kota dhe t\u00eb ndaloj\u00eb rritjen e tensioneve nd\u00ebr-etnike n\u00eb Mal t\u00eb Zi,&#8221; thuhet n\u00eb deklarat\u00ebn e n\u00ebnshkruar nga\u00a0 koordinatori i Shoqat\u00ebs Nikola Camovic.<br \/>\nAi beson se Bardhi, si nje politikan me ndikim shqiptar, t\u00eb ndihmoj\u00a0 popullin e vet\u00a0 q\u00eb t\u00eb lirohet\u00a0 &#8220;mafia-me pranga , Mafia e \\&#8217;v\u00ebrtet\u00eb \\&#8217; ku\u00a0 n\u00eb k\u00ebt\u00eb m\u00ebnyr\u00eb vihet\u00a0 me an\u00eb t\u00eb\u00a0 peticioneve &#8220;: &#8220;Dhe k\u00ebshtu\u00a0 n\u00ebnshkruesit potencial do t\u00eb\u00a0\u00a0 frik\u00ebsohen,\u00a0 dhe ata q\u00eb refuzojn\u00eb t\u00eb n\u00ebnshkruajn\u00eb t\u00eb nj\u00ebjt\u00ebn deklarohen p\u00ebr tradh\u00ebtar ,\u00a0 t\u00eb qellimeve\u00a0 komb\u00ebtare t\u00eb shqiptar\u00ebve\u00a0 n\u00eb rajon thuhet n\u00eb deklerat\u00eb\u201d.<\/p>\n<p><strong>Albert Camaj<\/strong><\/p>\n<p><strong>MALESIA.ORG<\/strong><strong><\/strong><\/p>\n","protected":false},"excerpt":{"rendered":"<p>Si\u00e7 njofton\u00eb gazeta malaziase \u201dVijesti\u201c Shoqata e malazez\u00ebve t\u00eb Kosov\u00ebs dhe Metohis\u00eb i kan\u00eb b\u00ebr\u00eb thirrje t\u00eb gjitha subjekteve politike, individ\u00ebve, OJQ-ve,\u00a0 dhe t\u00eb gjith\u00eb shqiptar\u00ebve t\u00eb ndersh\u00ebm q\u00eb ti kund\u00ebrshtohen me p\u00ebrbuzje inicjativ\u00ebs s\u00eb &#8220;turpshme&#8221; t\u00eb Mehmet Bardhit. Si mbas organizat\u00ebs n\u00eb fjal\u00eb, Bardhi ka organizuar mbledhjen e n\u00ebnshkrimeve n\u00eb komunat e Malit t\u00eb [&hellip;]<\/p>\n","protected":false},"author":1,"featured_media":0,"comment_status":"open","ping_status":"closed","sticky":false,"template":"","format":"standard","meta":{"spay_email":"","jetpack_publicize_message":"","jetpack_is_tweetstorm":false,"jetpack_publicize_feature_enabled":true},"categories":[1],"tags":[95,347,17043,17066,1645,200],"jetpack_publicize_connections":[],"yoast_head":"<!-- This site is optimized with the Yoast SEO plugin v19.1 - https:\/\/yoast.com\/wordpress\/plugins\/seo\/ -->\n<title>Mehmet Bardhi \u00ebsht\u00eb duke rritur tensione - Lajme nga Ulqini<\/title>\n<meta name=\"description\" content=\"Si\u00e7 njofton\u00eb gazeta malaziase \u201dVijesti\u201c Shoqata e malazez\u00ebve t\u00eb Kosov\u00ebs dhe Metohis\u00eb i kan\u00eb b\u00ebr\u00eb thirrje t\u00eb gjitha subjekteve politike, individ\u00ebve,\" \/>\n<meta name=\"robots\" content=\"index, follow, max-snippet:-1, max-image-preview:large, max-video-preview:-1\" \/>\n<link rel=\"canonical\" href=\"https:\/\/www.visit-ulcinj.com\/blog\/2011\/01\/17\/mehmet-bardhi-eshte-duke-rritur-tensione\/\" \/>\n<meta property=\"og:locale\" content=\"en_US\" \/>\n<meta property=\"og:type\" content=\"article\" \/>\n<meta property=\"og:title\" content=\"Mehmet Bardhi \u00ebsht\u00eb duke rritur tensione - Lajme nga Ulqini\" \/>\n<meta property=\"og:description\" content=\"Si\u00e7 njofton\u00eb gazeta malaziase \u201dVijesti\u201c Shoqata e malazez\u00ebve t\u00eb Kosov\u00ebs dhe Metohis\u00eb i kan\u00eb b\u00ebr\u00eb thirrje t\u00eb gjitha subjekteve politike, individ\u00ebve,\" \/>\n<meta property=\"og:url\" content=\"https:\/\/www.visit-ulcinj.com\/blog\/2011\/01\/17\/mehmet-bardhi-eshte-duke-rritur-tensione\/\" \/>\n<meta property=\"og:site_name\" content=\"Lajme nga Ulqini\" \/>\n<meta property=\"article:published_time\" content=\"2011-01-17T13:14:04+00:00\" \/>\n<meta property=\"og:image\" content=\"http:\/\/www.visit-ulcinj.com\/blog\/wp-content\/uploads\/2011\/01\/mehmet_bardhi_ulqin_mali-i-zi.jpg\" \/>\n<meta name=\"twitter:label1\" content=\"Written by\" \/>\n\t<meta name=\"twitter:data1\" content=\"ulqini\" \/>\n\t<meta name=\"twitter:label2\" content=\"Est. reading time\" \/>\n\t<meta name=\"twitter:data2\" content=\"1 minute\" \/>\n<script type=\"application\/ld+json\" class=\"yoast-schema-graph\">{\"@context\":\"https:\/\/schema.org\",\"@graph\":[{\"@type\":\"WebSite\",\"@id\":\"https:\/\/www.visit-ulcinj.com\/blog\/#website\",\"url\":\"https:\/\/www.visit-ulcinj.com\/blog\/\",\"name\":\"Lajme nga Ulqini\",\"description\":\"Lajme,Vijesti,Ulqini,Ulqin,Crna Gora,Mali i Zi\",\"potentialAction\":[{\"@type\":\"SearchAction\",\"target\":{\"@type\":\"EntryPoint\",\"urlTemplate\":\"https:\/\/www.visit-ulcinj.com\/blog\/?s={search_term_string}\"},\"query-input\":\"required name=search_term_string\"}],\"inLanguage\":\"en-US\"},{\"@type\":\"ImageObject\",\"inLanguage\":\"en-US\",\"@id\":\"https:\/\/www.visit-ulcinj.com\/blog\/2011\/01\/17\/mehmet-bardhi-eshte-duke-rritur-tensione\/#primaryimage\",\"url\":\"https:\/\/www.visit-ulcinj.com\/blog\/wp-content\/uploads\/2011\/01\/mehmet_bardhi_ulqin_mali-i-zi.jpg\",\"contentUrl\":\"https:\/\/www.visit-ulcinj.com\/blog\/wp-content\/uploads\/2011\/01\/mehmet_bardhi_ulqin_mali-i-zi.jpg\",\"width\":\"324\",\"height\":\"293\"},{\"@type\":\"WebPage\",\"@id\":\"https:\/\/www.visit-ulcinj.com\/blog\/2011\/01\/17\/mehmet-bardhi-eshte-duke-rritur-tensione\/#webpage\",\"url\":\"https:\/\/www.visit-ulcinj.com\/blog\/2011\/01\/17\/mehmet-bardhi-eshte-duke-rritur-tensione\/\",\"name\":\"Mehmet Bardhi \u00ebsht\u00eb duke rritur tensione - Lajme nga Ulqini\",\"isPartOf\":{\"@id\":\"https:\/\/www.visit-ulcinj.com\/blog\/#website\"},\"primaryImageOfPage\":{\"@id\":\"https:\/\/www.visit-ulcinj.com\/blog\/2011\/01\/17\/mehmet-bardhi-eshte-duke-rritur-tensione\/#primaryimage\"},\"datePublished\":\"2011-01-17T13:14:04+00:00\",\"dateModified\":\"2011-01-17T13:14:04+00:00\",\"author\":{\"@id\":\"https:\/\/www.visit-ulcinj.com\/blog\/#\/schema\/person\/dcab619c614d3038751c63bc2aadc06d\"},\"description\":\"Si\u00e7 njofton\u00eb gazeta malaziase \u201dVijesti\u201c Shoqata e malazez\u00ebve t\u00eb Kosov\u00ebs dhe Metohis\u00eb i kan\u00eb b\u00ebr\u00eb thirrje t\u00eb gjitha subjekteve politike, individ\u00ebve,\",\"breadcrumb\":{\"@id\":\"https:\/\/www.visit-ulcinj.com\/blog\/2011\/01\/17\/mehmet-bardhi-eshte-duke-rritur-tensione\/#breadcrumb\"},\"inLanguage\":\"en-US\",\"potentialAction\":[{\"@type\":\"ReadAction\",\"target\":[\"https:\/\/www.visit-ulcinj.com\/blog\/2011\/01\/17\/mehmet-bardhi-eshte-duke-rritur-tensione\/\"]}]},{\"@type\":\"BreadcrumbList\",\"@id\":\"https:\/\/www.visit-ulcinj.com\/blog\/2011\/01\/17\/mehmet-bardhi-eshte-duke-rritur-tensione\/#breadcrumb\",\"itemListElement\":[{\"@type\":\"ListItem\",\"position\":1,\"name\":\"Mehmet Bardhi \u00ebsht\u00eb duke rritur tensione\"}]},{\"@type\":\"Person\",\"@id\":\"https:\/\/www.visit-ulcinj.com\/blog\/#\/schema\/person\/dcab619c614d3038751c63bc2aadc06d\",\"name\":\"ulqini\",\"sameAs\":[\"http:\/\/www.visit-ulcinj.com\"],\"url\":\"https:\/\/www.visit-ulcinj.com\/blog\/author\/admin\/\"}]}<\/script>\n<!-- \/ Yoast SEO plugin. -->","yoast_head_json":{"title":"Mehmet Bardhi \u00ebsht\u00eb duke rritur tensione - Lajme nga Ulqini","description":"Si\u00e7 njofton\u00eb gazeta malaziase \u201dVijesti\u201c Shoqata e malazez\u00ebve t\u00eb Kosov\u00ebs dhe Metohis\u00eb i kan\u00eb b\u00ebr\u00eb thirrje t\u00eb gjitha subjekteve politike, individ\u00ebve,","robots":{"index":"index","follow":"follow","max-snippet":"max-snippet:-1","max-image-preview":"max-image-preview:large","max-video-preview":"max-video-preview:-1"},"canonical":"https:\/\/www.visit-ulcinj.com\/blog\/2011\/01\/17\/mehmet-bardhi-eshte-duke-rritur-tensione\/","og_locale":"en_US","og_type":"article","og_title":"Mehmet Bardhi \u00ebsht\u00eb duke rritur tensione - Lajme nga Ulqini","og_description":"Si\u00e7 njofton\u00eb gazeta malaziase \u201dVijesti\u201c Shoqata e malazez\u00ebve t\u00eb Kosov\u00ebs dhe Metohis\u00eb i kan\u00eb b\u00ebr\u00eb thirrje t\u00eb gjitha subjekteve politike, individ\u00ebve,","og_url":"https:\/\/www.visit-ulcinj.com\/blog\/2011\/01\/17\/mehmet-bardhi-eshte-duke-rritur-tensione\/","og_site_name":"Lajme nga Ulqini","article_published_time":"2011-01-17T13:14:04+00:00","og_image":[{"url":"http:\/\/www.visit-ulcinj.com\/blog\/wp-content\/uploads\/2011\/01\/mehmet_bardhi_ulqin_mali-i-zi.jpg"}],"twitter_misc":{"Written by":"ulqini","Est. reading time":"1 minute"},"schema":{"@context":"https:\/\/schema.org","@graph":[{"@type":"WebSite","@id":"https:\/\/www.visit-ulcinj.com\/blog\/#website","url":"https:\/\/www.visit-ulcinj.com\/blog\/","name":"Lajme nga Ulqini","description":"Lajme,Vijesti,Ulqini,Ulqin,Crna Gora,Mali i Zi","potentialAction":[{"@type":"SearchAction","target":{"@type":"EntryPoint","urlTemplate":"https:\/\/www.visit-ulcinj.com\/blog\/?s={search_term_string}"},"query-input":"required name=search_term_string"}],"inLanguage":"en-US"},{"@type":"ImageObject","inLanguage":"en-US","@id":"https:\/\/www.visit-ulcinj.com\/blog\/2011\/01\/17\/mehmet-bardhi-eshte-duke-rritur-tensione\/#primaryimage","url":"https:\/\/www.visit-ulcinj.com\/blog\/wp-content\/uploads\/2011\/01\/mehmet_bardhi_ulqin_mali-i-zi.jpg","contentUrl":"https:\/\/www.visit-ulcinj.com\/blog\/wp-content\/uploads\/2011\/01\/mehmet_bardhi_ulqin_mali-i-zi.jpg","width":"324","height":"293"},{"@type":"WebPage","@id":"https:\/\/www.visit-ulcinj.com\/blog\/2011\/01\/17\/mehmet-bardhi-eshte-duke-rritur-tensione\/#webpage","url":"https:\/\/www.visit-ulcinj.com\/blog\/2011\/01\/17\/mehmet-bardhi-eshte-duke-rritur-tensione\/","name":"Mehmet Bardhi \u00ebsht\u00eb duke rritur tensione - Lajme nga Ulqini","isPartOf":{"@id":"https:\/\/www.visit-ulcinj.com\/blog\/#website"},"primaryImageOfPage":{"@id":"https:\/\/www.visit-ulcinj.com\/blog\/2011\/01\/17\/mehmet-bardhi-eshte-duke-rritur-tensione\/#primaryimage"},"datePublished":"2011-01-17T13:14:04+00:00","dateModified":"2011-01-17T13:14:04+00:00","author":{"@id":"https:\/\/www.visit-ulcinj.com\/blog\/#\/schema\/person\/dcab619c614d3038751c63bc2aadc06d"},"description":"Si\u00e7 njofton\u00eb gazeta malaziase \u201dVijesti\u201c Shoqata e malazez\u00ebve t\u00eb Kosov\u00ebs dhe Metohis\u00eb i kan\u00eb b\u00ebr\u00eb thirrje t\u00eb gjitha subjekteve politike, individ\u00ebve,","breadcrumb":{"@id":"https:\/\/www.visit-ulcinj.com\/blog\/2011\/01\/17\/mehmet-bardhi-eshte-duke-rritur-tensione\/#breadcrumb"},"inLanguage":"en-US","potentialAction":[{"@type":"ReadAction","target":["https:\/\/www.visit-ulcinj.com\/blog\/2011\/01\/17\/mehmet-bardhi-eshte-duke-rritur-tensione\/"]}]},{"@type":"BreadcrumbList","@id":"https:\/\/www.visit-ulcinj.com\/blog\/2011\/01\/17\/mehmet-bardhi-eshte-duke-rritur-tensione\/#breadcrumb","itemListElement":[{"@type":"ListItem","position":1,"name":"Mehmet Bardhi \u00ebsht\u00eb duke rritur tensione"}]},{"@type":"Person","@id":"https:\/\/www.visit-ulcinj.com\/blog\/#\/schema\/person\/dcab619c614d3038751c63bc2aadc06d","name":"ulqini","sameAs":["http:\/\/www.visit-ulcinj.com"],"url":"https:\/\/www.visit-ulcinj.com\/blog\/author\/admin\/"}]}},"jetpack_featured_media_url":"","jetpack_sharing_enabled":true,"jetpack_shortlink":"https:\/\/wp.me\/pe6lTn-b3l","_links":{"self":[{"href":"https:\/\/www.visit-ulcinj.com\/blog\/wp-json\/wp\/v2\/posts\/42491"}],"collection":[{"href":"https:\/\/www.visit-ulcinj.com\/blog\/wp-json\/wp\/v2\/posts"}],"about":[{"href":"https:\/\/www.visit-ulcinj.com\/blog\/wp-json\/wp\/v2\/types\/post"}],"author":[{"embeddable":true,"href":"https:\/\/www.visit-ulcinj.com\/blog\/wp-json\/wp\/v2\/users\/1"}],"replies":[{"embeddable":true,"href":"https:\/\/www.visit-ulcinj.com\/blog\/wp-json\/wp\/v2\/comments?post=42491"}],"version-history":[{"count":0,"href":"https:\/\/www.visit-ulcinj.com\/blog\/wp-json\/wp\/v2\/posts\/42491\/revisions"}],"wp:attachment":[{"href":"https:\/\/www.visit-ulcinj.com\/blog\/wp-json\/wp\/v2\/media?parent=42491"}],"wp:term":[{"taxonomy":"category","embeddable":true,"href":"https:\/\/www.visit-ulcinj.com\/blog\/wp-json\/wp\/v2\/categories?post=42491"},{"taxonomy":"post_tag","embeddable":true,"href":"https:\/\/www.visit-ulcinj.com\/blog\/wp-json\/wp\/v2\/tags?post=42491"}],"curies":[{"name":"wp","href":"https:\/\/api.w.org\/{rel}","templated":true}]}}