{"id":4250,"date":"2008-10-15T13:40:03","date_gmt":"2008-10-15T18:40:03","guid":{"rendered":"http:\/\/www.visit-ulcinj.com\/blog\/?p=4250"},"modified":"2008-10-17T13:20:32","modified_gmt":"2008-10-17T18:20:32","slug":"centro-di-cultura-ulcinj-museo-civico","status":"publish","type":"post","link":"https:\/\/www.visit-ulcinj.com\/blog\/2008\/10\/15\/centro-di-cultura-ulcinj-museo-civico\/","title":{"rendered":"Centro di cultura Ulcinj &#8211; Museo civico"},"content":{"rendered":"<p><a href=\"http:\/\/www.visit-ulcinj.com\/blog\/wp-content\/uploads\/2008\/10\/maket-of-ulcinj1-_2_.jpg\"><img loading=\"lazy\" class=\"alignleft size-thumbnail wp-image-4262\" title=\"maket-of-ulcinj1-_2_\" src=\"http:\/\/www.visit-ulcinj.com\/blog\/wp-content\/uploads\/2008\/10\/maket-of-ulcinj1-_2_-150x150.jpg\" alt=\"\" width=\"244\" height=\"171\" \/><\/a>Il Centro di cultura di Ulcinj \u00e8 stato formato nel 1994 con l\u2019integrazione degli enti comunali di cultura.<br \/>\nNe fa parte il Museo, il cui fondo \u00e8 stato sistematizzato in diverse collezioni, ed oggi ha una sezione archeologica, una etnologica e una d\u2019arte.<br \/>\n\u00c8 sistemato in tre edifici: una chiesa-moschea, che ospita la collezione archeologica; un edificio in cui \u00e8 esposto il materiale etnografico e la Torre dei Bal\u0161i?, adattata ai bisogni della galleria.<br \/>\n\u00c8 particolarmente suggestivo lo spazio espositivo dell\u2019antica Piazza degli schiavi, dove si trova la chiesa-moschea.<a href=\"http:\/\/www.visit-ulcinj.com\/blog\/wp-content\/uploads\/2008\/10\/ceramica-smaltata-del-periodo-turco1.jpg\"><img loading=\"lazy\" class=\"alignright size-thumbnail wp-image-4252\" title=\"ceramica-smaltata-del-periodo-turco1\" src=\"http:\/\/www.visit-ulcinj.com\/blog\/wp-content\/uploads\/2008\/10\/ceramica-smaltata-del-periodo-turco1-150x150.jpg\" alt=\"\" width=\"111\" height=\"111\" \/><\/a><br \/>\nLa collezione archeologica \u00e8 situata in una chiesa del 1510 che nel 1693 fu mutata in moschea.<br \/>\nNel suo sincretismo essa \u00e8 di per s\u00e9 un irripetibile monumento alla compenetrazione della cultura occidentale e di quella orientale.<br \/>\nGli oggetti esposti appartengono al periodo preistorico, ellenico, ellenistico, romano, medievale e turco e sono stati ritrovati a Ulcinj.<br \/>\n<a href=\"http:\/\/www.visit-ulcinj.com\/blog\/wp-content\/uploads\/2008\/10\/copia-del-ciborio-del-xix-sec__-due-capitelli-rinascimentali_-1510_.jpg\"><img loading=\"lazy\" class=\"alignleft size-thumbnail wp-image-4253\" title=\"copia-del-ciborio-del-xix-sec__-due-capitelli-rinascimentali_-1510_\" src=\"http:\/\/www.visit-ulcinj.com\/blog\/wp-content\/uploads\/2008\/10\/copia-del-ciborio-del-xix-sec__-due-capitelli-rinascimentali_-1510_-150x150.jpg\" alt=\"\" width=\"133\" height=\"133\" \/><\/a>La ceramica esposta include vasi illirici, vasi greci con figure rosse e lekythos, idrie ellenistiche, crateri, anfore, vasellame romano, vasi medievali, paioli, boccali e piatti veneziani, brocche turche ed altro.<br \/>\nHanno un valore particolare il basamento con scritta in greco, dedicato alla dea Artemide e un cammeo antico.<br \/>\nSono esposti frammenti di un portale della tarda antichit\u00e0, un capitello ionico, parti del ciborio di una piccola chiesa degli inizi del IX secolo, capitelli e colonne di cattedrali ed altre chiese del periodo compreso fra il XIII e il XVI secolo, oggetti con scritte in latino e in arabo.<a href=\"http:\/\/www.visit-ulcinj.com\/blog\/wp-content\/uploads\/2008\/10\/apparecchio-per-il-taglio-del-tabacco1.jpg\"><img loading=\"lazy\" class=\"alignright size-thumbnail wp-image-4254\" title=\"apparecchio-per-il-taglio-del-tabacco1\" src=\"http:\/\/www.visit-ulcinj.com\/blog\/wp-content\/uploads\/2008\/10\/apparecchio-per-il-taglio-del-tabacco1-150x150.jpg\" alt=\"\" width=\"150\" height=\"150\" \/><\/a><br \/>\nNella mostra figura una preziosa collezione di monete medievali, con esemplari di folar di Ulcinj: a fronte recano una rappresentazione della fortezza, con tre torri e le porte della citt\u00e0 e la scritta CIVITAS DUCIGNI; a tergo \u00e8 rappresentato l\u2019agnello, simbolo della citt\u00e0, oppure la Madonna, protettrice di Ulcinj La Torre dei Bal\u0161i? \u00e8 adibita a mostre pittoriche.<br \/>\nAll\u2019ultimo piano della struttura si trova una piccola mostra dedicata a Sabataj Ceva, famoso promotore della riforma del Talmud.<br \/>\nNella sezione etnografica del Museo, grazie all\u2019accurata selezione di materiale caratteristico del luogo, viene rappresentato lo sviluppo della cultura spirituale e materiale di Ulcinj, nella quale sono armoniosamente presenti e connessi vari influssi.<\/p>\n\n\t\t<style type=\"text\/css\">\n\t\t\t#gallery-1 {\n\t\t\t\tmargin: auto;\n\t\t\t}\n\t\t\t#gallery-1 .gallery-item {\n\t\t\t\tfloat: left;\n\t\t\t\tmargin-top: 10px;\n\t\t\t\ttext-align: center;\n\t\t\t\twidth: 33%;\n\t\t\t}\n\t\t\t#gallery-1 img {\n\t\t\t\tborder: 2px solid #cfcfcf;\n\t\t\t}\n\t\t\t#gallery-1 .gallery-caption {\n\t\t\t\tmargin-left: 0;\n\t\t\t}\n\t\t\t\/* see gallery_shortcode() in wp-includes\/media.php *\/\n\t\t<\/style>\n\t\t<div id='gallery-1' class='gallery galleryid-4250 gallery-columns-3 gallery-size-thumbnail'><dl class='gallery-item'>\n\t\t\t<dt class='gallery-icon landscape'>\n\t\t\t\t<a href='https:\/\/www.visit-ulcinj.com\/blog\/2008\/10\/15\/centro-di-cultura-ulcinj-museo-civico\/maket-of-ulcinj1-_2_\/'><img width=\"150\" height=\"150\" src=\"https:\/\/www.visit-ulcinj.com\/blog\/wp-content\/uploads\/2008\/10\/maket-of-ulcinj1-_2_-150x150.jpg\" class=\"attachment-thumbnail size-thumbnail\" alt=\"\" loading=\"lazy\" \/><\/a>\n\t\t\t<\/dt><\/dl><dl class='gallery-item'>\n\t\t\t<dt class='gallery-icon landscape'>\n\t\t\t\t<a href='https:\/\/www.visit-ulcinj.com\/blog\/2008\/10\/15\/centro-di-cultura-ulcinj-museo-civico\/ceramica-smaltata-del-periodo-turco1\/'><img width=\"150\" height=\"150\" src=\"https:\/\/www.visit-ulcinj.com\/blog\/wp-content\/uploads\/2008\/10\/ceramica-smaltata-del-periodo-turco1-150x150.jpg\" class=\"attachment-thumbnail size-thumbnail\" alt=\"\" loading=\"lazy\" \/><\/a>\n\t\t\t<\/dt><\/dl><dl class='gallery-item'>\n\t\t\t<dt class='gallery-icon portrait'>\n\t\t\t\t<a href='https:\/\/www.visit-ulcinj.com\/blog\/2008\/10\/15\/centro-di-cultura-ulcinj-museo-civico\/copia-del-ciborio-del-xix-sec__-due-capitelli-rinascimentali_-1510_\/'><img width=\"150\" height=\"150\" src=\"https:\/\/www.visit-ulcinj.com\/blog\/wp-content\/uploads\/2008\/10\/copia-del-ciborio-del-xix-sec__-due-capitelli-rinascimentali_-1510_-150x150.jpg\" class=\"attachment-thumbnail size-thumbnail\" alt=\"\" loading=\"lazy\" \/><\/a>\n\t\t\t<\/dt><\/dl><br style=\"clear: both\" \/><dl class='gallery-item'>\n\t\t\t<dt class='gallery-icon landscape'>\n\t\t\t\t<a href='https:\/\/www.visit-ulcinj.com\/blog\/2008\/10\/15\/centro-di-cultura-ulcinj-museo-civico\/apparecchio-per-il-taglio-del-tabacco1\/'><img width=\"150\" height=\"150\" src=\"https:\/\/www.visit-ulcinj.com\/blog\/wp-content\/uploads\/2008\/10\/apparecchio-per-il-taglio-del-tabacco1-150x150.jpg\" class=\"attachment-thumbnail size-thumbnail\" alt=\"\" loading=\"lazy\" \/><\/a>\n\t\t\t<\/dt><\/dl><dl class='gallery-item'>\n\t\t\t<dt class='gallery-icon landscape'>\n\t\t\t\t<a href='https:\/\/www.visit-ulcinj.com\/blog\/2008\/10\/15\/centro-di-cultura-ulcinj-museo-civico\/ara-consacrata-alla-dea_artemide-efavoli_v-sec_-a_c_\/'><img width=\"150\" height=\"143\" src=\"https:\/\/www.visit-ulcinj.com\/blog\/wp-content\/uploads\/2008\/10\/ara-consacrata-alla-dea_artemide-efavoli_v-sec_-a_c_-150x143.jpg\" class=\"attachment-thumbnail size-thumbnail\" alt=\"\" loading=\"lazy\" \/><\/a>\n\t\t\t<\/dt><\/dl><dl class='gallery-item'>\n\t\t\t<dt class='gallery-icon portrait'>\n\t\t\t\t<a href='https:\/\/www.visit-ulcinj.com\/blog\/2008\/10\/15\/centro-di-cultura-ulcinj-museo-civico\/anfora-medievale1\/'><img width=\"150\" height=\"150\" src=\"https:\/\/www.visit-ulcinj.com\/blog\/wp-content\/uploads\/2008\/10\/anfora-medievale1-150x150.jpg\" class=\"attachment-thumbnail size-thumbnail\" alt=\"\" loading=\"lazy\" \/><\/a>\n\t\t\t<\/dt><\/dl><br style=\"clear: both\" \/><dl class='gallery-item'>\n\t\t\t<dt class='gallery-icon portrait'>\n\t\t\t\t<a href='https:\/\/www.visit-ulcinj.com\/blog\/2008\/10\/15\/centro-di-cultura-ulcinj-museo-civico\/due-capitelli-e-ceramica-del-periodo-gotico1\/'><img width=\"150\" height=\"150\" src=\"https:\/\/www.visit-ulcinj.com\/blog\/wp-content\/uploads\/2008\/10\/due-capitelli-e-ceramica-del-periodo-gotico1-150x150.jpg\" class=\"attachment-thumbnail size-thumbnail\" alt=\"\" loading=\"lazy\" \/><\/a>\n\t\t\t<\/dt><\/dl><dl class='gallery-item'>\n\t\t\t<dt class='gallery-icon portrait'>\n\t\t\t\t<a href='https:\/\/www.visit-ulcinj.com\/blog\/2008\/10\/15\/centro-di-cultura-ulcinj-museo-civico\/costume-di-bregasor1\/'><img width=\"150\" height=\"150\" src=\"https:\/\/www.visit-ulcinj.com\/blog\/wp-content\/uploads\/2008\/10\/costume-di-bregasor1-150x150.jpg\" class=\"attachment-thumbnail size-thumbnail\" alt=\"\" loading=\"lazy\" \/><\/a>\n\t\t\t<\/dt><\/dl><dl class='gallery-item'>\n\t\t\t<dt class='gallery-icon portrait'>\n\t\t\t\t<a href='https:\/\/www.visit-ulcinj.com\/blog\/2008\/10\/15\/centro-di-cultura-ulcinj-museo-civico\/costume-popolare-di-sestan1\/'><img width=\"150\" height=\"150\" src=\"https:\/\/www.visit-ulcinj.com\/blog\/wp-content\/uploads\/2008\/10\/costume-popolare-di-sestan1-150x150.jpg\" class=\"attachment-thumbnail size-thumbnail\" alt=\"\" loading=\"lazy\" \/><\/a>\n\t\t\t<\/dt><\/dl><br style=\"clear: both\" \/>\n\t\t<\/div>\n\n","protected":false},"excerpt":{"rendered":"<p>Il Centro di cultura di Ulcinj \u00e8 stato formato nel 1994 con l\u2019integrazione degli enti comunali di cultura. Ne fa parte il Museo, il cui fondo \u00e8 stato sistematizzato in diverse collezioni, ed oggi ha una sezione archeologica, una etnologica e una d\u2019arte. \u00c8 sistemato in tre edifici: una chiesa-moschea, che ospita la collezione archeologica; [&hellip;]<\/p>\n","protected":false},"author":1,"featured_media":0,"comment_status":"open","ping_status":"closed","sticky":false,"template":"","format":"standard","meta":{"spay_email":"","jetpack_publicize_message":"","jetpack_is_tweetstorm":false,"jetpack_publicize_feature_enabled":true},"categories":[4],"tags":[4660],"jetpack_publicize_connections":[],"yoast_head":"<!-- This site is optimized with the Yoast SEO plugin v19.1 - https:\/\/yoast.com\/wordpress\/plugins\/seo\/ -->\n<title>Centro di cultura Ulcinj - Museo civico - Lajme nga Ulqini<\/title>\n<meta name=\"description\" content=\"Il Centro di cultura di Ulcinj \u00e8 stato formato nel 1994 con l\u2019integrazione degli enti comunali di cultura. Ne fa parte il Museo, il cui fondo \u00e8 stato\" \/>\n<meta name=\"robots\" content=\"index, follow, max-snippet:-1, max-image-preview:large, max-video-preview:-1\" \/>\n<link rel=\"canonical\" href=\"https:\/\/www.visit-ulcinj.com\/blog\/2008\/10\/15\/centro-di-cultura-ulcinj-museo-civico\/\" \/>\n<meta property=\"og:locale\" content=\"en_US\" \/>\n<meta property=\"og:type\" content=\"article\" \/>\n<meta property=\"og:title\" content=\"Centro di cultura Ulcinj - Museo civico - Lajme nga Ulqini\" \/>\n<meta property=\"og:description\" content=\"Il Centro di cultura di Ulcinj \u00e8 stato formato nel 1994 con l\u2019integrazione degli enti comunali di cultura. Ne fa parte il Museo, il cui fondo \u00e8 stato\" \/>\n<meta property=\"og:url\" content=\"https:\/\/www.visit-ulcinj.com\/blog\/2008\/10\/15\/centro-di-cultura-ulcinj-museo-civico\/\" \/>\n<meta property=\"og:site_name\" content=\"Lajme nga Ulqini\" \/>\n<meta property=\"article:published_time\" content=\"2008-10-15T18:40:03+00:00\" \/>\n<meta property=\"article:modified_time\" content=\"2008-10-17T18:20:32+00:00\" \/>\n<meta property=\"og:image\" content=\"https:\/\/www.visit-ulcinj.com\/blog\/wp-content\/uploads\/2008\/10\/maket-of-ulcinj1-_2_-150x150.jpg\" \/>\n<meta name=\"twitter:label1\" content=\"Written by\" \/>\n\t<meta name=\"twitter:data1\" content=\"ulqini\" \/>\n\t<meta name=\"twitter:label2\" content=\"Est. reading time\" \/>\n\t<meta name=\"twitter:data2\" content=\"2 minutes\" \/>\n<script type=\"application\/ld+json\" class=\"yoast-schema-graph\">{\"@context\":\"https:\/\/schema.org\",\"@graph\":[{\"@type\":\"WebSite\",\"@id\":\"https:\/\/www.visit-ulcinj.com\/blog\/#website\",\"url\":\"https:\/\/www.visit-ulcinj.com\/blog\/\",\"name\":\"Lajme nga Ulqini\",\"description\":\"Lajme,Vijesti,Ulqini,Ulqin,Crna Gora,Mali i Zi\",\"potentialAction\":[{\"@type\":\"SearchAction\",\"target\":{\"@type\":\"EntryPoint\",\"urlTemplate\":\"https:\/\/www.visit-ulcinj.com\/blog\/?s={search_term_string}\"},\"query-input\":\"required name=search_term_string\"}],\"inLanguage\":\"en-US\"},{\"@type\":\"ImageObject\",\"inLanguage\":\"en-US\",\"@id\":\"https:\/\/www.visit-ulcinj.com\/blog\/2008\/10\/15\/centro-di-cultura-ulcinj-museo-civico\/#primaryimage\",\"url\":\"http:\/\/www.visit-ulcinj.com\/blog\/wp-content\/uploads\/2008\/10\/maket-of-ulcinj1-_2_-150x150.jpg\",\"contentUrl\":\"http:\/\/www.visit-ulcinj.com\/blog\/wp-content\/uploads\/2008\/10\/maket-of-ulcinj1-_2_-150x150.jpg\"},{\"@type\":\"WebPage\",\"@id\":\"https:\/\/www.visit-ulcinj.com\/blog\/2008\/10\/15\/centro-di-cultura-ulcinj-museo-civico\/#webpage\",\"url\":\"https:\/\/www.visit-ulcinj.com\/blog\/2008\/10\/15\/centro-di-cultura-ulcinj-museo-civico\/\",\"name\":\"Centro di cultura Ulcinj - Museo civico - Lajme nga Ulqini\",\"isPartOf\":{\"@id\":\"https:\/\/www.visit-ulcinj.com\/blog\/#website\"},\"primaryImageOfPage\":{\"@id\":\"https:\/\/www.visit-ulcinj.com\/blog\/2008\/10\/15\/centro-di-cultura-ulcinj-museo-civico\/#primaryimage\"},\"datePublished\":\"2008-10-15T18:40:03+00:00\",\"dateModified\":\"2008-10-17T18:20:32+00:00\",\"author\":{\"@id\":\"https:\/\/www.visit-ulcinj.com\/blog\/#\/schema\/person\/dcab619c614d3038751c63bc2aadc06d\"},\"description\":\"Il Centro di cultura di Ulcinj \u00e8 stato formato nel 1994 con l\u2019integrazione degli enti comunali di cultura. Ne fa parte il Museo, il cui fondo \u00e8 stato\",\"breadcrumb\":{\"@id\":\"https:\/\/www.visit-ulcinj.com\/blog\/2008\/10\/15\/centro-di-cultura-ulcinj-museo-civico\/#breadcrumb\"},\"inLanguage\":\"en-US\",\"potentialAction\":[{\"@type\":\"ReadAction\",\"target\":[\"https:\/\/www.visit-ulcinj.com\/blog\/2008\/10\/15\/centro-di-cultura-ulcinj-museo-civico\/\"]}]},{\"@type\":\"BreadcrumbList\",\"@id\":\"https:\/\/www.visit-ulcinj.com\/blog\/2008\/10\/15\/centro-di-cultura-ulcinj-museo-civico\/#breadcrumb\",\"itemListElement\":[{\"@type\":\"ListItem\",\"position\":1,\"name\":\"Centro di cultura Ulcinj &#8211; Museo civico\"}]},{\"@type\":\"Person\",\"@id\":\"https:\/\/www.visit-ulcinj.com\/blog\/#\/schema\/person\/dcab619c614d3038751c63bc2aadc06d\",\"name\":\"ulqini\",\"sameAs\":[\"http:\/\/www.visit-ulcinj.com\"],\"url\":\"https:\/\/www.visit-ulcinj.com\/blog\/author\/admin\/\"}]}<\/script>\n<!-- \/ Yoast SEO plugin. -->","yoast_head_json":{"title":"Centro di cultura Ulcinj - Museo civico - Lajme nga Ulqini","description":"Il Centro di cultura di Ulcinj \u00e8 stato formato nel 1994 con l\u2019integrazione degli enti comunali di cultura. Ne fa parte il Museo, il cui fondo \u00e8 stato","robots":{"index":"index","follow":"follow","max-snippet":"max-snippet:-1","max-image-preview":"max-image-preview:large","max-video-preview":"max-video-preview:-1"},"canonical":"https:\/\/www.visit-ulcinj.com\/blog\/2008\/10\/15\/centro-di-cultura-ulcinj-museo-civico\/","og_locale":"en_US","og_type":"article","og_title":"Centro di cultura Ulcinj - Museo civico - Lajme nga Ulqini","og_description":"Il Centro di cultura di Ulcinj \u00e8 stato formato nel 1994 con l\u2019integrazione degli enti comunali di cultura. Ne fa parte il Museo, il cui fondo \u00e8 stato","og_url":"https:\/\/www.visit-ulcinj.com\/blog\/2008\/10\/15\/centro-di-cultura-ulcinj-museo-civico\/","og_site_name":"Lajme nga Ulqini","article_published_time":"2008-10-15T18:40:03+00:00","article_modified_time":"2008-10-17T18:20:32+00:00","og_image":[{"url":"https:\/\/www.visit-ulcinj.com\/blog\/wp-content\/uploads\/2008\/10\/maket-of-ulcinj1-_2_-150x150.jpg"}],"twitter_misc":{"Written by":"ulqini","Est. reading time":"2 minutes"},"schema":{"@context":"https:\/\/schema.org","@graph":[{"@type":"WebSite","@id":"https:\/\/www.visit-ulcinj.com\/blog\/#website","url":"https:\/\/www.visit-ulcinj.com\/blog\/","name":"Lajme nga Ulqini","description":"Lajme,Vijesti,Ulqini,Ulqin,Crna Gora,Mali i Zi","potentialAction":[{"@type":"SearchAction","target":{"@type":"EntryPoint","urlTemplate":"https:\/\/www.visit-ulcinj.com\/blog\/?s={search_term_string}"},"query-input":"required name=search_term_string"}],"inLanguage":"en-US"},{"@type":"ImageObject","inLanguage":"en-US","@id":"https:\/\/www.visit-ulcinj.com\/blog\/2008\/10\/15\/centro-di-cultura-ulcinj-museo-civico\/#primaryimage","url":"http:\/\/www.visit-ulcinj.com\/blog\/wp-content\/uploads\/2008\/10\/maket-of-ulcinj1-_2_-150x150.jpg","contentUrl":"http:\/\/www.visit-ulcinj.com\/blog\/wp-content\/uploads\/2008\/10\/maket-of-ulcinj1-_2_-150x150.jpg"},{"@type":"WebPage","@id":"https:\/\/www.visit-ulcinj.com\/blog\/2008\/10\/15\/centro-di-cultura-ulcinj-museo-civico\/#webpage","url":"https:\/\/www.visit-ulcinj.com\/blog\/2008\/10\/15\/centro-di-cultura-ulcinj-museo-civico\/","name":"Centro di cultura Ulcinj - Museo civico - Lajme nga Ulqini","isPartOf":{"@id":"https:\/\/www.visit-ulcinj.com\/blog\/#website"},"primaryImageOfPage":{"@id":"https:\/\/www.visit-ulcinj.com\/blog\/2008\/10\/15\/centro-di-cultura-ulcinj-museo-civico\/#primaryimage"},"datePublished":"2008-10-15T18:40:03+00:00","dateModified":"2008-10-17T18:20:32+00:00","author":{"@id":"https:\/\/www.visit-ulcinj.com\/blog\/#\/schema\/person\/dcab619c614d3038751c63bc2aadc06d"},"description":"Il Centro di cultura di Ulcinj \u00e8 stato formato nel 1994 con l\u2019integrazione degli enti comunali di cultura. Ne fa parte il Museo, il cui fondo \u00e8 stato","breadcrumb":{"@id":"https:\/\/www.visit-ulcinj.com\/blog\/2008\/10\/15\/centro-di-cultura-ulcinj-museo-civico\/#breadcrumb"},"inLanguage":"en-US","potentialAction":[{"@type":"ReadAction","target":["https:\/\/www.visit-ulcinj.com\/blog\/2008\/10\/15\/centro-di-cultura-ulcinj-museo-civico\/"]}]},{"@type":"BreadcrumbList","@id":"https:\/\/www.visit-ulcinj.com\/blog\/2008\/10\/15\/centro-di-cultura-ulcinj-museo-civico\/#breadcrumb","itemListElement":[{"@type":"ListItem","position":1,"name":"Centro di cultura Ulcinj &#8211; Museo civico"}]},{"@type":"Person","@id":"https:\/\/www.visit-ulcinj.com\/blog\/#\/schema\/person\/dcab619c614d3038751c63bc2aadc06d","name":"ulqini","sameAs":["http:\/\/www.visit-ulcinj.com"],"url":"https:\/\/www.visit-ulcinj.com\/blog\/author\/admin\/"}]}},"jetpack_featured_media_url":"","jetpack_sharing_enabled":true,"jetpack_shortlink":"https:\/\/wp.me\/pe6lTn-16y","_links":{"self":[{"href":"https:\/\/www.visit-ulcinj.com\/blog\/wp-json\/wp\/v2\/posts\/4250"}],"collection":[{"href":"https:\/\/www.visit-ulcinj.com\/blog\/wp-json\/wp\/v2\/posts"}],"about":[{"href":"https:\/\/www.visit-ulcinj.com\/blog\/wp-json\/wp\/v2\/types\/post"}],"author":[{"embeddable":true,"href":"https:\/\/www.visit-ulcinj.com\/blog\/wp-json\/wp\/v2\/users\/1"}],"replies":[{"embeddable":true,"href":"https:\/\/www.visit-ulcinj.com\/blog\/wp-json\/wp\/v2\/comments?post=4250"}],"version-history":[{"count":0,"href":"https:\/\/www.visit-ulcinj.com\/blog\/wp-json\/wp\/v2\/posts\/4250\/revisions"}],"wp:attachment":[{"href":"https:\/\/www.visit-ulcinj.com\/blog\/wp-json\/wp\/v2\/media?parent=4250"}],"wp:term":[{"taxonomy":"category","embeddable":true,"href":"https:\/\/www.visit-ulcinj.com\/blog\/wp-json\/wp\/v2\/categories?post=4250"},{"taxonomy":"post_tag","embeddable":true,"href":"https:\/\/www.visit-ulcinj.com\/blog\/wp-json\/wp\/v2\/tags?post=4250"}],"curies":[{"name":"wp","href":"https:\/\/api.w.org\/{rel}","templated":true}]}}